{"id":23060,"date":"2009-06-21T11:38:12","date_gmt":"2009-06-21T09:38:12","guid":{"rendered":"http:\/\/www.visit-ulcinj.com\/blog\/?p=23060"},"modified":"2009-06-21T11:39:41","modified_gmt":"2009-06-21T09:39:41","slug":"vrijednost-valdanosa","status":"publish","type":"post","link":"https:\/\/www.visit-ulcinj.com\/blog\/2009\/06\/21\/vrijednost-valdanosa\/","title":{"rendered":"Vrijednost Valdanosa"},"content":{"rendered":"<p><strong><a href=\"http:\/\/www.visit-ulcinj.com\/blog\/wp-content\/uploads\/2009\/06\/Valdanos_ulcinj.jpg\"><img loading=\"lazy\" class=\"alignleft size-full wp-image-23061\" title=\"Valdanos_ulcinj\" src=\"http:\/\/www.visit-ulcinj.com\/blog\/wp-content\/uploads\/2009\/06\/Valdanos_ulcinj.jpg\" alt=\"Valdanos_ulcinj\" width=\"580\" height=\"340\" srcset=\"https:\/\/www.visit-ulcinj.com\/blog\/wp-content\/uploads\/2009\/06\/Valdanos_ulcinj.jpg 580w, https:\/\/www.visit-ulcinj.com\/blog\/wp-content\/uploads\/2009\/06\/Valdanos_ulcinj-300x175.jpg 300w\" sizes=\"(max-width: 580px) 100vw, 580px\" \/><\/a>STAV<\/strong><br \/>\nProstor Valdanosa kao apstraktnu, neodre?enu ili nedefinisanu kategoriju mo\u017eemo smatrati vrijedno\u0161?u samo po osnovu kriterijuma op\u0161teg ekosistema u kome se svi nalazimo, rastemo i razvijamo, a po principu op\u0161te me?uzavisnosti biolo\u0161kih i dru\u0161tvenih sistema i podsistema. Unapre?enje ovog sistema uop\u0161teno nazivamo pobolj\u0161anjem kvaliteta \u017eivotne sredine, \u0161to se ina?e smatra op\u0161tim ciljem u prostornom planiranju.<br \/>\nProstor kao konkretnu, odre?enu kategoriju, odnosno predmet na\u0161e percepcije i shvatanja mo\u017eemo smatrati vrijedno\u0161?u prema vi\u0161e kriterijuma. U prostornom planiranju ovo se odnosi na sljede?e kategorije vrijednosti:<br \/>\n&#8211; vrijednosti prirode Valdanosa u koje spadaju svi oni elementi prirode koji prema op\u0161tim i specifi?nim kriterijumima imaju op\u0161ti zna?aj za stanovnike Ulcinja i koji kao takvi podlije\u017eu odre?enom re\u017eimu za\u0161tite;<br \/>\n&#8211; kulturno-istorijske vrijednosti u koje spadaju svi zna?ajniji objekti kulturne i prirodne ba\u0161tine, ambijenti i prostorne cjeline koji prema kriterijumima za\u0161tite navedenih dobara imaju vrijednost od op\u0161teg ili lokalnog zna?aja, pa se kao takvi \u0161tite razli?itim mjerama za\u0161tite;<br \/>\n&#8211; predione cjeline (pejza\u017ene cjeline) koje predstavljaju posebnu vrijednost i sa ekolo\u0161kog i, kada je pejza\u017e u pitanju, sa estetskog stanovi\u0161ta, te se ?uvaju instrumentima prostornog planiranja;<br \/>\n&#8211; ekolo\u0161ke vrijednosti koje se defini\u0161u posebnim istra\u017eivanjima i koje je planer du\u017ean da prepozna i po\u0161tuje prilikom definisanja rje\u0161enja u prostornom planu (biolo\u0161ke cjeline, eko-stani\u0161ta, biodiverzitet i dr.).<\/p>\n<p>U modelu integralnog planiranja vrijednosti tretiraju se kao jedan od osnovnih elemenata strukture integralnog prostornog modela, \u0161to zna?i da direktno usmjeravaju metod, ciljeve i sadr\u017eaj plana i planiranja. Rje\u0161enja datog prostora su u tom slu?aju zasnovana i na evidentiranim i valorizovanim vrijednostima koje kroz plan, pored mjere za\u0161tite, uti?u i na organizaciju prostora, alokaciju turisti?kih objekata i drugo. Vrijednosti dakle postaju osnov razvoja i ure?enja prostora i kao kulturna, sociolo\u0161ka, ekonomska i ekolo\u0161ka kategorija.<br \/>\nProstor sam po sebi predstavlja ograni?enu kategoriju. Ograni?enja interne strukture mogu biti fizi?ki, funkcionalno ili dinami?ki odre?ena. Fizi?ka ograni?enja (kvalitetan pejza\u017e kao ograni?enje za gra?enje i sl.) se po\u0161tuju kao datost odre?enog prostora ili se, u opravdanim slu?ajevima, elimini\u0161u.<br \/>\nSistematsko kori\u0161?enje resursa Valdanosa, odnosno Maslinade predstavlja kriti?nu pojavu u prostornom planiranju jer ona dovodi do iscrpljivanja i uni\u0161tavanja humanih vrijednosti prostora, ravnote\u017ee pejza\u017ea, materijalnih resursa itd.<\/p>\n<p>Tr\u017ei\u0161te sa svojim zakonitostima i nepredvidivo\u0161?u zahtijeva odre?enu fleksibilnost prostornog plana koja treba da omogu?i ve?u efikasnost tr\u017ei\u0161ta. Postoji kriterijum za vrednovanje blagostanja prema kome je dozvoljeno uve?anje svakog individualnog blagostanja ako se time ne ugro\u017eava tu?e blagostanje. U prostoru to zna?i omogu?avanje svake intervencije koja ne ugro\u017eava interes drugoga, \u0161to u velikoj mjeri umanjuje ograni?enja koja prostorni plan imanentno sadr\u017ei. Kod prostornog plana treba imati u vidu i postojanje nesavr\u0161enog tr\u017ei\u0161ta, posebno u zemljama u kojima je ono u po?etnoj fazi razvoja, koje \u201cotvara prostor za dr\u017eavnu intervenciju u cilju pobolj\u0161anja alokacije resursa, odnosno uve?anja blagostanja: to predstavlja tzv. alokativnu dr\u017eavnu intervenciju\u201d. Do koje mjere treba omogu?iti slobodu tr\u017ei\u0161ta, a do koje dr\u017eavnu intervenciju, ostaje prostornom planeru da odlu?i u saradnji sa onima koji odlu?uju o planu.<\/p>\n<p>Pravni sistem predstavlja postupak pravne sigurnosti i za\u0161tite svih koje doti?e prostorni plan sa svojim rje\u0161enjima. Plan, kao akt op\u0161teg zna?aja u na\u0161em ustavno-pravnom sistemu, ima te\u017einu zakona, te je pravnu za\u0161titu mogu?e tra\u017eiti jedino na ustavnom sudu koji mo\u017ee da obustavi primjenu plana. U zemljama zapadne demokratije pravna za\u0161tita u odnosu na plan se tra\u017ei na redovnom sudu, \u0161to zna?i druga?ija prava fizi?kih i pravnih lica u odnosu na plan, odnosno na volju dr\u017eave. Pomjeranje ove granice zavisi od dr\u017eavno-politi?kog sistema, ali u zna?ajnoj mjeri uti?e i na rje\u0161enja i na?in njihovog definisanja u prostornom planu.<\/p>\n<p>Demokratija kod prostornog planiranja ima tri oblika ispoljavanja. Jedan oblik se odnosi na u?e\u0161?e javnosti kod pripreme plana, drugi se odnosi na ulogu parlamentarnog sistema kod dono\u0161enja plana, a tre?i se odnosi na ulogu parlamenta kod pra?enja realizacije plana, odnosno kod monitoringa stanja i problema u prostoru. U?e\u0161?e javnosti predstavlja napor da se obezbijedi da gra?ani i ostali korisnici prostora umaju direktan glas u javnom odlu?ivanju o odre?enom prostoru. Kod ovoga postoje razni oblici od kojih su jedni aktivno-participativni, a drugi formalno (pravno) participativni. Oblik u velikoj mjeri zavisi od stepena centralizacije dru\u0161tvene zajednice gdje ve?a decentralizacija i ja?a lokalna samouprava podrazumijevaju i aktivnije u?e\u0161?e kod pripreme, usvajanja i kontrole realizacije prostornog plana. Demokratija, istovremeno ili prije svega zna?i i po\u0161tovanje parlamentarno donijetih odluka, kao i zakonskih i podzakonskih odredbi koje ovo prati.<br \/>\nKao svjedok i kreator Novog doba ?ovjek postepeno dobija poziciju gospodara nad ostalim oblicima \u017eivota na zemlji, \u0161ire?i i istovremeno devastiraju?i resurse hrane, kao i mo? prilago?avanja efekata prirode.<br \/>\n<strong><br \/>\nAutor je profesor Univerziteta Crne Gore<\/strong><\/p>\n<p><strong>Pi\u0161e: dr <\/strong><strong><strong>Maksut D\u017e. Had\u017eibrahimovi?<br \/>\n<\/strong><br \/>\n<a href=\"http:\/\/www.vijesti.cg.yu\/index.php?id_pre=308090&amp;godina=2009\" target=\"_blank\">Vijesti<\/a><\/strong><\/p>\n<p><strong><!-- vimeo error: not a vimeo video --><br \/>\n<\/strong><\/p>\n<p><strong><br \/>\n<\/strong><\/p>\n","protected":false},"excerpt":{"rendered":"<p>STAV Prostor Valdanosa kao apstraktnu, neodre?enu ili nedefinisanu kategoriju mo\u017eemo smatrati vrijedno\u0161?u samo po osnovu kriterijuma op\u0161teg ekosistema u kome se svi nalazimo, rastemo i razvijamo, a po principu op\u0161te me?uzavisnosti biolo\u0161kih i dru\u0161tvenih sistema i podsistema. Unapre?enje ovog sistema uop\u0161teno nazivamo pobolj\u0161anjem kvaliteta \u017eivotne sredine, \u0161to se ina?e smatra op\u0161tim ciljem u prostornom planiranju. [&hellip;]<\/p>\n","protected":false},"author":1,"featured_media":0,"comment_status":"open","ping_status":"closed","sticky":false,"template":"","format":"standard","meta":{"spay_email":"","jetpack_publicize_message":"","jetpack_is_tweetstorm":false,"jetpack_publicize_feature_enabled":true},"categories":[7],"tags":[20,9898,9899,19,136],"jetpack_publicize_connections":[],"yoast_head":"<!-- This site is optimized with the Yoast SEO plugin v19.1 - https:\/\/yoast.com\/wordpress\/plugins\/seo\/ -->\n<title>Vrijednost Valdanosa - Lajme nga Ulqini<\/title>\n<meta name=\"description\" content=\"STAV Prostor Valdanosa kao apstraktnu, neodre?enu ili nedefinisanu kategoriju mo\u017eemo smatrati vrijedno\u0161?u samo po osnovu kriterijuma op\u0161teg ekosistema u\" \/>\n<meta name=\"robots\" content=\"index, follow, max-snippet:-1, max-image-preview:large, max-video-preview:-1\" \/>\n<link rel=\"canonical\" href=\"https:\/\/www.visit-ulcinj.com\/blog\/2009\/06\/21\/vrijednost-valdanosa\/\" \/>\n<meta property=\"og:locale\" content=\"en_US\" \/>\n<meta property=\"og:type\" content=\"article\" \/>\n<meta property=\"og:title\" content=\"Vrijednost Valdanosa - Lajme nga Ulqini\" \/>\n<meta property=\"og:description\" content=\"STAV Prostor Valdanosa kao apstraktnu, neodre?enu ili nedefinisanu kategoriju mo\u017eemo smatrati vrijedno\u0161?u samo po osnovu kriterijuma op\u0161teg ekosistema u\" \/>\n<meta property=\"og:url\" content=\"https:\/\/www.visit-ulcinj.com\/blog\/2009\/06\/21\/vrijednost-valdanosa\/\" \/>\n<meta property=\"og:site_name\" content=\"Lajme nga Ulqini\" \/>\n<meta property=\"article:published_time\" content=\"2009-06-21T09:38:12+00:00\" \/>\n<meta property=\"article:modified_time\" content=\"2009-06-21T09:39:41+00:00\" \/>\n<meta property=\"og:image\" content=\"http:\/\/www.visit-ulcinj.com\/blog\/wp-content\/uploads\/2009\/06\/Valdanos_ulcinj.jpg\" \/>\n<meta name=\"twitter:label1\" content=\"Written by\" \/>\n\t<meta name=\"twitter:data1\" content=\"ulqini\" \/>\n\t<meta name=\"twitter:label2\" content=\"Est. reading time\" \/>\n\t<meta name=\"twitter:data2\" content=\"5 minutes\" \/>\n<script type=\"application\/ld+json\" class=\"yoast-schema-graph\">{\"@context\":\"https:\/\/schema.org\",\"@graph\":[{\"@type\":\"WebSite\",\"@id\":\"https:\/\/www.visit-ulcinj.com\/blog\/#website\",\"url\":\"https:\/\/www.visit-ulcinj.com\/blog\/\",\"name\":\"Lajme nga Ulqini\",\"description\":\"Lajme,Vijesti,Ulqini,Ulqin,Crna Gora,Mali i Zi\",\"potentialAction\":[{\"@type\":\"SearchAction\",\"target\":{\"@type\":\"EntryPoint\",\"urlTemplate\":\"https:\/\/www.visit-ulcinj.com\/blog\/?s={search_term_string}\"},\"query-input\":\"required name=search_term_string\"}],\"inLanguage\":\"en-US\"},{\"@type\":\"ImageObject\",\"inLanguage\":\"en-US\",\"@id\":\"https:\/\/www.visit-ulcinj.com\/blog\/2009\/06\/21\/vrijednost-valdanosa\/#primaryimage\",\"url\":\"https:\/\/www.visit-ulcinj.com\/blog\/wp-content\/uploads\/2009\/06\/Valdanos_ulcinj.jpg\",\"contentUrl\":\"https:\/\/www.visit-ulcinj.com\/blog\/wp-content\/uploads\/2009\/06\/Valdanos_ulcinj.jpg\",\"width\":\"580\",\"height\":\"340\"},{\"@type\":\"WebPage\",\"@id\":\"https:\/\/www.visit-ulcinj.com\/blog\/2009\/06\/21\/vrijednost-valdanosa\/#webpage\",\"url\":\"https:\/\/www.visit-ulcinj.com\/blog\/2009\/06\/21\/vrijednost-valdanosa\/\",\"name\":\"Vrijednost Valdanosa - Lajme nga Ulqini\",\"isPartOf\":{\"@id\":\"https:\/\/www.visit-ulcinj.com\/blog\/#website\"},\"primaryImageOfPage\":{\"@id\":\"https:\/\/www.visit-ulcinj.com\/blog\/2009\/06\/21\/vrijednost-valdanosa\/#primaryimage\"},\"datePublished\":\"2009-06-21T09:38:12+00:00\",\"dateModified\":\"2009-06-21T09:39:41+00:00\",\"author\":{\"@id\":\"https:\/\/www.visit-ulcinj.com\/blog\/#\/schema\/person\/dcab619c614d3038751c63bc2aadc06d\"},\"description\":\"STAV Prostor Valdanosa kao apstraktnu, neodre?enu ili nedefinisanu kategoriju mo\u017eemo smatrati vrijedno\u0161?u samo po osnovu kriterijuma op\u0161teg ekosistema u\",\"breadcrumb\":{\"@id\":\"https:\/\/www.visit-ulcinj.com\/blog\/2009\/06\/21\/vrijednost-valdanosa\/#breadcrumb\"},\"inLanguage\":\"en-US\",\"potentialAction\":[{\"@type\":\"ReadAction\",\"target\":[\"https:\/\/www.visit-ulcinj.com\/blog\/2009\/06\/21\/vrijednost-valdanosa\/\"]}]},{\"@type\":\"BreadcrumbList\",\"@id\":\"https:\/\/www.visit-ulcinj.com\/blog\/2009\/06\/21\/vrijednost-valdanosa\/#breadcrumb\",\"itemListElement\":[{\"@type\":\"ListItem\",\"position\":1,\"name\":\"Vrijednost Valdanosa\"}]},{\"@type\":\"Person\",\"@id\":\"https:\/\/www.visit-ulcinj.com\/blog\/#\/schema\/person\/dcab619c614d3038751c63bc2aadc06d\",\"name\":\"ulqini\",\"sameAs\":[\"http:\/\/www.visit-ulcinj.com\"],\"url\":\"https:\/\/www.visit-ulcinj.com\/blog\/author\/admin\/\"}]}<\/script>\n<!-- \/ Yoast SEO plugin. -->","yoast_head_json":{"title":"Vrijednost Valdanosa - Lajme nga Ulqini","description":"STAV Prostor Valdanosa kao apstraktnu, neodre?enu ili nedefinisanu kategoriju mo\u017eemo smatrati vrijedno\u0161?u samo po osnovu kriterijuma op\u0161teg ekosistema u","robots":{"index":"index","follow":"follow","max-snippet":"max-snippet:-1","max-image-preview":"max-image-preview:large","max-video-preview":"max-video-preview:-1"},"canonical":"https:\/\/www.visit-ulcinj.com\/blog\/2009\/06\/21\/vrijednost-valdanosa\/","og_locale":"en_US","og_type":"article","og_title":"Vrijednost Valdanosa - Lajme nga Ulqini","og_description":"STAV Prostor Valdanosa kao apstraktnu, neodre?enu ili nedefinisanu kategoriju mo\u017eemo smatrati vrijedno\u0161?u samo po osnovu kriterijuma op\u0161teg ekosistema u","og_url":"https:\/\/www.visit-ulcinj.com\/blog\/2009\/06\/21\/vrijednost-valdanosa\/","og_site_name":"Lajme nga Ulqini","article_published_time":"2009-06-21T09:38:12+00:00","article_modified_time":"2009-06-21T09:39:41+00:00","og_image":[{"url":"http:\/\/www.visit-ulcinj.com\/blog\/wp-content\/uploads\/2009\/06\/Valdanos_ulcinj.jpg"}],"twitter_misc":{"Written by":"ulqini","Est. reading time":"5 minutes"},"schema":{"@context":"https:\/\/schema.org","@graph":[{"@type":"WebSite","@id":"https:\/\/www.visit-ulcinj.com\/blog\/#website","url":"https:\/\/www.visit-ulcinj.com\/blog\/","name":"Lajme nga Ulqini","description":"Lajme,Vijesti,Ulqini,Ulqin,Crna Gora,Mali i Zi","potentialAction":[{"@type":"SearchAction","target":{"@type":"EntryPoint","urlTemplate":"https:\/\/www.visit-ulcinj.com\/blog\/?s={search_term_string}"},"query-input":"required name=search_term_string"}],"inLanguage":"en-US"},{"@type":"ImageObject","inLanguage":"en-US","@id":"https:\/\/www.visit-ulcinj.com\/blog\/2009\/06\/21\/vrijednost-valdanosa\/#primaryimage","url":"https:\/\/www.visit-ulcinj.com\/blog\/wp-content\/uploads\/2009\/06\/Valdanos_ulcinj.jpg","contentUrl":"https:\/\/www.visit-ulcinj.com\/blog\/wp-content\/uploads\/2009\/06\/Valdanos_ulcinj.jpg","width":"580","height":"340"},{"@type":"WebPage","@id":"https:\/\/www.visit-ulcinj.com\/blog\/2009\/06\/21\/vrijednost-valdanosa\/#webpage","url":"https:\/\/www.visit-ulcinj.com\/blog\/2009\/06\/21\/vrijednost-valdanosa\/","name":"Vrijednost Valdanosa - Lajme nga Ulqini","isPartOf":{"@id":"https:\/\/www.visit-ulcinj.com\/blog\/#website"},"primaryImageOfPage":{"@id":"https:\/\/www.visit-ulcinj.com\/blog\/2009\/06\/21\/vrijednost-valdanosa\/#primaryimage"},"datePublished":"2009-06-21T09:38:12+00:00","dateModified":"2009-06-21T09:39:41+00:00","author":{"@id":"https:\/\/www.visit-ulcinj.com\/blog\/#\/schema\/person\/dcab619c614d3038751c63bc2aadc06d"},"description":"STAV Prostor Valdanosa kao apstraktnu, neodre?enu ili nedefinisanu kategoriju mo\u017eemo smatrati vrijedno\u0161?u samo po osnovu kriterijuma op\u0161teg ekosistema u","breadcrumb":{"@id":"https:\/\/www.visit-ulcinj.com\/blog\/2009\/06\/21\/vrijednost-valdanosa\/#breadcrumb"},"inLanguage":"en-US","potentialAction":[{"@type":"ReadAction","target":["https:\/\/www.visit-ulcinj.com\/blog\/2009\/06\/21\/vrijednost-valdanosa\/"]}]},{"@type":"BreadcrumbList","@id":"https:\/\/www.visit-ulcinj.com\/blog\/2009\/06\/21\/vrijednost-valdanosa\/#breadcrumb","itemListElement":[{"@type":"ListItem","position":1,"name":"Vrijednost Valdanosa"}]},{"@type":"Person","@id":"https:\/\/www.visit-ulcinj.com\/blog\/#\/schema\/person\/dcab619c614d3038751c63bc2aadc06d","name":"ulqini","sameAs":["http:\/\/www.visit-ulcinj.com"],"url":"https:\/\/www.visit-ulcinj.com\/blog\/author\/admin\/"}]}},"jetpack_featured_media_url":"","jetpack_sharing_enabled":true,"jetpack_shortlink":"https:\/\/wp.me\/pe6lTn-5ZW","_links":{"self":[{"href":"https:\/\/www.visit-ulcinj.com\/blog\/wp-json\/wp\/v2\/posts\/23060"}],"collection":[{"href":"https:\/\/www.visit-ulcinj.com\/blog\/wp-json\/wp\/v2\/posts"}],"about":[{"href":"https:\/\/www.visit-ulcinj.com\/blog\/wp-json\/wp\/v2\/types\/post"}],"author":[{"embeddable":true,"href":"https:\/\/www.visit-ulcinj.com\/blog\/wp-json\/wp\/v2\/users\/1"}],"replies":[{"embeddable":true,"href":"https:\/\/www.visit-ulcinj.com\/blog\/wp-json\/wp\/v2\/comments?post=23060"}],"version-history":[{"count":0,"href":"https:\/\/www.visit-ulcinj.com\/blog\/wp-json\/wp\/v2\/posts\/23060\/revisions"}],"wp:attachment":[{"href":"https:\/\/www.visit-ulcinj.com\/blog\/wp-json\/wp\/v2\/media?parent=23060"}],"wp:term":[{"taxonomy":"category","embeddable":true,"href":"https:\/\/www.visit-ulcinj.com\/blog\/wp-json\/wp\/v2\/categories?post=23060"},{"taxonomy":"post_tag","embeddable":true,"href":"https:\/\/www.visit-ulcinj.com\/blog\/wp-json\/wp\/v2\/tags?post=23060"}],"curies":[{"name":"wp","href":"https:\/\/api.w.org\/{rel}","templated":true}]}}