{"id":23076,"date":"2009-06-21T18:52:37","date_gmt":"2009-06-21T16:52:37","guid":{"rendered":"http:\/\/www.visit-ulcinj.com\/blog\/?p=23076"},"modified":"2009-06-24T20:55:34","modified_gmt":"2009-06-24T18:55:34","slug":"ulqini-fton-kosovaret-per-pushime","status":"publish","type":"post","link":"https:\/\/www.visit-ulcinj.com\/blog\/2009\/06\/21\/ulqini-fton-kosovaret-per-pushime\/","title":{"rendered":"Ulqini fton kosovar\u00ebt p\u00ebr pushime"},"content":{"rendered":"<p><strong><a href=\"http:\/\/www.visit-ulcinj.com\/blog\/wp-content\/uploads\/2009\/06\/Plazhi-i-Madhe_ulqin_gezim-hajdinaga1.jpg\"><img loading=\"lazy\" class=\"alignleft size-full wp-image-23080\" title=\"Plazhi i Madhe_ulqin_gezim hajdinaga\" src=\"http:\/\/www.visit-ulcinj.com\/blog\/wp-content\/uploads\/2009\/06\/Plazhi-i-Madhe_ulqin_gezim-hajdinaga1.jpg\" alt=\"Plazhi i Madhe_ulqin_gezim hajdinaga\" width=\"580\" height=\"400\" \/><\/a>Reportazh nga Ulqini<br \/>\nUlqini fton kosovar\u00ebt p\u00ebr pushime<br \/>\nKryetari i Komun\u00ebs s\u00eb Ulqinit, G\u00ebzim Hajdinaga, i ka ftuar kosovar\u00ebt t\u2019i kalojn\u00eb pushimet edhe k\u00ebt\u00eb ver\u00eb atje, pasi, sipas tij, kan\u00eb se \u00e7far\u00eb t\u00eb shijojn\u00eb.<\/strong><br \/>\nUlqin, 17 qershor &#8211; Ulqini apo ndryshe \u201cQyteti i t\u00eb rinjve\u201d p\u00ebr sezonin turistik ka zbritur \u00e7mimet prej 20 deri 25 p\u00ebr qind. Sipas zyrtar\u00ebve t\u00eb komun\u00ebs, zbritja e \u00e7mimeve t\u00eb hoteleve dhe restoranteve \u00ebsht\u00eb b\u00ebr\u00eb p\u00ebr t\u00eb t\u00ebrhequr sa m\u00eb shum\u00eb turist\u00eb edhe k\u00ebt\u00eb vit, n\u00eb m\u00ebnyr\u00eb q\u00eb kosovar\u00ebt mos ta nd\u00ebrrojn\u00eb k\u00ebt\u00eb vend p\u00ebr shkak t\u00eb \u00e7mimeve.<br \/>\nUlqinak\u00ebt besojn\u00eb se edhe k\u00ebt\u00eb vit kosovar\u00ebt nuk do t\u2019i \u201ctradhtojn\u00eb\u201d plazhet e Ulqinit.<br \/>\nP\u00ebrve\u00e7 pamjes s\u00eb ve\u00e7ant\u00eb dhe atraktive, plazhet e Ulqinit turist\u00ebve u ofrojn\u00eb kushte t\u00eb mira p\u00ebr relaksim. Edhe pse mesi i qershorit, kishte qytetar\u00eb nga Kosova t\u00eb cil\u00ebt kishin filluar pushimet.<br \/>\nSipas nj\u00eb vler\u00ebsimi t\u00eb nj\u00eb agjencie q\u00eb merret me promovimin e plazheve, plazhet e Ulqinit shquhen n\u00eb rajon p\u00ebr past\u00ebrtin\u00eb dhe vlerat sh\u00ebruese t\u00eb ujit.<br \/>\nKryetari i Komun\u00ebs s\u00eb Ulqinit, G\u00ebzim Hajdinaga, i ka ftuar kosovar\u00ebt t\u2019i kalojn\u00eb pushimet edhe k\u00ebt\u00eb ver\u00eb atje, pasi, sipas tij, kan\u00eb se \u00e7far\u00eb t\u00eb shijojn\u00eb.<br \/>\nAi ka theksuar se jan\u00eb marr\u00eb t\u00eb gjitha masat q\u00eb siguria e turist\u00ebve t\u00eb jet\u00eb n\u00eb nivel gjat\u00eb 24 or\u00ebve.<br \/>\nLidhjet shpirt\u00ebrore dhe familjare n\u00eb mes t\u00eb kosovar\u00ebve dhe ulqinak\u00ebve e b\u00ebjn\u00eb Hajdinag\u00ebn t\u00eb besoj\u00eb se edhe k\u00ebt\u00eb vit do t\u00eb ket\u00eb num\u00ebr t\u00eb madh t\u00eb turist\u00ebve nga Kosova.<br \/>\n<strong><br \/>\nPlazhi i Vog\u00ebl <\/strong><\/p>\n<p>Plazhi i Vog\u00ebl, i cili shtrihet shum\u00eb af\u00ebr qytetit, i jep atij nj\u00eb bukuri t\u00eb rrall\u00eb, kurse lokalet p\u00ebrreth tij jan\u00eb p\u00ebrplot me njer\u00ebz deri n\u00eb or\u00ebt e vona t\u00eb nat\u00ebs. P\u00ebrball\u00eb Plazhit t\u00eb Vog\u00ebl gjendet Kalaja e qytetit, nga e cila Ulqini shihet si n\u00eb p\u00ebll\u00ebmb\u00eb t\u00eb dor\u00ebs.<br \/>\nUlqini, i cili p\u00ebrb\u00ebhet nga 83.5 p\u00ebr qind me popullat\u00eb shqiptare, brenda nj\u00eb sezoni turistik arrin t\u00eb mbledh\u00eb deri n\u00eb tre milion\u00eb euro nga turist\u00ebt q\u00eb shkojn\u00eb nga Kosova.<br \/>\nTurist\u00ebt, n\u00ebse zgjedhin t\u00eb banojn\u00eb n\u00eb apartamente private, nj\u00eb shtrat p\u00ebr nj\u00eb nat\u00eb duhet ta paguajn\u00eb pes\u00eb euro, kurse nj\u00eb nat\u00eb n\u00eb hotelet dhe motelet e Ulqinit kushton 20 deri n\u00eb 50 euro.<br \/>\nQytetar\u00ebt e Kosov\u00ebs, t\u00eb cil\u00ebt ve\u00e7 i kan\u00eb nisur pushimet n\u00eb Ulqin, ankohen p\u00ebr \u00e7mimet e larta.<br \/>\nHasan Abazi nga Ferizaj ka th\u00ebn\u00eb se, pavar\u00ebsisht q\u00eb \u00ebsht\u00eb th\u00ebn\u00eb se do t\u00eb ulen \u00e7mimet, kjo nuk ka ndodhur.<br \/>\n\u201c\u00c7mimet nuk jan\u00eb ulur, jan\u00eb t\u00eb shtrenjta, sidomos ushqimi \u00ebsht\u00eb shum\u00eb i shtrenjt\u00eb\u201d, ka theksuar ai.<br \/>\nSara Gashi, nj\u00eb e re nga Prishtina, ka th\u00ebn\u00eb se \u00ebsht\u00eb e k\u00ebnaqur me jet\u00ebn e nat\u00ebs n\u00eb Ulqin, edhe pse \u00ebsht\u00eb fillimi i sezonit.<br \/>\n\u201cJam e k\u00ebnaqur me atmosfer\u00ebn e nat\u00ebs. Nuk jam e k\u00ebnaqur me \u00e7mimet, por p\u00ebr pushime shkojn\u00eb ata q\u00eb kan\u00eb mund\u00ebsi\u201d, \u00ebsht\u00eb shprehur ajo p\u00ebr gazet\u00ebn.<\/p>\n<p><strong>Ftesa e Hajdinag\u00ebs <\/strong><\/p>\n<p>Kryetari i Ulqinit, G\u00ebzim Hajdinaga, ka ftuar kosovar\u00ebt t\u00eb shkojn\u00eb edhe n\u00eb Shqip\u00ebri, por edhe mos ta harrojn\u00eb Ulqinin.<br \/>\n\u201cPes\u00eb dit\u00eb rezervoni p\u00ebr Shqip\u00ebri e 10 dit\u00eb p\u00ebr Ulqin\u201d, ka th\u00ebn\u00eb ai, duke shtuar se pas njohjes s\u00eb Kosov\u00ebs nga Mali i Zi, pritet t\u00eb rritet numri i turist\u00ebve. \u201cHapja e autostrad\u00ebs Durr\u00ebs-Kuk\u00ebs-Morin\u00eb mund ta ul\u00eb numrin e turist\u00ebve, por, pavar\u00ebsisht k\u00ebsaj, rruga p\u00ebr ulqinak\u00ebt \u00ebsht\u00eb rrug\u00eb e bashkimit t\u00eb shqiptar\u00ebve.<br \/>\nShqiptar\u00ebt e Malit t\u00eb Zi i g\u00ebzohen k\u00ebtij projekti t\u00eb madh komb\u00ebtar, sepse rrit edhe statusin e shqiptar\u00ebve n\u00eb Mal t\u00eb Zi\u201d, ka theksuar kryetari i Ulqinit, G\u00ebzim Hajdinaga.<\/p>\n<p><strong>Investimet <\/strong><\/p>\n<p>Investimet nga qeveria malazeze n\u00eb Ulqin nuk jan\u00eb t\u00eb pranishme. Ato, sipas disa ulqinak\u00ebve, jan\u00eb drejtuar kah Podgorica dhe Budva.<br \/>\nProfesor Ismet Karamanaga ka th\u00ebn\u00eb se shqiptar\u00ebt nuk jan\u00eb t\u00eb k\u00ebnaqur me trajtimin q\u00eb u b\u00ebhet nga qeveria malazeze.<br \/>\nKaramanaga, i cili \u00ebsht\u00eb menaxher n\u00eb hotelin \u201cDolcino\u201d, ka th\u00ebn\u00eb se k\u00ebt\u00eb vit sektori privat ofron 120 mij\u00eb shtret\u00ebr me \u00e7mime t\u00eb llojllojshme.<br \/>\n\u201cKosovar\u00ebt q\u00eb jan\u00eb m\u00ebsuar t\u00eb vijn\u00eb n\u00eb Ulqin, do t\u00eb vijn\u00eb prap\u00eb, sepse jeta zbavit\u00ebse n\u00eb Ulqin \u00ebsht\u00eb m\u00eb e mir\u00eb se n\u00eb Durr\u00ebs\u201d, ka th\u00ebn\u00eb Karamanaga.<br \/>\nAi ka treguar se Ulqini ka shum\u00eb objekte kulturore, si Kalan\u00eb, xhamit\u00eb e vjetra si dhe tregun, i cili ka 12 veshje komb\u00ebtare shqiptare.<br \/>\nNdryshe, kryetari Hajdinaga e ka quajtur fat mosinvestimin e qeveris\u00eb malazeze n\u00eb Ulqin. \u201cUlqini \u00ebsht\u00eb kafshat\u00eb e kompanive t\u00eb m\u00ebdha bot\u00ebrore. Ulqini \u00ebsht\u00eb qendra kryesore e mundshme e investimeve n\u00eb Mal t\u00eb Zi, prandaj ftoj Kosov\u00ebn, Shqip\u00ebrin\u00eb, diaspor\u00ebn dhe t\u00eb gjith\u00eb t\u00eb tjer\u00ebt q\u00eb t\u00eb vijn\u00eb dhe t\u00eb investojn\u00eb\u201d, ka th\u00ebn\u00eb kryetari Hajdinaga.<br \/>\nAi ka premtuar se vitin tjet\u00ebr n\u00eb Plazhin e Vog\u00ebl do t\u00eb investohet shum\u00eb.<\/p>\n<p><strong>Plazhi i Madh <\/strong><\/p>\n<p>Plazhi i Madh, i cili ka 14 kilometra plazh me r\u00ebr\u00eb e uj\u00eb shum\u00eb t\u00eb past\u00ebr, p\u00ebrb\u00ebhet nga shtat\u00eb plazhe private, shum\u00eb mir\u00eb t\u00eb rregulluara.<br \/>\nPrel Shkreli, pronari i plazhit \u201cCopacabana\u201d, q\u00eb \u00ebsht\u00eb nj\u00eb prej plazheve m\u00eb moderne n\u00eb Ulqin, ka th\u00ebn\u00eb se zbritja e \u00e7mimeve \u00ebsht\u00eb nj\u00eb fakt shum\u00eb i mir\u00eb p\u00ebr turist\u00ebt nga Kosova. Ai ka b\u00ebr\u00eb t\u00eb ditur se \u201cCopacabana\u201d ka ulur \u00e7mimin dhe ka rritur kualitetin e sh\u00ebrbimeve p\u00ebr shkak t\u00eb konkurrenc\u00ebs nga Shqip\u00ebria.<br \/>\n\u201cTregu i Kosov\u00ebs ka qen\u00eb num\u00ebr nj\u00eb dhe do t\u00eb vazhdoj\u00eb t\u00eb jet\u00eb i till\u00eb p\u00ebr Ulqinin\u201d, \u00ebsht\u00eb shprehur ai.<br \/>\nJelena Ivanoviq nga Podgorica, nj\u00eb malazeze e re, kishte ardhur n\u00eb \u201cCopacabana\u201d p\u00ebr t\u00eb pushuar. Sipas saj, ky plazh \u00ebsht\u00eb shum\u00eb i mir\u00eb dhe m\u00eb i liri n\u00eb Mal t\u00eb Zi.<br \/>\nZef Deliqi, pronar i plazhit \u201cSafari\u201d, ka th\u00ebn\u00eb se risit\u00eb p\u00ebr k\u00ebt\u00eb sezon jan\u00eb kopshti p\u00ebr f\u00ebmij\u00eb, bina p\u00ebr muzik\u00eb, si dhe zbritja e \u00e7mimeve p\u00ebr 20 p\u00ebr qind.<br \/>\n\u201cAutostrad\u00ebs Durr\u00ebs-Kuk\u00ebs-Morin\u00eb nuk i frik\u00ebsohemi, e shohim si pozitive, sepse ajo nuk na d\u00ebmton, por na bashkon\u201d, ka theksuar Deliqi.<br \/>\nLuz Nikolla nga Gjakova, pronar i plazhit \u201cToni Grill\u201d, ka th\u00ebn\u00eb se p\u00ebr k\u00ebt\u00eb vit risi \u00ebsht\u00eb zbritja e \u00e7mimeve p\u00ebr 20-25 p\u00ebr qind.<br \/>\n\u201cZbritja e \u00e7mimeve \u00ebsht\u00eb b\u00ebr\u00eb q\u00eb t\u00eb mos nd\u00ebrrohet Ulqini me vendet e tjera bregdetare. Po ashtu k\u00ebt\u00eb vit do t\u00eb ket\u00eb m\u00eb shum\u00eb ushqim kualitativ dhe m\u00eb t\u00eb lir\u00eb sesa vitin e kaluar\u201d, ka theksuar Nikolla.<br \/>\nNd\u00ebrkaq, plazhi \u201cMCM\u201d tash ka marr\u00eb flamurin e kalt\u00ebr p\u00ebr cil\u00ebsin\u00eb e sh\u00ebrbimeve q\u00eb ofron.<br \/>\n\u201cP\u00ebr t\u2019u pajisur me k\u00ebt\u00eb flamur nga Organizata Evropiane, duhet t\u00eb plot\u00ebsohen 29 kritere. M\u00eb prioritaret jan\u00eb: past\u00ebrtia, siguria dhe projektet e ndryshme ekologjike\u201d, ka b\u00ebr\u00eb t\u00eb ditur pronari Hajdar Murati.<\/p>\n<p><strong>Bizneset <\/strong><\/p>\n<p>Kryetari i Asociacionit t\u00eb Bizneseve t\u00eb Ulqinit, Ibrahim Milla, ka ftuar bizneset nga Kosova t\u00eb b\u00ebjn\u00eb prezantimin e mallrave n\u00eb tregun e k\u00ebtij vendi, pasi, sipas tij, tregu i Ulqinit ka nevoj\u00eb p\u00ebr prodhimet kosovare.<br \/>\n\u201cProduktet nga Kosova nuk jan\u00eb t\u00eb prezantuara mir\u00eb, prandaj i ftojm\u00eb biznesmen\u00ebt t\u00eb sjellin prodhimet e tyre n\u00eb Ulqin\u201d, ka th\u00ebn\u00eb Milla.<br \/>\nDeputeti i Partis\u00eb Demokratike Socialiste t\u00eb Malit t\u00eb Zi, Luigj Shkreli, ka premtuar siguri p\u00ebr turist\u00ebt, n\u00eb m\u00ebnyr\u00eb q\u00eb ata t\u00eb kalojn\u00eb sa m\u00eb mir\u00eb.<br \/>\n\u201cPolitika e Malit t\u00eb Zi ka p\u00ebrkrahur dhe vazhdon t\u2019i p\u00ebrkrah\u00eb bizneset p\u00ebr t\u2019i p\u00ebrmir\u00ebsuar kushtet dhe sh\u00ebrbimet\u201d, ka th\u00ebn\u00eb ai, dhe ka premtuar se turist\u00ebt do t\u00eb jen\u00eb t\u00eb sigurt 24 or\u00eb.<br \/>\n<strong><br \/>\nUlqini &#8211; qytet i rinis\u00eb <\/strong><\/p>\n<p>Jeta e nat\u00ebs n\u00eb Ulqin \u00ebsht\u00eb shum\u00eb e gjall\u00eb. Ndoshta kjo gjall\u00ebri e b\u00ebn at\u00eb t\u00eb quhet \u201cQytet i Rinis\u00eb\u201d.<br \/>\nKultura n\u00eb Ulqin dhe aktivitetet e tjera konsiderohen shtyllat kryesore t\u00eb ofert\u00ebs turistike. Gjat\u00eb sezonit turistik mbahen shum\u00eb manifestime kulturore e mbar\u00ebkomb\u00ebtare, si\u00e7 \u00ebsht\u00eb Panairi i Librit, q\u00eb mbahet p\u00ebr tetin vit me radh\u00eb n\u00eb fund t\u00eb korrikut dhe do t\u00eb \u00e7elet nga presidenti i Shqip\u00ebris\u00eb, Bamir Topi dhe presidenti i Malit t\u00eb Zi, Filip Vujanoviq.<br \/>\nManifestimi tjet\u00ebr \u201cSkena Verore e Ulqinit\u201d \u00ebsht\u00eb mozaik i mir\u00eb i ofert\u00ebs turistike t\u00eb Ulqinit, i cili do t\u00eb rri i hapur deri m\u00eb 31 korrik n\u00eb Kalan\u00eb e lasht\u00eb t\u00eb Ulqinit, ku pjesa m\u00eb e madhe e programit jepet nga trupat artistike t\u00eb Kosov\u00ebs dhe t\u00eb Shqip\u00ebris\u00eb.<br \/>\nPo ashtu mbahet edhe Kalimera Poetike, q\u00eb e vendos Ulqinin n\u00eb qend\u00ebr t\u00eb manifestimeve kulturore.<br \/>\nUdh\u00ebtimin e gazetar\u00ebve nga Kosova e ka mund\u00ebsuar Komuna e Ulqinit dhe biznesmen\u00ebt shqiptar\u00eb n\u00eb Ulqin.<\/p>\n<p><strong>Lulzim Ahmeti<\/strong><\/p>\n<div><object classid=\"clsid:d27cdb6e-ae6d-11cf-96b8-444553540000\" width=\"580\" height=\"400\" codebase=\"http:\/\/download.macromedia.com\/pub\/shockwave\/cabs\/flash\/swflash.cab#version=6,0,40,0\"><param name=\"allowFullScreen\" value=\"true\" \/><param name=\"allowScriptAccess\" value=\"always\" \/><param name=\"src\" value=\"http:\/\/www.dailymotion.com\/swf\/x2d5si_visitulcincom-tourism-to-ulcinj-mon_family&amp;autoPlay=1&amp;related=1\" \/><param name=\"allowfullscreen\" value=\"true\" \/><\/object><\/div>\n","protected":false},"excerpt":{"rendered":"<p>Reportazh nga Ulqini Ulqini fton kosovar\u00ebt p\u00ebr pushime Kryetari i Komun\u00ebs s\u00eb Ulqinit, G\u00ebzim Hajdinaga, i ka ftuar kosovar\u00ebt t\u2019i kalojn\u00eb pushimet edhe k\u00ebt\u00eb ver\u00eb atje, pasi, sipas tij, kan\u00eb se \u00e7far\u00eb t\u00eb shijojn\u00eb. Ulqin, 17 qershor &#8211; Ulqini apo ndryshe \u201cQyteti i t\u00eb rinjve\u201d p\u00ebr sezonin turistik ka zbritur \u00e7mimet prej 20 deri 25 [&hellip;]<\/p>\n","protected":false},"author":1,"featured_media":0,"comment_status":"open","ping_status":"closed","sticky":false,"template":"","format":"standard","meta":{"spay_email":"","jetpack_publicize_message":"","jetpack_is_tweetstorm":false,"jetpack_publicize_feature_enabled":true},"categories":[12],"tags":[2611,18],"jetpack_publicize_connections":[],"yoast_head":"<!-- This site is optimized with the Yoast SEO plugin v19.1 - https:\/\/yoast.com\/wordpress\/plugins\/seo\/ -->\n<title>Ulqini fton kosovar\u00ebt p\u00ebr pushime - Lajme nga Ulqini<\/title>\n<meta name=\"description\" content=\"Reportazh nga Ulqini Ulqini fton kosovar\u00ebt p\u00ebr pushime Kryetari i Komun\u00ebs s\u00eb Ulqinit, G\u00ebzim Hajdinaga, i ka ftuar kosovar\u00ebt t\u2019i kalojn\u00eb pushimet edhe k\u00ebt\u00eb\" \/>\n<meta name=\"robots\" content=\"index, follow, max-snippet:-1, max-image-preview:large, max-video-preview:-1\" \/>\n<link rel=\"canonical\" href=\"https:\/\/www.visit-ulcinj.com\/blog\/2009\/06\/21\/ulqini-fton-kosovaret-per-pushime\/\" \/>\n<meta property=\"og:locale\" content=\"en_US\" \/>\n<meta property=\"og:type\" content=\"article\" \/>\n<meta property=\"og:title\" content=\"Ulqini fton kosovar\u00ebt p\u00ebr pushime - Lajme nga Ulqini\" \/>\n<meta property=\"og:description\" content=\"Reportazh nga Ulqini Ulqini fton kosovar\u00ebt p\u00ebr pushime Kryetari i Komun\u00ebs s\u00eb Ulqinit, G\u00ebzim Hajdinaga, i ka ftuar kosovar\u00ebt t\u2019i kalojn\u00eb pushimet edhe k\u00ebt\u00eb\" \/>\n<meta property=\"og:url\" content=\"https:\/\/www.visit-ulcinj.com\/blog\/2009\/06\/21\/ulqini-fton-kosovaret-per-pushime\/\" \/>\n<meta property=\"og:site_name\" content=\"Lajme nga Ulqini\" \/>\n<meta property=\"article:published_time\" content=\"2009-06-21T16:52:37+00:00\" \/>\n<meta property=\"article:modified_time\" content=\"2009-06-24T18:55:34+00:00\" \/>\n<meta property=\"og:image\" content=\"http:\/\/www.visit-ulcinj.com\/blog\/wp-content\/uploads\/2009\/06\/Plazhi-i-Madhe_ulqin_gezim-hajdinaga1.jpg\" \/>\n<meta name=\"twitter:label1\" content=\"Written by\" \/>\n\t<meta name=\"twitter:data1\" content=\"ulqini\" \/>\n\t<meta name=\"twitter:label2\" content=\"Est. reading time\" \/>\n\t<meta name=\"twitter:data2\" content=\"8 minutes\" \/>\n<script type=\"application\/ld+json\" class=\"yoast-schema-graph\">{\"@context\":\"https:\/\/schema.org\",\"@graph\":[{\"@type\":\"WebSite\",\"@id\":\"https:\/\/www.visit-ulcinj.com\/blog\/#website\",\"url\":\"https:\/\/www.visit-ulcinj.com\/blog\/\",\"name\":\"Lajme nga Ulqini\",\"description\":\"Lajme,Vijesti,Ulqini,Ulqin,Crna Gora,Mali i Zi\",\"potentialAction\":[{\"@type\":\"SearchAction\",\"target\":{\"@type\":\"EntryPoint\",\"urlTemplate\":\"https:\/\/www.visit-ulcinj.com\/blog\/?s={search_term_string}\"},\"query-input\":\"required name=search_term_string\"}],\"inLanguage\":\"en-US\"},{\"@type\":\"ImageObject\",\"inLanguage\":\"en-US\",\"@id\":\"https:\/\/www.visit-ulcinj.com\/blog\/2009\/06\/21\/ulqini-fton-kosovaret-per-pushime\/#primaryimage\",\"url\":\"https:\/\/www.visit-ulcinj.com\/blog\/wp-content\/uploads\/2009\/06\/Plazhi-i-Madhe_ulqin_gezim-hajdinaga1.jpg\",\"contentUrl\":\"https:\/\/www.visit-ulcinj.com\/blog\/wp-content\/uploads\/2009\/06\/Plazhi-i-Madhe_ulqin_gezim-hajdinaga1.jpg\",\"width\":\"998\",\"height\":\"600\"},{\"@type\":\"WebPage\",\"@id\":\"https:\/\/www.visit-ulcinj.com\/blog\/2009\/06\/21\/ulqini-fton-kosovaret-per-pushime\/#webpage\",\"url\":\"https:\/\/www.visit-ulcinj.com\/blog\/2009\/06\/21\/ulqini-fton-kosovaret-per-pushime\/\",\"name\":\"Ulqini fton kosovar\u00ebt p\u00ebr pushime - Lajme nga Ulqini\",\"isPartOf\":{\"@id\":\"https:\/\/www.visit-ulcinj.com\/blog\/#website\"},\"primaryImageOfPage\":{\"@id\":\"https:\/\/www.visit-ulcinj.com\/blog\/2009\/06\/21\/ulqini-fton-kosovaret-per-pushime\/#primaryimage\"},\"datePublished\":\"2009-06-21T16:52:37+00:00\",\"dateModified\":\"2009-06-24T18:55:34+00:00\",\"author\":{\"@id\":\"https:\/\/www.visit-ulcinj.com\/blog\/#\/schema\/person\/dcab619c614d3038751c63bc2aadc06d\"},\"description\":\"Reportazh nga Ulqini Ulqini fton kosovar\u00ebt p\u00ebr pushime Kryetari i Komun\u00ebs s\u00eb Ulqinit, G\u00ebzim Hajdinaga, i ka ftuar kosovar\u00ebt t\u2019i kalojn\u00eb pushimet edhe k\u00ebt\u00eb\",\"breadcrumb\":{\"@id\":\"https:\/\/www.visit-ulcinj.com\/blog\/2009\/06\/21\/ulqini-fton-kosovaret-per-pushime\/#breadcrumb\"},\"inLanguage\":\"en-US\",\"potentialAction\":[{\"@type\":\"ReadAction\",\"target\":[\"https:\/\/www.visit-ulcinj.com\/blog\/2009\/06\/21\/ulqini-fton-kosovaret-per-pushime\/\"]}]},{\"@type\":\"BreadcrumbList\",\"@id\":\"https:\/\/www.visit-ulcinj.com\/blog\/2009\/06\/21\/ulqini-fton-kosovaret-per-pushime\/#breadcrumb\",\"itemListElement\":[{\"@type\":\"ListItem\",\"position\":1,\"name\":\"Ulqini fton kosovar\u00ebt p\u00ebr pushime\"}]},{\"@type\":\"Person\",\"@id\":\"https:\/\/www.visit-ulcinj.com\/blog\/#\/schema\/person\/dcab619c614d3038751c63bc2aadc06d\",\"name\":\"ulqini\",\"sameAs\":[\"http:\/\/www.visit-ulcinj.com\"],\"url\":\"https:\/\/www.visit-ulcinj.com\/blog\/author\/admin\/\"}]}<\/script>\n<!-- \/ Yoast SEO plugin. -->","yoast_head_json":{"title":"Ulqini fton kosovar\u00ebt p\u00ebr pushime - Lajme nga Ulqini","description":"Reportazh nga Ulqini Ulqini fton kosovar\u00ebt p\u00ebr pushime Kryetari i Komun\u00ebs s\u00eb Ulqinit, G\u00ebzim Hajdinaga, i ka ftuar kosovar\u00ebt t\u2019i kalojn\u00eb pushimet edhe k\u00ebt\u00eb","robots":{"index":"index","follow":"follow","max-snippet":"max-snippet:-1","max-image-preview":"max-image-preview:large","max-video-preview":"max-video-preview:-1"},"canonical":"https:\/\/www.visit-ulcinj.com\/blog\/2009\/06\/21\/ulqini-fton-kosovaret-per-pushime\/","og_locale":"en_US","og_type":"article","og_title":"Ulqini fton kosovar\u00ebt p\u00ebr pushime - Lajme nga Ulqini","og_description":"Reportazh nga Ulqini Ulqini fton kosovar\u00ebt p\u00ebr pushime Kryetari i Komun\u00ebs s\u00eb Ulqinit, G\u00ebzim Hajdinaga, i ka ftuar kosovar\u00ebt t\u2019i kalojn\u00eb pushimet edhe k\u00ebt\u00eb","og_url":"https:\/\/www.visit-ulcinj.com\/blog\/2009\/06\/21\/ulqini-fton-kosovaret-per-pushime\/","og_site_name":"Lajme nga Ulqini","article_published_time":"2009-06-21T16:52:37+00:00","article_modified_time":"2009-06-24T18:55:34+00:00","og_image":[{"url":"http:\/\/www.visit-ulcinj.com\/blog\/wp-content\/uploads\/2009\/06\/Plazhi-i-Madhe_ulqin_gezim-hajdinaga1.jpg"}],"twitter_misc":{"Written by":"ulqini","Est. reading time":"8 minutes"},"schema":{"@context":"https:\/\/schema.org","@graph":[{"@type":"WebSite","@id":"https:\/\/www.visit-ulcinj.com\/blog\/#website","url":"https:\/\/www.visit-ulcinj.com\/blog\/","name":"Lajme nga Ulqini","description":"Lajme,Vijesti,Ulqini,Ulqin,Crna Gora,Mali i Zi","potentialAction":[{"@type":"SearchAction","target":{"@type":"EntryPoint","urlTemplate":"https:\/\/www.visit-ulcinj.com\/blog\/?s={search_term_string}"},"query-input":"required name=search_term_string"}],"inLanguage":"en-US"},{"@type":"ImageObject","inLanguage":"en-US","@id":"https:\/\/www.visit-ulcinj.com\/blog\/2009\/06\/21\/ulqini-fton-kosovaret-per-pushime\/#primaryimage","url":"https:\/\/www.visit-ulcinj.com\/blog\/wp-content\/uploads\/2009\/06\/Plazhi-i-Madhe_ulqin_gezim-hajdinaga1.jpg","contentUrl":"https:\/\/www.visit-ulcinj.com\/blog\/wp-content\/uploads\/2009\/06\/Plazhi-i-Madhe_ulqin_gezim-hajdinaga1.jpg","width":"998","height":"600"},{"@type":"WebPage","@id":"https:\/\/www.visit-ulcinj.com\/blog\/2009\/06\/21\/ulqini-fton-kosovaret-per-pushime\/#webpage","url":"https:\/\/www.visit-ulcinj.com\/blog\/2009\/06\/21\/ulqini-fton-kosovaret-per-pushime\/","name":"Ulqini fton kosovar\u00ebt p\u00ebr pushime - Lajme nga Ulqini","isPartOf":{"@id":"https:\/\/www.visit-ulcinj.com\/blog\/#website"},"primaryImageOfPage":{"@id":"https:\/\/www.visit-ulcinj.com\/blog\/2009\/06\/21\/ulqini-fton-kosovaret-per-pushime\/#primaryimage"},"datePublished":"2009-06-21T16:52:37+00:00","dateModified":"2009-06-24T18:55:34+00:00","author":{"@id":"https:\/\/www.visit-ulcinj.com\/blog\/#\/schema\/person\/dcab619c614d3038751c63bc2aadc06d"},"description":"Reportazh nga Ulqini Ulqini fton kosovar\u00ebt p\u00ebr pushime Kryetari i Komun\u00ebs s\u00eb Ulqinit, G\u00ebzim Hajdinaga, i ka ftuar kosovar\u00ebt t\u2019i kalojn\u00eb pushimet edhe k\u00ebt\u00eb","breadcrumb":{"@id":"https:\/\/www.visit-ulcinj.com\/blog\/2009\/06\/21\/ulqini-fton-kosovaret-per-pushime\/#breadcrumb"},"inLanguage":"en-US","potentialAction":[{"@type":"ReadAction","target":["https:\/\/www.visit-ulcinj.com\/blog\/2009\/06\/21\/ulqini-fton-kosovaret-per-pushime\/"]}]},{"@type":"BreadcrumbList","@id":"https:\/\/www.visit-ulcinj.com\/blog\/2009\/06\/21\/ulqini-fton-kosovaret-per-pushime\/#breadcrumb","itemListElement":[{"@type":"ListItem","position":1,"name":"Ulqini fton kosovar\u00ebt p\u00ebr pushime"}]},{"@type":"Person","@id":"https:\/\/www.visit-ulcinj.com\/blog\/#\/schema\/person\/dcab619c614d3038751c63bc2aadc06d","name":"ulqini","sameAs":["http:\/\/www.visit-ulcinj.com"],"url":"https:\/\/www.visit-ulcinj.com\/blog\/author\/admin\/"}]}},"jetpack_featured_media_url":"","jetpack_sharing_enabled":true,"jetpack_shortlink":"https:\/\/wp.me\/pe6lTn-60c","_links":{"self":[{"href":"https:\/\/www.visit-ulcinj.com\/blog\/wp-json\/wp\/v2\/posts\/23076"}],"collection":[{"href":"https:\/\/www.visit-ulcinj.com\/blog\/wp-json\/wp\/v2\/posts"}],"about":[{"href":"https:\/\/www.visit-ulcinj.com\/blog\/wp-json\/wp\/v2\/types\/post"}],"author":[{"embeddable":true,"href":"https:\/\/www.visit-ulcinj.com\/blog\/wp-json\/wp\/v2\/users\/1"}],"replies":[{"embeddable":true,"href":"https:\/\/www.visit-ulcinj.com\/blog\/wp-json\/wp\/v2\/comments?post=23076"}],"version-history":[{"count":0,"href":"https:\/\/www.visit-ulcinj.com\/blog\/wp-json\/wp\/v2\/posts\/23076\/revisions"}],"wp:attachment":[{"href":"https:\/\/www.visit-ulcinj.com\/blog\/wp-json\/wp\/v2\/media?parent=23076"}],"wp:term":[{"taxonomy":"category","embeddable":true,"href":"https:\/\/www.visit-ulcinj.com\/blog\/wp-json\/wp\/v2\/categories?post=23076"},{"taxonomy":"post_tag","embeddable":true,"href":"https:\/\/www.visit-ulcinj.com\/blog\/wp-json\/wp\/v2\/tags?post=23076"}],"curies":[{"name":"wp","href":"https:\/\/api.w.org\/{rel}","templated":true}]}}