{"id":2308,"date":"2008-08-09T07:59:11","date_gmt":"2008-08-09T12:59:11","guid":{"rendered":"http:\/\/www.visit-ulcinj.com\/blog\/?p=2308"},"modified":"2008-08-09T07:59:11","modified_gmt":"2008-08-09T12:59:11","slug":"crna-gora-na-najuticajnijim-svjetskim-kanalima","status":"publish","type":"post","link":"https:\/\/www.visit-ulcinj.com\/blog\/2008\/08\/09\/crna-gora-na-najuticajnijim-svjetskim-kanalima\/","title":{"rendered":"Crna Gora na najuticajnijim svjetskim kanalima"},"content":{"rendered":"<p><a href=\"http:\/\/www.pilotguides.com\/images\/content\/shop\/dvds\/best_beaches150x200.jpg\"><img loading=\"lazy\" class=\"alignleft\" title=\"Best Beaches \" src=\"http:\/\/www.pilotguides.com\/images\/content\/shop\/dvds\/best_beaches150x200.jpg\" alt=\"\" width=\"189\" height=\"252\" \/><\/a>PODGORICA \u2013 Poznata britanska producentska ku?a, Pilot Film and Television Productions LTD snimi?e reporta\u017ee o nekim od najljep\u0161ih crnogorskih predjela, koje ?e biti emitovane na najuticajnijim svjetskim televizijskim kanalima.<br \/>\nIz Nacionalne turisti?ke organizacije (NTOCG) saop\u0161teno je da ?e reporta\u017ee o Crnoj Gori biti prikazane kroz serijal Gloub \/Globe\/ Trekker i Treks in a vajld vorld \/Wild World\/.<br \/>\nTaj serijal, koji predstavlja edukativni i informativni turisti?ki dokumentarni program, prikazuje ljepotu i raznolikost zemalja, tradicionalnu i modernu kulturu svakog mjesta i ohrabruju turiste da istra\u017ee razli?ite dijelove svijeta.<br \/>\nIz NTO su kazali da su producenti tog serijala pro\u0161log mjeseca obi\u0161li lokacije u Crnoj Gori, kao i da su se odlu?ili za snimanje nekih od najljep\u0161ih crnogorskih predjela kroz aktivne sportove kao \u0161to su ronjenje, biciklizam, pje\u0161a?enje i splavarenje.<br \/>\n\u00bbPoseban akcenat u reporta\u017eama bi?e na promociji crnogorskog zale?a\u00ab, dodaje se u saop\u0161tenju. Tokom prethodnih dana, navodi se u saop\u0161tenju, britanska ekipa je snimala ronjenje u Bokokotorskom zalivu, kao i planinski biciklizam na Sinjajevini.<br \/>\nEkipa ?e boraviti u Crnoj Gori do petka, do kada ?e snimiti i rafting drvenim splavom kroz kanjon Tare, kao i Durmitor i Zabojsko jezero, trku konja i tradicionalno crnogorsko oro.<br \/>\nGloub treker se emituje u preko 40 zemalja, na nekim od najpoznatijih svjetskih kanala kao \u0161to su Channel 4, BBC, Travel Channel, Discovery International, PBS u Sjedinjenim Ameri?kim Dr\u017eavama (SAD), kanadski OLN, australijski ABC i drugim satelitskim i kablovskim programima.<br \/>\nTa emisija ima preko 30 miliona gledalaca i osvojila je preko 20 me?unarodnih televizijskih priznanja. Serijal Treks in a vajld vorld se emituje na kanalu National Geographic.<br \/>\n\u00bbS obzirom na to da da je rije? o izuzetno presti\u017enim i gledanim serijalima, reporta\u017ee ?e doprinijeti pobolj\u0161anju imid\u017ea Crne Gore kao turisti?ke destinacije koja ima dosta toga da ponudi turistima koji \u017eele da iskuse aktivan odmor i istra\u017ee najljep\u0161e predjele u srcu Evrope\u00ab, zaklju?ili su u NTO.<br \/>\n<strong>Izvor \/ Mina <\/strong><\/p>\n","protected":false},"excerpt":{"rendered":"<p><img loading=\"lazy\" class=\"alignleft\" title=\"Best Beaches \" src=\"http:\/\/www.pilotguides.com\/images\/content\/shop\/dvds\/best_beaches150x200.jpg\" alt=\"\" width=\"140\" height=\"140\" \/><\/p>\n","protected":false},"author":1,"featured_media":0,"comment_status":"open","ping_status":"closed","sticky":false,"template":"","format":"standard","meta":{"spay_email":"","jetpack_publicize_message":"","jetpack_is_tweetstorm":false,"jetpack_publicize_feature_enabled":true},"categories":[12,15],"tags":[],"jetpack_publicize_connections":[],"yoast_head":"<!-- This site is optimized with the Yoast SEO plugin v19.1 - https:\/\/yoast.com\/wordpress\/plugins\/seo\/ -->\n<title>Crna Gora na najuticajnijim svjetskim kanalima - Lajme nga Ulqini<\/title>\n<meta name=\"robots\" content=\"index, follow, max-snippet:-1, max-image-preview:large, max-video-preview:-1\" \/>\n<link rel=\"canonical\" href=\"https:\/\/www.visit-ulcinj.com\/blog\/2008\/08\/09\/crna-gora-na-najuticajnijim-svjetskim-kanalima\/\" \/>\n<meta property=\"og:locale\" content=\"en_US\" \/>\n<meta property=\"og:type\" content=\"article\" \/>\n<meta property=\"og:title\" content=\"Crna Gora na najuticajnijim svjetskim kanalima - Lajme nga Ulqini\" \/>\n<meta property=\"og:url\" content=\"https:\/\/www.visit-ulcinj.com\/blog\/2008\/08\/09\/crna-gora-na-najuticajnijim-svjetskim-kanalima\/\" \/>\n<meta property=\"og:site_name\" content=\"Lajme nga Ulqini\" \/>\n<meta property=\"article:published_time\" content=\"2008-08-09T12:59:11+00:00\" \/>\n<meta property=\"og:image\" content=\"http:\/\/www.pilotguides.com\/images\/content\/shop\/dvds\/best_beaches150x200.jpg\" \/>\n<meta name=\"twitter:label1\" content=\"Written by\" \/>\n\t<meta name=\"twitter:data1\" content=\"ulqini\" \/>\n\t<meta name=\"twitter:label2\" content=\"Est. reading time\" \/>\n\t<meta name=\"twitter:data2\" content=\"2 minutes\" \/>\n<script type=\"application\/ld+json\" class=\"yoast-schema-graph\">{\"@context\":\"https:\/\/schema.org\",\"@graph\":[{\"@type\":\"WebSite\",\"@id\":\"https:\/\/www.visit-ulcinj.com\/blog\/#website\",\"url\":\"https:\/\/www.visit-ulcinj.com\/blog\/\",\"name\":\"Lajme nga Ulqini\",\"description\":\"Lajme,Vijesti,Ulqini,Ulqin,Crna Gora,Mali i Zi\",\"potentialAction\":[{\"@type\":\"SearchAction\",\"target\":{\"@type\":\"EntryPoint\",\"urlTemplate\":\"https:\/\/www.visit-ulcinj.com\/blog\/?s={search_term_string}\"},\"query-input\":\"required name=search_term_string\"}],\"inLanguage\":\"en-US\"},{\"@type\":\"ImageObject\",\"inLanguage\":\"en-US\",\"@id\":\"https:\/\/www.visit-ulcinj.com\/blog\/2008\/08\/09\/crna-gora-na-najuticajnijim-svjetskim-kanalima\/#primaryimage\",\"url\":\"http:\/\/www.pilotguides.com\/images\/content\/shop\/dvds\/best_beaches150x200.jpg\",\"contentUrl\":\"http:\/\/www.pilotguides.com\/images\/content\/shop\/dvds\/best_beaches150x200.jpg\"},{\"@type\":\"WebPage\",\"@id\":\"https:\/\/www.visit-ulcinj.com\/blog\/2008\/08\/09\/crna-gora-na-najuticajnijim-svjetskim-kanalima\/#webpage\",\"url\":\"https:\/\/www.visit-ulcinj.com\/blog\/2008\/08\/09\/crna-gora-na-najuticajnijim-svjetskim-kanalima\/\",\"name\":\"Crna Gora na najuticajnijim svjetskim kanalima - Lajme nga Ulqini\",\"isPartOf\":{\"@id\":\"https:\/\/www.visit-ulcinj.com\/blog\/#website\"},\"primaryImageOfPage\":{\"@id\":\"https:\/\/www.visit-ulcinj.com\/blog\/2008\/08\/09\/crna-gora-na-najuticajnijim-svjetskim-kanalima\/#primaryimage\"},\"datePublished\":\"2008-08-09T12:59:11+00:00\",\"dateModified\":\"2008-08-09T12:59:11+00:00\",\"author\":{\"@id\":\"https:\/\/www.visit-ulcinj.com\/blog\/#\/schema\/person\/dcab619c614d3038751c63bc2aadc06d\"},\"breadcrumb\":{\"@id\":\"https:\/\/www.visit-ulcinj.com\/blog\/2008\/08\/09\/crna-gora-na-najuticajnijim-svjetskim-kanalima\/#breadcrumb\"},\"inLanguage\":\"en-US\",\"potentialAction\":[{\"@type\":\"ReadAction\",\"target\":[\"https:\/\/www.visit-ulcinj.com\/blog\/2008\/08\/09\/crna-gora-na-najuticajnijim-svjetskim-kanalima\/\"]}]},{\"@type\":\"BreadcrumbList\",\"@id\":\"https:\/\/www.visit-ulcinj.com\/blog\/2008\/08\/09\/crna-gora-na-najuticajnijim-svjetskim-kanalima\/#breadcrumb\",\"itemListElement\":[{\"@type\":\"ListItem\",\"position\":1,\"name\":\"Crna Gora na najuticajnijim svjetskim kanalima\"}]},{\"@type\":\"Person\",\"@id\":\"https:\/\/www.visit-ulcinj.com\/blog\/#\/schema\/person\/dcab619c614d3038751c63bc2aadc06d\",\"name\":\"ulqini\",\"sameAs\":[\"http:\/\/www.visit-ulcinj.com\"],\"url\":\"https:\/\/www.visit-ulcinj.com\/blog\/author\/admin\/\"}]}<\/script>\n<!-- \/ Yoast SEO plugin. -->","yoast_head_json":{"title":"Crna Gora na najuticajnijim svjetskim kanalima - Lajme nga Ulqini","robots":{"index":"index","follow":"follow","max-snippet":"max-snippet:-1","max-image-preview":"max-image-preview:large","max-video-preview":"max-video-preview:-1"},"canonical":"https:\/\/www.visit-ulcinj.com\/blog\/2008\/08\/09\/crna-gora-na-najuticajnijim-svjetskim-kanalima\/","og_locale":"en_US","og_type":"article","og_title":"Crna Gora na najuticajnijim svjetskim kanalima - Lajme nga Ulqini","og_url":"https:\/\/www.visit-ulcinj.com\/blog\/2008\/08\/09\/crna-gora-na-najuticajnijim-svjetskim-kanalima\/","og_site_name":"Lajme nga Ulqini","article_published_time":"2008-08-09T12:59:11+00:00","og_image":[{"url":"http:\/\/www.pilotguides.com\/images\/content\/shop\/dvds\/best_beaches150x200.jpg"}],"twitter_misc":{"Written by":"ulqini","Est. reading time":"2 minutes"},"schema":{"@context":"https:\/\/schema.org","@graph":[{"@type":"WebSite","@id":"https:\/\/www.visit-ulcinj.com\/blog\/#website","url":"https:\/\/www.visit-ulcinj.com\/blog\/","name":"Lajme nga Ulqini","description":"Lajme,Vijesti,Ulqini,Ulqin,Crna Gora,Mali i Zi","potentialAction":[{"@type":"SearchAction","target":{"@type":"EntryPoint","urlTemplate":"https:\/\/www.visit-ulcinj.com\/blog\/?s={search_term_string}"},"query-input":"required name=search_term_string"}],"inLanguage":"en-US"},{"@type":"ImageObject","inLanguage":"en-US","@id":"https:\/\/www.visit-ulcinj.com\/blog\/2008\/08\/09\/crna-gora-na-najuticajnijim-svjetskim-kanalima\/#primaryimage","url":"http:\/\/www.pilotguides.com\/images\/content\/shop\/dvds\/best_beaches150x200.jpg","contentUrl":"http:\/\/www.pilotguides.com\/images\/content\/shop\/dvds\/best_beaches150x200.jpg"},{"@type":"WebPage","@id":"https:\/\/www.visit-ulcinj.com\/blog\/2008\/08\/09\/crna-gora-na-najuticajnijim-svjetskim-kanalima\/#webpage","url":"https:\/\/www.visit-ulcinj.com\/blog\/2008\/08\/09\/crna-gora-na-najuticajnijim-svjetskim-kanalima\/","name":"Crna Gora na najuticajnijim svjetskim kanalima - Lajme nga Ulqini","isPartOf":{"@id":"https:\/\/www.visit-ulcinj.com\/blog\/#website"},"primaryImageOfPage":{"@id":"https:\/\/www.visit-ulcinj.com\/blog\/2008\/08\/09\/crna-gora-na-najuticajnijim-svjetskim-kanalima\/#primaryimage"},"datePublished":"2008-08-09T12:59:11+00:00","dateModified":"2008-08-09T12:59:11+00:00","author":{"@id":"https:\/\/www.visit-ulcinj.com\/blog\/#\/schema\/person\/dcab619c614d3038751c63bc2aadc06d"},"breadcrumb":{"@id":"https:\/\/www.visit-ulcinj.com\/blog\/2008\/08\/09\/crna-gora-na-najuticajnijim-svjetskim-kanalima\/#breadcrumb"},"inLanguage":"en-US","potentialAction":[{"@type":"ReadAction","target":["https:\/\/www.visit-ulcinj.com\/blog\/2008\/08\/09\/crna-gora-na-najuticajnijim-svjetskim-kanalima\/"]}]},{"@type":"BreadcrumbList","@id":"https:\/\/www.visit-ulcinj.com\/blog\/2008\/08\/09\/crna-gora-na-najuticajnijim-svjetskim-kanalima\/#breadcrumb","itemListElement":[{"@type":"ListItem","position":1,"name":"Crna Gora na najuticajnijim svjetskim kanalima"}]},{"@type":"Person","@id":"https:\/\/www.visit-ulcinj.com\/blog\/#\/schema\/person\/dcab619c614d3038751c63bc2aadc06d","name":"ulqini","sameAs":["http:\/\/www.visit-ulcinj.com"],"url":"https:\/\/www.visit-ulcinj.com\/blog\/author\/admin\/"}]}},"jetpack_featured_media_url":"","jetpack_sharing_enabled":true,"jetpack_shortlink":"https:\/\/wp.me\/pe6lTn-Be","_links":{"self":[{"href":"https:\/\/www.visit-ulcinj.com\/blog\/wp-json\/wp\/v2\/posts\/2308"}],"collection":[{"href":"https:\/\/www.visit-ulcinj.com\/blog\/wp-json\/wp\/v2\/posts"}],"about":[{"href":"https:\/\/www.visit-ulcinj.com\/blog\/wp-json\/wp\/v2\/types\/post"}],"author":[{"embeddable":true,"href":"https:\/\/www.visit-ulcinj.com\/blog\/wp-json\/wp\/v2\/users\/1"}],"replies":[{"embeddable":true,"href":"https:\/\/www.visit-ulcinj.com\/blog\/wp-json\/wp\/v2\/comments?post=2308"}],"version-history":[{"count":0,"href":"https:\/\/www.visit-ulcinj.com\/blog\/wp-json\/wp\/v2\/posts\/2308\/revisions"}],"wp:attachment":[{"href":"https:\/\/www.visit-ulcinj.com\/blog\/wp-json\/wp\/v2\/media?parent=2308"}],"wp:term":[{"taxonomy":"category","embeddable":true,"href":"https:\/\/www.visit-ulcinj.com\/blog\/wp-json\/wp\/v2\/categories?post=2308"},{"taxonomy":"post_tag","embeddable":true,"href":"https:\/\/www.visit-ulcinj.com\/blog\/wp-json\/wp\/v2\/tags?post=2308"}],"curies":[{"name":"wp","href":"https:\/\/api.w.org\/{rel}","templated":true}]}}