{"id":23084,"date":"2009-06-22T10:28:36","date_gmt":"2009-06-22T08:28:36","guid":{"rendered":"http:\/\/www.visit-ulcinj.com\/blog\/?p=23084"},"modified":"2023-04-01T13:54:02","modified_gmt":"2023-04-01T12:54:02","slug":"vacances-au-ulcinj-montenegro-le-moins-cher","status":"publish","type":"post","link":"https:\/\/www.visit-ulcinj.com\/blog\/2009\/06\/22\/vacances-au-ulcinj-montenegro-le-moins-cher\/","title":{"rendered":"Vacances  au Ulcinj &#8211; Mont\u00e9n\u00e9gro le moins cher..d\u00e9s 7\u20ac"},"content":{"rendered":"<p><strong><a href=\"http:\/\/www.visit-ulcinj.com\/blog\/wp-content\/uploads\/2009\/06\/Grande-plage-de-Ulcinj_Mont%C3%83%C2%A9n%C3%83%C2%A9gro.jpg\"><img class=\"alignleft size-full wp-image-23085\" title=\"Grande plage de Ulcinj_Mont\u00e9n\u00e9gro\" src=\"http:\/\/www.visit-ulcinj.com\/blog\/wp-content\/uploads\/2009\/06\/Grande-plage-de-Ulcinj_Mont%C3%83%C2%A9n%C3%83%C2%A9gro.jpg\" alt=\"\" \/><\/a><a href=\"http:\/\/www.visit-ulcinj.com\/apartments-in-ulcinj\/holiday-house-last-minute-ulcinj-ulqini-montenegro-of-7e-bed\/\" target=\"_blank\" rel=\"noopener\"><br \/>\n<\/a>Mobil: Viber + Whatsapp: +382 69 335 534\u00a0 : +382 69 335 512<\/strong><\/p>\n<p><strong>L&#8217;\u00e9t\u00e9, pour les Suisses comme pour tous les Europ\u00e9ens, c&#8217;est avant tout la plage, le soleil, la mer. Crise oblige, cette ann\u00e9e il s&#8217;agit de trouver des rivages o\u00f9 l\u00e9zarder sans se ruiner. Pourquoi ne pas tenter des destinations moins traditionnelles que la Gr\u00e8ce ou l&#8217;Italie, par exemple la Mont\u00e9n\u00e9gro ou Albanie? D\u00e9paysement garanti, \u00e0 moindres frais &#8211; pour ceux qui savent s&#8217;organiser seuls.<br \/>\n<\/strong><\/p>\n<p><strong>\u00a0<\/strong><\/p>\n<p><strong>Email: Holiday House@gmail.com<\/strong><\/p>\n<p><strong>\u00a0<\/strong><\/p>\n<p><a href=\"http:\/\/www.visit-ulcinj.com\/apartments-in-ulcinj\/holiday-house-last-minute-ulcinj-ulqini-montenegro-of-7e-bed\/\" target=\"_blank\" rel=\"noopener\"><strong>Mont\u00e9n\u00e9gro<\/strong><\/a><\/p>\n<p><a href=\"http:\/\/www.visit-ulcinj.com\/apartments-in-ulcinj\/holiday-house-last-minute-ulcinj-ulqini-montenegro-of-7e-bed\/\" target=\"_blank\" rel=\"noopener\">Le Mont\u00e9n\u00e9gro fait figure de nouvel eldorado m\u00e9diterran\u00e9en. Apr\u00e8s le d\u00e9veloppement spectaculaire de la Croatie voisine ces derni\u00e8res ann\u00e9es, l&#8217;industrie touristique de ce petit pays (moins de 14 000 km\u00b2, la Suisse 41 285 km\u00b2) cro\u00eet \u00e0 vue d&#8217;oeil: plus 10% par an, d&#8217;apr\u00e8s le World Travel Tourism Council (WTTC). Les tours op\u00e9rateurs suisses commencent m\u00eame \u00e0 proposer des offres incluant vol et h\u00f4tel, notamment pour Budva. La plus chic des stations baln\u00e9aires est en fait une grande crique entour\u00e9e de montagnes qui plongent dans la mer. Un d\u00e9cor qui attire de nombreuses stars et qui lui vaut la r\u00e9putation de Saint-Tropez local. Plages bond\u00e9es le jour et discoth\u00e8ques branch\u00e9es la nuit, c&#8217;est surtout la destination id\u00e9ale pour une vir\u00e9e entre jeunes qui veulent faire la f\u00eate. La plupart des h\u00f4tels ont \u00e9t\u00e9 r\u00e9nov\u00e9s et les prix flambent l&#8217;\u00e9t\u00e9. Heureusement, on trouve quelques auberges de jeunesse dans les environs. Meilleur march\u00e9 et plus familiale, la ville d&#8217;Ulcinj, tout au sud, o\u00f9 l&#8217;on trouve des h\u00f4tels pour moins de 30 francs la nuit. Destination populaire avec nombreuses plages de sables fins, dont la plus grande du Mont\u00e9n\u00e9gro (Velika Plaza) avec 12 km de long. Avec en prime, un avant-go\u00fbt de l&#8217;Albanie puisque la ville est \u00e0 deux pas de la fronti\u00e8re.<\/a><\/p>\n<p><a href=\"http:\/\/www.visit-ulcinj.com\/apartments-in-ulcinj\/holiday-house-last-minute-ulcinj-ulqini-montenegro-of-7e-bed\/\" target=\"_blank\" rel=\"noopener\"><strong>Sonia Arnal et Alexandre Haederli<br \/>\nLe Matin Dimanche<br \/>\n<\/strong><\/a><\/p>\n<p><a href=\"http:\/\/www.visit-ulcinj.com\/apartments-in-ulcinj\/holiday-house-last-minute-ulcinj-ulqini-montenegro-of-7e-bed\/\" target=\"_blank\" rel=\"noopener\">Si vous comptez vous rendre au Mont\u00e9n\u00e9gro par les airs, sachez qu\u2019un billet d\u2019avion co\u00fbte entre 230\u20ac A\/R en hiver et 350\u20ac pour la saison estivale, sachant que le seule compagnie qui dessert le Mont\u00e9n\u00e9gro est Mont\u00e9n\u00e9gro Airlines.<\/a><\/p>\n<p><a href=\"http:\/\/www.visit-ulcinj.com\/apartments-in-ulcinj\/holiday-house-last-minute-ulcinj-ulqini-montenegro-of-7e-bed\/\" target=\"_blank\" rel=\"noopener\"><strong>Plus d\u2019informations sur<\/strong><strong> MONTENEGRO AIRLINES<\/strong><\/a><\/p>\n\n\t\t<style type=\"text\/css\">\n\t\t\t#gallery-1 {\n\t\t\t\tmargin: auto;\n\t\t\t}\n\t\t\t#gallery-1 .gallery-item {\n\t\t\t\tfloat: left;\n\t\t\t\tmargin-top: 10px;\n\t\t\t\ttext-align: center;\n\t\t\t\twidth: 33%;\n\t\t\t}\n\t\t\t#gallery-1 img {\n\t\t\t\tborder: 2px solid #cfcfcf;\n\t\t\t}\n\t\t\t#gallery-1 .gallery-caption {\n\t\t\t\tmargin-left: 0;\n\t\t\t}\n\t\t\t\/* see gallery_shortcode() in wp-includes\/media.php *\/\n\t\t<\/style>\n\t\t<div id='gallery-1' class='gallery galleryid-23084 gallery-columns-3 gallery-size-thumbnail'><dl class='gallery-item'>\n\t\t\t<dt class='gallery-icon '>\n\t\t\t\t<a href='https:\/\/www.visit-ulcinj.com\/blog\/wp-content\/uploads\/2009\/06\/Grande-plage-de-Ulcinj_Mont\u00c3\u00a9n\u00c3\u00a9gro.jpg'><img width=\"1\" height=\"1\" src=\"https:\/\/www.visit-ulcinj.com\/blog\/wp-content\/uploads\/2009\/06\/Grande-plage-de-Ulcinj_Mont\u00c3\u00a9n\u00c3\u00a9gro.jpg\" class=\"attachment-thumbnail size-thumbnail\" alt=\"\" loading=\"lazy\" \/><\/a>\n\t\t\t<\/dt><\/dl><dl class='gallery-item'>\n\t\t\t<dt class='gallery-icon '>\n\t\t\t\t<a href='https:\/\/www.visit-ulcinj.com\/blog\/wp-content\/uploads\/2009\/06\/Grande-plage-de-Ulcinj_Mont\u00c3\u00a9n\u00c3\u00a9gro.3.jpg'><img width=\"1\" height=\"1\" src=\"https:\/\/www.visit-ulcinj.com\/blog\/wp-content\/uploads\/2009\/06\/Grande-plage-de-Ulcinj_Mont\u00c3\u00a9n\u00c3\u00a9gro.3.jpg\" class=\"attachment-thumbnail size-thumbnail\" alt=\"\" loading=\"lazy\" \/><\/a>\n\t\t\t<\/dt><\/dl><dl class='gallery-item'>\n\t\t\t<dt class='gallery-icon '>\n\t\t\t\t<a href='https:\/\/www.visit-ulcinj.com\/blog\/wp-content\/uploads\/2009\/06\/Grande-plage-de-Ulcinj_Mont\u00c3\u00a9n\u00c3\u00a9gro.4.jpg'><img width=\"1\" height=\"1\" src=\"https:\/\/www.visit-ulcinj.com\/blog\/wp-content\/uploads\/2009\/06\/Grande-plage-de-Ulcinj_Mont\u00c3\u00a9n\u00c3\u00a9gro.4.jpg\" class=\"attachment-thumbnail size-thumbnail\" alt=\"\" loading=\"lazy\" \/><\/a>\n\t\t\t<\/dt><\/dl><br style=\"clear: both\" \/><dl class='gallery-item'>\n\t\t\t<dt class='gallery-icon landscape'>\n\t\t\t\t<a href='https:\/\/www.visit-ulcinj.com\/blog\/wp-content\/uploads\/2009\/06\/Buvda_montenegro.jpg'><img width=\"150\" height=\"150\" src=\"https:\/\/www.visit-ulcinj.com\/blog\/wp-content\/uploads\/2009\/06\/Buvda_montenegro-150x150.jpg\" class=\"attachment-thumbnail size-thumbnail\" alt=\"\" loading=\"lazy\" \/><\/a>\n\t\t\t<\/dt><\/dl><dl class='gallery-item'>\n\t\t\t<dt class='gallery-icon landscape'>\n\t\t\t\t<a href='https:\/\/www.visit-ulcinj.com\/blog\/wp-content\/uploads\/2009\/06\/montenegro-maps1.jpg'><img width=\"150\" height=\"150\" src=\"https:\/\/www.visit-ulcinj.com\/blog\/wp-content\/uploads\/2009\/06\/montenegro-maps1-150x150.jpg\" class=\"attachment-thumbnail size-thumbnail\" alt=\"\" loading=\"lazy\" \/><\/a>\n\t\t\t<\/dt><\/dl><dl class='gallery-item'>\n\t\t\t<dt class='gallery-icon landscape'>\n\t\t\t\t<a href='https:\/\/www.visit-ulcinj.com\/blog\/wp-content\/uploads\/2009\/06\/Holiday-House-in-Ulcinj-Montenegro4.jpg'><img width=\"150\" height=\"150\" src=\"https:\/\/www.visit-ulcinj.com\/blog\/wp-content\/uploads\/2009\/06\/Holiday-House-in-Ulcinj-Montenegro4-150x150.jpg\" class=\"attachment-thumbnail size-thumbnail\" alt=\"\" loading=\"lazy\" \/><\/a>\n\t\t\t<\/dt><\/dl><br style=\"clear: both\" \/><dl class='gallery-item'>\n\t\t\t<dt class='gallery-icon landscape'>\n\t\t\t\t<a href='https:\/\/www.visit-ulcinj.com\/blog\/wp-content\/uploads\/2009\/06\/holiday-house-35.jpg'><img width=\"150\" height=\"150\" src=\"https:\/\/www.visit-ulcinj.com\/blog\/wp-content\/uploads\/2009\/06\/holiday-house-35-150x150.jpg\" class=\"attachment-thumbnail size-thumbnail\" alt=\"\" loading=\"lazy\" \/><\/a>\n\t\t\t<\/dt><\/dl><dl class='gallery-item'>\n\t\t\t<dt class='gallery-icon landscape'>\n\t\t\t\t<a href='https:\/\/www.visit-ulcinj.com\/blog\/wp-content\/uploads\/2009\/06\/holiday-house-23.jpg'><img width=\"150\" height=\"150\" src=\"https:\/\/www.visit-ulcinj.com\/blog\/wp-content\/uploads\/2009\/06\/holiday-house-23-150x150.jpg\" class=\"attachment-thumbnail size-thumbnail\" alt=\"\" loading=\"lazy\" \/><\/a>\n\t\t\t<\/dt><\/dl>\n\t\t\t<br style='clear: both' \/>\n\t\t<\/div>\n\n<p><strong><!--YouTube Error: bad URL entered--><br \/>\n<\/strong><\/p>\n<p><strong> Link: <a href=\"http:\/\/www.visit-ulcinj.com\" target=\"_blank\" rel=\"noopener\">http:\/\/www.visit-ulcinj.com<\/a><\/strong><br \/>\n<a title=\"Accommodation Holiday House in Ulcinj-Montenegro,from 7\u20ac pers\" href=\"http:\/\/www.visit-ulcinj.com\/\" target=\"_blank\" rel=\"noopener\"><img loading=\"lazy\" class=\"alignleft size-full wp-image-22793\" title=\"Travel, Ulcinj, Vacation,chambres \u00e0 louer \u00e0 ulcinj, location de vacance, location saisonni\u00e8res, louer villa,location de vacance, Locations vacance, h\u00e9bergements vacances, locations villa, logements de vacances, location maison avec piscine, Location vacance, locations de vacance, h\u00e9bergements de vacances, location villa, locations entre particulier, logements vacance, vacances \u00e0 Mont\u00e9n\u00e9gro - location \u00e0 Ulcinj ,location de bigorre,A Aarau, Abtwil, Adelboden, Aeschi, Aeschlen, Aigle, Airolo, Albinen, Alpnachstad, Altst\u00e4tten, Amsteg, Andermatt, Appenzell, Arosa, Ascona, Ausserberg, Avenches, Avry devant Pont, B Bad Ragaz, Bad-Schwarzsee, Baden, Bazel, Beatenberg, Beckenried, Bedretto, Bellinzona, Belmont-sur-Lausanne, Berg\u00fcn, Berikon, Bern, Bettmeralp, Bevaix, Bevers, Biasca, Biel, Binningen, Birsfelden, Bissone, Bivio, Blatten, Boltigen, Bonaduz, Boudevilliers, Bourg-Saint-Pierre, Brienz, Brig, Brissago, Brunnen, B\u00fclach, Bulle, Buochs, Burgdorf, Busingen am Hochrhein, Bussigny, C Cadro, Carona, Carouge, Caslano, Caux, Celerina, Cergnat, Cham, Champ\u00e9ry, Champex, Champoussin, Charmey, Ch\u00e2teau-d?Oex, Chavannes-de-Bogis, Cheseaux, Chexbres, Chur, Cinuos-Chel, Cointrin, Conters, Cortaillod, Cossonay, Crans-Montana, Cr\u00e9suz, Cudrefin, D D\u00e4llikon, Davos Dorf, Davos Platz, Diegten, Dietikon, Disentis, Dornach, D\u00fcbendorf, Duggingen, E Ebikon, Egerkingen, Eglisau, Elgg, Emmenbr\u00fccke, Engelberg, Eptingen, Erstfeld, Eschenz, F Fanas, Faulensee, Fiesch, Flims, Flims Waldhaus, Fluelen, Fl\u00fceli, Fl\u00fchli, Flumserberg, Frauenfeld, Fribourg, Frutigen, Ftan, G Geneve, Geroldswil, Gerzensee, Giswil, Glattbrugg, Glion, Goldiwil, Goldswil, G\u00f6schenen, Gottlieben, Gr\u00e4chen, Grenchen, Grimentz, Grindelwald, Gr\u00fcsch, Gruy\u00e8res, Gstaad, Gsteigwiler, Guarda, Gundlischwand, Gunten, H Habkern, Hausernmoos Bern, Heiden, Heiligenschwendi, Hergiswil, Hilterfingen, Holderbank, Horgen, Horn, Horw, H\u00fcnibach, Hurden, I Interlaken, Iseltwald, K Kandersteg, Kastanienbaum, Kiental, Klosters Dorf, Klosters Platz, Klosters Serneus, Kloten, Konolfingen, Kreuzlingen, Kriens, K\u00fcblis, K\u00fcsnacht, L L'Etivaz, La Chaux-de-Fonds, La L\u00e9cherette, La Vue des Alpes, Langenthal, Langwies, Laufen, Lausanne, Lauterbrunnen, Lavorgo, Le Locle, Le Prese, Le Sentier, Leissigen, Lenk, Lenzburg, Lenzerheide, Les Brenets, Les Diablerets, Les Mar\u00e9cottes, Les Mosses, Leukerbad, Leysin, Liestal, Lisone, Littau, Locarno, Losone, Lugano, Lully, Lumino, Luterbach, Lutry, Luzern, M Maienfeld, Maloja, Malters, Martigny-Ville, Matten, Meggen, Meiringen, Mendrisio, Mergoscia, Merligen, Merlischachen, Minusio, Mollens, Monte Carasso, Mont\u00e9zillon, Montreux, Morges, Morgins, Mugena, Muntelier, M\u00fcrren, Murten, M\u00fcstair, Muttenz, N Naters, Neuch\u00e2tel, Nods, Nottwil, Nyon, O Oberhofen, Obermeilen, Oberwald, Oberwil, Oensingen, Olivone, Olten, Opfikon, Origlio, P Perlen, Pf\u00e4ffikon, Pf\u00e4ffikon, Piotta, Plan-les-Ouates, Ponte Tresa, Pontresina, Portalban- Dessous, Porto Ronco, Pragg-Jenaz, Pura, Q Quartino, R Ramsen, Rapperswil, Reckingen, Regensdorf, Rheinfelden, Riederalp, Rigi Kaltbad, Ringgenberg, Rodi, Rohr, Romainm\u00f4tier, Romanel, Ronchini, Ronco, Rorschacherberg, Rothenburg, Rovio, R\u00fcmlang, R\u00fcschlikon, S Saanen, Saanenm\u00f6ser, Saas-Almagel, Saas-Fee, Saas-Grund, Sachseln, Saillon, Saint-Blaise, Saint-Sulpice, Samedan, Samnaun, San Bernardino, Sankt Gallen, Santa Maria, Sant?Antonio, Sargans, Sarnen, Savognin, Scanfs, Schaffhausen, Schangnau, Schlieren, Sch\u00f6nenwerd, Sch\u00f6nried, Schwefelbergbad, Scuol, Sedrun, Segl-Maria, Sent, Sessa, Sierre, Silvaplana, Sion, Solothurn, S\u00f6renberg, Speicher, Spiez, Spreitenbach, St. Moritz, Stans, Stein am Rhein, Stettlen, Stoos, Suhr, Sursee, T Tarasp, T\u00e4sch, Tegna, Thalwil, Thun, Thusis, Tschierv, Twann, U Uetliberg, Unter\u00e4geri, Unteriberg, Unterwasser, V Vacallo, Val d?Illiez, Vercorin, Versoix, Vevey, Villars-sur-Ollon, Visp, Vitznau, Vulpera, W Wallisellen, Walzenhausen, Wangen an der Aare, Weesen, Weggis, Weissbad, Wengen, Wetzikon, Widnau, Wiesen, Wilderswil, Wildhaus, Winterthur, Y Yverdon, Z Zermatt, Zernez, Zillis, Zug, Zuoz, Z\u00fcrich, Zurzach, Zweisimmen ,\" src=\"http:\/\/www.visit-ulcinj.com\/blog\/wp-content\/uploads\/2009\/06\/ulcinj-info_holiday-in-montenegro.png\" alt=\"ulcinj-info_holiday-in-montenegro,Simply, travel, Ulcinj,Ulqin,Long Beach,ada bojana, Holidays in montenegro, apartments, cottages, hotels, accommodation, information, maps, holiday, tour operators, car hire, winter,travel, holiday in ulcinj, book, flights in montenegro, booking ulcinj montenegro,holiday apartments in montenegro,beaches in montenegro,all inclusive montenegro,montenegro adriatic sea,Apartmani, Appartements, booking, buy, car, Cobi House, Estate, hire, holiday, Home, Hotel, House, Land, last minute, Montenegro, Plots, Properties, Property, Real, Realtor, rent, rental, room, Travel, Ulcinj, Ulqini, Vacation, \" width=\"580\" height=\"125\" \/><\/a><\/p>\n<div><!-- vimeo error: not a vimeo video --><\/div>\n","protected":false},"excerpt":{"rendered":"<p>Mobil: Viber + Whatsapp: +382 69 335 534\u00a0 : +382 69 335 512 L&#8217;\u00e9t\u00e9, pour les Suisses comme pour tous les Europ\u00e9ens, c&#8217;est avant tout la plage, le soleil, la mer. Crise oblige, cette ann\u00e9e il s&#8217;agit de trouver des rivages o\u00f9 l\u00e9zarder sans se ruiner. Pourquoi ne pas tenter des destinations moins traditionnelles que [&hellip;]<\/p>\n","protected":false},"author":1,"featured_media":0,"comment_status":"open","ping_status":"closed","sticky":false,"template":"","format":"standard","meta":{"spay_email":"","jetpack_publicize_message":"","jetpack_is_tweetstorm":false,"jetpack_publicize_feature_enabled":true},"categories":[7679],"tags":[8804,8811,11329,8809,4056,4050,4061,4046,4053,4047,4054,4055,8808,8805,4058,4049,8801,4052,4059,4048,8803,8800,1096,19,8802,4060,8807,8806],"jetpack_publicize_connections":[],"yoast_head":"<!-- This site is optimized with the Yoast SEO plugin v19.1 - https:\/\/yoast.com\/wordpress\/plugins\/seo\/ -->\n<title>Vacances au Ulcinj - Mont\u00e9n\u00e9gro le moins cher..d\u00e9s 7\u20ac - Lajme nga Ulqini<\/title>\n<meta name=\"description\" content=\"Mobil: Viber + Whatsapp: +382 69 335 534\u00a0 : +382 69 335 512 L&#039;\u00e9t\u00e9, pour les Suisses comme pour tous les Europ\u00e9ens, c&#039;est avant tout la plage, le soleil,\" \/>\n<meta name=\"robots\" content=\"index, follow, max-snippet:-1, max-image-preview:large, max-video-preview:-1\" \/>\n<link rel=\"canonical\" href=\"https:\/\/www.visit-ulcinj.com\/blog\/2009\/06\/22\/vacances-au-ulcinj-montenegro-le-moins-cher\/\" \/>\n<meta property=\"og:locale\" content=\"en_US\" \/>\n<meta property=\"og:type\" content=\"article\" \/>\n<meta property=\"og:title\" content=\"Vacances au Ulcinj - Mont\u00e9n\u00e9gro le moins cher..d\u00e9s 7\u20ac - Lajme nga Ulqini\" \/>\n<meta property=\"og:description\" content=\"Mobil: Viber + Whatsapp: +382 69 335 534\u00a0 : +382 69 335 512 L&#039;\u00e9t\u00e9, pour les Suisses comme pour tous les Europ\u00e9ens, c&#039;est avant tout la plage, le soleil,\" \/>\n<meta property=\"og:url\" content=\"https:\/\/www.visit-ulcinj.com\/blog\/2009\/06\/22\/vacances-au-ulcinj-montenegro-le-moins-cher\/\" \/>\n<meta property=\"og:site_name\" content=\"Lajme nga Ulqini\" \/>\n<meta property=\"article:published_time\" content=\"2009-06-22T08:28:36+00:00\" \/>\n<meta property=\"article:modified_time\" content=\"2023-04-01T12:54:02+00:00\" \/>\n<meta property=\"og:image\" content=\"http:\/\/www.visit-ulcinj.com\/blog\/wp-content\/uploads\/2009\/06\/Grande-plage-de-Ulcinj_Mont\u00c3\u00a9n\u00c3\u00a9gro.jpg\" \/>\n<meta name=\"twitter:label1\" content=\"Written by\" \/>\n\t<meta name=\"twitter:data1\" content=\"ulqini\" \/>\n\t<meta name=\"twitter:label2\" content=\"Est. reading time\" \/>\n\t<meta name=\"twitter:data2\" content=\"2 minutes\" \/>\n<script type=\"application\/ld+json\" class=\"yoast-schema-graph\">{\"@context\":\"https:\/\/schema.org\",\"@graph\":[{\"@type\":\"WebSite\",\"@id\":\"https:\/\/www.visit-ulcinj.com\/blog\/#website\",\"url\":\"https:\/\/www.visit-ulcinj.com\/blog\/\",\"name\":\"Lajme nga Ulqini\",\"description\":\"Lajme,Vijesti,Ulqini,Ulqin,Crna Gora,Mali i Zi\",\"potentialAction\":[{\"@type\":\"SearchAction\",\"target\":{\"@type\":\"EntryPoint\",\"urlTemplate\":\"https:\/\/www.visit-ulcinj.com\/blog\/?s={search_term_string}\"},\"query-input\":\"required name=search_term_string\"}],\"inLanguage\":\"en-US\"},{\"@type\":\"ImageObject\",\"inLanguage\":\"en-US\",\"@id\":\"https:\/\/www.visit-ulcinj.com\/blog\/2009\/06\/22\/vacances-au-ulcinj-montenegro-le-moins-cher\/#primaryimage\",\"url\":\"http:\/\/www.visit-ulcinj.com\/blog\/wp-content\/uploads\/2009\/06\/Grande-plage-de-Ulcinj_Mont%C3%83%C2%A9n%C3%83%C2%A9gro.jpg\",\"contentUrl\":\"http:\/\/www.visit-ulcinj.com\/blog\/wp-content\/uploads\/2009\/06\/Grande-plage-de-Ulcinj_Mont%C3%83%C2%A9n%C3%83%C2%A9gro.jpg\"},{\"@type\":\"WebPage\",\"@id\":\"https:\/\/www.visit-ulcinj.com\/blog\/2009\/06\/22\/vacances-au-ulcinj-montenegro-le-moins-cher\/#webpage\",\"url\":\"https:\/\/www.visit-ulcinj.com\/blog\/2009\/06\/22\/vacances-au-ulcinj-montenegro-le-moins-cher\/\",\"name\":\"Vacances au Ulcinj - Mont\u00e9n\u00e9gro le moins cher..d\u00e9s 7\u20ac - Lajme nga Ulqini\",\"isPartOf\":{\"@id\":\"https:\/\/www.visit-ulcinj.com\/blog\/#website\"},\"primaryImageOfPage\":{\"@id\":\"https:\/\/www.visit-ulcinj.com\/blog\/2009\/06\/22\/vacances-au-ulcinj-montenegro-le-moins-cher\/#primaryimage\"},\"datePublished\":\"2009-06-22T08:28:36+00:00\",\"dateModified\":\"2023-04-01T12:54:02+00:00\",\"author\":{\"@id\":\"https:\/\/www.visit-ulcinj.com\/blog\/#\/schema\/person\/dcab619c614d3038751c63bc2aadc06d\"},\"description\":\"Mobil: Viber + Whatsapp: +382 69 335 534\u00a0 : +382 69 335 512 L'\u00e9t\u00e9, pour les Suisses comme pour tous les Europ\u00e9ens, c'est avant tout la plage, le soleil,\",\"breadcrumb\":{\"@id\":\"https:\/\/www.visit-ulcinj.com\/blog\/2009\/06\/22\/vacances-au-ulcinj-montenegro-le-moins-cher\/#breadcrumb\"},\"inLanguage\":\"en-US\",\"potentialAction\":[{\"@type\":\"ReadAction\",\"target\":[\"https:\/\/www.visit-ulcinj.com\/blog\/2009\/06\/22\/vacances-au-ulcinj-montenegro-le-moins-cher\/\"]}]},{\"@type\":\"BreadcrumbList\",\"@id\":\"https:\/\/www.visit-ulcinj.com\/blog\/2009\/06\/22\/vacances-au-ulcinj-montenegro-le-moins-cher\/#breadcrumb\",\"itemListElement\":[{\"@type\":\"ListItem\",\"position\":1,\"name\":\"Vacances au Ulcinj &#8211; Mont\u00e9n\u00e9gro le moins cher..d\u00e9s 7\u20ac\"}]},{\"@type\":\"Person\",\"@id\":\"https:\/\/www.visit-ulcinj.com\/blog\/#\/schema\/person\/dcab619c614d3038751c63bc2aadc06d\",\"name\":\"ulqini\",\"sameAs\":[\"http:\/\/www.visit-ulcinj.com\"],\"url\":\"https:\/\/www.visit-ulcinj.com\/blog\/author\/admin\/\"}]}<\/script>\n<!-- \/ Yoast SEO plugin. -->","yoast_head_json":{"title":"Vacances au Ulcinj - Mont\u00e9n\u00e9gro le moins cher..d\u00e9s 7\u20ac - Lajme nga Ulqini","description":"Mobil: Viber + Whatsapp: +382 69 335 534\u00a0 : +382 69 335 512 L'\u00e9t\u00e9, pour les Suisses comme pour tous les Europ\u00e9ens, c'est avant tout la plage, le soleil,","robots":{"index":"index","follow":"follow","max-snippet":"max-snippet:-1","max-image-preview":"max-image-preview:large","max-video-preview":"max-video-preview:-1"},"canonical":"https:\/\/www.visit-ulcinj.com\/blog\/2009\/06\/22\/vacances-au-ulcinj-montenegro-le-moins-cher\/","og_locale":"en_US","og_type":"article","og_title":"Vacances au Ulcinj - Mont\u00e9n\u00e9gro le moins cher..d\u00e9s 7\u20ac - Lajme nga Ulqini","og_description":"Mobil: Viber + Whatsapp: +382 69 335 534\u00a0 : +382 69 335 512 L'\u00e9t\u00e9, pour les Suisses comme pour tous les Europ\u00e9ens, c'est avant tout la plage, le soleil,","og_url":"https:\/\/www.visit-ulcinj.com\/blog\/2009\/06\/22\/vacances-au-ulcinj-montenegro-le-moins-cher\/","og_site_name":"Lajme nga Ulqini","article_published_time":"2009-06-22T08:28:36+00:00","article_modified_time":"2023-04-01T12:54:02+00:00","og_image":[{"url":"http:\/\/www.visit-ulcinj.com\/blog\/wp-content\/uploads\/2009\/06\/Grande-plage-de-Ulcinj_Mont\u00c3\u00a9n\u00c3\u00a9gro.jpg"}],"twitter_misc":{"Written by":"ulqini","Est. reading time":"2 minutes"},"schema":{"@context":"https:\/\/schema.org","@graph":[{"@type":"WebSite","@id":"https:\/\/www.visit-ulcinj.com\/blog\/#website","url":"https:\/\/www.visit-ulcinj.com\/blog\/","name":"Lajme nga Ulqini","description":"Lajme,Vijesti,Ulqini,Ulqin,Crna Gora,Mali i Zi","potentialAction":[{"@type":"SearchAction","target":{"@type":"EntryPoint","urlTemplate":"https:\/\/www.visit-ulcinj.com\/blog\/?s={search_term_string}"},"query-input":"required name=search_term_string"}],"inLanguage":"en-US"},{"@type":"ImageObject","inLanguage":"en-US","@id":"https:\/\/www.visit-ulcinj.com\/blog\/2009\/06\/22\/vacances-au-ulcinj-montenegro-le-moins-cher\/#primaryimage","url":"http:\/\/www.visit-ulcinj.com\/blog\/wp-content\/uploads\/2009\/06\/Grande-plage-de-Ulcinj_Mont%C3%83%C2%A9n%C3%83%C2%A9gro.jpg","contentUrl":"http:\/\/www.visit-ulcinj.com\/blog\/wp-content\/uploads\/2009\/06\/Grande-plage-de-Ulcinj_Mont%C3%83%C2%A9n%C3%83%C2%A9gro.jpg"},{"@type":"WebPage","@id":"https:\/\/www.visit-ulcinj.com\/blog\/2009\/06\/22\/vacances-au-ulcinj-montenegro-le-moins-cher\/#webpage","url":"https:\/\/www.visit-ulcinj.com\/blog\/2009\/06\/22\/vacances-au-ulcinj-montenegro-le-moins-cher\/","name":"Vacances au Ulcinj - Mont\u00e9n\u00e9gro le moins cher..d\u00e9s 7\u20ac - Lajme nga Ulqini","isPartOf":{"@id":"https:\/\/www.visit-ulcinj.com\/blog\/#website"},"primaryImageOfPage":{"@id":"https:\/\/www.visit-ulcinj.com\/blog\/2009\/06\/22\/vacances-au-ulcinj-montenegro-le-moins-cher\/#primaryimage"},"datePublished":"2009-06-22T08:28:36+00:00","dateModified":"2023-04-01T12:54:02+00:00","author":{"@id":"https:\/\/www.visit-ulcinj.com\/blog\/#\/schema\/person\/dcab619c614d3038751c63bc2aadc06d"},"description":"Mobil: Viber + Whatsapp: +382 69 335 534\u00a0 : +382 69 335 512 L'\u00e9t\u00e9, pour les Suisses comme pour tous les Europ\u00e9ens, c'est avant tout la plage, le soleil,","breadcrumb":{"@id":"https:\/\/www.visit-ulcinj.com\/blog\/2009\/06\/22\/vacances-au-ulcinj-montenegro-le-moins-cher\/#breadcrumb"},"inLanguage":"en-US","potentialAction":[{"@type":"ReadAction","target":["https:\/\/www.visit-ulcinj.com\/blog\/2009\/06\/22\/vacances-au-ulcinj-montenegro-le-moins-cher\/"]}]},{"@type":"BreadcrumbList","@id":"https:\/\/www.visit-ulcinj.com\/blog\/2009\/06\/22\/vacances-au-ulcinj-montenegro-le-moins-cher\/#breadcrumb","itemListElement":[{"@type":"ListItem","position":1,"name":"Vacances au Ulcinj &#8211; Mont\u00e9n\u00e9gro le moins cher..d\u00e9s 7\u20ac"}]},{"@type":"Person","@id":"https:\/\/www.visit-ulcinj.com\/blog\/#\/schema\/person\/dcab619c614d3038751c63bc2aadc06d","name":"ulqini","sameAs":["http:\/\/www.visit-ulcinj.com"],"url":"https:\/\/www.visit-ulcinj.com\/blog\/author\/admin\/"}]}},"jetpack_featured_media_url":"","jetpack_sharing_enabled":true,"jetpack_shortlink":"https:\/\/wp.me\/pe6lTn-60k","_links":{"self":[{"href":"https:\/\/www.visit-ulcinj.com\/blog\/wp-json\/wp\/v2\/posts\/23084"}],"collection":[{"href":"https:\/\/www.visit-ulcinj.com\/blog\/wp-json\/wp\/v2\/posts"}],"about":[{"href":"https:\/\/www.visit-ulcinj.com\/blog\/wp-json\/wp\/v2\/types\/post"}],"author":[{"embeddable":true,"href":"https:\/\/www.visit-ulcinj.com\/blog\/wp-json\/wp\/v2\/users\/1"}],"replies":[{"embeddable":true,"href":"https:\/\/www.visit-ulcinj.com\/blog\/wp-json\/wp\/v2\/comments?post=23084"}],"version-history":[{"count":14,"href":"https:\/\/www.visit-ulcinj.com\/blog\/wp-json\/wp\/v2\/posts\/23084\/revisions"}],"predecessor-version":[{"id":106925,"href":"https:\/\/www.visit-ulcinj.com\/blog\/wp-json\/wp\/v2\/posts\/23084\/revisions\/106925"}],"wp:attachment":[{"href":"https:\/\/www.visit-ulcinj.com\/blog\/wp-json\/wp\/v2\/media?parent=23084"}],"wp:term":[{"taxonomy":"category","embeddable":true,"href":"https:\/\/www.visit-ulcinj.com\/blog\/wp-json\/wp\/v2\/categories?post=23084"},{"taxonomy":"post_tag","embeddable":true,"href":"https:\/\/www.visit-ulcinj.com\/blog\/wp-json\/wp\/v2\/tags?post=23084"}],"curies":[{"name":"wp","href":"https:\/\/api.w.org\/{rel}","templated":true}]}}