{"id":2310,"date":"2008-08-09T08:24:44","date_gmt":"2008-08-09T13:24:44","guid":{"rendered":"http:\/\/www.visit-ulcinj.com\/blog\/?p=2310"},"modified":"2008-08-11T01:21:09","modified_gmt":"2008-08-11T06:21:09","slug":"me-rastin-e-dites-nderkombetare-te-te-rinjveforca-rinore-organizon","status":"publish","type":"post","link":"https:\/\/www.visit-ulcinj.com\/blog\/2008\/08\/09\/me-rastin-e-dites-nderkombetare-te-te-rinjveforca-rinore-organizon\/","title":{"rendered":"Me rastin e dit\u00ebs nd\u00ebrkomb\u00ebtare t\u00eb t\u00eb rinjve,Forca rinore organizon"},"content":{"rendered":"<p><a href=\"http:\/\/www.visit-ulcinj.com\/blog\/wp-content\/uploads\/2008\/08\/forcarinore1.jpg\"><img loading=\"lazy\" class=\"size-medium wp-image-2312 alignleft\" title=\"forcarinore1\" src=\"http:\/\/www.visit-ulcinj.com\/blog\/wp-content\/uploads\/2008\/08\/forcarinore1-300x213.jpg\" alt=\"Koncert n\u00eb Tuz\u00eb\" width=\"300\" height=\"213\" \/><\/a><\/p>\n<p><strong> International Youth Day 2008<\/strong><\/p>\n<p><strong>Dita nd\u00ebrkomtare e t\u00eb rinjve 2008<\/strong><\/p>\n<p><strong>HYRJA GRATIS<\/strong><\/p>\n<p><strong>TUZ\u00cb 2008<\/strong><\/p>\n<p>Me rastin e dit\u00ebs nd\u00ebrkomb\u00ebtare t\u00eb t\u00eb rinjve, k\u00ebt\u00eb vit Forca do filloj\u00eb me kremtimin k\u00ebsaj dite n\u00eb Tuz.<br \/>\nKemi p\u00ebrgatitur nj\u00eb Koncert p\u00ebr t\u00eb rinj n\u00eb lokalin \u201cCavalieri\u201d me yjet e muzik\u00ebs arg\u00ebtuese ku do marrin pjes\u00eb:<br \/>\nProdukt 28, Amanda, Cani dhe DJ Mani. Koncerti do filloje ne ora 21:00.<a href=\"http:\/\/www.visit-ulcinj.com\/blog\/wp-content\/uploads\/2008\/08\/forca.bmp\"><img class=\"alignright size-full wp-image-2329\" title=\"forca\" src=\"http:\/\/www.visit-ulcinj.com\/blog\/wp-content\/uploads\/2008\/08\/forca.bmp\" alt=\"\" \/><\/a><br \/>\n<strong>Jeni t\u00eb mir\u00ebseardhur<\/strong><\/p>\n<p><strong>Sponsor Gjeneral dhe Organizator.<\/strong><\/p>\n<p><strong>Forca e Re Demokratike<\/strong><\/p>\n","protected":false},"excerpt":{"rendered":"<p><img loading=\"lazy\" class=\"size-medium wp-image-2312\" title=\"forcarinore1\" src=\"http:\/\/www.visit-ulcinj.com\/blog\/wp-content\/uploads\/2008\/08\/forcarinore1-300x213.jpg\" alt=\"Koncert n\u00eb Tuz\u00eb\" width=\"140\" height=\"140\" \/><\/p>\n","protected":false},"author":1,"featured_media":0,"comment_status":"open","ping_status":"closed","sticky":false,"template":"","format":"standard","meta":{"spay_email":"","jetpack_publicize_message":"","jetpack_is_tweetstorm":false,"jetpack_publicize_feature_enabled":true},"categories":[12],"tags":[3368,3970,1122,1120,1945,3325,3541,2093,3542,3351,138,2364,2387,2288,3344,2289,3362,2227,2228,3365,2862,2229,2230,3338,3340,2233,2235,2236,2237,2240,2243,2244,2357,2290,3539,3540,2391,2105,3426,20,2381,2388,2291,2326,2319,2246,2343,2247,2390,2248,2322,2293,2249,45,2338,2294,3543,2250,2295,2328,2296,2321,2323,2297,2252,3967,2253,3345,3544,1499,2344,2255,2254,3546,3545,3547,3424,3428,2257,3363,2318,2324,2260,3339,2261,2325,2299,2262,3348,2298,2346,1648,3358,2300,2327,3548,194,4266,2267,49,2268,3324,3330,3331,3367,2345,2270,3549,3346,2329,3327,2356,2347,2330,2301,3550,3551,3603,3552,3350,3553,2392,2271,95,2302,2331,2348,2386,51,2355,2389,2303,2332,3349,2272,79,3606,3429,3423,1716,2273,3969,2277,3323,3334,3353,2279,2333,2359,3347,3554,2349,3602,3555,3556,3356,3342,2304,2360,3336,2378,2385,92,2305,2361,3335,2354,3352,3557,2306,2334,2335,2307,3341,3558,3604,2308,2196,3361,2379,2280,2281,3366,242,2320,2309,2377,2350,2602,2605,4276,2606,2603,50,2311,2336,2310,3605,2312,1503,3328,3343,3559,3357,2195,2285,2286,3359,3560,2351,3354,3369,3563,2352,1502,2313,2337,3968,3427,3564,3565,2450,201,3316,2380,19,2384,200,3425,18,4277,3332,3329,2353,3566,3567,3569,2339,2314,3568,3570,3322,3333,3364,3360,2340,2315,2382,2383,1721,2207,3337,2274,2275,3355,2341,2316,2342,2317,2276,3326,3561,3562,3572,3571],"jetpack_publicize_connections":[],"yoast_head":"<!-- This site is optimized with the Yoast SEO plugin v19.1 - https:\/\/yoast.com\/wordpress\/plugins\/seo\/ -->\n<title>Me rastin e dit\u00ebs nd\u00ebrkomb\u00ebtare t\u00eb t\u00eb rinjve,Forca rinore organizon - Lajme nga Ulqini<\/title>\n<meta name=\"robots\" content=\"index, follow, max-snippet:-1, max-image-preview:large, max-video-preview:-1\" \/>\n<link rel=\"canonical\" href=\"https:\/\/www.visit-ulcinj.com\/blog\/2008\/08\/09\/me-rastin-e-dites-nderkombetare-te-te-rinjveforca-rinore-organizon\/\" \/>\n<meta property=\"og:locale\" content=\"en_US\" \/>\n<meta property=\"og:type\" content=\"article\" \/>\n<meta property=\"og:title\" content=\"Me rastin e dit\u00ebs nd\u00ebrkomb\u00ebtare t\u00eb t\u00eb rinjve,Forca rinore organizon - Lajme nga Ulqini\" \/>\n<meta property=\"og:url\" content=\"https:\/\/www.visit-ulcinj.com\/blog\/2008\/08\/09\/me-rastin-e-dites-nderkombetare-te-te-rinjveforca-rinore-organizon\/\" \/>\n<meta property=\"og:site_name\" content=\"Lajme nga Ulqini\" \/>\n<meta property=\"article:published_time\" content=\"2008-08-09T13:24:44+00:00\" \/>\n<meta property=\"article:modified_time\" content=\"2008-08-11T06:21:09+00:00\" \/>\n<meta property=\"og:image\" content=\"http:\/\/www.visit-ulcinj.com\/blog\/wp-content\/uploads\/2008\/08\/forcarinore1-300x213.jpg\" \/>\n<meta name=\"twitter:label1\" content=\"Written by\" \/>\n\t<meta name=\"twitter:data1\" content=\"ulqini\" \/>\n<script type=\"application\/ld+json\" class=\"yoast-schema-graph\">{\"@context\":\"https:\/\/schema.org\",\"@graph\":[{\"@type\":\"WebSite\",\"@id\":\"https:\/\/www.visit-ulcinj.com\/blog\/#website\",\"url\":\"https:\/\/www.visit-ulcinj.com\/blog\/\",\"name\":\"Lajme nga Ulqini\",\"description\":\"Lajme,Vijesti,Ulqini,Ulqin,Crna Gora,Mali i Zi\",\"potentialAction\":[{\"@type\":\"SearchAction\",\"target\":{\"@type\":\"EntryPoint\",\"urlTemplate\":\"https:\/\/www.visit-ulcinj.com\/blog\/?s={search_term_string}\"},\"query-input\":\"required name=search_term_string\"}],\"inLanguage\":\"en-US\"},{\"@type\":\"ImageObject\",\"inLanguage\":\"en-US\",\"@id\":\"https:\/\/www.visit-ulcinj.com\/blog\/2008\/08\/09\/me-rastin-e-dites-nderkombetare-te-te-rinjveforca-rinore-organizon\/#primaryimage\",\"url\":\"http:\/\/www.visit-ulcinj.com\/blog\/wp-content\/uploads\/2008\/08\/forcarinore1-300x213.jpg\",\"contentUrl\":\"http:\/\/www.visit-ulcinj.com\/blog\/wp-content\/uploads\/2008\/08\/forcarinore1-300x213.jpg\"},{\"@type\":\"WebPage\",\"@id\":\"https:\/\/www.visit-ulcinj.com\/blog\/2008\/08\/09\/me-rastin-e-dites-nderkombetare-te-te-rinjveforca-rinore-organizon\/#webpage\",\"url\":\"https:\/\/www.visit-ulcinj.com\/blog\/2008\/08\/09\/me-rastin-e-dites-nderkombetare-te-te-rinjveforca-rinore-organizon\/\",\"name\":\"Me rastin e dit\u00ebs nd\u00ebrkomb\u00ebtare t\u00eb t\u00eb rinjve,Forca rinore organizon - Lajme nga Ulqini\",\"isPartOf\":{\"@id\":\"https:\/\/www.visit-ulcinj.com\/blog\/#website\"},\"primaryImageOfPage\":{\"@id\":\"https:\/\/www.visit-ulcinj.com\/blog\/2008\/08\/09\/me-rastin-e-dites-nderkombetare-te-te-rinjveforca-rinore-organizon\/#primaryimage\"},\"datePublished\":\"2008-08-09T13:24:44+00:00\",\"dateModified\":\"2008-08-11T06:21:09+00:00\",\"author\":{\"@id\":\"https:\/\/www.visit-ulcinj.com\/blog\/#\/schema\/person\/dcab619c614d3038751c63bc2aadc06d\"},\"breadcrumb\":{\"@id\":\"https:\/\/www.visit-ulcinj.com\/blog\/2008\/08\/09\/me-rastin-e-dites-nderkombetare-te-te-rinjveforca-rinore-organizon\/#breadcrumb\"},\"inLanguage\":\"en-US\",\"potentialAction\":[{\"@type\":\"ReadAction\",\"target\":[\"https:\/\/www.visit-ulcinj.com\/blog\/2008\/08\/09\/me-rastin-e-dites-nderkombetare-te-te-rinjveforca-rinore-organizon\/\"]}]},{\"@type\":\"BreadcrumbList\",\"@id\":\"https:\/\/www.visit-ulcinj.com\/blog\/2008\/08\/09\/me-rastin-e-dites-nderkombetare-te-te-rinjveforca-rinore-organizon\/#breadcrumb\",\"itemListElement\":[{\"@type\":\"ListItem\",\"position\":1,\"name\":\"Me rastin e dit\u00ebs nd\u00ebrkomb\u00ebtare t\u00eb t\u00eb rinjve,Forca rinore organizon\"}]},{\"@type\":\"Person\",\"@id\":\"https:\/\/www.visit-ulcinj.com\/blog\/#\/schema\/person\/dcab619c614d3038751c63bc2aadc06d\",\"name\":\"ulqini\",\"sameAs\":[\"http:\/\/www.visit-ulcinj.com\"],\"url\":\"https:\/\/www.visit-ulcinj.com\/blog\/author\/admin\/\"}]}<\/script>\n<!-- \/ Yoast SEO plugin. -->","yoast_head_json":{"title":"Me rastin e dit\u00ebs nd\u00ebrkomb\u00ebtare t\u00eb t\u00eb rinjve,Forca rinore organizon - Lajme nga Ulqini","robots":{"index":"index","follow":"follow","max-snippet":"max-snippet:-1","max-image-preview":"max-image-preview:large","max-video-preview":"max-video-preview:-1"},"canonical":"https:\/\/www.visit-ulcinj.com\/blog\/2008\/08\/09\/me-rastin-e-dites-nderkombetare-te-te-rinjveforca-rinore-organizon\/","og_locale":"en_US","og_type":"article","og_title":"Me rastin e dit\u00ebs nd\u00ebrkomb\u00ebtare t\u00eb t\u00eb rinjve,Forca rinore organizon - Lajme nga Ulqini","og_url":"https:\/\/www.visit-ulcinj.com\/blog\/2008\/08\/09\/me-rastin-e-dites-nderkombetare-te-te-rinjveforca-rinore-organizon\/","og_site_name":"Lajme nga Ulqini","article_published_time":"2008-08-09T13:24:44+00:00","article_modified_time":"2008-08-11T06:21:09+00:00","og_image":[{"url":"http:\/\/www.visit-ulcinj.com\/blog\/wp-content\/uploads\/2008\/08\/forcarinore1-300x213.jpg"}],"twitter_misc":{"Written by":"ulqini"},"schema":{"@context":"https:\/\/schema.org","@graph":[{"@type":"WebSite","@id":"https:\/\/www.visit-ulcinj.com\/blog\/#website","url":"https:\/\/www.visit-ulcinj.com\/blog\/","name":"Lajme nga Ulqini","description":"Lajme,Vijesti,Ulqini,Ulqin,Crna Gora,Mali i Zi","potentialAction":[{"@type":"SearchAction","target":{"@type":"EntryPoint","urlTemplate":"https:\/\/www.visit-ulcinj.com\/blog\/?s={search_term_string}"},"query-input":"required name=search_term_string"}],"inLanguage":"en-US"},{"@type":"ImageObject","inLanguage":"en-US","@id":"https:\/\/www.visit-ulcinj.com\/blog\/2008\/08\/09\/me-rastin-e-dites-nderkombetare-te-te-rinjveforca-rinore-organizon\/#primaryimage","url":"http:\/\/www.visit-ulcinj.com\/blog\/wp-content\/uploads\/2008\/08\/forcarinore1-300x213.jpg","contentUrl":"http:\/\/www.visit-ulcinj.com\/blog\/wp-content\/uploads\/2008\/08\/forcarinore1-300x213.jpg"},{"@type":"WebPage","@id":"https:\/\/www.visit-ulcinj.com\/blog\/2008\/08\/09\/me-rastin-e-dites-nderkombetare-te-te-rinjveforca-rinore-organizon\/#webpage","url":"https:\/\/www.visit-ulcinj.com\/blog\/2008\/08\/09\/me-rastin-e-dites-nderkombetare-te-te-rinjveforca-rinore-organizon\/","name":"Me rastin e dit\u00ebs nd\u00ebrkomb\u00ebtare t\u00eb t\u00eb rinjve,Forca rinore organizon - Lajme nga Ulqini","isPartOf":{"@id":"https:\/\/www.visit-ulcinj.com\/blog\/#website"},"primaryImageOfPage":{"@id":"https:\/\/www.visit-ulcinj.com\/blog\/2008\/08\/09\/me-rastin-e-dites-nderkombetare-te-te-rinjveforca-rinore-organizon\/#primaryimage"},"datePublished":"2008-08-09T13:24:44+00:00","dateModified":"2008-08-11T06:21:09+00:00","author":{"@id":"https:\/\/www.visit-ulcinj.com\/blog\/#\/schema\/person\/dcab619c614d3038751c63bc2aadc06d"},"breadcrumb":{"@id":"https:\/\/www.visit-ulcinj.com\/blog\/2008\/08\/09\/me-rastin-e-dites-nderkombetare-te-te-rinjveforca-rinore-organizon\/#breadcrumb"},"inLanguage":"en-US","potentialAction":[{"@type":"ReadAction","target":["https:\/\/www.visit-ulcinj.com\/blog\/2008\/08\/09\/me-rastin-e-dites-nderkombetare-te-te-rinjveforca-rinore-organizon\/"]}]},{"@type":"BreadcrumbList","@id":"https:\/\/www.visit-ulcinj.com\/blog\/2008\/08\/09\/me-rastin-e-dites-nderkombetare-te-te-rinjveforca-rinore-organizon\/#breadcrumb","itemListElement":[{"@type":"ListItem","position":1,"name":"Me rastin e dit\u00ebs nd\u00ebrkomb\u00ebtare t\u00eb t\u00eb rinjve,Forca rinore organizon"}]},{"@type":"Person","@id":"https:\/\/www.visit-ulcinj.com\/blog\/#\/schema\/person\/dcab619c614d3038751c63bc2aadc06d","name":"ulqini","sameAs":["http:\/\/www.visit-ulcinj.com"],"url":"https:\/\/www.visit-ulcinj.com\/blog\/author\/admin\/"}]}},"jetpack_featured_media_url":"","jetpack_sharing_enabled":true,"jetpack_shortlink":"https:\/\/wp.me\/pe6lTn-Bg","_links":{"self":[{"href":"https:\/\/www.visit-ulcinj.com\/blog\/wp-json\/wp\/v2\/posts\/2310"}],"collection":[{"href":"https:\/\/www.visit-ulcinj.com\/blog\/wp-json\/wp\/v2\/posts"}],"about":[{"href":"https:\/\/www.visit-ulcinj.com\/blog\/wp-json\/wp\/v2\/types\/post"}],"author":[{"embeddable":true,"href":"https:\/\/www.visit-ulcinj.com\/blog\/wp-json\/wp\/v2\/users\/1"}],"replies":[{"embeddable":true,"href":"https:\/\/www.visit-ulcinj.com\/blog\/wp-json\/wp\/v2\/comments?post=2310"}],"version-history":[{"count":0,"href":"https:\/\/www.visit-ulcinj.com\/blog\/wp-json\/wp\/v2\/posts\/2310\/revisions"}],"wp:attachment":[{"href":"https:\/\/www.visit-ulcinj.com\/blog\/wp-json\/wp\/v2\/media?parent=2310"}],"wp:term":[{"taxonomy":"category","embeddable":true,"href":"https:\/\/www.visit-ulcinj.com\/blog\/wp-json\/wp\/v2\/categories?post=2310"},{"taxonomy":"post_tag","embeddable":true,"href":"https:\/\/www.visit-ulcinj.com\/blog\/wp-json\/wp\/v2\/tags?post=2310"}],"curies":[{"name":"wp","href":"https:\/\/api.w.org\/{rel}","templated":true}]}}