{"id":23119,"date":"2009-06-22T12:31:11","date_gmt":"2009-06-22T10:31:11","guid":{"rendered":"http:\/\/www.visit-ulcinj.com\/blog\/?p=23119"},"modified":"2009-06-22T12:31:11","modified_gmt":"2009-06-22T10:31:11","slug":"nvo-i-intelektualace-iz-ulcinjapeticiju-podrzalo-oko-600-gradana","status":"publish","type":"post","link":"https:\/\/www.visit-ulcinj.com\/blog\/2009\/06\/22\/nvo-i-intelektualace-iz-ulcinjapeticiju-podrzalo-oko-600-gradana\/","title":{"rendered":"NVO i  intelektualace iz Ulcinja,Peticiju podr\u017ealo oko 600 gra?ana"},"content":{"rendered":"<p><a href=\"http:\/\/www.visit-ulcinj.com\/blog\/wp-content\/uploads\/2009\/06\/Peticija_NVO-i-intelektualace-iz-Ulcinja.JPG\"><img loading=\"lazy\" class=\"alignleft size-full wp-image-23120\" title=\"Peticija_NVO i  intelektualace iz Ulcinja\" src=\"http:\/\/www.visit-ulcinj.com\/blog\/wp-content\/uploads\/2009\/06\/Peticija_NVO-i-intelektualace-iz-Ulcinja.JPG\" alt=\"Peticija_NVO i  intelektualace iz Ulcinja\" width=\"580\" height=\"400\" \/><\/a><a href=\"http:\/\/www.visit-ulcinj.com\/blog\/wp-content\/uploads\/2009\/06\/Pravo_front.jpg\"><img loading=\"lazy\" class=\"alignleft size-full wp-image-23121\" title=\"Pravo_front\" src=\"http:\/\/www.visit-ulcinj.com\/blog\/wp-content\/uploads\/2009\/06\/Pravo_front.jpg\" alt=\"Pravo_front\" width=\"151\" height=\"376\" \/><\/a>Ulcinjska grupa nevladinih organizacija (NVO) i intelektualaca po?etkom naredne sedmice preda?e zahtjev za odr\u017eavanje vanredne sjednice Skup\u0161tine op\u0161tine Ulcinj na kojoj bi se raspravljalo o njihovoj deklaraciji.<br \/>\nDeklaracijom se zahtijeva da se tenderi za zakup, prodaju ili drugi vid privatizacije bilo kojeg dijela teritorije op\u0161tine Ulcinj mogu raspisati samo uz saglasnost lokalnog parlamenta. Iz grupe je saop\u0161teno da je danas njihovu deklaraciju potpisima podr\u017ealo oko 600 gra?ana Ulcinja.<br \/>\n&#8220;Tra\u017ei se i da Vlada Crne Gore poni\u0161ti tendere za dugoro?an zakup Valdanosa, Velike pla\u017ee i Ade, kao i da se ranijim vlasnicima vrati sva eksproprisana i nacionalizovana imovina na teritoriji ulcinjske op\u0161tine&#8221;, navodi se u saop\u0161tenju.<br \/>\nOni su podsjetili da je prema Statutu op\u0161tine propisano da se o odre?enoj gra?anskoj inicijatici raspravljalo u lokalnoj Skup\u0161tini neophodni potpisi oko 530 gra?ana.<br \/>\nPredsjednik Skup\u0161tine op\u0161tine Ulcinj du\u017ean je, kako tvrde, da u roku od 15 dana od dobijanja zahtjeva i uru?ivanja potpisa sazove vanrednu sjednicu parlamenta. \u201e\u017delimo da se sve odluke zna?ajne za budu?nost Ulcinja donose u lokalnom parlamentu i da odbornici prihvate odgovornost u klju?nom trenutku, dok crnogorska Vlada i njene tenderske komisije raspisuju \u0161tetne i nezakonite tendere&#8221;, navodi se u saop\u0161tenju.<\/p>\n<p><strong>Izvor \/ MINA biznis<\/strong><\/p>\n<p><strong>[flv width=&#8221;580&#8243; height=&#8221;380&#8243;]http:\/\/www.velikaplaza.info\/gallery\/video\/stream.php?f=Velika_Plaza_movie_Jan_2009.flv[\/flv]<br \/>\n<\/strong><\/p>\n<p><strong><br \/>\n<\/strong><\/p>\n","protected":false},"excerpt":{"rendered":"<p>Ulcinjska grupa nevladinih organizacija (NVO) i intelektualaca po?etkom naredne sedmice preda?e zahtjev za odr\u017eavanje vanredne sjednice Skup\u0161tine op\u0161tine Ulcinj na kojoj bi se raspravljalo o njihovoj deklaraciji. Deklaracijom se zahtijeva da se tenderi za zakup, prodaju ili drugi vid privatizacije bilo kojeg dijela teritorije op\u0161tine Ulcinj mogu raspisati samo uz saglasnost lokalnog parlamenta. Iz grupe [&hellip;]<\/p>\n","protected":false},"author":1,"featured_media":0,"comment_status":"open","ping_status":"closed","sticky":false,"template":"","format":"standard","meta":{"spay_email":"","jetpack_publicize_message":"","jetpack_is_tweetstorm":false,"jetpack_publicize_feature_enabled":true},"categories":[8337],"tags":[11334,11335,11337,11338,11336,19,11005,434,10148],"jetpack_publicize_connections":[],"yoast_head":"<!-- This site is optimized with the Yoast SEO plugin v19.1 - https:\/\/yoast.com\/wordpress\/plugins\/seo\/ -->\n<title>NVO i intelektualace iz Ulcinja,Peticiju podr\u017ealo oko 600 gra?ana - Lajme nga Ulqini<\/title>\n<meta name=\"description\" content=\"Ulcinjska grupa nevladinih organizacija (NVO) i intelektualaca po?etkom naredne sedmice preda?e zahtjev za odr\u017eavanje vanredne sjednice Skup\u0161tine op\u0161tine\" \/>\n<meta name=\"robots\" content=\"index, follow, max-snippet:-1, max-image-preview:large, max-video-preview:-1\" \/>\n<link rel=\"canonical\" href=\"https:\/\/www.visit-ulcinj.com\/blog\/2009\/06\/22\/nvo-i-intelektualace-iz-ulcinjapeticiju-podrzalo-oko-600-gradana\/\" \/>\n<meta property=\"og:locale\" content=\"en_US\" \/>\n<meta property=\"og:type\" content=\"article\" \/>\n<meta property=\"og:title\" content=\"NVO i intelektualace iz Ulcinja,Peticiju podr\u017ealo oko 600 gra?ana - Lajme nga Ulqini\" \/>\n<meta property=\"og:description\" content=\"Ulcinjska grupa nevladinih organizacija (NVO) i intelektualaca po?etkom naredne sedmice preda?e zahtjev za odr\u017eavanje vanredne sjednice Skup\u0161tine op\u0161tine\" \/>\n<meta property=\"og:url\" content=\"https:\/\/www.visit-ulcinj.com\/blog\/2009\/06\/22\/nvo-i-intelektualace-iz-ulcinjapeticiju-podrzalo-oko-600-gradana\/\" \/>\n<meta property=\"og:site_name\" content=\"Lajme nga Ulqini\" \/>\n<meta property=\"article:published_time\" content=\"2009-06-22T10:31:11+00:00\" \/>\n<meta property=\"og:image\" content=\"http:\/\/www.visit-ulcinj.com\/blog\/wp-content\/uploads\/2009\/06\/Peticija_NVO-i-intelektualace-iz-Ulcinja.JPG\" \/>\n<meta name=\"twitter:label1\" content=\"Written by\" \/>\n\t<meta name=\"twitter:data1\" content=\"ulqini\" \/>\n\t<meta name=\"twitter:label2\" content=\"Est. reading time\" \/>\n\t<meta name=\"twitter:data2\" content=\"1 minute\" \/>\n<script type=\"application\/ld+json\" class=\"yoast-schema-graph\">{\"@context\":\"https:\/\/schema.org\",\"@graph\":[{\"@type\":\"WebSite\",\"@id\":\"https:\/\/www.visit-ulcinj.com\/blog\/#website\",\"url\":\"https:\/\/www.visit-ulcinj.com\/blog\/\",\"name\":\"Lajme nga Ulqini\",\"description\":\"Lajme,Vijesti,Ulqini,Ulqin,Crna Gora,Mali i Zi\",\"potentialAction\":[{\"@type\":\"SearchAction\",\"target\":{\"@type\":\"EntryPoint\",\"urlTemplate\":\"https:\/\/www.visit-ulcinj.com\/blog\/?s={search_term_string}\"},\"query-input\":\"required name=search_term_string\"}],\"inLanguage\":\"en-US\"},{\"@type\":\"ImageObject\",\"inLanguage\":\"en-US\",\"@id\":\"https:\/\/www.visit-ulcinj.com\/blog\/2009\/06\/22\/nvo-i-intelektualace-iz-ulcinjapeticiju-podrzalo-oko-600-gradana\/#primaryimage\",\"url\":\"https:\/\/www.visit-ulcinj.com\/blog\/wp-content\/uploads\/2009\/06\/Peticija_NVO-i-intelektualace-iz-Ulcinja.JPG\",\"contentUrl\":\"https:\/\/www.visit-ulcinj.com\/blog\/wp-content\/uploads\/2009\/06\/Peticija_NVO-i-intelektualace-iz-Ulcinja.JPG\",\"width\":\"640\",\"height\":\"480\"},{\"@type\":\"WebPage\",\"@id\":\"https:\/\/www.visit-ulcinj.com\/blog\/2009\/06\/22\/nvo-i-intelektualace-iz-ulcinjapeticiju-podrzalo-oko-600-gradana\/#webpage\",\"url\":\"https:\/\/www.visit-ulcinj.com\/blog\/2009\/06\/22\/nvo-i-intelektualace-iz-ulcinjapeticiju-podrzalo-oko-600-gradana\/\",\"name\":\"NVO i intelektualace iz Ulcinja,Peticiju podr\u017ealo oko 600 gra?ana - Lajme nga Ulqini\",\"isPartOf\":{\"@id\":\"https:\/\/www.visit-ulcinj.com\/blog\/#website\"},\"primaryImageOfPage\":{\"@id\":\"https:\/\/www.visit-ulcinj.com\/blog\/2009\/06\/22\/nvo-i-intelektualace-iz-ulcinjapeticiju-podrzalo-oko-600-gradana\/#primaryimage\"},\"datePublished\":\"2009-06-22T10:31:11+00:00\",\"dateModified\":\"2009-06-22T10:31:11+00:00\",\"author\":{\"@id\":\"https:\/\/www.visit-ulcinj.com\/blog\/#\/schema\/person\/dcab619c614d3038751c63bc2aadc06d\"},\"description\":\"Ulcinjska grupa nevladinih organizacija (NVO) i intelektualaca po?etkom naredne sedmice preda?e zahtjev za odr\u017eavanje vanredne sjednice Skup\u0161tine op\u0161tine\",\"breadcrumb\":{\"@id\":\"https:\/\/www.visit-ulcinj.com\/blog\/2009\/06\/22\/nvo-i-intelektualace-iz-ulcinjapeticiju-podrzalo-oko-600-gradana\/#breadcrumb\"},\"inLanguage\":\"en-US\",\"potentialAction\":[{\"@type\":\"ReadAction\",\"target\":[\"https:\/\/www.visit-ulcinj.com\/blog\/2009\/06\/22\/nvo-i-intelektualace-iz-ulcinjapeticiju-podrzalo-oko-600-gradana\/\"]}]},{\"@type\":\"BreadcrumbList\",\"@id\":\"https:\/\/www.visit-ulcinj.com\/blog\/2009\/06\/22\/nvo-i-intelektualace-iz-ulcinjapeticiju-podrzalo-oko-600-gradana\/#breadcrumb\",\"itemListElement\":[{\"@type\":\"ListItem\",\"position\":1,\"name\":\"NVO i intelektualace iz Ulcinja,Peticiju podr\u017ealo oko 600 gra?ana\"}]},{\"@type\":\"Person\",\"@id\":\"https:\/\/www.visit-ulcinj.com\/blog\/#\/schema\/person\/dcab619c614d3038751c63bc2aadc06d\",\"name\":\"ulqini\",\"sameAs\":[\"http:\/\/www.visit-ulcinj.com\"],\"url\":\"https:\/\/www.visit-ulcinj.com\/blog\/author\/admin\/\"}]}<\/script>\n<!-- \/ Yoast SEO plugin. -->","yoast_head_json":{"title":"NVO i intelektualace iz Ulcinja,Peticiju podr\u017ealo oko 600 gra?ana - Lajme nga Ulqini","description":"Ulcinjska grupa nevladinih organizacija (NVO) i intelektualaca po?etkom naredne sedmice preda?e zahtjev za odr\u017eavanje vanredne sjednice Skup\u0161tine op\u0161tine","robots":{"index":"index","follow":"follow","max-snippet":"max-snippet:-1","max-image-preview":"max-image-preview:large","max-video-preview":"max-video-preview:-1"},"canonical":"https:\/\/www.visit-ulcinj.com\/blog\/2009\/06\/22\/nvo-i-intelektualace-iz-ulcinjapeticiju-podrzalo-oko-600-gradana\/","og_locale":"en_US","og_type":"article","og_title":"NVO i intelektualace iz Ulcinja,Peticiju podr\u017ealo oko 600 gra?ana - Lajme nga Ulqini","og_description":"Ulcinjska grupa nevladinih organizacija (NVO) i intelektualaca po?etkom naredne sedmice preda?e zahtjev za odr\u017eavanje vanredne sjednice Skup\u0161tine op\u0161tine","og_url":"https:\/\/www.visit-ulcinj.com\/blog\/2009\/06\/22\/nvo-i-intelektualace-iz-ulcinjapeticiju-podrzalo-oko-600-gradana\/","og_site_name":"Lajme nga Ulqini","article_published_time":"2009-06-22T10:31:11+00:00","og_image":[{"url":"http:\/\/www.visit-ulcinj.com\/blog\/wp-content\/uploads\/2009\/06\/Peticija_NVO-i-intelektualace-iz-Ulcinja.JPG"}],"twitter_misc":{"Written by":"ulqini","Est. reading time":"1 minute"},"schema":{"@context":"https:\/\/schema.org","@graph":[{"@type":"WebSite","@id":"https:\/\/www.visit-ulcinj.com\/blog\/#website","url":"https:\/\/www.visit-ulcinj.com\/blog\/","name":"Lajme nga Ulqini","description":"Lajme,Vijesti,Ulqini,Ulqin,Crna Gora,Mali i Zi","potentialAction":[{"@type":"SearchAction","target":{"@type":"EntryPoint","urlTemplate":"https:\/\/www.visit-ulcinj.com\/blog\/?s={search_term_string}"},"query-input":"required name=search_term_string"}],"inLanguage":"en-US"},{"@type":"ImageObject","inLanguage":"en-US","@id":"https:\/\/www.visit-ulcinj.com\/blog\/2009\/06\/22\/nvo-i-intelektualace-iz-ulcinjapeticiju-podrzalo-oko-600-gradana\/#primaryimage","url":"https:\/\/www.visit-ulcinj.com\/blog\/wp-content\/uploads\/2009\/06\/Peticija_NVO-i-intelektualace-iz-Ulcinja.JPG","contentUrl":"https:\/\/www.visit-ulcinj.com\/blog\/wp-content\/uploads\/2009\/06\/Peticija_NVO-i-intelektualace-iz-Ulcinja.JPG","width":"640","height":"480"},{"@type":"WebPage","@id":"https:\/\/www.visit-ulcinj.com\/blog\/2009\/06\/22\/nvo-i-intelektualace-iz-ulcinjapeticiju-podrzalo-oko-600-gradana\/#webpage","url":"https:\/\/www.visit-ulcinj.com\/blog\/2009\/06\/22\/nvo-i-intelektualace-iz-ulcinjapeticiju-podrzalo-oko-600-gradana\/","name":"NVO i intelektualace iz Ulcinja,Peticiju podr\u017ealo oko 600 gra?ana - Lajme nga Ulqini","isPartOf":{"@id":"https:\/\/www.visit-ulcinj.com\/blog\/#website"},"primaryImageOfPage":{"@id":"https:\/\/www.visit-ulcinj.com\/blog\/2009\/06\/22\/nvo-i-intelektualace-iz-ulcinjapeticiju-podrzalo-oko-600-gradana\/#primaryimage"},"datePublished":"2009-06-22T10:31:11+00:00","dateModified":"2009-06-22T10:31:11+00:00","author":{"@id":"https:\/\/www.visit-ulcinj.com\/blog\/#\/schema\/person\/dcab619c614d3038751c63bc2aadc06d"},"description":"Ulcinjska grupa nevladinih organizacija (NVO) i intelektualaca po?etkom naredne sedmice preda?e zahtjev za odr\u017eavanje vanredne sjednice Skup\u0161tine op\u0161tine","breadcrumb":{"@id":"https:\/\/www.visit-ulcinj.com\/blog\/2009\/06\/22\/nvo-i-intelektualace-iz-ulcinjapeticiju-podrzalo-oko-600-gradana\/#breadcrumb"},"inLanguage":"en-US","potentialAction":[{"@type":"ReadAction","target":["https:\/\/www.visit-ulcinj.com\/blog\/2009\/06\/22\/nvo-i-intelektualace-iz-ulcinjapeticiju-podrzalo-oko-600-gradana\/"]}]},{"@type":"BreadcrumbList","@id":"https:\/\/www.visit-ulcinj.com\/blog\/2009\/06\/22\/nvo-i-intelektualace-iz-ulcinjapeticiju-podrzalo-oko-600-gradana\/#breadcrumb","itemListElement":[{"@type":"ListItem","position":1,"name":"NVO i intelektualace iz Ulcinja,Peticiju podr\u017ealo oko 600 gra?ana"}]},{"@type":"Person","@id":"https:\/\/www.visit-ulcinj.com\/blog\/#\/schema\/person\/dcab619c614d3038751c63bc2aadc06d","name":"ulqini","sameAs":["http:\/\/www.visit-ulcinj.com"],"url":"https:\/\/www.visit-ulcinj.com\/blog\/author\/admin\/"}]}},"jetpack_featured_media_url":"","jetpack_sharing_enabled":true,"jetpack_shortlink":"https:\/\/wp.me\/pe6lTn-60T","_links":{"self":[{"href":"https:\/\/www.visit-ulcinj.com\/blog\/wp-json\/wp\/v2\/posts\/23119"}],"collection":[{"href":"https:\/\/www.visit-ulcinj.com\/blog\/wp-json\/wp\/v2\/posts"}],"about":[{"href":"https:\/\/www.visit-ulcinj.com\/blog\/wp-json\/wp\/v2\/types\/post"}],"author":[{"embeddable":true,"href":"https:\/\/www.visit-ulcinj.com\/blog\/wp-json\/wp\/v2\/users\/1"}],"replies":[{"embeddable":true,"href":"https:\/\/www.visit-ulcinj.com\/blog\/wp-json\/wp\/v2\/comments?post=23119"}],"version-history":[{"count":0,"href":"https:\/\/www.visit-ulcinj.com\/blog\/wp-json\/wp\/v2\/posts\/23119\/revisions"}],"wp:attachment":[{"href":"https:\/\/www.visit-ulcinj.com\/blog\/wp-json\/wp\/v2\/media?parent=23119"}],"wp:term":[{"taxonomy":"category","embeddable":true,"href":"https:\/\/www.visit-ulcinj.com\/blog\/wp-json\/wp\/v2\/categories?post=23119"},{"taxonomy":"post_tag","embeddable":true,"href":"https:\/\/www.visit-ulcinj.com\/blog\/wp-json\/wp\/v2\/tags?post=23119"}],"curies":[{"name":"wp","href":"https:\/\/api.w.org\/{rel}","templated":true}]}}