{"id":23125,"date":"2009-06-22T13:19:00","date_gmt":"2009-06-22T11:19:00","guid":{"rendered":"http:\/\/www.visit-ulcinj.com\/blog\/?p=23125"},"modified":"2009-06-28T15:44:54","modified_gmt":"2009-06-28T13:44:54","slug":"tahiri-ligjet-nuk-jetesohen-ne-praktike","status":"publish","type":"post","link":"https:\/\/www.visit-ulcinj.com\/blog\/2009\/06\/22\/tahiri-ligjet-nuk-jetesohen-ne-praktike\/","title":{"rendered":"Tahiri: Ligjet nuk jet\u00ebsohen n\u00eb praktik\u00eb"},"content":{"rendered":"<p><a href=\"http:\/\/www.visit-ulcinj.com\/blog\/wp-content\/uploads\/2009\/06\/Kryetari-i-K\u00ebshillit-Nacional-t\u00eb-Shqiptar\u00ebve-n\u00eb-Malin-e-Zi_Tahir-Tahiri.jpg\"><img loading=\"lazy\" class=\"alignleft size-full wp-image-23126\" title=\"Kryetari i K\u00ebshillit Nacional t\u00eb Shqiptar\u00ebve n\u00eb Malin e Zi_Tahir Tahiri\" src=\"http:\/\/www.visit-ulcinj.com\/blog\/wp-content\/uploads\/2009\/06\/Kryetari-i-K\u00ebshillit-Nacional-t\u00eb-Shqiptar\u00ebve-n\u00eb-Malin-e-Zi_Tahir-Tahiri.jpg\" alt=\"Kryetari i K\u00ebshillit Nacional t\u00eb Shqiptar\u00ebve n\u00eb Malin e Zi_Tahir Tahiri\" width=\"580\" height=\"400\" \/><\/a>Podgoric\u00eb &#8211; Kryetari i K\u00ebshillit Nacional t\u00eb Shqiptar\u00ebve n\u00eb Malin e Zi, Tahir Tahiri, me bashk\u00ebpun\u00ebtor\u00ebt, Ali Gje\u00e7britaj e Musa Gjokaj, u takua t\u00eb premten n\u00eb Podgoric\u00eb me p\u00ebrfaq\u00ebsuesit e Komitetit t\u00eb ekspert\u00ebve t\u00eb K\u00ebshillit t\u00eb Evrop\u00ebs p\u00ebr \u00e7\u00ebshtje t\u00eb gjuh\u00ebs s\u00eb pakicave.<br \/>\nAi i njoftoi mysafir\u00ebt evropian\u00eb me rolin e KNSH-s\u00eb, funksionimin e tij dhe me disa projekte q\u00eb ky k\u00ebshill ka realizuar deri m\u00eb tani.<br \/>\nPasi \u00e7\u00ebshtje kryesore e interesimit t\u00eb mysafir\u00ebve nga Evropa ishte implementimi i Kart\u00ebs Evropiane mbi gjuh\u00ebt e pakicave n\u00eb Mal t\u00eb Zi, kryetari Tahiri vuri n\u00eb pah problemet me t\u00eb cilat ballafaqohen shqiptar\u00ebt n\u00eb Mal t\u00eb Zi.<br \/>\nAi n\u00ebnvizoi sidomos mosjet\u00ebsimin n\u00eb praktik\u00eb t\u00eb ligjeve q\u00eb rregullojn\u00eb p\u00ebrdorimin e gjuh\u00ebs n\u00eb t\u00eb gjitha nivelet institucionale, munges\u00ebn e p\u00ebrkthyesve n\u00eb institucione gjyq\u00ebsore, p\u00ebrkthimet e dob\u00ebta apo q\u00ebllimk\u00ebqija t\u00eb teksteve shkollore, munges\u00ebn e mbishkrimeve n\u00eb gjuh\u00ebn shqipe dhe \u00e7\u00ebshtje t\u00eb tjera.<br \/>\nP\u00ebrfaq\u00ebsuesit e Komitetit t\u00eb ekspert\u00ebve n\u00ebn udh\u00ebheqjen e raportueses nga Finlanda, Irja Suruj\u00ebrvi, pasi me v\u00ebmendje d\u00ebgjuan v\u00ebrejtjet e p\u00ebrfaq\u00ebsuesve t\u00eb KNSH-s\u00eb, premtuan se do t\u00eb b\u00ebjn\u00eb analiz\u00ebn dhe p\u00ebr k\u00ebto \u00e7\u00ebshtje do t\u00eb raportojn\u00eb K\u00ebshillin e Evrop\u00ebs.<\/p>\n<p><strong>Kohapress<\/strong><\/p>\n<p><strong><!--YouTube Error: bad URL entered--><br \/>\n<\/strong><\/p>\n","protected":false},"excerpt":{"rendered":"<p>Podgoric\u00eb &#8211; Kryetari i K\u00ebshillit Nacional t\u00eb Shqiptar\u00ebve n\u00eb Malin e Zi, Tahir Tahiri, me bashk\u00ebpun\u00ebtor\u00ebt, Ali Gje\u00e7britaj e Musa Gjokaj, u takua t\u00eb premten n\u00eb Podgoric\u00eb me p\u00ebrfaq\u00ebsuesit e Komitetit t\u00eb ekspert\u00ebve t\u00eb K\u00ebshillit t\u00eb Evrop\u00ebs p\u00ebr \u00e7\u00ebshtje t\u00eb gjuh\u00ebs s\u00eb pakicave. Ai i njoftoi mysafir\u00ebt evropian\u00eb me rolin e KNSH-s\u00eb, funksionimin e tij [&hellip;]<\/p>\n","protected":false},"author":1,"featured_media":0,"comment_status":"open","ping_status":"closed","sticky":false,"template":"","format":"standard","meta":{"spay_email":"","jetpack_publicize_message":"","jetpack_is_tweetstorm":false,"jetpack_publicize_feature_enabled":true},"categories":[6],"tags":[11339,11341,11342,11344,11340,6785,11343,899],"jetpack_publicize_connections":[],"yoast_head":"<!-- This site is optimized with the Yoast SEO plugin v19.1 - https:\/\/yoast.com\/wordpress\/plugins\/seo\/ -->\n<title>Tahiri: Ligjet nuk jet\u00ebsohen n\u00eb praktik\u00eb - Lajme nga Ulqini<\/title>\n<meta name=\"description\" content=\"Podgoric\u00eb - Kryetari i K\u00ebshillit Nacional t\u00eb Shqiptar\u00ebve n\u00eb Malin e Zi, Tahir Tahiri, me bashk\u00ebpun\u00ebtor\u00ebt, Ali Gje\u00e7britaj e Musa Gjokaj, u takua t\u00eb premten\" \/>\n<meta name=\"robots\" content=\"index, follow, max-snippet:-1, max-image-preview:large, max-video-preview:-1\" \/>\n<link rel=\"canonical\" href=\"https:\/\/www.visit-ulcinj.com\/blog\/2009\/06\/22\/tahiri-ligjet-nuk-jetesohen-ne-praktike\/\" \/>\n<meta property=\"og:locale\" content=\"en_US\" \/>\n<meta property=\"og:type\" content=\"article\" \/>\n<meta property=\"og:title\" content=\"Tahiri: Ligjet nuk jet\u00ebsohen n\u00eb praktik\u00eb - Lajme nga Ulqini\" \/>\n<meta property=\"og:description\" content=\"Podgoric\u00eb - Kryetari i K\u00ebshillit Nacional t\u00eb Shqiptar\u00ebve n\u00eb Malin e Zi, Tahir Tahiri, me bashk\u00ebpun\u00ebtor\u00ebt, Ali Gje\u00e7britaj e Musa Gjokaj, u takua t\u00eb premten\" \/>\n<meta property=\"og:url\" content=\"https:\/\/www.visit-ulcinj.com\/blog\/2009\/06\/22\/tahiri-ligjet-nuk-jetesohen-ne-praktike\/\" \/>\n<meta property=\"og:site_name\" content=\"Lajme nga Ulqini\" \/>\n<meta property=\"article:published_time\" content=\"2009-06-22T11:19:00+00:00\" \/>\n<meta property=\"article:modified_time\" content=\"2009-06-28T13:44:54+00:00\" \/>\n<meta name=\"twitter:label1\" content=\"Written by\" \/>\n\t<meta name=\"twitter:data1\" content=\"ulqini\" \/>\n\t<meta name=\"twitter:label2\" content=\"Est. reading time\" \/>\n\t<meta name=\"twitter:data2\" content=\"1 minute\" \/>\n<script type=\"application\/ld+json\" class=\"yoast-schema-graph\">{\"@context\":\"https:\/\/schema.org\",\"@graph\":[{\"@type\":\"WebSite\",\"@id\":\"https:\/\/www.visit-ulcinj.com\/blog\/#website\",\"url\":\"https:\/\/www.visit-ulcinj.com\/blog\/\",\"name\":\"Lajme nga Ulqini\",\"description\":\"Lajme,Vijesti,Ulqini,Ulqin,Crna Gora,Mali i Zi\",\"potentialAction\":[{\"@type\":\"SearchAction\",\"target\":{\"@type\":\"EntryPoint\",\"urlTemplate\":\"https:\/\/www.visit-ulcinj.com\/blog\/?s={search_term_string}\"},\"query-input\":\"required name=search_term_string\"}],\"inLanguage\":\"en-US\"},{\"@type\":\"WebPage\",\"@id\":\"https:\/\/www.visit-ulcinj.com\/blog\/2009\/06\/22\/tahiri-ligjet-nuk-jetesohen-ne-praktike\/#webpage\",\"url\":\"https:\/\/www.visit-ulcinj.com\/blog\/2009\/06\/22\/tahiri-ligjet-nuk-jetesohen-ne-praktike\/\",\"name\":\"Tahiri: Ligjet nuk jet\u00ebsohen n\u00eb praktik\u00eb - Lajme nga Ulqini\",\"isPartOf\":{\"@id\":\"https:\/\/www.visit-ulcinj.com\/blog\/#website\"},\"datePublished\":\"2009-06-22T11:19:00+00:00\",\"dateModified\":\"2009-06-28T13:44:54+00:00\",\"author\":{\"@id\":\"https:\/\/www.visit-ulcinj.com\/blog\/#\/schema\/person\/dcab619c614d3038751c63bc2aadc06d\"},\"description\":\"Podgoric\u00eb - Kryetari i K\u00ebshillit Nacional t\u00eb Shqiptar\u00ebve n\u00eb Malin e Zi, Tahir Tahiri, me bashk\u00ebpun\u00ebtor\u00ebt, Ali Gje\u00e7britaj e Musa Gjokaj, u takua t\u00eb premten\",\"breadcrumb\":{\"@id\":\"https:\/\/www.visit-ulcinj.com\/blog\/2009\/06\/22\/tahiri-ligjet-nuk-jetesohen-ne-praktike\/#breadcrumb\"},\"inLanguage\":\"en-US\",\"potentialAction\":[{\"@type\":\"ReadAction\",\"target\":[\"https:\/\/www.visit-ulcinj.com\/blog\/2009\/06\/22\/tahiri-ligjet-nuk-jetesohen-ne-praktike\/\"]}]},{\"@type\":\"BreadcrumbList\",\"@id\":\"https:\/\/www.visit-ulcinj.com\/blog\/2009\/06\/22\/tahiri-ligjet-nuk-jetesohen-ne-praktike\/#breadcrumb\",\"itemListElement\":[{\"@type\":\"ListItem\",\"position\":1,\"name\":\"Tahiri: Ligjet nuk jet\u00ebsohen n\u00eb praktik\u00eb\"}]},{\"@type\":\"Person\",\"@id\":\"https:\/\/www.visit-ulcinj.com\/blog\/#\/schema\/person\/dcab619c614d3038751c63bc2aadc06d\",\"name\":\"ulqini\",\"sameAs\":[\"http:\/\/www.visit-ulcinj.com\"],\"url\":\"https:\/\/www.visit-ulcinj.com\/blog\/author\/admin\/\"}]}<\/script>\n<!-- \/ Yoast SEO plugin. -->","yoast_head_json":{"title":"Tahiri: Ligjet nuk jet\u00ebsohen n\u00eb praktik\u00eb - Lajme nga Ulqini","description":"Podgoric\u00eb - Kryetari i K\u00ebshillit Nacional t\u00eb Shqiptar\u00ebve n\u00eb Malin e Zi, Tahir Tahiri, me bashk\u00ebpun\u00ebtor\u00ebt, Ali Gje\u00e7britaj e Musa Gjokaj, u takua t\u00eb premten","robots":{"index":"index","follow":"follow","max-snippet":"max-snippet:-1","max-image-preview":"max-image-preview:large","max-video-preview":"max-video-preview:-1"},"canonical":"https:\/\/www.visit-ulcinj.com\/blog\/2009\/06\/22\/tahiri-ligjet-nuk-jetesohen-ne-praktike\/","og_locale":"en_US","og_type":"article","og_title":"Tahiri: Ligjet nuk jet\u00ebsohen n\u00eb praktik\u00eb - Lajme nga Ulqini","og_description":"Podgoric\u00eb - Kryetari i K\u00ebshillit Nacional t\u00eb Shqiptar\u00ebve n\u00eb Malin e Zi, Tahir Tahiri, me bashk\u00ebpun\u00ebtor\u00ebt, Ali Gje\u00e7britaj e Musa Gjokaj, u takua t\u00eb premten","og_url":"https:\/\/www.visit-ulcinj.com\/blog\/2009\/06\/22\/tahiri-ligjet-nuk-jetesohen-ne-praktike\/","og_site_name":"Lajme nga Ulqini","article_published_time":"2009-06-22T11:19:00+00:00","article_modified_time":"2009-06-28T13:44:54+00:00","twitter_misc":{"Written by":"ulqini","Est. reading time":"1 minute"},"schema":{"@context":"https:\/\/schema.org","@graph":[{"@type":"WebSite","@id":"https:\/\/www.visit-ulcinj.com\/blog\/#website","url":"https:\/\/www.visit-ulcinj.com\/blog\/","name":"Lajme nga Ulqini","description":"Lajme,Vijesti,Ulqini,Ulqin,Crna Gora,Mali i Zi","potentialAction":[{"@type":"SearchAction","target":{"@type":"EntryPoint","urlTemplate":"https:\/\/www.visit-ulcinj.com\/blog\/?s={search_term_string}"},"query-input":"required name=search_term_string"}],"inLanguage":"en-US"},{"@type":"WebPage","@id":"https:\/\/www.visit-ulcinj.com\/blog\/2009\/06\/22\/tahiri-ligjet-nuk-jetesohen-ne-praktike\/#webpage","url":"https:\/\/www.visit-ulcinj.com\/blog\/2009\/06\/22\/tahiri-ligjet-nuk-jetesohen-ne-praktike\/","name":"Tahiri: Ligjet nuk jet\u00ebsohen n\u00eb praktik\u00eb - Lajme nga Ulqini","isPartOf":{"@id":"https:\/\/www.visit-ulcinj.com\/blog\/#website"},"datePublished":"2009-06-22T11:19:00+00:00","dateModified":"2009-06-28T13:44:54+00:00","author":{"@id":"https:\/\/www.visit-ulcinj.com\/blog\/#\/schema\/person\/dcab619c614d3038751c63bc2aadc06d"},"description":"Podgoric\u00eb - Kryetari i K\u00ebshillit Nacional t\u00eb Shqiptar\u00ebve n\u00eb Malin e Zi, Tahir Tahiri, me bashk\u00ebpun\u00ebtor\u00ebt, Ali Gje\u00e7britaj e Musa Gjokaj, u takua t\u00eb premten","breadcrumb":{"@id":"https:\/\/www.visit-ulcinj.com\/blog\/2009\/06\/22\/tahiri-ligjet-nuk-jetesohen-ne-praktike\/#breadcrumb"},"inLanguage":"en-US","potentialAction":[{"@type":"ReadAction","target":["https:\/\/www.visit-ulcinj.com\/blog\/2009\/06\/22\/tahiri-ligjet-nuk-jetesohen-ne-praktike\/"]}]},{"@type":"BreadcrumbList","@id":"https:\/\/www.visit-ulcinj.com\/blog\/2009\/06\/22\/tahiri-ligjet-nuk-jetesohen-ne-praktike\/#breadcrumb","itemListElement":[{"@type":"ListItem","position":1,"name":"Tahiri: Ligjet nuk jet\u00ebsohen n\u00eb praktik\u00eb"}]},{"@type":"Person","@id":"https:\/\/www.visit-ulcinj.com\/blog\/#\/schema\/person\/dcab619c614d3038751c63bc2aadc06d","name":"ulqini","sameAs":["http:\/\/www.visit-ulcinj.com"],"url":"https:\/\/www.visit-ulcinj.com\/blog\/author\/admin\/"}]}},"jetpack_featured_media_url":"","jetpack_sharing_enabled":true,"jetpack_shortlink":"https:\/\/wp.me\/pe6lTn-60Z","_links":{"self":[{"href":"https:\/\/www.visit-ulcinj.com\/blog\/wp-json\/wp\/v2\/posts\/23125"}],"collection":[{"href":"https:\/\/www.visit-ulcinj.com\/blog\/wp-json\/wp\/v2\/posts"}],"about":[{"href":"https:\/\/www.visit-ulcinj.com\/blog\/wp-json\/wp\/v2\/types\/post"}],"author":[{"embeddable":true,"href":"https:\/\/www.visit-ulcinj.com\/blog\/wp-json\/wp\/v2\/users\/1"}],"replies":[{"embeddable":true,"href":"https:\/\/www.visit-ulcinj.com\/blog\/wp-json\/wp\/v2\/comments?post=23125"}],"version-history":[{"count":0,"href":"https:\/\/www.visit-ulcinj.com\/blog\/wp-json\/wp\/v2\/posts\/23125\/revisions"}],"wp:attachment":[{"href":"https:\/\/www.visit-ulcinj.com\/blog\/wp-json\/wp\/v2\/media?parent=23125"}],"wp:term":[{"taxonomy":"category","embeddable":true,"href":"https:\/\/www.visit-ulcinj.com\/blog\/wp-json\/wp\/v2\/categories?post=23125"},{"taxonomy":"post_tag","embeddable":true,"href":"https:\/\/www.visit-ulcinj.com\/blog\/wp-json\/wp\/v2\/tags?post=23125"}],"curies":[{"name":"wp","href":"https:\/\/api.w.org\/{rel}","templated":true}]}}