{"id":23129,"date":"2009-06-22T14:11:05","date_gmt":"2009-06-22T12:11:05","guid":{"rendered":"http:\/\/www.visit-ulcinj.com\/blog\/?p=23129"},"modified":"2009-06-22T14:12:18","modified_gmt":"2009-06-22T12:12:18","slug":"mbi-rendesine-e-koheste-jemi-optimiste","status":"publish","type":"post","link":"https:\/\/www.visit-ulcinj.com\/blog\/2009\/06\/22\/mbi-rendesine-e-koheste-jemi-optimiste\/","title":{"rendered":"Mbi r\u00ebnd\u00ebsin\u00eb e koh\u00ebs,t\u00eb jemi optimist\u00eb"},"content":{"rendered":"<p><a href=\"http:\/\/www.visit-ulcinj.com\/blog\/wp-content\/uploads\/2009\/06\/optimizam_Ulqini.jpg\"><img loading=\"lazy\" class=\"alignleft size-full wp-image-23130\" title=\"optimizam_Ulqini\" src=\"http:\/\/www.visit-ulcinj.com\/blog\/wp-content\/uploads\/2009\/06\/optimizam_Ulqini.jpg\" alt=\"optimizam_Ulqini\" width=\"580\" height=\"400\" \/><\/a>Motoja \u201cN\u00ebse ti nuk e pret koh\u00ebn, ajo do t\u00eb pres\u00eb ty\u201d tani \u00ebsht\u00eb b\u00ebr\u00eb m\u00eb aktuale sesa kurdoher\u00eb m\u00eb par\u00eb. T\u00eb gjith\u00eb tashm\u00eb e v\u00ebrejn\u00eb se koha ka marr\u00eb nj\u00eb p\u00ebrshpejtim t\u00eb hatash\u00ebm, por shprehit\u00eb e fituara, klishet\u00eb e vjetra t\u00eb t\u00eb menduarit, mbyllja n\u00eb g\u00ebzhoj\u00ebn e vet dhe izolimi nga bota jan\u00eb m\u00eb t\u00eb fuqish\u00ebm sesa nevoja q\u00eb kjo m\u00eb n\u00eb fund t\u00eb kuptohet dhe t\u00eb filloj\u00eb ndryshimi i k\u00ebsaj gjendjeje t\u00eb padurueshme.<br \/>\nDijetar\u00ebt e vjet\u00ebr thonin se duhet t\u00eb jemi optimist\u00eb. Dhe natyrisht, kan\u00eb pasur t\u00eb drejt\u00eb. Optimist\u00ebt jan\u00eb m\u00eb t\u00eb lezetsh\u00ebm, rrezatojn\u00eb nj\u00eb energji pozitive, jan\u00eb m\u00eb komunikativ\u00eb dhe m\u00eb tolerant\u00eb. N\u00eb qytetet ku ka t\u00eb pakt\u00ebn pes\u00eb p\u00ebrqind t\u00eb till\u00eb, ju keni ndjesi m\u00eb t\u00eb k\u00ebndshme, gjithandej rrezaton nj\u00eb drit\u00eb e mrekullueshme dhe kurr\u00eb nuk ka koh\u00eb p\u00ebr m\u00ebrziti.<br \/>\nPrandaj m\u00eb duket e \u00e7uditshme se si njer\u00ebzit n\u00eb qytetin magjeps\u00ebs t\u00eb Ulqinit i bjerrin jet\u00ebt e veta t\u00eb \u00e7muara, se si nuk jan\u00eb t\u00eb vet\u00ebdijsh\u00ebm p\u00ebr r\u00ebnd\u00ebsin\u00eb e koh\u00ebs, se si n\u00eb procesin e t\u00eb menduarit nuk kan\u00eb komponentin dinamik, si i kan\u00eb humbur lidhjet me tradit\u00ebn.<br \/>\nThem \u00ebsht\u00eb e \u00e7uditshme p\u00ebr shkak se k\u00ebtu ende nuk kuptohet se prapambetja sot nuk paguhet vet\u00ebm me para, por n\u00eb radh\u00eb t\u00eb par\u00eb me koh\u00ebn. Sot n\u00ebse nuk p\u00ebrparoni, do t\u00eb p\u00ebrjetoni prapambetje. Thjesht, vendnum\u00ebrim nuk ka dhe as q\u00eb mund t\u00eb ket\u00eb!<br \/>\nMotoja \u201cN\u00ebse ti nuk e pret koh\u00ebn, ajo do t\u00eb pres\u00eb ty\u201d tani \u00ebsht\u00eb b\u00ebr\u00eb m\u00eb aktuale sesa kurdoher\u00eb m\u00eb par\u00eb. T\u00eb gjith\u00eb tashm\u00eb e v\u00ebrejn\u00eb se koha ka marr\u00eb nj\u00eb p\u00ebrshpejtim t\u00eb hatash\u00ebm, por shprehit\u00eb e fituara, klishet\u00eb e vjetra t\u00eb t\u00eb menduarit, mbyllja n\u00eb g\u00ebzhoj\u00ebn e vet dhe izolimi nga bota jan\u00eb m\u00eb t\u00eb fuqish\u00ebm sesa nevoja q\u00eb kjo m\u00eb n\u00eb fund t\u00eb kuptohet dhe t\u00eb filloj\u00eb ndryshimi i k\u00ebsaj gjendjeje t\u00eb padurueshme.<br \/>\nMir\u00ebpo, p\u00ebr k\u00ebt\u00eb duhet pasur vizion, vullnet dhe vendosm\u00ebri, gatishm\u00ebri q\u00eb t\u00eb punohet shum\u00eb, t\u00eb d\u00ebgjohet k\u00ebshilla m\u00eb e mir\u00eb, veti k\u00ebto t\u00eb cilat elita aktuale politike, intelektuale apo cilado elit\u00eb tjet\u00ebr n\u00eb k\u00ebt\u00eb qytet nuk i ka as nuk d\u00ebshiron t\u2019i ket\u00eb.<br \/>\nMir\u00ebpo, funksione kryesore t\u00eb qytetit jan\u00eb pik\u00ebrisht q\u00eb t\u00eb siguroj\u00eb vazhdim\u00ebsin\u00eb, stabilitetin dhe zhvillimin. Kujtesa e gjall\u00eb e qytetit e cila dikur i lidhte gjeneratat dhe shekujt \u00ebsht\u00eb duke u zhdukur para syve ton\u00eb: qytetar\u00ebt jetojn\u00eb n\u00eb vazhd\u00ebn e \u00e7regulluar t\u00eb momenteve q\u00eb anulohen reciprokisht. Nuk mbahet mend q\u00eb ndonj\u00ebher\u00eb t\u00eb jet\u00eb jetuar n\u00eb nj\u00eb bashk\u00ebsi kaq t\u00eb shkretuar dhe t\u00eb demoralizuar, ndon\u00ebse \u00ebsht\u00eb e v\u00ebrtet\u00eb se n\u00eb historin\u00eb e gjat\u00eb t\u00eb Ulqinit kronikat e koh\u00ebve t\u00eb lumtura kan\u00eb qen\u00eb t\u00eb shkurtra.<br \/>\nMbizot\u00ebruan koh\u00eb t\u00eb v\u00ebshtira dhe kjo kusht\u00ebzoi vigjilenc\u00ebn jet\u00ebsore dhe gatishm\u00ebrin\u00eb ndaj t\u00eb paparashikueshmes dhe t\u00eb papritur\u00ebs n\u00eb t\u00eb gjitha sferat e jet\u00ebs, madje edhe frika nga \u00e7far\u00ebdo ndryshimi.<br \/>\nMir\u00ebpo, sikurse n\u00eb \u00e7do bashk\u00ebsi shoq\u00ebrore, ka pasur momente t\u00eb letargjis\u00eb dhe t\u00eb atmosfer\u00ebs festive, kur shkelen ndalesat dhe traditat e mira, zvog\u00eblohet distanca midis individ\u00ebve dhe grupeve, p\u00ebrkoh\u00ebsisht lihen m\u00ebnjan\u00eb konfliktet e \u00e7far\u00ebdo lloji, kalohet n\u00eb shkap\u00ebrderdhje dhe shthurje t\u00eb panevojshme. Historia gjithashtu tregon se periudhat sadopak t\u00eb shkurtra t\u00eb stabilitetit kan\u00eb sjellur progres t\u00eb madh n\u00eb t\u00eb gjitha fushat. Virtytet e tyre: sy\u00e7elt\u00ebsia, vyeshm\u00ebria dhe maturia n\u00eb p\u00ebrmbushjen e nevojave materiale, si\u00e7 ka v\u00ebrejtur n\u00eb fillim t\u00eb shekullit t\u00eb kaluar shkenc\u00ebtari i famsh\u00ebm rus Pavle Apolonoviq Rovinski do t\u00eb vinin n\u00eb shpehje t\u00eb plot\u00eb.<br \/>\nTe gjith\u00eb ata q\u00eb i mbajn\u00eb mend gjyshet dhe gjysh\u00ebrit e vet mund t\u00eb konfirmojn\u00eb se ata kan\u00eb pasur fytyra t\u00eb bukura dhe t\u00eb buz\u00ebqeshura, se gjith\u00ebher\u00eb na jan\u00eb drejtuar me plot dashuri dhe kujdes, se rrall\u00ebher\u00eb hidh\u00ebroheshin. Do t\u00eb jem i sinqert\u00eb, si para Zotit: ndon\u00ebse shum\u00eb nga k\u00ebto i kam si n\u00eb familje ashtu edhe n\u00eb shoq\u00ebri, m\u00eb mungon kjo \u00e7elt\u00ebri, kjo buz\u00ebqeshje, k\u00ebto k\u00ebshilla.<br \/>\nSido q\u00eb t\u00eb jet\u00eb, parakusht i zhvillimit dhe i m\u00ebk\u00ebmbjes morale t\u00eb k\u00ebtij qyteti t\u00eb l\u00ebn\u00eb pas dore \u00ebsht\u00eb q\u00eb p\u00ebrfundimisht t\u00eb b\u00ebhemi t\u00eb vet\u00ebdijsh\u00ebm p\u00ebr rolin e koh\u00ebs, hap\u00ebsir\u00ebs dhe resurseve! Q\u00eb m\u00eb n\u00eb fund t\u00eb kuptojm\u00eb se ekziston koha p\u00ebr t\u00eb jetuar dhe koha q\u00eb d\u00ebshmon se kemi jetuar. T\u00eb vendosim paqe me vetveten dhe me natyr\u00ebn!<br \/>\nGjasat jan\u00eb t\u00eb vogla, por t\u00eb jemi optimist\u00eb!<\/p>\n<p><strong>Mustafa Canka<br \/>\nKoha Javore<\/strong><\/p>\n","protected":false},"excerpt":{"rendered":"<p>Motoja \u201cN\u00ebse ti nuk e pret koh\u00ebn, ajo do t\u00eb pres\u00eb ty\u201d tani \u00ebsht\u00eb b\u00ebr\u00eb m\u00eb aktuale sesa kurdoher\u00eb m\u00eb par\u00eb. T\u00eb gjith\u00eb tashm\u00eb e v\u00ebrejn\u00eb se koha ka marr\u00eb nj\u00eb p\u00ebrshpejtim t\u00eb hatash\u00ebm, por shprehit\u00eb e fituara, klishet\u00eb e vjetra t\u00eb t\u00eb menduarit, mbyllja n\u00eb g\u00ebzhoj\u00ebn e vet dhe izolimi nga bota jan\u00eb m\u00eb [&hellip;]<\/p>\n","protected":false},"author":1,"featured_media":0,"comment_status":"open","ping_status":"closed","sticky":false,"template":"","format":"standard","meta":{"spay_email":"","jetpack_publicize_message":"","jetpack_is_tweetstorm":false,"jetpack_publicize_feature_enabled":true},"categories":[11],"tags":[95,11345],"jetpack_publicize_connections":[],"yoast_head":"<!-- This site is optimized with the Yoast SEO plugin v19.1 - https:\/\/yoast.com\/wordpress\/plugins\/seo\/ -->\n<title>Mbi r\u00ebnd\u00ebsin\u00eb e koh\u00ebs,t\u00eb jemi optimist\u00eb - Lajme nga Ulqini<\/title>\n<meta name=\"description\" content=\"Motoja \u201cN\u00ebse ti nuk e pret koh\u00ebn, ajo do t\u00eb pres\u00eb ty\u201d tani \u00ebsht\u00eb b\u00ebr\u00eb m\u00eb aktuale sesa kurdoher\u00eb m\u00eb par\u00eb. T\u00eb gjith\u00eb tashm\u00eb e v\u00ebrejn\u00eb se koha ka marr\u00eb nj\u00eb\" \/>\n<meta name=\"robots\" content=\"index, follow, max-snippet:-1, max-image-preview:large, max-video-preview:-1\" \/>\n<link rel=\"canonical\" href=\"https:\/\/www.visit-ulcinj.com\/blog\/2009\/06\/22\/mbi-rendesine-e-koheste-jemi-optimiste\/\" \/>\n<meta property=\"og:locale\" content=\"en_US\" \/>\n<meta property=\"og:type\" content=\"article\" \/>\n<meta property=\"og:title\" content=\"Mbi r\u00ebnd\u00ebsin\u00eb e koh\u00ebs,t\u00eb jemi optimist\u00eb - Lajme nga Ulqini\" \/>\n<meta property=\"og:description\" content=\"Motoja \u201cN\u00ebse ti nuk e pret koh\u00ebn, ajo do t\u00eb pres\u00eb ty\u201d tani \u00ebsht\u00eb b\u00ebr\u00eb m\u00eb aktuale sesa kurdoher\u00eb m\u00eb par\u00eb. T\u00eb gjith\u00eb tashm\u00eb e v\u00ebrejn\u00eb se koha ka marr\u00eb nj\u00eb\" \/>\n<meta property=\"og:url\" content=\"https:\/\/www.visit-ulcinj.com\/blog\/2009\/06\/22\/mbi-rendesine-e-koheste-jemi-optimiste\/\" \/>\n<meta property=\"og:site_name\" content=\"Lajme nga Ulqini\" \/>\n<meta property=\"article:published_time\" content=\"2009-06-22T12:11:05+00:00\" \/>\n<meta property=\"article:modified_time\" content=\"2009-06-22T12:12:18+00:00\" \/>\n<meta property=\"og:image\" content=\"http:\/\/www.visit-ulcinj.com\/blog\/wp-content\/uploads\/2009\/06\/optimizam_Ulqini.jpg\" \/>\n<meta name=\"twitter:label1\" content=\"Written by\" \/>\n\t<meta name=\"twitter:data1\" content=\"ulqini\" \/>\n\t<meta name=\"twitter:label2\" content=\"Est. reading time\" \/>\n\t<meta name=\"twitter:data2\" content=\"4 minutes\" \/>\n<script type=\"application\/ld+json\" class=\"yoast-schema-graph\">{\"@context\":\"https:\/\/schema.org\",\"@graph\":[{\"@type\":\"WebSite\",\"@id\":\"https:\/\/www.visit-ulcinj.com\/blog\/#website\",\"url\":\"https:\/\/www.visit-ulcinj.com\/blog\/\",\"name\":\"Lajme nga Ulqini\",\"description\":\"Lajme,Vijesti,Ulqini,Ulqin,Crna Gora,Mali i Zi\",\"potentialAction\":[{\"@type\":\"SearchAction\",\"target\":{\"@type\":\"EntryPoint\",\"urlTemplate\":\"https:\/\/www.visit-ulcinj.com\/blog\/?s={search_term_string}\"},\"query-input\":\"required name=search_term_string\"}],\"inLanguage\":\"en-US\"},{\"@type\":\"ImageObject\",\"inLanguage\":\"en-US\",\"@id\":\"https:\/\/www.visit-ulcinj.com\/blog\/2009\/06\/22\/mbi-rendesine-e-koheste-jemi-optimiste\/#primaryimage\",\"url\":\"https:\/\/www.visit-ulcinj.com\/blog\/wp-content\/uploads\/2009\/06\/optimizam_Ulqini.jpg\",\"contentUrl\":\"https:\/\/www.visit-ulcinj.com\/blog\/wp-content\/uploads\/2009\/06\/optimizam_Ulqini.jpg\",\"width\":\"1001\",\"height\":\"702\"},{\"@type\":\"WebPage\",\"@id\":\"https:\/\/www.visit-ulcinj.com\/blog\/2009\/06\/22\/mbi-rendesine-e-koheste-jemi-optimiste\/#webpage\",\"url\":\"https:\/\/www.visit-ulcinj.com\/blog\/2009\/06\/22\/mbi-rendesine-e-koheste-jemi-optimiste\/\",\"name\":\"Mbi r\u00ebnd\u00ebsin\u00eb e koh\u00ebs,t\u00eb jemi optimist\u00eb - Lajme nga Ulqini\",\"isPartOf\":{\"@id\":\"https:\/\/www.visit-ulcinj.com\/blog\/#website\"},\"primaryImageOfPage\":{\"@id\":\"https:\/\/www.visit-ulcinj.com\/blog\/2009\/06\/22\/mbi-rendesine-e-koheste-jemi-optimiste\/#primaryimage\"},\"datePublished\":\"2009-06-22T12:11:05+00:00\",\"dateModified\":\"2009-06-22T12:12:18+00:00\",\"author\":{\"@id\":\"https:\/\/www.visit-ulcinj.com\/blog\/#\/schema\/person\/dcab619c614d3038751c63bc2aadc06d\"},\"description\":\"Motoja \u201cN\u00ebse ti nuk e pret koh\u00ebn, ajo do t\u00eb pres\u00eb ty\u201d tani \u00ebsht\u00eb b\u00ebr\u00eb m\u00eb aktuale sesa kurdoher\u00eb m\u00eb par\u00eb. T\u00eb gjith\u00eb tashm\u00eb e v\u00ebrejn\u00eb se koha ka marr\u00eb nj\u00eb\",\"breadcrumb\":{\"@id\":\"https:\/\/www.visit-ulcinj.com\/blog\/2009\/06\/22\/mbi-rendesine-e-koheste-jemi-optimiste\/#breadcrumb\"},\"inLanguage\":\"en-US\",\"potentialAction\":[{\"@type\":\"ReadAction\",\"target\":[\"https:\/\/www.visit-ulcinj.com\/blog\/2009\/06\/22\/mbi-rendesine-e-koheste-jemi-optimiste\/\"]}]},{\"@type\":\"BreadcrumbList\",\"@id\":\"https:\/\/www.visit-ulcinj.com\/blog\/2009\/06\/22\/mbi-rendesine-e-koheste-jemi-optimiste\/#breadcrumb\",\"itemListElement\":[{\"@type\":\"ListItem\",\"position\":1,\"name\":\"Mbi r\u00ebnd\u00ebsin\u00eb e koh\u00ebs,t\u00eb jemi optimist\u00eb\"}]},{\"@type\":\"Person\",\"@id\":\"https:\/\/www.visit-ulcinj.com\/blog\/#\/schema\/person\/dcab619c614d3038751c63bc2aadc06d\",\"name\":\"ulqini\",\"sameAs\":[\"http:\/\/www.visit-ulcinj.com\"],\"url\":\"https:\/\/www.visit-ulcinj.com\/blog\/author\/admin\/\"}]}<\/script>\n<!-- \/ Yoast SEO plugin. -->","yoast_head_json":{"title":"Mbi r\u00ebnd\u00ebsin\u00eb e koh\u00ebs,t\u00eb jemi optimist\u00eb - Lajme nga Ulqini","description":"Motoja \u201cN\u00ebse ti nuk e pret koh\u00ebn, ajo do t\u00eb pres\u00eb ty\u201d tani \u00ebsht\u00eb b\u00ebr\u00eb m\u00eb aktuale sesa kurdoher\u00eb m\u00eb par\u00eb. T\u00eb gjith\u00eb tashm\u00eb e v\u00ebrejn\u00eb se koha ka marr\u00eb nj\u00eb","robots":{"index":"index","follow":"follow","max-snippet":"max-snippet:-1","max-image-preview":"max-image-preview:large","max-video-preview":"max-video-preview:-1"},"canonical":"https:\/\/www.visit-ulcinj.com\/blog\/2009\/06\/22\/mbi-rendesine-e-koheste-jemi-optimiste\/","og_locale":"en_US","og_type":"article","og_title":"Mbi r\u00ebnd\u00ebsin\u00eb e koh\u00ebs,t\u00eb jemi optimist\u00eb - Lajme nga Ulqini","og_description":"Motoja \u201cN\u00ebse ti nuk e pret koh\u00ebn, ajo do t\u00eb pres\u00eb ty\u201d tani \u00ebsht\u00eb b\u00ebr\u00eb m\u00eb aktuale sesa kurdoher\u00eb m\u00eb par\u00eb. T\u00eb gjith\u00eb tashm\u00eb e v\u00ebrejn\u00eb se koha ka marr\u00eb nj\u00eb","og_url":"https:\/\/www.visit-ulcinj.com\/blog\/2009\/06\/22\/mbi-rendesine-e-koheste-jemi-optimiste\/","og_site_name":"Lajme nga Ulqini","article_published_time":"2009-06-22T12:11:05+00:00","article_modified_time":"2009-06-22T12:12:18+00:00","og_image":[{"url":"http:\/\/www.visit-ulcinj.com\/blog\/wp-content\/uploads\/2009\/06\/optimizam_Ulqini.jpg"}],"twitter_misc":{"Written by":"ulqini","Est. reading time":"4 minutes"},"schema":{"@context":"https:\/\/schema.org","@graph":[{"@type":"WebSite","@id":"https:\/\/www.visit-ulcinj.com\/blog\/#website","url":"https:\/\/www.visit-ulcinj.com\/blog\/","name":"Lajme nga Ulqini","description":"Lajme,Vijesti,Ulqini,Ulqin,Crna Gora,Mali i Zi","potentialAction":[{"@type":"SearchAction","target":{"@type":"EntryPoint","urlTemplate":"https:\/\/www.visit-ulcinj.com\/blog\/?s={search_term_string}"},"query-input":"required name=search_term_string"}],"inLanguage":"en-US"},{"@type":"ImageObject","inLanguage":"en-US","@id":"https:\/\/www.visit-ulcinj.com\/blog\/2009\/06\/22\/mbi-rendesine-e-koheste-jemi-optimiste\/#primaryimage","url":"https:\/\/www.visit-ulcinj.com\/blog\/wp-content\/uploads\/2009\/06\/optimizam_Ulqini.jpg","contentUrl":"https:\/\/www.visit-ulcinj.com\/blog\/wp-content\/uploads\/2009\/06\/optimizam_Ulqini.jpg","width":"1001","height":"702"},{"@type":"WebPage","@id":"https:\/\/www.visit-ulcinj.com\/blog\/2009\/06\/22\/mbi-rendesine-e-koheste-jemi-optimiste\/#webpage","url":"https:\/\/www.visit-ulcinj.com\/blog\/2009\/06\/22\/mbi-rendesine-e-koheste-jemi-optimiste\/","name":"Mbi r\u00ebnd\u00ebsin\u00eb e koh\u00ebs,t\u00eb jemi optimist\u00eb - Lajme nga Ulqini","isPartOf":{"@id":"https:\/\/www.visit-ulcinj.com\/blog\/#website"},"primaryImageOfPage":{"@id":"https:\/\/www.visit-ulcinj.com\/blog\/2009\/06\/22\/mbi-rendesine-e-koheste-jemi-optimiste\/#primaryimage"},"datePublished":"2009-06-22T12:11:05+00:00","dateModified":"2009-06-22T12:12:18+00:00","author":{"@id":"https:\/\/www.visit-ulcinj.com\/blog\/#\/schema\/person\/dcab619c614d3038751c63bc2aadc06d"},"description":"Motoja \u201cN\u00ebse ti nuk e pret koh\u00ebn, ajo do t\u00eb pres\u00eb ty\u201d tani \u00ebsht\u00eb b\u00ebr\u00eb m\u00eb aktuale sesa kurdoher\u00eb m\u00eb par\u00eb. T\u00eb gjith\u00eb tashm\u00eb e v\u00ebrejn\u00eb se koha ka marr\u00eb nj\u00eb","breadcrumb":{"@id":"https:\/\/www.visit-ulcinj.com\/blog\/2009\/06\/22\/mbi-rendesine-e-koheste-jemi-optimiste\/#breadcrumb"},"inLanguage":"en-US","potentialAction":[{"@type":"ReadAction","target":["https:\/\/www.visit-ulcinj.com\/blog\/2009\/06\/22\/mbi-rendesine-e-koheste-jemi-optimiste\/"]}]},{"@type":"BreadcrumbList","@id":"https:\/\/www.visit-ulcinj.com\/blog\/2009\/06\/22\/mbi-rendesine-e-koheste-jemi-optimiste\/#breadcrumb","itemListElement":[{"@type":"ListItem","position":1,"name":"Mbi r\u00ebnd\u00ebsin\u00eb e koh\u00ebs,t\u00eb jemi optimist\u00eb"}]},{"@type":"Person","@id":"https:\/\/www.visit-ulcinj.com\/blog\/#\/schema\/person\/dcab619c614d3038751c63bc2aadc06d","name":"ulqini","sameAs":["http:\/\/www.visit-ulcinj.com"],"url":"https:\/\/www.visit-ulcinj.com\/blog\/author\/admin\/"}]}},"jetpack_featured_media_url":"","jetpack_sharing_enabled":true,"jetpack_shortlink":"https:\/\/wp.me\/pe6lTn-613","_links":{"self":[{"href":"https:\/\/www.visit-ulcinj.com\/blog\/wp-json\/wp\/v2\/posts\/23129"}],"collection":[{"href":"https:\/\/www.visit-ulcinj.com\/blog\/wp-json\/wp\/v2\/posts"}],"about":[{"href":"https:\/\/www.visit-ulcinj.com\/blog\/wp-json\/wp\/v2\/types\/post"}],"author":[{"embeddable":true,"href":"https:\/\/www.visit-ulcinj.com\/blog\/wp-json\/wp\/v2\/users\/1"}],"replies":[{"embeddable":true,"href":"https:\/\/www.visit-ulcinj.com\/blog\/wp-json\/wp\/v2\/comments?post=23129"}],"version-history":[{"count":0,"href":"https:\/\/www.visit-ulcinj.com\/blog\/wp-json\/wp\/v2\/posts\/23129\/revisions"}],"wp:attachment":[{"href":"https:\/\/www.visit-ulcinj.com\/blog\/wp-json\/wp\/v2\/media?parent=23129"}],"wp:term":[{"taxonomy":"category","embeddable":true,"href":"https:\/\/www.visit-ulcinj.com\/blog\/wp-json\/wp\/v2\/categories?post=23129"},{"taxonomy":"post_tag","embeddable":true,"href":"https:\/\/www.visit-ulcinj.com\/blog\/wp-json\/wp\/v2\/tags?post=23129"}],"curies":[{"name":"wp","href":"https:\/\/api.w.org\/{rel}","templated":true}]}}