{"id":23142,"date":"2009-06-22T18:52:24","date_gmt":"2009-06-22T16:52:24","guid":{"rendered":"http:\/\/www.visit-ulcinj.com\/blog\/?p=23142"},"modified":"2009-06-28T15:38:45","modified_gmt":"2009-06-28T13:38:45","slug":"g-karamanaga-ndihme-per-permiresimin-e-sherbimit-shendetesor","status":"publish","type":"post","link":"https:\/\/www.visit-ulcinj.com\/blog\/2009\/06\/22\/g-karamanaga-ndihme-per-permiresimin-e-sherbimit-shendetesor\/","title":{"rendered":"G.Karamanaga: Ndihm\u00eb p\u00ebr p\u00ebrmir\u00ebsimin e sh\u00ebrbimit sh\u00ebndet\u00ebsor"},"content":{"rendered":"<p><a href=\"http:\/\/www.visit-ulcinj.com\/blog\/wp-content\/uploads\/2009\/06\/prim.-Dr.-Gani-Karamanaga.jpg\"><img loading=\"lazy\" class=\"alignright size-full wp-image-23143\" title=\"prim. Dr. Gani Karamanaga\" src=\"http:\/\/www.visit-ulcinj.com\/blog\/wp-content\/uploads\/2009\/06\/prim.-Dr.-Gani-Karamanaga.jpg\" alt=\"prim. Dr. Gani Karamanaga\" width=\"360\" height=\"355\" srcset=\"https:\/\/www.visit-ulcinj.com\/blog\/wp-content\/uploads\/2009\/06\/prim.-Dr.-Gani-Karamanaga.jpg 360w, https:\/\/www.visit-ulcinj.com\/blog\/wp-content\/uploads\/2009\/06\/prim.-Dr.-Gani-Karamanaga-300x295.jpg 300w\" sizes=\"(max-width: 360px) 100vw, 360px\" \/><\/a>Drejtori i Sht\u00ebpis\u00eb s\u00eb Sh\u00ebndetit n\u00eb Ulqin, prim. Dr. Gani Karamanaga, ka k\u00ebrkuar nga bashkatdhetar\u00ebt tan\u00eb n\u00eb SHBA q\u00eb t\u00eb ndihmojn\u00eb n\u00eb realizimin e disa projekteve p\u00ebr p\u00ebrmir\u00ebsimin e sh\u00ebrbimit sh\u00ebndet\u00ebsor n\u00eb komun\u00ebn e Ulqinit.<br \/>\nDr. Karamanaga ka fal\u00ebnderuar p\u00ebrfaq\u00ebsuesit e ondacionit \u201cDom Simon Filipaj\u201d si dhe dr. Bahri Ceka p\u00ebr dy autoambulancat e dhuruara nga ata p\u00ebr Sht\u00ebpin\u00eb e Sh\u00ebndetit n\u00eb Ulqin.<br \/>\nAi ka propozuar tre projekte n\u00eb t\u00eb cil\u00ebt bashkatdhetar\u00ebt tan\u00eb mund t\u00eb kontribuonin e q\u00eb kan\u00eb t\u00eb b\u00ebjn\u00eb me Stacionin sh\u00ebndet\u00ebsor n\u00eb Kat\u00ebrkoll\u00eb.<br \/>\nProjekti i par\u00eb ka t\u00eb b\u00ebj\u00eb me nd\u00ebrtimin e barnatores n\u00eb oborrin e Stacionit sh\u00ebndet\u00ebsor n\u00eb Kat\u00ebrkoll\u00eb, i cili mund t\u00eb realizohet n\u00eb bashk\u00ebpunim me Sht\u00ebpin\u00eb e Sh\u00ebndetit Ulqin dhe firm\u00ebn farmaceutike &#8220;Montefarm&#8221; nga Podgorica.<br \/>\nProjekti i dyt\u00eb ka t\u00eb b\u00ebj\u00eb me rregullimin e pullazit t\u00eb Stacionit sh\u00ebndet\u00ebsor n\u00eb Kat\u00ebrkoll\u00eb, ku do t\u00eb kontribuonin edhe afarist\u00ebt nga Ulqini, kurse projekti i tret\u00eb ka t\u00eb b\u00ebj\u00eb me blerjen e nj\u00eb aparati p\u00ebr ultrasonografi me tri sonda, po ashtu p\u00ebr nevojat e Stacionit sh\u00ebndet\u00ebsor n\u00eb Kat\u00ebrkoll\u00eb, e cila mund t\u00eb jet\u00eb e p\u00ebrdorur.<br \/>\nAi i ka njoftuar ata po ashtu me situat\u00ebn n\u00eb sektorin e sh\u00ebndet\u00ebsis\u00eb n\u00eb Ulqin.<br \/>\nDrejtori i Sht\u00ebpis\u00eb s\u00eb Sh\u00ebndetit n\u00eb Ulqin, prim. Dr. Gani Karamanaga, po viziton SHBA-n\u00eb me ftes\u00eb t\u00eb Jacobi Hospital Center n\u00eb Nju Jork, ku ka marr\u00eb pjes\u00eb n\u00eb sh\u00ebnimin e dhjet\u00ebvjetorit t\u00eb pun\u00ebs s\u00eb Klinik\u00ebs Shqiptare \u201cIliria\u201d.<\/p>\n<p><strong>Kohapress<\/strong><\/p>\n<p><strong><!--YouTube Error: bad URL entered--><br \/>\n<\/strong><\/p>\n","protected":false},"excerpt":{"rendered":"<p>Drejtori i Sht\u00ebpis\u00eb s\u00eb Sh\u00ebndetit n\u00eb Ulqin, prim. Dr. Gani Karamanaga, ka k\u00ebrkuar nga bashkatdhetar\u00ebt tan\u00eb n\u00eb SHBA q\u00eb t\u00eb ndihmojn\u00eb n\u00eb realizimin e disa projekteve p\u00ebr p\u00ebrmir\u00ebsimin e sh\u00ebrbimit sh\u00ebndet\u00ebsor n\u00eb komun\u00ebn e Ulqinit. Dr. Karamanaga ka fal\u00ebnderuar p\u00ebrfaq\u00ebsuesit e ondacionit \u201cDom Simon Filipaj\u201d si dhe dr. Bahri Ceka p\u00ebr dy autoambulancat e dhuruara [&hellip;]<\/p>\n","protected":false},"author":1,"featured_media":0,"comment_status":"open","ping_status":"closed","sticky":false,"template":"","format":"standard","meta":{"spay_email":"","jetpack_publicize_message":"","jetpack_is_tweetstorm":false,"jetpack_publicize_feature_enabled":true},"categories":[11],"tags":[11353,6825,11352,11355,11356,11357,3478,11354],"jetpack_publicize_connections":[],"yoast_head":"<!-- This site is optimized with the Yoast SEO plugin v19.1 - https:\/\/yoast.com\/wordpress\/plugins\/seo\/ -->\n<title>G.Karamanaga: Ndihm\u00eb p\u00ebr p\u00ebrmir\u00ebsimin e sh\u00ebrbimit sh\u00ebndet\u00ebsor - Lajme nga Ulqini<\/title>\n<meta name=\"description\" content=\"Drejtori i Sht\u00ebpis\u00eb s\u00eb Sh\u00ebndetit n\u00eb Ulqin, prim. Dr. Gani Karamanaga, ka k\u00ebrkuar nga bashkatdhetar\u00ebt tan\u00eb n\u00eb SHBA q\u00eb t\u00eb ndihmojn\u00eb n\u00eb realizimin e disa\" \/>\n<meta name=\"robots\" content=\"index, follow, max-snippet:-1, max-image-preview:large, max-video-preview:-1\" \/>\n<link rel=\"canonical\" href=\"https:\/\/www.visit-ulcinj.com\/blog\/2009\/06\/22\/g-karamanaga-ndihme-per-permiresimin-e-sherbimit-shendetesor\/\" \/>\n<meta property=\"og:locale\" content=\"en_US\" \/>\n<meta property=\"og:type\" content=\"article\" \/>\n<meta property=\"og:title\" content=\"G.Karamanaga: Ndihm\u00eb p\u00ebr p\u00ebrmir\u00ebsimin e sh\u00ebrbimit sh\u00ebndet\u00ebsor - Lajme nga Ulqini\" \/>\n<meta property=\"og:description\" content=\"Drejtori i Sht\u00ebpis\u00eb s\u00eb Sh\u00ebndetit n\u00eb Ulqin, prim. Dr. Gani Karamanaga, ka k\u00ebrkuar nga bashkatdhetar\u00ebt tan\u00eb n\u00eb SHBA q\u00eb t\u00eb ndihmojn\u00eb n\u00eb realizimin e disa\" \/>\n<meta property=\"og:url\" content=\"https:\/\/www.visit-ulcinj.com\/blog\/2009\/06\/22\/g-karamanaga-ndihme-per-permiresimin-e-sherbimit-shendetesor\/\" \/>\n<meta property=\"og:site_name\" content=\"Lajme nga Ulqini\" \/>\n<meta property=\"article:published_time\" content=\"2009-06-22T16:52:24+00:00\" \/>\n<meta property=\"article:modified_time\" content=\"2009-06-28T13:38:45+00:00\" \/>\n<meta property=\"og:image\" content=\"http:\/\/www.visit-ulcinj.com\/blog\/wp-content\/uploads\/2009\/06\/prim.-Dr.-Gani-Karamanaga.jpg\" \/>\n<meta name=\"twitter:label1\" content=\"Written by\" \/>\n\t<meta name=\"twitter:data1\" content=\"ulqini\" \/>\n\t<meta name=\"twitter:label2\" content=\"Est. reading time\" \/>\n\t<meta name=\"twitter:data2\" content=\"1 minute\" \/>\n<script type=\"application\/ld+json\" class=\"yoast-schema-graph\">{\"@context\":\"https:\/\/schema.org\",\"@graph\":[{\"@type\":\"WebSite\",\"@id\":\"https:\/\/www.visit-ulcinj.com\/blog\/#website\",\"url\":\"https:\/\/www.visit-ulcinj.com\/blog\/\",\"name\":\"Lajme nga Ulqini\",\"description\":\"Lajme,Vijesti,Ulqini,Ulqin,Crna Gora,Mali i Zi\",\"potentialAction\":[{\"@type\":\"SearchAction\",\"target\":{\"@type\":\"EntryPoint\",\"urlTemplate\":\"https:\/\/www.visit-ulcinj.com\/blog\/?s={search_term_string}\"},\"query-input\":\"required name=search_term_string\"}],\"inLanguage\":\"en-US\"},{\"@type\":\"ImageObject\",\"inLanguage\":\"en-US\",\"@id\":\"https:\/\/www.visit-ulcinj.com\/blog\/2009\/06\/22\/g-karamanaga-ndihme-per-permiresimin-e-sherbimit-shendetesor\/#primaryimage\",\"url\":\"https:\/\/www.visit-ulcinj.com\/blog\/wp-content\/uploads\/2009\/06\/prim.-Dr.-Gani-Karamanaga.jpg\",\"contentUrl\":\"https:\/\/www.visit-ulcinj.com\/blog\/wp-content\/uploads\/2009\/06\/prim.-Dr.-Gani-Karamanaga.jpg\",\"width\":\"360\",\"height\":\"355\"},{\"@type\":\"WebPage\",\"@id\":\"https:\/\/www.visit-ulcinj.com\/blog\/2009\/06\/22\/g-karamanaga-ndihme-per-permiresimin-e-sherbimit-shendetesor\/#webpage\",\"url\":\"https:\/\/www.visit-ulcinj.com\/blog\/2009\/06\/22\/g-karamanaga-ndihme-per-permiresimin-e-sherbimit-shendetesor\/\",\"name\":\"G.Karamanaga: Ndihm\u00eb p\u00ebr p\u00ebrmir\u00ebsimin e sh\u00ebrbimit sh\u00ebndet\u00ebsor - Lajme nga Ulqini\",\"isPartOf\":{\"@id\":\"https:\/\/www.visit-ulcinj.com\/blog\/#website\"},\"primaryImageOfPage\":{\"@id\":\"https:\/\/www.visit-ulcinj.com\/blog\/2009\/06\/22\/g-karamanaga-ndihme-per-permiresimin-e-sherbimit-shendetesor\/#primaryimage\"},\"datePublished\":\"2009-06-22T16:52:24+00:00\",\"dateModified\":\"2009-06-28T13:38:45+00:00\",\"author\":{\"@id\":\"https:\/\/www.visit-ulcinj.com\/blog\/#\/schema\/person\/dcab619c614d3038751c63bc2aadc06d\"},\"description\":\"Drejtori i Sht\u00ebpis\u00eb s\u00eb Sh\u00ebndetit n\u00eb Ulqin, prim. Dr. Gani Karamanaga, ka k\u00ebrkuar nga bashkatdhetar\u00ebt tan\u00eb n\u00eb SHBA q\u00eb t\u00eb ndihmojn\u00eb n\u00eb realizimin e disa\",\"breadcrumb\":{\"@id\":\"https:\/\/www.visit-ulcinj.com\/blog\/2009\/06\/22\/g-karamanaga-ndihme-per-permiresimin-e-sherbimit-shendetesor\/#breadcrumb\"},\"inLanguage\":\"en-US\",\"potentialAction\":[{\"@type\":\"ReadAction\",\"target\":[\"https:\/\/www.visit-ulcinj.com\/blog\/2009\/06\/22\/g-karamanaga-ndihme-per-permiresimin-e-sherbimit-shendetesor\/\"]}]},{\"@type\":\"BreadcrumbList\",\"@id\":\"https:\/\/www.visit-ulcinj.com\/blog\/2009\/06\/22\/g-karamanaga-ndihme-per-permiresimin-e-sherbimit-shendetesor\/#breadcrumb\",\"itemListElement\":[{\"@type\":\"ListItem\",\"position\":1,\"name\":\"G.Karamanaga: Ndihm\u00eb p\u00ebr p\u00ebrmir\u00ebsimin e sh\u00ebrbimit sh\u00ebndet\u00ebsor\"}]},{\"@type\":\"Person\",\"@id\":\"https:\/\/www.visit-ulcinj.com\/blog\/#\/schema\/person\/dcab619c614d3038751c63bc2aadc06d\",\"name\":\"ulqini\",\"sameAs\":[\"http:\/\/www.visit-ulcinj.com\"],\"url\":\"https:\/\/www.visit-ulcinj.com\/blog\/author\/admin\/\"}]}<\/script>\n<!-- \/ Yoast SEO plugin. -->","yoast_head_json":{"title":"G.Karamanaga: Ndihm\u00eb p\u00ebr p\u00ebrmir\u00ebsimin e sh\u00ebrbimit sh\u00ebndet\u00ebsor - Lajme nga Ulqini","description":"Drejtori i Sht\u00ebpis\u00eb s\u00eb Sh\u00ebndetit n\u00eb Ulqin, prim. Dr. Gani Karamanaga, ka k\u00ebrkuar nga bashkatdhetar\u00ebt tan\u00eb n\u00eb SHBA q\u00eb t\u00eb ndihmojn\u00eb n\u00eb realizimin e disa","robots":{"index":"index","follow":"follow","max-snippet":"max-snippet:-1","max-image-preview":"max-image-preview:large","max-video-preview":"max-video-preview:-1"},"canonical":"https:\/\/www.visit-ulcinj.com\/blog\/2009\/06\/22\/g-karamanaga-ndihme-per-permiresimin-e-sherbimit-shendetesor\/","og_locale":"en_US","og_type":"article","og_title":"G.Karamanaga: Ndihm\u00eb p\u00ebr p\u00ebrmir\u00ebsimin e sh\u00ebrbimit sh\u00ebndet\u00ebsor - Lajme nga Ulqini","og_description":"Drejtori i Sht\u00ebpis\u00eb s\u00eb Sh\u00ebndetit n\u00eb Ulqin, prim. Dr. Gani Karamanaga, ka k\u00ebrkuar nga bashkatdhetar\u00ebt tan\u00eb n\u00eb SHBA q\u00eb t\u00eb ndihmojn\u00eb n\u00eb realizimin e disa","og_url":"https:\/\/www.visit-ulcinj.com\/blog\/2009\/06\/22\/g-karamanaga-ndihme-per-permiresimin-e-sherbimit-shendetesor\/","og_site_name":"Lajme nga Ulqini","article_published_time":"2009-06-22T16:52:24+00:00","article_modified_time":"2009-06-28T13:38:45+00:00","og_image":[{"url":"http:\/\/www.visit-ulcinj.com\/blog\/wp-content\/uploads\/2009\/06\/prim.-Dr.-Gani-Karamanaga.jpg"}],"twitter_misc":{"Written by":"ulqini","Est. reading time":"1 minute"},"schema":{"@context":"https:\/\/schema.org","@graph":[{"@type":"WebSite","@id":"https:\/\/www.visit-ulcinj.com\/blog\/#website","url":"https:\/\/www.visit-ulcinj.com\/blog\/","name":"Lajme nga Ulqini","description":"Lajme,Vijesti,Ulqini,Ulqin,Crna Gora,Mali i Zi","potentialAction":[{"@type":"SearchAction","target":{"@type":"EntryPoint","urlTemplate":"https:\/\/www.visit-ulcinj.com\/blog\/?s={search_term_string}"},"query-input":"required name=search_term_string"}],"inLanguage":"en-US"},{"@type":"ImageObject","inLanguage":"en-US","@id":"https:\/\/www.visit-ulcinj.com\/blog\/2009\/06\/22\/g-karamanaga-ndihme-per-permiresimin-e-sherbimit-shendetesor\/#primaryimage","url":"https:\/\/www.visit-ulcinj.com\/blog\/wp-content\/uploads\/2009\/06\/prim.-Dr.-Gani-Karamanaga.jpg","contentUrl":"https:\/\/www.visit-ulcinj.com\/blog\/wp-content\/uploads\/2009\/06\/prim.-Dr.-Gani-Karamanaga.jpg","width":"360","height":"355"},{"@type":"WebPage","@id":"https:\/\/www.visit-ulcinj.com\/blog\/2009\/06\/22\/g-karamanaga-ndihme-per-permiresimin-e-sherbimit-shendetesor\/#webpage","url":"https:\/\/www.visit-ulcinj.com\/blog\/2009\/06\/22\/g-karamanaga-ndihme-per-permiresimin-e-sherbimit-shendetesor\/","name":"G.Karamanaga: Ndihm\u00eb p\u00ebr p\u00ebrmir\u00ebsimin e sh\u00ebrbimit sh\u00ebndet\u00ebsor - Lajme nga Ulqini","isPartOf":{"@id":"https:\/\/www.visit-ulcinj.com\/blog\/#website"},"primaryImageOfPage":{"@id":"https:\/\/www.visit-ulcinj.com\/blog\/2009\/06\/22\/g-karamanaga-ndihme-per-permiresimin-e-sherbimit-shendetesor\/#primaryimage"},"datePublished":"2009-06-22T16:52:24+00:00","dateModified":"2009-06-28T13:38:45+00:00","author":{"@id":"https:\/\/www.visit-ulcinj.com\/blog\/#\/schema\/person\/dcab619c614d3038751c63bc2aadc06d"},"description":"Drejtori i Sht\u00ebpis\u00eb s\u00eb Sh\u00ebndetit n\u00eb Ulqin, prim. Dr. Gani Karamanaga, ka k\u00ebrkuar nga bashkatdhetar\u00ebt tan\u00eb n\u00eb SHBA q\u00eb t\u00eb ndihmojn\u00eb n\u00eb realizimin e disa","breadcrumb":{"@id":"https:\/\/www.visit-ulcinj.com\/blog\/2009\/06\/22\/g-karamanaga-ndihme-per-permiresimin-e-sherbimit-shendetesor\/#breadcrumb"},"inLanguage":"en-US","potentialAction":[{"@type":"ReadAction","target":["https:\/\/www.visit-ulcinj.com\/blog\/2009\/06\/22\/g-karamanaga-ndihme-per-permiresimin-e-sherbimit-shendetesor\/"]}]},{"@type":"BreadcrumbList","@id":"https:\/\/www.visit-ulcinj.com\/blog\/2009\/06\/22\/g-karamanaga-ndihme-per-permiresimin-e-sherbimit-shendetesor\/#breadcrumb","itemListElement":[{"@type":"ListItem","position":1,"name":"G.Karamanaga: Ndihm\u00eb p\u00ebr p\u00ebrmir\u00ebsimin e sh\u00ebrbimit sh\u00ebndet\u00ebsor"}]},{"@type":"Person","@id":"https:\/\/www.visit-ulcinj.com\/blog\/#\/schema\/person\/dcab619c614d3038751c63bc2aadc06d","name":"ulqini","sameAs":["http:\/\/www.visit-ulcinj.com"],"url":"https:\/\/www.visit-ulcinj.com\/blog\/author\/admin\/"}]}},"jetpack_featured_media_url":"","jetpack_sharing_enabled":true,"jetpack_shortlink":"https:\/\/wp.me\/pe6lTn-61g","_links":{"self":[{"href":"https:\/\/www.visit-ulcinj.com\/blog\/wp-json\/wp\/v2\/posts\/23142"}],"collection":[{"href":"https:\/\/www.visit-ulcinj.com\/blog\/wp-json\/wp\/v2\/posts"}],"about":[{"href":"https:\/\/www.visit-ulcinj.com\/blog\/wp-json\/wp\/v2\/types\/post"}],"author":[{"embeddable":true,"href":"https:\/\/www.visit-ulcinj.com\/blog\/wp-json\/wp\/v2\/users\/1"}],"replies":[{"embeddable":true,"href":"https:\/\/www.visit-ulcinj.com\/blog\/wp-json\/wp\/v2\/comments?post=23142"}],"version-history":[{"count":0,"href":"https:\/\/www.visit-ulcinj.com\/blog\/wp-json\/wp\/v2\/posts\/23142\/revisions"}],"wp:attachment":[{"href":"https:\/\/www.visit-ulcinj.com\/blog\/wp-json\/wp\/v2\/media?parent=23142"}],"wp:term":[{"taxonomy":"category","embeddable":true,"href":"https:\/\/www.visit-ulcinj.com\/blog\/wp-json\/wp\/v2\/categories?post=23142"},{"taxonomy":"post_tag","embeddable":true,"href":"https:\/\/www.visit-ulcinj.com\/blog\/wp-json\/wp\/v2\/tags?post=23142"}],"curies":[{"name":"wp","href":"https:\/\/api.w.org\/{rel}","templated":true}]}}