{"id":23146,"date":"2009-06-22T19:18:19","date_gmt":"2009-06-22T17:18:19","guid":{"rendered":"http:\/\/www.visit-ulcinj.com\/blog\/?p=23146"},"modified":"2009-06-30T17:18:57","modified_gmt":"2009-06-30T15:18:57","slug":"fuqite-e-medha-pergatiten-per-demonstrim-detar","status":"publish","type":"post","link":"https:\/\/www.visit-ulcinj.com\/blog\/2009\/06\/22\/fuqite-e-medha-pergatiten-per-demonstrim-detar\/","title":{"rendered":"Fuqit\u00eb e M\u00ebdha p\u00ebrgatiten p\u00ebr demonstrim detar"},"content":{"rendered":"<p><strong><a href=\"http:\/\/www.visit-ulcinj.com\/blog\/wp-content\/uploads\/2009\/06\/flota.gif\"><img loading=\"lazy\" class=\"alignleft size-full wp-image-23147\" title=\"flota\" src=\"http:\/\/www.visit-ulcinj.com\/blog\/wp-content\/uploads\/2009\/06\/flota.gif\" alt=\"flota\" width=\"580\" height=\"250\" \/><\/a>ULQINI N\u00cb VITET E LIDHJES SHQIPTARE T\u00cb PRIZRENIT 1878-1881 (25)<\/strong><br \/>\nFuqit\u00eb e M\u00ebdha p\u00ebrgatiten p\u00ebr demonstrim detarFuqit\u00eb e M\u00ebdha p\u00ebrgatiten p\u00ebr demonstrim detar<br \/>\nAustro-Hungaria parimisht pajtohej me propozimin q\u00eb t\u00eb merrte pjes\u00eb n\u00eb nj\u00eb demonstrim t\u00eb k\u00ebtill\u00eb t\u00eb flot\u00ebs s\u00eb bashkuar n\u00eb dobi t\u00eb Malit t\u00eb Zi dhe propozoi q\u00eb \u00e7donj\u00ebra nga Fuqit\u00eb e M\u00ebdha t\u00eb marr\u00eb pjes\u00eb me nga dy anije. Ajo propozoi gjithashtu q\u00eb do t\u00eb ishte me vend q\u00eb Mali i Zi t\u00eb thirrej q\u00eb me ushtri ta okuponte Ulqinin. Austro-Hungaria e p\u00ebrkrahu gjithashtu edhe propozimin e Granvilit q\u00eb Port\u00ebs s\u00eb Lart\u00eb t\u2019i d\u00ebrgohej nj\u00eb komunikat\u00eb e p\u00ebrbashk\u00ebt e Fuqive t\u00eb M\u00ebdha q\u00eb p\u00ebr tri jav\u00eb ta zbatonte Protokollin e prillit. N\u00eb qoft\u00eb se nuk do ta plot\u00ebsonte k\u00ebt\u00eb k\u00ebrkes\u00eb, at\u00ebher\u00eb Turqia do t\u00eb duhej t\u00eb thirrej q\u00eb t\u2019u bashkangjitej Fuqive t\u00eb M\u00ebdha p\u00ebr ta ndihmuar Malin e Zi q\u00eb ta merrte Ulqinin. Ajo ishte edhe kund\u00ebr zbarkimit n\u00eb tok\u00eb, sepse nuk e p\u00ebrjashtonte mund\u00ebsin\u00eb e angazhimit t\u00eb drejtp\u00ebrdrejt\u00eb t\u00eb Rusis\u00eb n\u00eb an\u00ebn e Malit t\u00eb Zi.<br \/>\nAnglia n\u00eb parim pranonte q\u00eb \u00e7do shtet t\u00eb d\u00ebrgonte nga dy anije, por nuk do t\u00eb paraqiste v\u00ebshtir\u00ebsi edhe n\u00ebse ndonj\u00ebri nga shtetet do t\u00eb d\u00ebrgonte vet\u00ebm nj\u00eb anije. Britania e Madhe dhe Austro-Hungaria u mor\u00ebn vesh p\u00ebr pikat themelore: kuptimin, modalitetin dhe madh\u00ebsin\u00eb e flot\u00ebs s\u00eb bashkuar nd\u00ebrkomb\u00ebtare.<br \/>\nGjermania tregoi gatishm\u00ebri q\u00eb n\u00eb shoq\u00ebri me fuqit\u00eb e tjera t\u00eb val\u00ebvitet edhe flamuri i saj n\u00eb uj\u00ebrat para Ulqinit. Ajo hodhi posht\u00eb pjes\u00ebmarrjen n\u00eb \u00e7far\u00ebdo aksioni eventual n\u00eb tok\u00eb q\u00eb do t\u00eb shkonte n\u00eb favor t\u00eb Malit t\u00eb Zi.<br \/>\nFranca gjithashtu tregoi gatishm\u00ebri p\u00ebr t\u00eb marr\u00eb pjes\u00eb n\u00eb demonstrimin detar. Ajo theksonte se ky aksion duhej t\u00eb ishte aksion t\u00ebr\u00ebsisht kolektiv, t\u00eb paraqiste d\u00ebshir\u00ebn e t\u00eb gjith\u00ebve. N\u00eb qoft\u00eb se nuk do t\u00eb merrte pjes\u00eb vet\u00ebm edhe nj\u00eb shtet, mendonte ajo, at\u00ebher\u00eb do t\u00eb kompromitohej autoriteti i Evrop\u00ebs. Franca k\u00ebrkonte t\u00eb mos nd\u00ebrmerrej desanti si dhe t\u00eb mos ndizej asnj\u00eb fishek nga anijet.<br \/>\nRusia, mike dhe aleate, n\u00eb realitet mbrojt\u00ebse e Malit t\u00eb Zi, theksonte se duhej t\u00eb nd\u00ebrmerrej nj\u00eb aksion efikas, por nuk i hynte definimit t\u00eb tij, sepse d\u00ebshironte t\u00eb mbeste anash, neutrale. Si q\u00ebndrim zyrtar i qeveris\u00eb ruse mund t\u00eb merrej p\u00ebrgjigjja e Girsit dh\u00ebn\u00eb Granvilit se qeveria e tij pajtohet dhe se ajo t\u00ebr\u00eb koh\u00ebn kishte theksuar se \u201cpa masa efikase nuk do t\u00eb zgjidhet \u00e7\u00ebshtja e Malit t\u00eb Zi\u201d. Girsi shpresonte se nj\u00eb thirrje kolektive do t\u00eb mund t\u00eb kishte efekt, k\u00ebshtu q\u00eb ndoshta nuk do t\u00eb kishte nevoj\u00eb p\u00ebr demonstrim detar.<br \/>\nFuqit\u00eb evropiane ran\u00eb dakord p\u00ebr parimet themelore, p\u00ebr karakterin dhe q\u00ebllimin e demonstrimit detar. Gjithashtu duhej definuar protokollin e realizimit t\u00eb Protokollit t\u00eb prillit po qe se Porta do t\u00eb jepte p\u00ebrgjigje pozitive. Sipas Hajmerles, n\u00eb protokollin e ardhsh\u00ebm duhej t\u00eb p\u00ebrkufizohej e t\u00eb theksohej se ky demonstrim detar i dedikohet vet\u00ebm \u00e7\u00ebshtjes s\u00eb Malit t\u00eb Zi dhe se qeverit\u00eb pjes\u00ebmarr\u00ebse nuk do t\u00eb b\u00ebjn\u00eb kurrfar\u00eb pazarll\u00ebqesh q\u00eb do t\u00eb ishin n\u00eb kund\u00ebrshtim me aksionin e p\u00ebrbashk\u00ebt p\u00ebr zbatimin e Traktatit t\u00eb Berlinit.<br \/>\nPorta l\u00ebkundej n\u00eb q\u00ebndrimin e saj. Ajo ishte e gatshme n\u00eb parim ta l\u00ebshonte Ulqinin, por u gjet p\u00ebrball\u00eb q\u00ebndres\u00ebs s\u00eb vendosur jo vet\u00ebm t\u00eb banor\u00ebve t\u00eb qytetit dhe rrethinave t\u00eb tij, por edhe t\u00eb popullsis\u00eb s\u00eb krahinave t\u00eb tjera t\u00eb Shqip\u00ebris\u00eb, e ve\u00e7an\u00ebrisht t\u00eb Shkodr\u00ebs q\u00eb kishte lidhje t\u00eb ngushta me ekonomin\u00eb e Ulqinit. Nga ana tjet\u00ebr, Fuqit\u00eb e M\u00ebdha i kanoseshin Port\u00ebs me nj\u00eb demonstrat\u00eb t\u00eb bashkuar t\u00eb flot\u00ebs luftarake p\u00ebrpara Ulqinit p\u00ebr ta detyruar t\u00eb zbatonte vendimet e Berlinit.<br \/>\nAmbasadori austro-hungarez i shkruante Vjen\u00ebs se sulltani kishte m\u00eb shum\u00eb frik\u00eb nga kryengritja shqiptare sesa nga demonstrata e flot\u00ebs nd\u00ebrkomb\u00ebtare.<br \/>\nN\u00eb bised\u00ebn q\u00eb kishte b\u00ebr\u00eb ambasadori italian, Corti, n\u00eb Stamboll me ministrin e Pun\u00ebve t\u00eb Jashtme t\u00eb Turqis\u00eb, Abedin pash\u00eb Dinon kishte fituar p\u00ebrgjigjen se Porta e Lart\u00eb ishte e vendosur q\u00eb t\u2019i jepte fund \u00e7\u00ebshtjes s\u00eb Ulqinit duke ia dor\u00ebzuar Malit t\u00eb Zi. N\u00eb propozimin e Abedin pash\u00ebs, Porta deklaronte se i vinte r\u00ebnd\u00eb t\u00eb l\u00ebshonte tok\u00eb pjellore n\u00eb vend t\u00eb Hotit dhe t\u00eb Grud\u00ebs. N\u00eb propozimin e Abedin pash\u00ebs se \u00ebsht\u00eb e mjaftueshme q\u00eb trupat osmane t\u00eb largoheshin nga territori n\u00eb fjal\u00eb, p\u00ebrfaq\u00ebsuesi italian kishte shprehur mendimin se do t\u00eb ishte e domosdoshme q\u00eb dor\u00ebzimi formal i territorit n\u00eb fjal\u00eb t\u00eb b\u00ebhej nga ana e autoriteteve osmane, duke ia dor\u00ebzuar princ Nikoll\u00ebs. Gjithashtu u b\u00eb me dije se princi Lobasov parashtroi nj\u00eb ide, sipas s\u00eb cil\u00ebs Porta do t\u00eb okupoj\u00eb ushtarakisht tokat n\u00eb diskutim dhe pastaj do t\u2019ia dor\u00ebzoj\u00eb forcave malazeze q\u00eb t\u00eb vendosen aty. Abedin pasha deklaroi se Porta obligohet q\u00eb vet\u00ebm forcat e armatosura dhe administrat\u00ebn t\u2019i t\u00ebrheq\u00eb n\u00eb an\u00ebn tjet\u00ebr t\u00eb Bun\u00ebs, por nuk do t\u00eb jap\u00eb kurrfar\u00eb p\u00ebrgjegj\u00ebsie n\u00eb qoft\u00eb se shqiptar\u00ebt do ta mbrojn\u00eb tok\u00ebn e parapar\u00eb p\u00ebr l\u00ebshim.<\/p>\n<p><strong>Riza Rexha<br \/>\nKoha Javore<\/strong><\/p>\n<p><strong><!--YouTube Error: bad URL entered--><br \/>\n<\/strong><\/p>\n","protected":false},"excerpt":{"rendered":"<p>ULQINI N\u00cb VITET E LIDHJES SHQIPTARE T\u00cb PRIZRENIT 1878-1881 (25) Fuqit\u00eb e M\u00ebdha p\u00ebrgatiten p\u00ebr demonstrim detarFuqit\u00eb e M\u00ebdha p\u00ebrgatiten p\u00ebr demonstrim detar Austro-Hungaria parimisht pajtohej me propozimin q\u00eb t\u00eb merrte pjes\u00eb n\u00eb nj\u00eb demonstrim t\u00eb k\u00ebtill\u00eb t\u00eb flot\u00ebs s\u00eb bashkuar n\u00eb dobi t\u00eb Malit t\u00eb Zi dhe propozoi q\u00eb \u00e7donj\u00ebra nga Fuqit\u00eb e M\u00ebdha [&hellip;]<\/p>\n","protected":false},"author":1,"featured_media":0,"comment_status":"open","ping_status":"closed","sticky":false,"template":"","format":"standard","meta":{"spay_email":"","jetpack_publicize_message":"","jetpack_is_tweetstorm":false,"jetpack_publicize_feature_enabled":true},"categories":[4],"tags":[5804,5707],"jetpack_publicize_connections":[],"yoast_head":"<!-- This site is optimized with the Yoast SEO plugin v19.1 - https:\/\/yoast.com\/wordpress\/plugins\/seo\/ -->\n<title>Fuqit\u00eb e M\u00ebdha p\u00ebrgatiten p\u00ebr demonstrim detar - Lajme nga Ulqini<\/title>\n<meta name=\"description\" content=\"ULQINI N\u00cb VITET E LIDHJES SHQIPTARE T\u00cb PRIZRENIT 1878-1881 (25) Fuqit\u00eb e M\u00ebdha p\u00ebrgatiten p\u00ebr demonstrim detarFuqit\u00eb e M\u00ebdha p\u00ebrgatiten p\u00ebr demonstrim\" \/>\n<meta name=\"robots\" content=\"index, follow, max-snippet:-1, max-image-preview:large, max-video-preview:-1\" \/>\n<link rel=\"canonical\" href=\"https:\/\/www.visit-ulcinj.com\/blog\/2009\/06\/22\/fuqite-e-medha-pergatiten-per-demonstrim-detar\/\" \/>\n<meta property=\"og:locale\" content=\"en_US\" \/>\n<meta property=\"og:type\" content=\"article\" \/>\n<meta property=\"og:title\" content=\"Fuqit\u00eb e M\u00ebdha p\u00ebrgatiten p\u00ebr demonstrim detar - Lajme nga Ulqini\" \/>\n<meta property=\"og:description\" content=\"ULQINI N\u00cb VITET E LIDHJES SHQIPTARE T\u00cb PRIZRENIT 1878-1881 (25) Fuqit\u00eb e M\u00ebdha p\u00ebrgatiten p\u00ebr demonstrim detarFuqit\u00eb e M\u00ebdha p\u00ebrgatiten p\u00ebr demonstrim\" \/>\n<meta property=\"og:url\" content=\"https:\/\/www.visit-ulcinj.com\/blog\/2009\/06\/22\/fuqite-e-medha-pergatiten-per-demonstrim-detar\/\" \/>\n<meta property=\"og:site_name\" content=\"Lajme nga Ulqini\" \/>\n<meta property=\"article:published_time\" content=\"2009-06-22T17:18:19+00:00\" \/>\n<meta property=\"article:modified_time\" content=\"2009-06-30T15:18:57+00:00\" \/>\n<meta property=\"og:image\" content=\"http:\/\/www.visit-ulcinj.com\/blog\/wp-content\/uploads\/2009\/06\/flota.gif\" \/>\n<meta name=\"twitter:label1\" content=\"Written by\" \/>\n\t<meta name=\"twitter:data1\" content=\"ulqini\" \/>\n\t<meta name=\"twitter:label2\" content=\"Est. reading time\" \/>\n\t<meta name=\"twitter:data2\" content=\"5 minutes\" \/>\n<script type=\"application\/ld+json\" class=\"yoast-schema-graph\">{\"@context\":\"https:\/\/schema.org\",\"@graph\":[{\"@type\":\"WebSite\",\"@id\":\"https:\/\/www.visit-ulcinj.com\/blog\/#website\",\"url\":\"https:\/\/www.visit-ulcinj.com\/blog\/\",\"name\":\"Lajme nga Ulqini\",\"description\":\"Lajme,Vijesti,Ulqini,Ulqin,Crna Gora,Mali i Zi\",\"potentialAction\":[{\"@type\":\"SearchAction\",\"target\":{\"@type\":\"EntryPoint\",\"urlTemplate\":\"https:\/\/www.visit-ulcinj.com\/blog\/?s={search_term_string}\"},\"query-input\":\"required name=search_term_string\"}],\"inLanguage\":\"en-US\"},{\"@type\":\"ImageObject\",\"inLanguage\":\"en-US\",\"@id\":\"https:\/\/www.visit-ulcinj.com\/blog\/2009\/06\/22\/fuqite-e-medha-pergatiten-per-demonstrim-detar\/#primaryimage\",\"url\":\"https:\/\/www.visit-ulcinj.com\/blog\/wp-content\/uploads\/2009\/06\/flota.gif\",\"contentUrl\":\"https:\/\/www.visit-ulcinj.com\/blog\/wp-content\/uploads\/2009\/06\/flota.gif\",\"width\":\"623\",\"height\":\"237\"},{\"@type\":\"WebPage\",\"@id\":\"https:\/\/www.visit-ulcinj.com\/blog\/2009\/06\/22\/fuqite-e-medha-pergatiten-per-demonstrim-detar\/#webpage\",\"url\":\"https:\/\/www.visit-ulcinj.com\/blog\/2009\/06\/22\/fuqite-e-medha-pergatiten-per-demonstrim-detar\/\",\"name\":\"Fuqit\u00eb e M\u00ebdha p\u00ebrgatiten p\u00ebr demonstrim detar - Lajme nga Ulqini\",\"isPartOf\":{\"@id\":\"https:\/\/www.visit-ulcinj.com\/blog\/#website\"},\"primaryImageOfPage\":{\"@id\":\"https:\/\/www.visit-ulcinj.com\/blog\/2009\/06\/22\/fuqite-e-medha-pergatiten-per-demonstrim-detar\/#primaryimage\"},\"datePublished\":\"2009-06-22T17:18:19+00:00\",\"dateModified\":\"2009-06-30T15:18:57+00:00\",\"author\":{\"@id\":\"https:\/\/www.visit-ulcinj.com\/blog\/#\/schema\/person\/dcab619c614d3038751c63bc2aadc06d\"},\"description\":\"ULQINI N\u00cb VITET E LIDHJES SHQIPTARE T\u00cb PRIZRENIT 1878-1881 (25) Fuqit\u00eb e M\u00ebdha p\u00ebrgatiten p\u00ebr demonstrim detarFuqit\u00eb e M\u00ebdha p\u00ebrgatiten p\u00ebr demonstrim\",\"breadcrumb\":{\"@id\":\"https:\/\/www.visit-ulcinj.com\/blog\/2009\/06\/22\/fuqite-e-medha-pergatiten-per-demonstrim-detar\/#breadcrumb\"},\"inLanguage\":\"en-US\",\"potentialAction\":[{\"@type\":\"ReadAction\",\"target\":[\"https:\/\/www.visit-ulcinj.com\/blog\/2009\/06\/22\/fuqite-e-medha-pergatiten-per-demonstrim-detar\/\"]}]},{\"@type\":\"BreadcrumbList\",\"@id\":\"https:\/\/www.visit-ulcinj.com\/blog\/2009\/06\/22\/fuqite-e-medha-pergatiten-per-demonstrim-detar\/#breadcrumb\",\"itemListElement\":[{\"@type\":\"ListItem\",\"position\":1,\"name\":\"Fuqit\u00eb e M\u00ebdha p\u00ebrgatiten p\u00ebr demonstrim detar\"}]},{\"@type\":\"Person\",\"@id\":\"https:\/\/www.visit-ulcinj.com\/blog\/#\/schema\/person\/dcab619c614d3038751c63bc2aadc06d\",\"name\":\"ulqini\",\"sameAs\":[\"http:\/\/www.visit-ulcinj.com\"],\"url\":\"https:\/\/www.visit-ulcinj.com\/blog\/author\/admin\/\"}]}<\/script>\n<!-- \/ Yoast SEO plugin. -->","yoast_head_json":{"title":"Fuqit\u00eb e M\u00ebdha p\u00ebrgatiten p\u00ebr demonstrim detar - Lajme nga Ulqini","description":"ULQINI N\u00cb VITET E LIDHJES SHQIPTARE T\u00cb PRIZRENIT 1878-1881 (25) Fuqit\u00eb e M\u00ebdha p\u00ebrgatiten p\u00ebr demonstrim detarFuqit\u00eb e M\u00ebdha p\u00ebrgatiten p\u00ebr demonstrim","robots":{"index":"index","follow":"follow","max-snippet":"max-snippet:-1","max-image-preview":"max-image-preview:large","max-video-preview":"max-video-preview:-1"},"canonical":"https:\/\/www.visit-ulcinj.com\/blog\/2009\/06\/22\/fuqite-e-medha-pergatiten-per-demonstrim-detar\/","og_locale":"en_US","og_type":"article","og_title":"Fuqit\u00eb e M\u00ebdha p\u00ebrgatiten p\u00ebr demonstrim detar - Lajme nga Ulqini","og_description":"ULQINI N\u00cb VITET E LIDHJES SHQIPTARE T\u00cb PRIZRENIT 1878-1881 (25) Fuqit\u00eb e M\u00ebdha p\u00ebrgatiten p\u00ebr demonstrim detarFuqit\u00eb e M\u00ebdha p\u00ebrgatiten p\u00ebr demonstrim","og_url":"https:\/\/www.visit-ulcinj.com\/blog\/2009\/06\/22\/fuqite-e-medha-pergatiten-per-demonstrim-detar\/","og_site_name":"Lajme nga Ulqini","article_published_time":"2009-06-22T17:18:19+00:00","article_modified_time":"2009-06-30T15:18:57+00:00","og_image":[{"url":"http:\/\/www.visit-ulcinj.com\/blog\/wp-content\/uploads\/2009\/06\/flota.gif"}],"twitter_misc":{"Written by":"ulqini","Est. reading time":"5 minutes"},"schema":{"@context":"https:\/\/schema.org","@graph":[{"@type":"WebSite","@id":"https:\/\/www.visit-ulcinj.com\/blog\/#website","url":"https:\/\/www.visit-ulcinj.com\/blog\/","name":"Lajme nga Ulqini","description":"Lajme,Vijesti,Ulqini,Ulqin,Crna Gora,Mali i Zi","potentialAction":[{"@type":"SearchAction","target":{"@type":"EntryPoint","urlTemplate":"https:\/\/www.visit-ulcinj.com\/blog\/?s={search_term_string}"},"query-input":"required name=search_term_string"}],"inLanguage":"en-US"},{"@type":"ImageObject","inLanguage":"en-US","@id":"https:\/\/www.visit-ulcinj.com\/blog\/2009\/06\/22\/fuqite-e-medha-pergatiten-per-demonstrim-detar\/#primaryimage","url":"https:\/\/www.visit-ulcinj.com\/blog\/wp-content\/uploads\/2009\/06\/flota.gif","contentUrl":"https:\/\/www.visit-ulcinj.com\/blog\/wp-content\/uploads\/2009\/06\/flota.gif","width":"623","height":"237"},{"@type":"WebPage","@id":"https:\/\/www.visit-ulcinj.com\/blog\/2009\/06\/22\/fuqite-e-medha-pergatiten-per-demonstrim-detar\/#webpage","url":"https:\/\/www.visit-ulcinj.com\/blog\/2009\/06\/22\/fuqite-e-medha-pergatiten-per-demonstrim-detar\/","name":"Fuqit\u00eb e M\u00ebdha p\u00ebrgatiten p\u00ebr demonstrim detar - Lajme nga Ulqini","isPartOf":{"@id":"https:\/\/www.visit-ulcinj.com\/blog\/#website"},"primaryImageOfPage":{"@id":"https:\/\/www.visit-ulcinj.com\/blog\/2009\/06\/22\/fuqite-e-medha-pergatiten-per-demonstrim-detar\/#primaryimage"},"datePublished":"2009-06-22T17:18:19+00:00","dateModified":"2009-06-30T15:18:57+00:00","author":{"@id":"https:\/\/www.visit-ulcinj.com\/blog\/#\/schema\/person\/dcab619c614d3038751c63bc2aadc06d"},"description":"ULQINI N\u00cb VITET E LIDHJES SHQIPTARE T\u00cb PRIZRENIT 1878-1881 (25) Fuqit\u00eb e M\u00ebdha p\u00ebrgatiten p\u00ebr demonstrim detarFuqit\u00eb e M\u00ebdha p\u00ebrgatiten p\u00ebr demonstrim","breadcrumb":{"@id":"https:\/\/www.visit-ulcinj.com\/blog\/2009\/06\/22\/fuqite-e-medha-pergatiten-per-demonstrim-detar\/#breadcrumb"},"inLanguage":"en-US","potentialAction":[{"@type":"ReadAction","target":["https:\/\/www.visit-ulcinj.com\/blog\/2009\/06\/22\/fuqite-e-medha-pergatiten-per-demonstrim-detar\/"]}]},{"@type":"BreadcrumbList","@id":"https:\/\/www.visit-ulcinj.com\/blog\/2009\/06\/22\/fuqite-e-medha-pergatiten-per-demonstrim-detar\/#breadcrumb","itemListElement":[{"@type":"ListItem","position":1,"name":"Fuqit\u00eb e M\u00ebdha p\u00ebrgatiten p\u00ebr demonstrim detar"}]},{"@type":"Person","@id":"https:\/\/www.visit-ulcinj.com\/blog\/#\/schema\/person\/dcab619c614d3038751c63bc2aadc06d","name":"ulqini","sameAs":["http:\/\/www.visit-ulcinj.com"],"url":"https:\/\/www.visit-ulcinj.com\/blog\/author\/admin\/"}]}},"jetpack_featured_media_url":"","jetpack_sharing_enabled":true,"jetpack_shortlink":"https:\/\/wp.me\/pe6lTn-61k","_links":{"self":[{"href":"https:\/\/www.visit-ulcinj.com\/blog\/wp-json\/wp\/v2\/posts\/23146"}],"collection":[{"href":"https:\/\/www.visit-ulcinj.com\/blog\/wp-json\/wp\/v2\/posts"}],"about":[{"href":"https:\/\/www.visit-ulcinj.com\/blog\/wp-json\/wp\/v2\/types\/post"}],"author":[{"embeddable":true,"href":"https:\/\/www.visit-ulcinj.com\/blog\/wp-json\/wp\/v2\/users\/1"}],"replies":[{"embeddable":true,"href":"https:\/\/www.visit-ulcinj.com\/blog\/wp-json\/wp\/v2\/comments?post=23146"}],"version-history":[{"count":0,"href":"https:\/\/www.visit-ulcinj.com\/blog\/wp-json\/wp\/v2\/posts\/23146\/revisions"}],"wp:attachment":[{"href":"https:\/\/www.visit-ulcinj.com\/blog\/wp-json\/wp\/v2\/media?parent=23146"}],"wp:term":[{"taxonomy":"category","embeddable":true,"href":"https:\/\/www.visit-ulcinj.com\/blog\/wp-json\/wp\/v2\/categories?post=23146"},{"taxonomy":"post_tag","embeddable":true,"href":"https:\/\/www.visit-ulcinj.com\/blog\/wp-json\/wp\/v2\/tags?post=23146"}],"curies":[{"name":"wp","href":"https:\/\/api.w.org\/{rel}","templated":true}]}}