{"id":2315,"date":"2008-08-09T17:18:43","date_gmt":"2008-08-09T22:18:43","guid":{"rendered":"http:\/\/www.visit-ulcinj.com\/blog\/?p=2315"},"modified":"2008-08-09T17:44:57","modified_gmt":"2008-08-09T22:44:57","slug":"shuhet-nje-familje-kosovare-ne-nje-aksident-automobilistik-ne-mal-te-zi","status":"publish","type":"post","link":"https:\/\/www.visit-ulcinj.com\/blog\/2008\/08\/09\/shuhet-nje-familje-kosovare-ne-nje-aksident-automobilistik-ne-mal-te-zi\/","title":{"rendered":"Mali i Zi, shuhet nj\u00eb familje kosovare n\u00eb nj\u00eb aksident automobilistik"},"content":{"rendered":"<p><a href=\"http:\/\/www.vijesti.cg.yu\/_slike\/1218239373.jpg\"><img loading=\"lazy\" class=\"alignleft\" title=\"Kat\u00ebr an\u00ebtar\u00eb t\u00eb familjes Metaj nga Gjakova humbin jet\u00ebn af\u00ebr Podgoric\u00ebs \" src=\"http:\/\/www.vijesti.cg.yu\/_slike\/1218239373.jpg\" alt=\"\" width=\"290\" height=\"190\" \/><\/a><strong>N\u00eb aksidentin e r\u00ebnd\u00eb q\u00eb ka ndodhur n\u00eb aksin rrugor Kollashin-Podgoric\u00eb, kan\u00eb humbur jet\u00ebn kat\u00ebr qytetar\u00eb t\u00eb Gjakov\u00ebs, Gonxhe Metaj 27 vje\u00e7are Besnik Metaj 25 vje\u00e7ar, Besarta Metaj 5 vje\u00e7are dhe Besart Metaj 3 vje\u00e7ar. Shoferi i automjetit \u201cAudi\u201d me targa zvicerane Teki Metaj 29 vje\u00e7ar ka marr\u00eb plag\u00eb t\u00eb r\u00ebnda, dhe \u00ebsht\u00eb n\u00eb gjendje kritike p\u00ebr jet\u00ebn.<\/strong><br \/>\nKat\u00ebr an\u00ebtar\u00eb t\u00eb familjes Metaj nga Kosova, midis tyre dy f\u00ebmij\u00eb, kan\u00eb humbur jet\u00ebn dje n\u00eb nj\u00eb aksident q\u00eb ka ndodhur n\u00eb aksin rrugor Kollashin-Podgoric\u00eb, n\u00eb Mal t\u00eb Zi.<br \/>\nN\u00eb k\u00ebt\u00eb aksident \u00ebsht\u00eb l\u00ebnduar r\u00ebnd\u00eb Teki Metaj, shoferi i automjetit tip  Audi A4, me targa zvicerane (SZ-100784). Gjendja e tij sh\u00ebndet\u00ebsore paraqitet e r\u00ebnduar.<a href=\"http:\/\/www.visit-ulcinj.com\/blog\/wp-content\/uploads\/2008\/08\/aksidenti-metaj-2.jpg\"><img loading=\"lazy\" class=\"alignright size-medium wp-image-2317\" title=\"aksidenti-metaj-2\" src=\"http:\/\/www.visit-ulcinj.com\/blog\/wp-content\/uploads\/2008\/08\/aksidenti-metaj-2-300x135.jpg\" alt=\"\" width=\"300\" height=\"135\" srcset=\"https:\/\/www.visit-ulcinj.com\/blog\/wp-content\/uploads\/2008\/08\/aksidenti-metaj-2-300x135.jpg 300w, https:\/\/www.visit-ulcinj.com\/blog\/wp-content\/uploads\/2008\/08\/aksidenti-metaj-2.jpg 478w\" sizes=\"(max-width: 300px) 100vw, 300px\" \/><\/a><br \/>\nMetaj ishte duke udh\u00ebtuar nga Prishtina drejt bregdetit malazes, n\u00eb af\u00ebrsi t\u00eb Kollashinit, kur ka humbur kontrollin dhe ka dal\u00eb n\u00eb krahun tjet\u00ebr t\u00eb rrug\u00ebs dhe \u00ebsht\u00eb ndeshur me nj\u00eb kamion, q\u00eb vinte nga ana e kund\u00ebrt.<br \/>\n<a href=\"http:\/\/www.dan.cg.yu\/gfx_bb\/vijestdana09082008.jpg\"><img loading=\"lazy\" class=\"alignleft\" src=\"http:\/\/www.dan.cg.yu\/gfx_bb\/vijestdana09082008.jpg\" alt=\"\" width=\"171\" height=\"202\" \/><\/a> Bashk\u00ebshortja e Tekiut, Gonxhe 27 vje\u00e7e, v\u00ebllai Besniku 25 vje\u00e7 dhe e bija 5-vje\u00e7e Besanta, kan\u00eb mbetur t\u00eb vdekur n\u00eb vendin e aksidentit, nd\u00ebrsa djali i tij 3-vje\u00e7ar, Besanti, ka vdekur m\u00eb von\u00eb nga plag\u00ebt e marra n\u00eb Spitalin e Podgoric\u00ebs, b\u00ebjn\u00eb t\u00eb ditur mediat maqedonase.<br \/>\nShoferi i kamionit, me targa t\u00eb Podgoric\u00ebs, Nikolla Soshi\u00e7, me t\u00eb cilin \u00ebsht\u00eb ndeshur Metaj, ka deklaruar se aksidenti ka ndodhur kur Metaj ishte duke tejkaluar nj\u00eb kolon\u00eb prej rreth 10 automjetesh dhe \u00ebsht\u00eb futur drejt e n\u00eb kamionin q\u00eb vinte nga ana e kund\u00ebrt. Viktimat ishin nga fshati Here\u00e7 i Gjakov\u00ebs.<br \/>\n<strong>Burimi \/ (a.r\/ina\/balkanweb)<\/strong><\/p>\n","protected":false},"excerpt":{"rendered":"<p><img loading=\"lazy\" class=\"alignleft\" title=\"Kat\u00ebr an\u00ebtar\u00eb t\u00eb familjes Metaj nga Gjakova humbin jet\u00ebn af\u00ebr Podgoric\u00ebs \" src=\"http:\/\/www.vijesti.cg.yu\/_slike\/1218239373.jpg\" alt=\"\" width=\"140\" height=\"140\" \/><\/p>\n","protected":false},"author":1,"featured_media":0,"comment_status":"open","ping_status":"closed","sticky":false,"template":"","format":"standard","meta":{"spay_email":"","jetpack_publicize_message":"","jetpack_is_tweetstorm":false,"jetpack_publicize_feature_enabled":true},"categories":[1,11,12],"tags":[4273,4270,4271,4269,4274,4268,4267,4272],"jetpack_publicize_connections":[],"yoast_head":"<!-- This site is optimized with the Yoast SEO plugin v19.1 - https:\/\/yoast.com\/wordpress\/plugins\/seo\/ -->\n<title>Mali i Zi, shuhet nj\u00eb familje kosovare n\u00eb nj\u00eb aksident automobilistik - Lajme nga Ulqini<\/title>\n<meta name=\"robots\" content=\"index, follow, max-snippet:-1, max-image-preview:large, max-video-preview:-1\" \/>\n<link rel=\"canonical\" href=\"https:\/\/www.visit-ulcinj.com\/blog\/2008\/08\/09\/shuhet-nje-familje-kosovare-ne-nje-aksident-automobilistik-ne-mal-te-zi\/\" \/>\n<meta property=\"og:locale\" content=\"en_US\" \/>\n<meta property=\"og:type\" content=\"article\" \/>\n<meta property=\"og:title\" content=\"Mali i Zi, shuhet nj\u00eb familje kosovare n\u00eb nj\u00eb aksident automobilistik - Lajme nga Ulqini\" \/>\n<meta property=\"og:url\" content=\"https:\/\/www.visit-ulcinj.com\/blog\/2008\/08\/09\/shuhet-nje-familje-kosovare-ne-nje-aksident-automobilistik-ne-mal-te-zi\/\" \/>\n<meta property=\"og:site_name\" content=\"Lajme nga Ulqini\" \/>\n<meta property=\"article:published_time\" content=\"2008-08-09T22:18:43+00:00\" \/>\n<meta property=\"article:modified_time\" content=\"2008-08-09T22:44:57+00:00\" \/>\n<meta property=\"og:image\" content=\"http:\/\/www.vijesti.cg.yu\/_slike\/1218239373.jpg\" \/>\n<meta name=\"twitter:label1\" content=\"Written by\" \/>\n\t<meta name=\"twitter:data1\" content=\"ulqini\" \/>\n\t<meta name=\"twitter:label2\" content=\"Est. reading time\" \/>\n\t<meta name=\"twitter:data2\" content=\"1 minute\" \/>\n<script type=\"application\/ld+json\" class=\"yoast-schema-graph\">{\"@context\":\"https:\/\/schema.org\",\"@graph\":[{\"@type\":\"WebSite\",\"@id\":\"https:\/\/www.visit-ulcinj.com\/blog\/#website\",\"url\":\"https:\/\/www.visit-ulcinj.com\/blog\/\",\"name\":\"Lajme nga Ulqini\",\"description\":\"Lajme,Vijesti,Ulqini,Ulqin,Crna Gora,Mali i Zi\",\"potentialAction\":[{\"@type\":\"SearchAction\",\"target\":{\"@type\":\"EntryPoint\",\"urlTemplate\":\"https:\/\/www.visit-ulcinj.com\/blog\/?s={search_term_string}\"},\"query-input\":\"required name=search_term_string\"}],\"inLanguage\":\"en-US\"},{\"@type\":\"ImageObject\",\"inLanguage\":\"en-US\",\"@id\":\"https:\/\/www.visit-ulcinj.com\/blog\/2008\/08\/09\/shuhet-nje-familje-kosovare-ne-nje-aksident-automobilistik-ne-mal-te-zi\/#primaryimage\",\"url\":\"http:\/\/www.vijesti.cg.yu\/_slike\/1218239373.jpg\",\"contentUrl\":\"http:\/\/www.vijesti.cg.yu\/_slike\/1218239373.jpg\"},{\"@type\":\"WebPage\",\"@id\":\"https:\/\/www.visit-ulcinj.com\/blog\/2008\/08\/09\/shuhet-nje-familje-kosovare-ne-nje-aksident-automobilistik-ne-mal-te-zi\/#webpage\",\"url\":\"https:\/\/www.visit-ulcinj.com\/blog\/2008\/08\/09\/shuhet-nje-familje-kosovare-ne-nje-aksident-automobilistik-ne-mal-te-zi\/\",\"name\":\"Mali i Zi, shuhet nj\u00eb familje kosovare n\u00eb nj\u00eb aksident automobilistik - Lajme nga Ulqini\",\"isPartOf\":{\"@id\":\"https:\/\/www.visit-ulcinj.com\/blog\/#website\"},\"primaryImageOfPage\":{\"@id\":\"https:\/\/www.visit-ulcinj.com\/blog\/2008\/08\/09\/shuhet-nje-familje-kosovare-ne-nje-aksident-automobilistik-ne-mal-te-zi\/#primaryimage\"},\"datePublished\":\"2008-08-09T22:18:43+00:00\",\"dateModified\":\"2008-08-09T22:44:57+00:00\",\"author\":{\"@id\":\"https:\/\/www.visit-ulcinj.com\/blog\/#\/schema\/person\/dcab619c614d3038751c63bc2aadc06d\"},\"breadcrumb\":{\"@id\":\"https:\/\/www.visit-ulcinj.com\/blog\/2008\/08\/09\/shuhet-nje-familje-kosovare-ne-nje-aksident-automobilistik-ne-mal-te-zi\/#breadcrumb\"},\"inLanguage\":\"en-US\",\"potentialAction\":[{\"@type\":\"ReadAction\",\"target\":[\"https:\/\/www.visit-ulcinj.com\/blog\/2008\/08\/09\/shuhet-nje-familje-kosovare-ne-nje-aksident-automobilistik-ne-mal-te-zi\/\"]}]},{\"@type\":\"BreadcrumbList\",\"@id\":\"https:\/\/www.visit-ulcinj.com\/blog\/2008\/08\/09\/shuhet-nje-familje-kosovare-ne-nje-aksident-automobilistik-ne-mal-te-zi\/#breadcrumb\",\"itemListElement\":[{\"@type\":\"ListItem\",\"position\":1,\"name\":\"Mali i Zi, shuhet nj\u00eb familje kosovare n\u00eb nj\u00eb aksident automobilistik\"}]},{\"@type\":\"Person\",\"@id\":\"https:\/\/www.visit-ulcinj.com\/blog\/#\/schema\/person\/dcab619c614d3038751c63bc2aadc06d\",\"name\":\"ulqini\",\"sameAs\":[\"http:\/\/www.visit-ulcinj.com\"],\"url\":\"https:\/\/www.visit-ulcinj.com\/blog\/author\/admin\/\"}]}<\/script>\n<!-- \/ Yoast SEO plugin. -->","yoast_head_json":{"title":"Mali i Zi, shuhet nj\u00eb familje kosovare n\u00eb nj\u00eb aksident automobilistik - Lajme nga Ulqini","robots":{"index":"index","follow":"follow","max-snippet":"max-snippet:-1","max-image-preview":"max-image-preview:large","max-video-preview":"max-video-preview:-1"},"canonical":"https:\/\/www.visit-ulcinj.com\/blog\/2008\/08\/09\/shuhet-nje-familje-kosovare-ne-nje-aksident-automobilistik-ne-mal-te-zi\/","og_locale":"en_US","og_type":"article","og_title":"Mali i Zi, shuhet nj\u00eb familje kosovare n\u00eb nj\u00eb aksident automobilistik - Lajme nga Ulqini","og_url":"https:\/\/www.visit-ulcinj.com\/blog\/2008\/08\/09\/shuhet-nje-familje-kosovare-ne-nje-aksident-automobilistik-ne-mal-te-zi\/","og_site_name":"Lajme nga Ulqini","article_published_time":"2008-08-09T22:18:43+00:00","article_modified_time":"2008-08-09T22:44:57+00:00","og_image":[{"url":"http:\/\/www.vijesti.cg.yu\/_slike\/1218239373.jpg"}],"twitter_misc":{"Written by":"ulqini","Est. reading time":"1 minute"},"schema":{"@context":"https:\/\/schema.org","@graph":[{"@type":"WebSite","@id":"https:\/\/www.visit-ulcinj.com\/blog\/#website","url":"https:\/\/www.visit-ulcinj.com\/blog\/","name":"Lajme nga Ulqini","description":"Lajme,Vijesti,Ulqini,Ulqin,Crna Gora,Mali i Zi","potentialAction":[{"@type":"SearchAction","target":{"@type":"EntryPoint","urlTemplate":"https:\/\/www.visit-ulcinj.com\/blog\/?s={search_term_string}"},"query-input":"required name=search_term_string"}],"inLanguage":"en-US"},{"@type":"ImageObject","inLanguage":"en-US","@id":"https:\/\/www.visit-ulcinj.com\/blog\/2008\/08\/09\/shuhet-nje-familje-kosovare-ne-nje-aksident-automobilistik-ne-mal-te-zi\/#primaryimage","url":"http:\/\/www.vijesti.cg.yu\/_slike\/1218239373.jpg","contentUrl":"http:\/\/www.vijesti.cg.yu\/_slike\/1218239373.jpg"},{"@type":"WebPage","@id":"https:\/\/www.visit-ulcinj.com\/blog\/2008\/08\/09\/shuhet-nje-familje-kosovare-ne-nje-aksident-automobilistik-ne-mal-te-zi\/#webpage","url":"https:\/\/www.visit-ulcinj.com\/blog\/2008\/08\/09\/shuhet-nje-familje-kosovare-ne-nje-aksident-automobilistik-ne-mal-te-zi\/","name":"Mali i Zi, shuhet nj\u00eb familje kosovare n\u00eb nj\u00eb aksident automobilistik - Lajme nga Ulqini","isPartOf":{"@id":"https:\/\/www.visit-ulcinj.com\/blog\/#website"},"primaryImageOfPage":{"@id":"https:\/\/www.visit-ulcinj.com\/blog\/2008\/08\/09\/shuhet-nje-familje-kosovare-ne-nje-aksident-automobilistik-ne-mal-te-zi\/#primaryimage"},"datePublished":"2008-08-09T22:18:43+00:00","dateModified":"2008-08-09T22:44:57+00:00","author":{"@id":"https:\/\/www.visit-ulcinj.com\/blog\/#\/schema\/person\/dcab619c614d3038751c63bc2aadc06d"},"breadcrumb":{"@id":"https:\/\/www.visit-ulcinj.com\/blog\/2008\/08\/09\/shuhet-nje-familje-kosovare-ne-nje-aksident-automobilistik-ne-mal-te-zi\/#breadcrumb"},"inLanguage":"en-US","potentialAction":[{"@type":"ReadAction","target":["https:\/\/www.visit-ulcinj.com\/blog\/2008\/08\/09\/shuhet-nje-familje-kosovare-ne-nje-aksident-automobilistik-ne-mal-te-zi\/"]}]},{"@type":"BreadcrumbList","@id":"https:\/\/www.visit-ulcinj.com\/blog\/2008\/08\/09\/shuhet-nje-familje-kosovare-ne-nje-aksident-automobilistik-ne-mal-te-zi\/#breadcrumb","itemListElement":[{"@type":"ListItem","position":1,"name":"Mali i Zi, shuhet nj\u00eb familje kosovare n\u00eb nj\u00eb aksident automobilistik"}]},{"@type":"Person","@id":"https:\/\/www.visit-ulcinj.com\/blog\/#\/schema\/person\/dcab619c614d3038751c63bc2aadc06d","name":"ulqini","sameAs":["http:\/\/www.visit-ulcinj.com"],"url":"https:\/\/www.visit-ulcinj.com\/blog\/author\/admin\/"}]}},"jetpack_featured_media_url":"","jetpack_sharing_enabled":true,"jetpack_shortlink":"https:\/\/wp.me\/pe6lTn-Bl","_links":{"self":[{"href":"https:\/\/www.visit-ulcinj.com\/blog\/wp-json\/wp\/v2\/posts\/2315"}],"collection":[{"href":"https:\/\/www.visit-ulcinj.com\/blog\/wp-json\/wp\/v2\/posts"}],"about":[{"href":"https:\/\/www.visit-ulcinj.com\/blog\/wp-json\/wp\/v2\/types\/post"}],"author":[{"embeddable":true,"href":"https:\/\/www.visit-ulcinj.com\/blog\/wp-json\/wp\/v2\/users\/1"}],"replies":[{"embeddable":true,"href":"https:\/\/www.visit-ulcinj.com\/blog\/wp-json\/wp\/v2\/comments?post=2315"}],"version-history":[{"count":0,"href":"https:\/\/www.visit-ulcinj.com\/blog\/wp-json\/wp\/v2\/posts\/2315\/revisions"}],"wp:attachment":[{"href":"https:\/\/www.visit-ulcinj.com\/blog\/wp-json\/wp\/v2\/media?parent=2315"}],"wp:term":[{"taxonomy":"category","embeddable":true,"href":"https:\/\/www.visit-ulcinj.com\/blog\/wp-json\/wp\/v2\/categories?post=2315"},{"taxonomy":"post_tag","embeddable":true,"href":"https:\/\/www.visit-ulcinj.com\/blog\/wp-json\/wp\/v2\/tags?post=2315"}],"curies":[{"name":"wp","href":"https:\/\/api.w.org\/{rel}","templated":true}]}}