{"id":23150,"date":"2009-06-22T19:29:19","date_gmt":"2009-06-22T17:29:19","guid":{"rendered":"http:\/\/www.visit-ulcinj.com\/blog\/?p=23150"},"modified":"2009-06-22T19:29:19","modified_gmt":"2009-06-22T17:29:19","slug":"pasurohet-vitrina-e-medaljeve-nderkombetare","status":"publish","type":"post","link":"https:\/\/www.visit-ulcinj.com\/blog\/2009\/06\/22\/pasurohet-vitrina-e-medaljeve-nderkombetare\/","title":{"rendered":"Pasurohet vitrina e medaljeve nd\u00ebrkomb\u00ebtare"},"content":{"rendered":"<p><a href=\"http:\/\/www.visit-ulcinj.com\/blog\/wp-content\/uploads\/2009\/06\/KLUBI-I-TAEKWONDO-se-_ULQINI.jpg\"><img loading=\"lazy\" class=\"alignleft size-full wp-image-23151\" title=\"KLUBI I TAEKWONDO-se _ULQINI\" src=\"http:\/\/www.visit-ulcinj.com\/blog\/wp-content\/uploads\/2009\/06\/KLUBI-I-TAEKWONDO-se-_ULQINI.jpg\" alt=\"KLUBI I TAEKWONDO-se _ULQINI\" width=\"379\" height=\"300\" \/><\/a>Taekwondo-s\u00eb \u201cUlqini\u201d i ka shtuar vitrin\u00ebs s\u00eb medaljeve t\u00eb fituara n\u00eb garat nd\u00ebrkomb\u00ebtare edhe shtat\u00eb medalje t\u00eb tjera, duke e rritur numrin e medaljeve t\u00eb fituara gjat\u00eb k\u00ebtij viti n\u00eb 18, n\u00eb kat\u00ebr turne me karakter nd\u00ebrkomb\u00ebtar ku ka marr\u00eb pjes\u00eb gjat\u00eb k\u00ebtij viti.<br \/>\nGaruesit e KT \u201cUlqini\u201d kan\u00eb fituar dy medalje t\u00eb arta, tri medalje t\u00eb argjendta, dy medalje t\u00eb bronzta si dhe dy kupa n\u00eb Turneun \u201cFojnica Open \u2013 Bosna dhe Hercegovina\u201d, i cili u mbajt n\u00eb fundjav\u00eb.<br \/>\nMe medalje t\u00eb arta u kuror\u00ebzuan Arben Kollari dhe Rinor Jahja, t\u00eb cil\u00ebt u shp\u00ebrblyen edhe me kupa. P\u00ebr t\u00eb arritur te medalja e art\u00eb Kollarit u desh t\u00eb fitonte dy, kurse garuesit Jahja tri luftra.<br \/>\nTri medaljet e argjendta p\u00ebr KT \u201cUlqini\u201d i fituan Mersodin Kurti, Allmedin Suka dhe Arijeta Zati, e cila n\u00eb ndeshjen finale p\u00ebrkund\u00ebr rezultatit 4:3 n\u00eb favor t\u00eb saj, p\u00ebr shkak t\u00eb d\u00ebmtimit, ishte e detyruar ta dor\u00ebzoj\u00eb luft\u00ebn.<br \/>\nMedalje t\u00eb bronzta fituan Medina Kanaqi dhe Esad Kraja.<br \/>\nKT \u201cUlqini\u201d mori pjes\u00eb n\u00eb k\u00ebt\u00eb gar\u00eb me 11 garues. P\u00ebr shkak t\u00eb l\u00ebndimit n\u00eb k\u00ebt\u00eb gar\u00eb nuk mori pjes\u00eb Artan Zenuni, nj\u00ebri prej garuesve m\u00eb t\u00eb mir\u00eb dhe m\u00eb suksessh\u00ebm t\u00eb k\u00ebtij klubi.<br \/>\nKryetrajneri i KT \u201cUlqini\u201d, Fikret Dushku, thot\u00eb se p\u00ebrkund\u00ebr v\u00ebshtir\u00ebsive financiare kan\u00eb arritur t\u00eb marrin pjes\u00eb edhe n\u00eb nj\u00eb gar\u00eb t\u00eb r\u00ebnd\u00ebsishme me karakter nd\u00ebrkomb\u00ebtar.<br \/>\n\u201cSuksesi n\u00eb aren\u00ebn nd\u00ebrkomb\u00ebtare i cili po rritet gradualisht nga viti n\u00eb vit na b\u00ebn krenar\u00eb q\u00eb t\u00eb paraqitemi n\u00eb sa m\u00eb shum\u00eb gara t\u00eb tilla si dhe na jep vullnet dhe shpres\u00eb p\u00ebr pun\u00eb\u201d, thot\u00eb ai, duke fal\u00ebnderuar sponsorin e p\u00ebrgjithsh\u00ebm \u201cTapacir Kurti\u201d dhe prind\u00ebrit e vet\u00eb garuesve p\u00ebr mb\u00ebshtetjen financiare p\u00ebr pjes\u00ebmarrje n\u00eb k\u00ebt\u00eb gar\u00eb.<br \/>\nN\u00eb Turneun \u201cFojnica Open \u2013 Bosna dhe Hercegovina\u201d, mor\u00ebn pjes\u00eb gjithsej 265 garues nga 37 klube t\u00eb ndryshme nga pes\u00eb shtete t\u00eb rajonit.<br \/>\n<strong>I.K<br \/>\nKoha Javore<\/strong><\/p>\n<p><strong><!--YouTube Error: bad URL entered--><br \/>\n<\/strong><\/p>\n<p><strong><br \/>\n<\/strong><\/p>\n","protected":false},"excerpt":{"rendered":"<p>Taekwondo-s\u00eb \u201cUlqini\u201d i ka shtuar vitrin\u00ebs s\u00eb medaljeve t\u00eb fituara n\u00eb garat nd\u00ebrkomb\u00ebtare edhe shtat\u00eb medalje t\u00eb tjera, duke e rritur numrin e medaljeve t\u00eb fituara gjat\u00eb k\u00ebtij viti n\u00eb 18, n\u00eb kat\u00ebr turne me karakter nd\u00ebrkomb\u00ebtar ku ka marr\u00eb pjes\u00eb gjat\u00eb k\u00ebtij viti. Garuesit e KT \u201cUlqini\u201d kan\u00eb fituar dy medalje t\u00eb arta, tri [&hellip;]<\/p>\n","protected":false},"author":1,"featured_media":0,"comment_status":"open","ping_status":"closed","sticky":false,"template":"","format":"standard","meta":{"spay_email":"","jetpack_publicize_message":"","jetpack_is_tweetstorm":false,"jetpack_publicize_feature_enabled":true},"categories":[3],"tags":[10288,5926,11358,10296,2950,11359],"jetpack_publicize_connections":[],"yoast_head":"<!-- This site is optimized with the Yoast SEO plugin v19.1 - https:\/\/yoast.com\/wordpress\/plugins\/seo\/ -->\n<title>Pasurohet vitrina e medaljeve nd\u00ebrkomb\u00ebtare - Lajme nga Ulqini<\/title>\n<meta name=\"description\" content=\"Taekwondo-s\u00eb \u201cUlqini\u201d i ka shtuar vitrin\u00ebs s\u00eb medaljeve t\u00eb fituara n\u00eb garat nd\u00ebrkomb\u00ebtare edhe shtat\u00eb medalje t\u00eb tjera, duke e rritur numrin e medaljeve\" \/>\n<meta name=\"robots\" content=\"index, follow, max-snippet:-1, max-image-preview:large, max-video-preview:-1\" \/>\n<link rel=\"canonical\" href=\"https:\/\/www.visit-ulcinj.com\/blog\/2009\/06\/22\/pasurohet-vitrina-e-medaljeve-nderkombetare\/\" \/>\n<meta property=\"og:locale\" content=\"en_US\" \/>\n<meta property=\"og:type\" content=\"article\" \/>\n<meta property=\"og:title\" content=\"Pasurohet vitrina e medaljeve nd\u00ebrkomb\u00ebtare - Lajme nga Ulqini\" \/>\n<meta property=\"og:description\" content=\"Taekwondo-s\u00eb \u201cUlqini\u201d i ka shtuar vitrin\u00ebs s\u00eb medaljeve t\u00eb fituara n\u00eb garat nd\u00ebrkomb\u00ebtare edhe shtat\u00eb medalje t\u00eb tjera, duke e rritur numrin e medaljeve\" \/>\n<meta property=\"og:url\" content=\"https:\/\/www.visit-ulcinj.com\/blog\/2009\/06\/22\/pasurohet-vitrina-e-medaljeve-nderkombetare\/\" \/>\n<meta property=\"og:site_name\" content=\"Lajme nga Ulqini\" \/>\n<meta property=\"article:published_time\" content=\"2009-06-22T17:29:19+00:00\" \/>\n<meta property=\"og:image\" content=\"http:\/\/www.visit-ulcinj.com\/blog\/wp-content\/uploads\/2009\/06\/KLUBI-I-TAEKWONDO-se-_ULQINI.jpg\" \/>\n<meta name=\"twitter:label1\" content=\"Written by\" \/>\n\t<meta name=\"twitter:data1\" content=\"ulqini\" \/>\n\t<meta name=\"twitter:label2\" content=\"Est. reading time\" \/>\n\t<meta name=\"twitter:data2\" content=\"2 minutes\" \/>\n<script type=\"application\/ld+json\" class=\"yoast-schema-graph\">{\"@context\":\"https:\/\/schema.org\",\"@graph\":[{\"@type\":\"WebSite\",\"@id\":\"https:\/\/www.visit-ulcinj.com\/blog\/#website\",\"url\":\"https:\/\/www.visit-ulcinj.com\/blog\/\",\"name\":\"Lajme nga Ulqini\",\"description\":\"Lajme,Vijesti,Ulqini,Ulqin,Crna Gora,Mali i Zi\",\"potentialAction\":[{\"@type\":\"SearchAction\",\"target\":{\"@type\":\"EntryPoint\",\"urlTemplate\":\"https:\/\/www.visit-ulcinj.com\/blog\/?s={search_term_string}\"},\"query-input\":\"required name=search_term_string\"}],\"inLanguage\":\"en-US\"},{\"@type\":\"ImageObject\",\"inLanguage\":\"en-US\",\"@id\":\"https:\/\/www.visit-ulcinj.com\/blog\/2009\/06\/22\/pasurohet-vitrina-e-medaljeve-nderkombetare\/#primaryimage\",\"url\":\"https:\/\/www.visit-ulcinj.com\/blog\/wp-content\/uploads\/2009\/06\/KLUBI-I-TAEKWONDO-se-_ULQINI.jpg\",\"contentUrl\":\"https:\/\/www.visit-ulcinj.com\/blog\/wp-content\/uploads\/2009\/06\/KLUBI-I-TAEKWONDO-se-_ULQINI.jpg\",\"width\":\"300\",\"height\":\"238\"},{\"@type\":\"WebPage\",\"@id\":\"https:\/\/www.visit-ulcinj.com\/blog\/2009\/06\/22\/pasurohet-vitrina-e-medaljeve-nderkombetare\/#webpage\",\"url\":\"https:\/\/www.visit-ulcinj.com\/blog\/2009\/06\/22\/pasurohet-vitrina-e-medaljeve-nderkombetare\/\",\"name\":\"Pasurohet vitrina e medaljeve nd\u00ebrkomb\u00ebtare - Lajme nga Ulqini\",\"isPartOf\":{\"@id\":\"https:\/\/www.visit-ulcinj.com\/blog\/#website\"},\"primaryImageOfPage\":{\"@id\":\"https:\/\/www.visit-ulcinj.com\/blog\/2009\/06\/22\/pasurohet-vitrina-e-medaljeve-nderkombetare\/#primaryimage\"},\"datePublished\":\"2009-06-22T17:29:19+00:00\",\"dateModified\":\"2009-06-22T17:29:19+00:00\",\"author\":{\"@id\":\"https:\/\/www.visit-ulcinj.com\/blog\/#\/schema\/person\/dcab619c614d3038751c63bc2aadc06d\"},\"description\":\"Taekwondo-s\u00eb \u201cUlqini\u201d i ka shtuar vitrin\u00ebs s\u00eb medaljeve t\u00eb fituara n\u00eb garat nd\u00ebrkomb\u00ebtare edhe shtat\u00eb medalje t\u00eb tjera, duke e rritur numrin e medaljeve\",\"breadcrumb\":{\"@id\":\"https:\/\/www.visit-ulcinj.com\/blog\/2009\/06\/22\/pasurohet-vitrina-e-medaljeve-nderkombetare\/#breadcrumb\"},\"inLanguage\":\"en-US\",\"potentialAction\":[{\"@type\":\"ReadAction\",\"target\":[\"https:\/\/www.visit-ulcinj.com\/blog\/2009\/06\/22\/pasurohet-vitrina-e-medaljeve-nderkombetare\/\"]}]},{\"@type\":\"BreadcrumbList\",\"@id\":\"https:\/\/www.visit-ulcinj.com\/blog\/2009\/06\/22\/pasurohet-vitrina-e-medaljeve-nderkombetare\/#breadcrumb\",\"itemListElement\":[{\"@type\":\"ListItem\",\"position\":1,\"name\":\"Pasurohet vitrina e medaljeve nd\u00ebrkomb\u00ebtare\"}]},{\"@type\":\"Person\",\"@id\":\"https:\/\/www.visit-ulcinj.com\/blog\/#\/schema\/person\/dcab619c614d3038751c63bc2aadc06d\",\"name\":\"ulqini\",\"sameAs\":[\"http:\/\/www.visit-ulcinj.com\"],\"url\":\"https:\/\/www.visit-ulcinj.com\/blog\/author\/admin\/\"}]}<\/script>\n<!-- \/ Yoast SEO plugin. -->","yoast_head_json":{"title":"Pasurohet vitrina e medaljeve nd\u00ebrkomb\u00ebtare - Lajme nga Ulqini","description":"Taekwondo-s\u00eb \u201cUlqini\u201d i ka shtuar vitrin\u00ebs s\u00eb medaljeve t\u00eb fituara n\u00eb garat nd\u00ebrkomb\u00ebtare edhe shtat\u00eb medalje t\u00eb tjera, duke e rritur numrin e medaljeve","robots":{"index":"index","follow":"follow","max-snippet":"max-snippet:-1","max-image-preview":"max-image-preview:large","max-video-preview":"max-video-preview:-1"},"canonical":"https:\/\/www.visit-ulcinj.com\/blog\/2009\/06\/22\/pasurohet-vitrina-e-medaljeve-nderkombetare\/","og_locale":"en_US","og_type":"article","og_title":"Pasurohet vitrina e medaljeve nd\u00ebrkomb\u00ebtare - Lajme nga Ulqini","og_description":"Taekwondo-s\u00eb \u201cUlqini\u201d i ka shtuar vitrin\u00ebs s\u00eb medaljeve t\u00eb fituara n\u00eb garat nd\u00ebrkomb\u00ebtare edhe shtat\u00eb medalje t\u00eb tjera, duke e rritur numrin e medaljeve","og_url":"https:\/\/www.visit-ulcinj.com\/blog\/2009\/06\/22\/pasurohet-vitrina-e-medaljeve-nderkombetare\/","og_site_name":"Lajme nga Ulqini","article_published_time":"2009-06-22T17:29:19+00:00","og_image":[{"url":"http:\/\/www.visit-ulcinj.com\/blog\/wp-content\/uploads\/2009\/06\/KLUBI-I-TAEKWONDO-se-_ULQINI.jpg"}],"twitter_misc":{"Written by":"ulqini","Est. reading time":"2 minutes"},"schema":{"@context":"https:\/\/schema.org","@graph":[{"@type":"WebSite","@id":"https:\/\/www.visit-ulcinj.com\/blog\/#website","url":"https:\/\/www.visit-ulcinj.com\/blog\/","name":"Lajme nga Ulqini","description":"Lajme,Vijesti,Ulqini,Ulqin,Crna Gora,Mali i Zi","potentialAction":[{"@type":"SearchAction","target":{"@type":"EntryPoint","urlTemplate":"https:\/\/www.visit-ulcinj.com\/blog\/?s={search_term_string}"},"query-input":"required name=search_term_string"}],"inLanguage":"en-US"},{"@type":"ImageObject","inLanguage":"en-US","@id":"https:\/\/www.visit-ulcinj.com\/blog\/2009\/06\/22\/pasurohet-vitrina-e-medaljeve-nderkombetare\/#primaryimage","url":"https:\/\/www.visit-ulcinj.com\/blog\/wp-content\/uploads\/2009\/06\/KLUBI-I-TAEKWONDO-se-_ULQINI.jpg","contentUrl":"https:\/\/www.visit-ulcinj.com\/blog\/wp-content\/uploads\/2009\/06\/KLUBI-I-TAEKWONDO-se-_ULQINI.jpg","width":"300","height":"238"},{"@type":"WebPage","@id":"https:\/\/www.visit-ulcinj.com\/blog\/2009\/06\/22\/pasurohet-vitrina-e-medaljeve-nderkombetare\/#webpage","url":"https:\/\/www.visit-ulcinj.com\/blog\/2009\/06\/22\/pasurohet-vitrina-e-medaljeve-nderkombetare\/","name":"Pasurohet vitrina e medaljeve nd\u00ebrkomb\u00ebtare - Lajme nga Ulqini","isPartOf":{"@id":"https:\/\/www.visit-ulcinj.com\/blog\/#website"},"primaryImageOfPage":{"@id":"https:\/\/www.visit-ulcinj.com\/blog\/2009\/06\/22\/pasurohet-vitrina-e-medaljeve-nderkombetare\/#primaryimage"},"datePublished":"2009-06-22T17:29:19+00:00","dateModified":"2009-06-22T17:29:19+00:00","author":{"@id":"https:\/\/www.visit-ulcinj.com\/blog\/#\/schema\/person\/dcab619c614d3038751c63bc2aadc06d"},"description":"Taekwondo-s\u00eb \u201cUlqini\u201d i ka shtuar vitrin\u00ebs s\u00eb medaljeve t\u00eb fituara n\u00eb garat nd\u00ebrkomb\u00ebtare edhe shtat\u00eb medalje t\u00eb tjera, duke e rritur numrin e medaljeve","breadcrumb":{"@id":"https:\/\/www.visit-ulcinj.com\/blog\/2009\/06\/22\/pasurohet-vitrina-e-medaljeve-nderkombetare\/#breadcrumb"},"inLanguage":"en-US","potentialAction":[{"@type":"ReadAction","target":["https:\/\/www.visit-ulcinj.com\/blog\/2009\/06\/22\/pasurohet-vitrina-e-medaljeve-nderkombetare\/"]}]},{"@type":"BreadcrumbList","@id":"https:\/\/www.visit-ulcinj.com\/blog\/2009\/06\/22\/pasurohet-vitrina-e-medaljeve-nderkombetare\/#breadcrumb","itemListElement":[{"@type":"ListItem","position":1,"name":"Pasurohet vitrina e medaljeve nd\u00ebrkomb\u00ebtare"}]},{"@type":"Person","@id":"https:\/\/www.visit-ulcinj.com\/blog\/#\/schema\/person\/dcab619c614d3038751c63bc2aadc06d","name":"ulqini","sameAs":["http:\/\/www.visit-ulcinj.com"],"url":"https:\/\/www.visit-ulcinj.com\/blog\/author\/admin\/"}]}},"jetpack_featured_media_url":"","jetpack_sharing_enabled":true,"jetpack_shortlink":"https:\/\/wp.me\/pe6lTn-61o","_links":{"self":[{"href":"https:\/\/www.visit-ulcinj.com\/blog\/wp-json\/wp\/v2\/posts\/23150"}],"collection":[{"href":"https:\/\/www.visit-ulcinj.com\/blog\/wp-json\/wp\/v2\/posts"}],"about":[{"href":"https:\/\/www.visit-ulcinj.com\/blog\/wp-json\/wp\/v2\/types\/post"}],"author":[{"embeddable":true,"href":"https:\/\/www.visit-ulcinj.com\/blog\/wp-json\/wp\/v2\/users\/1"}],"replies":[{"embeddable":true,"href":"https:\/\/www.visit-ulcinj.com\/blog\/wp-json\/wp\/v2\/comments?post=23150"}],"version-history":[{"count":0,"href":"https:\/\/www.visit-ulcinj.com\/blog\/wp-json\/wp\/v2\/posts\/23150\/revisions"}],"wp:attachment":[{"href":"https:\/\/www.visit-ulcinj.com\/blog\/wp-json\/wp\/v2\/media?parent=23150"}],"wp:term":[{"taxonomy":"category","embeddable":true,"href":"https:\/\/www.visit-ulcinj.com\/blog\/wp-json\/wp\/v2\/categories?post=23150"},{"taxonomy":"post_tag","embeddable":true,"href":"https:\/\/www.visit-ulcinj.com\/blog\/wp-json\/wp\/v2\/tags?post=23150"}],"curies":[{"name":"wp","href":"https:\/\/api.w.org\/{rel}","templated":true}]}}