{"id":23154,"date":"2009-06-22T20:30:09","date_gmt":"2009-06-22T18:30:09","guid":{"rendered":"http:\/\/www.visit-ulcinj.com\/blog\/?p=23154"},"modified":"2009-06-22T20:30:09","modified_gmt":"2009-06-22T18:30:09","slug":"ulcinjani-se-odazvali-pozivuza-tri-sata-500-potpisa","status":"publish","type":"post","link":"https:\/\/www.visit-ulcinj.com\/blog\/2009\/06\/22\/ulcinjani-se-odazvali-pozivuza-tri-sata-500-potpisa\/","title":{"rendered":"Ulcinjani se odazvali pozivu,za tri sata 500 potpisa"},"content":{"rendered":"<p><a href=\"http:\/\/www.visit-ulcinj.com\/blog\/wp-content\/uploads\/2009\/06\/D\u017eabir-Hod\u017ea.jpg\"><img loading=\"lazy\" class=\"alignleft size-full wp-image-23156\" title=\"D\u017eabir Hod\u017ea\" src=\"http:\/\/www.visit-ulcinj.com\/blog\/wp-content\/uploads\/2009\/06\/D\u017eabir-Hod\u017ea.jpg\" alt=\"D\u017eabir Hod\u017ea\" width=\"417\" height=\"316\" \/><\/a>Ulcinj &#8211; Vi\u0161e od 500 Ulcinjana ju?e je za tri sata na Pristanu potpisalo deklaraciju kojom se od Vlade tra\u017ei da poni\u0161ti raspisane tendere za valorizaciju Valdanosa, Velike Pla\u017ee i Ade i vrati imovinu oduzetu \u201erevolucionarnim zakonima\u201c. U tekstu deklaracije ocjenjuje se da tenderi za zakup, prodaju ili drugi vid privatizacije bilo kojeg dijela teritorije ulcinjske op\u0161tine mogu biti raspisani samo uz saglasnost SO Ulcinj.<br \/>\nGrupa ulcinjskih NVO i inelektualaca, koja je pokrenula inicijativu, nakon \u0161to prikupi neophodnih 600 potpisa, deklaraciju ?e na usvajanje podnijeti lokalnoj Skup\u0161tini.<br \/>\nJedan od autora deklaracije D\u017eabir Hod\u017ea kazao je da je cilj akcije da u lokalnom parlamentu otvori raspravu o neregularnim aktivnostima Savjeta za privatizaciju i Ministarstava turizma i za ekonomski razvoj.<br \/>\n\u201cRadi se o famoznim tenderima koje je Vlada raspisala za Valdanos, Veliku pla\u017eu i Adu. Tu su i brojne studije lokacije koje se donose mimo svih regula\u201d, kazao je Hod\u017ea \u201cVijestima\u201d.<br \/>\nU obrazlo\u017eenju deklaracije podsje?a se da je zahvatom Morskog dobra, suprotno Zakonu o morskom dobru, obuhva?ena imovina op\u0161tine Ulcinj i imovina fizi?kih lica i tvrdi da ?itav postupak oko objavljivanja tendera za Valdanos \u201epokazuje povredu propisanih i zakonom predvi?enih procedura\u201c.<br \/>\n\u201cJavna rasprava za Studiju lokacije za Valdanos je otvorena 12. decembra pro\u0161le godine da bi nakon samo sedam dana, bio objavljen tender za zakup ove uvale. To zna?i da je tender raspisan bez prethodno donijetog planskog dokumenta, odnosno bez u?e\u0161?a i uva\u017eavanja stavova lokalnih vlasti, biv\u0161ih vlasnika imovine u Valdanosu, nevladinih organizacija i drugih zainteresovanih\u201d, isti?e se i tvrdi da je na pregovore pozvana firma koja ne ispunjava uslove iz tendera predvi?ene kao kvalifikacione, koje je Savjet za privatizaciju tenderom definisao.<a href=\"http:\/\/www.visit-ulcinj.com\/blog\/wp-content\/uploads\/2009\/06\/za-Valdanos-Veliku-pla\u017eu-i-Adu_Za-tri-sata-500-potpisa.jpg\"><img loading=\"lazy\" class=\"alignright size-medium wp-image-23155\" title=\"za Valdanos, Veliku pla\u017eu i Adu_Za tri sata 500 potpisa\" src=\"http:\/\/www.visit-ulcinj.com\/blog\/wp-content\/uploads\/2009\/06\/za-Valdanos-Veliku-pla\u017eu-i-Adu_Za-tri-sata-500-potpisa-300x200.jpg\" alt=\"za Valdanos, Veliku pla\u017eu i Adu_Za tri sata 500 potpisa\" width=\"300\" height=\"200\" \/><\/a><br \/>\nOcjenjuje se da firma &#8220;Cubus Lux&#8221; iz Londona, koja je pozvana na pregovore, \u201enije me?unarodni brend niti ima iskustva u upravljanju hotelima \u0161to su najhitniji uslovi tendera\u201c.<br \/>\n\u201cTenderima za Adu i Veliku pla\u017eu, ovi ekskluzivni lokaliteti se nude na zakup, suprotno zakonu, na nevjerovatnih 90 godina! Previ?a se da se imovina na zakup od preko 30 godina, mo\u017ee dati imovina isklju?ivo odlukom Skup\u0161tine Crne Gore a na predlog Vlade. Crnogorski parlament nikada nije raspravljao ni odlu?ivao o tome &#8211; tvrde ulcinjske NVO i intelektualci. U obrazlo\u017eenju se ocjenjuje \u201eda je o na?inu kako i koliko ?e se graditi na ovim lokalitetima neophodno konsultovati SO Ulcinj, jer su planiranje i vizija razvoja u nadle\u017enosti SO\u201c.<\/p>\n<p><strong>Piperovi?: Kompromis je u gra?anskom konsenzusu<\/strong><\/p>\n<p><a href=\"http:\/\/www.visit-ulcinj.com\/blog\/wp-content\/uploads\/2009\/06\/Zoran-Piperovi?_Podgori?ki-advokat.jpg\"><img loading=\"lazy\" class=\"alignleft size-full wp-image-23157\" title=\"Zoran Piperovi?_Podgori?ki advokat\" src=\"http:\/\/www.visit-ulcinj.com\/blog\/wp-content\/uploads\/2009\/06\/Zoran-Piperovi?_Podgori?ki-advokat.jpg\" alt=\"Zoran Piperovi?_Podgori?ki advokat\" width=\"222\" height=\"344\" \/><\/a>Podgori?ki advokat Zoran Piperovi? ocijenio je da se eventualnim usvajanjem predlo\u017eene deklaracije u pravnom poretku ni\u0161ta ne?e promijeniti.<br \/>\n\u201cTa?no je da je linija morskog dobra na Velikoj pla\u017ei uspostavljena na na?in suprotan ?lanu 3 stava 1 Zakona o morskom dobru i da je utvr?ena uredbom Vlade. Pristalica sam da se uspostavi stanje koje korespondira sa ?lanom 3 stava 1 va\u017ee?eg Zakona. Me?utim, ta nelegitimna odredba ne mo\u017ee se izop\u0161titi drugom nelegetimnom odlukom koju bi sada po ovoj inicajativi eventualno usvojila SO Ulcinj. Ona se mo\u017ee staviti van snage samo odlukom nadle\u017enog suda ili Skup\u0161tine Crne Gore\u201d, kazao je Piperovi? \u201cVijestima\u201d. On je naglasio da zakon o eksproprijaciji, kako se navodi u predlo\u017eenoj deklaraciji, nije revolucionaran zakon.<br \/>\n\u201cTakvi su recimo Zakon o konfiskaciji ili nacionalizaciji ,dok je zakon o eksproprijaciji rezultat modernog evropskog prava- tvrdi Piperovi?, koji je ro?en u Ulcinju\u201d. Osvr?u?i se na zahtjeve koji se ti?u oduzete imovine u Valdanosu on je kazao \u201cda u toj uvali imamo eksproprisanu zemlju, ispla?enu pravi?nu naknadu ma kako ona bila nepravi?na i \u0161to je najva\u017enije, prekid svojine biv\u0161ih vlasnika\u201d.<br \/>\n\u201cSva vlasni?ka prava, pa time i pravo raspolaganja, pre\u0161la su na novog vlasnika a to je sada dr\u017eava. Ina?e, niti u jednom predmetu kod Komisije nije pro\u0161ao zahtjev za povra?aj ako je utvr?eno da je biv\u0161i vlasnik primio naknadu ma koliko ona iznosila. Napominjem da su je u slu?aju Valdanosa, svi primili\u201d, istakao je Piperovi?. On je ocijenio da je sledstveno tome, \u201cput u ono \u0161to je sr\u017e deklaracije apsolutno pogre\u0161an\u201d.<br \/>\n\u201cMe?utim, mo\u017ee se posti?i kompromis. Kako to ostvariti, mo\u017eemo razgovarati samo ako se u Ulcinju ostvari gra?anski konsenzus oko ovih pitanja\u201d, ocijenio je Piperovi?.<\/p>\n<p><a href=\"http:\/\/www.vijesti.cg.yu\/index.php?id_pre=308223&amp;godina=2009\" target=\"_blank\"><strong>Vijesti<\/strong><\/a><\/p>\n<!--YouTube Error: bad URL entered-->\n","protected":false},"excerpt":{"rendered":"<p>Ulcinj &#8211; Vi\u0161e od 500 Ulcinjana ju?e je za tri sata na Pristanu potpisalo deklaraciju kojom se od Vlade tra\u017ei da poni\u0161ti raspisane tendere za valorizaciju Valdanosa, Velike Pla\u017ee i Ade i vrati imovinu oduzetu \u201erevolucionarnim zakonima\u201c. U tekstu deklaracije ocjenjuje se da tenderi za zakup, prodaju ili drugi vid privatizacije bilo kojeg dijela teritorije [&hellip;]<\/p>\n","protected":false},"author":1,"featured_media":0,"comment_status":"open","ping_status":"closed","sticky":false,"template":"","format":"standard","meta":{"spay_email":"","jetpack_publicize_message":"","jetpack_is_tweetstorm":false,"jetpack_publicize_feature_enabled":true},"categories":[8337],"tags":[10781,11364,11360,11362,11363,11365,2523,11361,11005,2133],"jetpack_publicize_connections":[],"yoast_head":"<!-- This site is optimized with the Yoast SEO plugin v19.1 - https:\/\/yoast.com\/wordpress\/plugins\/seo\/ -->\n<title>Ulcinjani se odazvali pozivu,za tri sata 500 potpisa - Lajme nga Ulqini<\/title>\n<meta name=\"description\" content=\"Ulcinj - Vi\u0161e od 500 Ulcinjana ju?e je za tri sata na Pristanu potpisalo deklaraciju kojom se od Vlade tra\u017ei da poni\u0161ti raspisane tendere za valorizaciju\" \/>\n<meta name=\"robots\" content=\"index, follow, max-snippet:-1, max-image-preview:large, max-video-preview:-1\" \/>\n<link rel=\"canonical\" href=\"https:\/\/www.visit-ulcinj.com\/blog\/2009\/06\/22\/ulcinjani-se-odazvali-pozivuza-tri-sata-500-potpisa\/\" \/>\n<meta property=\"og:locale\" content=\"en_US\" \/>\n<meta property=\"og:type\" content=\"article\" \/>\n<meta property=\"og:title\" content=\"Ulcinjani se odazvali pozivu,za tri sata 500 potpisa - Lajme nga Ulqini\" \/>\n<meta property=\"og:description\" content=\"Ulcinj - Vi\u0161e od 500 Ulcinjana ju?e je za tri sata na Pristanu potpisalo deklaraciju kojom se od Vlade tra\u017ei da poni\u0161ti raspisane tendere za valorizaciju\" \/>\n<meta property=\"og:url\" content=\"https:\/\/www.visit-ulcinj.com\/blog\/2009\/06\/22\/ulcinjani-se-odazvali-pozivuza-tri-sata-500-potpisa\/\" \/>\n<meta property=\"og:site_name\" content=\"Lajme nga Ulqini\" \/>\n<meta property=\"article:published_time\" content=\"2009-06-22T18:30:09+00:00\" \/>\n<meta property=\"og:image\" content=\"http:\/\/www.visit-ulcinj.com\/blog\/wp-content\/uploads\/2009\/06\/Zoran-Piperovi?_Podgori?ki-advokat.jpg\" \/>\n<meta name=\"twitter:label1\" content=\"Written by\" \/>\n\t<meta name=\"twitter:data1\" content=\"ulqini\" \/>\n\t<meta name=\"twitter:label2\" content=\"Est. reading time\" \/>\n\t<meta name=\"twitter:data2\" content=\"4 minutes\" \/>\n<script type=\"application\/ld+json\" class=\"yoast-schema-graph\">{\"@context\":\"https:\/\/schema.org\",\"@graph\":[{\"@type\":\"WebSite\",\"@id\":\"https:\/\/www.visit-ulcinj.com\/blog\/#website\",\"url\":\"https:\/\/www.visit-ulcinj.com\/blog\/\",\"name\":\"Lajme nga Ulqini\",\"description\":\"Lajme,Vijesti,Ulqini,Ulqin,Crna Gora,Mali i Zi\",\"potentialAction\":[{\"@type\":\"SearchAction\",\"target\":{\"@type\":\"EntryPoint\",\"urlTemplate\":\"https:\/\/www.visit-ulcinj.com\/blog\/?s={search_term_string}\"},\"query-input\":\"required name=search_term_string\"}],\"inLanguage\":\"en-US\"},{\"@type\":\"ImageObject\",\"inLanguage\":\"en-US\",\"@id\":\"https:\/\/www.visit-ulcinj.com\/blog\/2009\/06\/22\/ulcinjani-se-odazvali-pozivuza-tri-sata-500-potpisa\/#primaryimage\",\"url\":\"http:\/\/www.visit-ulcinj.com\/blog\/wp-content\/uploads\/2009\/06\/Zoran-Piperovi?_Podgori?ki-advokat.jpg\",\"contentUrl\":\"http:\/\/www.visit-ulcinj.com\/blog\/wp-content\/uploads\/2009\/06\/Zoran-Piperovi?_Podgori?ki-advokat.jpg\"},{\"@type\":\"WebPage\",\"@id\":\"https:\/\/www.visit-ulcinj.com\/blog\/2009\/06\/22\/ulcinjani-se-odazvali-pozivuza-tri-sata-500-potpisa\/#webpage\",\"url\":\"https:\/\/www.visit-ulcinj.com\/blog\/2009\/06\/22\/ulcinjani-se-odazvali-pozivuza-tri-sata-500-potpisa\/\",\"name\":\"Ulcinjani se odazvali pozivu,za tri sata 500 potpisa - Lajme nga Ulqini\",\"isPartOf\":{\"@id\":\"https:\/\/www.visit-ulcinj.com\/blog\/#website\"},\"primaryImageOfPage\":{\"@id\":\"https:\/\/www.visit-ulcinj.com\/blog\/2009\/06\/22\/ulcinjani-se-odazvali-pozivuza-tri-sata-500-potpisa\/#primaryimage\"},\"datePublished\":\"2009-06-22T18:30:09+00:00\",\"dateModified\":\"2009-06-22T18:30:09+00:00\",\"author\":{\"@id\":\"https:\/\/www.visit-ulcinj.com\/blog\/#\/schema\/person\/dcab619c614d3038751c63bc2aadc06d\"},\"description\":\"Ulcinj - Vi\u0161e od 500 Ulcinjana ju?e je za tri sata na Pristanu potpisalo deklaraciju kojom se od Vlade tra\u017ei da poni\u0161ti raspisane tendere za valorizaciju\",\"breadcrumb\":{\"@id\":\"https:\/\/www.visit-ulcinj.com\/blog\/2009\/06\/22\/ulcinjani-se-odazvali-pozivuza-tri-sata-500-potpisa\/#breadcrumb\"},\"inLanguage\":\"en-US\",\"potentialAction\":[{\"@type\":\"ReadAction\",\"target\":[\"https:\/\/www.visit-ulcinj.com\/blog\/2009\/06\/22\/ulcinjani-se-odazvali-pozivuza-tri-sata-500-potpisa\/\"]}]},{\"@type\":\"BreadcrumbList\",\"@id\":\"https:\/\/www.visit-ulcinj.com\/blog\/2009\/06\/22\/ulcinjani-se-odazvali-pozivuza-tri-sata-500-potpisa\/#breadcrumb\",\"itemListElement\":[{\"@type\":\"ListItem\",\"position\":1,\"name\":\"Ulcinjani se odazvali pozivu,za tri sata 500 potpisa\"}]},{\"@type\":\"Person\",\"@id\":\"https:\/\/www.visit-ulcinj.com\/blog\/#\/schema\/person\/dcab619c614d3038751c63bc2aadc06d\",\"name\":\"ulqini\",\"sameAs\":[\"http:\/\/www.visit-ulcinj.com\"],\"url\":\"https:\/\/www.visit-ulcinj.com\/blog\/author\/admin\/\"}]}<\/script>\n<!-- \/ Yoast SEO plugin. -->","yoast_head_json":{"title":"Ulcinjani se odazvali pozivu,za tri sata 500 potpisa - Lajme nga Ulqini","description":"Ulcinj - Vi\u0161e od 500 Ulcinjana ju?e je za tri sata na Pristanu potpisalo deklaraciju kojom se od Vlade tra\u017ei da poni\u0161ti raspisane tendere za valorizaciju","robots":{"index":"index","follow":"follow","max-snippet":"max-snippet:-1","max-image-preview":"max-image-preview:large","max-video-preview":"max-video-preview:-1"},"canonical":"https:\/\/www.visit-ulcinj.com\/blog\/2009\/06\/22\/ulcinjani-se-odazvali-pozivuza-tri-sata-500-potpisa\/","og_locale":"en_US","og_type":"article","og_title":"Ulcinjani se odazvali pozivu,za tri sata 500 potpisa - Lajme nga Ulqini","og_description":"Ulcinj - Vi\u0161e od 500 Ulcinjana ju?e je za tri sata na Pristanu potpisalo deklaraciju kojom se od Vlade tra\u017ei da poni\u0161ti raspisane tendere za valorizaciju","og_url":"https:\/\/www.visit-ulcinj.com\/blog\/2009\/06\/22\/ulcinjani-se-odazvali-pozivuza-tri-sata-500-potpisa\/","og_site_name":"Lajme nga Ulqini","article_published_time":"2009-06-22T18:30:09+00:00","og_image":[{"url":"http:\/\/www.visit-ulcinj.com\/blog\/wp-content\/uploads\/2009\/06\/Zoran-Piperovi?_Podgori?ki-advokat.jpg"}],"twitter_misc":{"Written by":"ulqini","Est. reading time":"4 minutes"},"schema":{"@context":"https:\/\/schema.org","@graph":[{"@type":"WebSite","@id":"https:\/\/www.visit-ulcinj.com\/blog\/#website","url":"https:\/\/www.visit-ulcinj.com\/blog\/","name":"Lajme nga Ulqini","description":"Lajme,Vijesti,Ulqini,Ulqin,Crna Gora,Mali i Zi","potentialAction":[{"@type":"SearchAction","target":{"@type":"EntryPoint","urlTemplate":"https:\/\/www.visit-ulcinj.com\/blog\/?s={search_term_string}"},"query-input":"required name=search_term_string"}],"inLanguage":"en-US"},{"@type":"ImageObject","inLanguage":"en-US","@id":"https:\/\/www.visit-ulcinj.com\/blog\/2009\/06\/22\/ulcinjani-se-odazvali-pozivuza-tri-sata-500-potpisa\/#primaryimage","url":"http:\/\/www.visit-ulcinj.com\/blog\/wp-content\/uploads\/2009\/06\/Zoran-Piperovi?_Podgori?ki-advokat.jpg","contentUrl":"http:\/\/www.visit-ulcinj.com\/blog\/wp-content\/uploads\/2009\/06\/Zoran-Piperovi?_Podgori?ki-advokat.jpg"},{"@type":"WebPage","@id":"https:\/\/www.visit-ulcinj.com\/blog\/2009\/06\/22\/ulcinjani-se-odazvali-pozivuza-tri-sata-500-potpisa\/#webpage","url":"https:\/\/www.visit-ulcinj.com\/blog\/2009\/06\/22\/ulcinjani-se-odazvali-pozivuza-tri-sata-500-potpisa\/","name":"Ulcinjani se odazvali pozivu,za tri sata 500 potpisa - Lajme nga Ulqini","isPartOf":{"@id":"https:\/\/www.visit-ulcinj.com\/blog\/#website"},"primaryImageOfPage":{"@id":"https:\/\/www.visit-ulcinj.com\/blog\/2009\/06\/22\/ulcinjani-se-odazvali-pozivuza-tri-sata-500-potpisa\/#primaryimage"},"datePublished":"2009-06-22T18:30:09+00:00","dateModified":"2009-06-22T18:30:09+00:00","author":{"@id":"https:\/\/www.visit-ulcinj.com\/blog\/#\/schema\/person\/dcab619c614d3038751c63bc2aadc06d"},"description":"Ulcinj - Vi\u0161e od 500 Ulcinjana ju?e je za tri sata na Pristanu potpisalo deklaraciju kojom se od Vlade tra\u017ei da poni\u0161ti raspisane tendere za valorizaciju","breadcrumb":{"@id":"https:\/\/www.visit-ulcinj.com\/blog\/2009\/06\/22\/ulcinjani-se-odazvali-pozivuza-tri-sata-500-potpisa\/#breadcrumb"},"inLanguage":"en-US","potentialAction":[{"@type":"ReadAction","target":["https:\/\/www.visit-ulcinj.com\/blog\/2009\/06\/22\/ulcinjani-se-odazvali-pozivuza-tri-sata-500-potpisa\/"]}]},{"@type":"BreadcrumbList","@id":"https:\/\/www.visit-ulcinj.com\/blog\/2009\/06\/22\/ulcinjani-se-odazvali-pozivuza-tri-sata-500-potpisa\/#breadcrumb","itemListElement":[{"@type":"ListItem","position":1,"name":"Ulcinjani se odazvali pozivu,za tri sata 500 potpisa"}]},{"@type":"Person","@id":"https:\/\/www.visit-ulcinj.com\/blog\/#\/schema\/person\/dcab619c614d3038751c63bc2aadc06d","name":"ulqini","sameAs":["http:\/\/www.visit-ulcinj.com"],"url":"https:\/\/www.visit-ulcinj.com\/blog\/author\/admin\/"}]}},"jetpack_featured_media_url":"","jetpack_sharing_enabled":true,"jetpack_shortlink":"https:\/\/wp.me\/pe6lTn-61s","_links":{"self":[{"href":"https:\/\/www.visit-ulcinj.com\/blog\/wp-json\/wp\/v2\/posts\/23154"}],"collection":[{"href":"https:\/\/www.visit-ulcinj.com\/blog\/wp-json\/wp\/v2\/posts"}],"about":[{"href":"https:\/\/www.visit-ulcinj.com\/blog\/wp-json\/wp\/v2\/types\/post"}],"author":[{"embeddable":true,"href":"https:\/\/www.visit-ulcinj.com\/blog\/wp-json\/wp\/v2\/users\/1"}],"replies":[{"embeddable":true,"href":"https:\/\/www.visit-ulcinj.com\/blog\/wp-json\/wp\/v2\/comments?post=23154"}],"version-history":[{"count":0,"href":"https:\/\/www.visit-ulcinj.com\/blog\/wp-json\/wp\/v2\/posts\/23154\/revisions"}],"wp:attachment":[{"href":"https:\/\/www.visit-ulcinj.com\/blog\/wp-json\/wp\/v2\/media?parent=23154"}],"wp:term":[{"taxonomy":"category","embeddable":true,"href":"https:\/\/www.visit-ulcinj.com\/blog\/wp-json\/wp\/v2\/categories?post=23154"},{"taxonomy":"post_tag","embeddable":true,"href":"https:\/\/www.visit-ulcinj.com\/blog\/wp-json\/wp\/v2\/tags?post=23154"}],"curies":[{"name":"wp","href":"https:\/\/api.w.org\/{rel}","templated":true}]}}