{"id":23161,"date":"2009-06-23T15:42:32","date_gmt":"2009-06-23T13:42:32","guid":{"rendered":"http:\/\/www.visit-ulcinj.com\/blog\/?p=23161"},"modified":"2009-06-23T16:19:50","modified_gmt":"2009-06-23T14:19:50","slug":"ulcinjani-i-dalje-osporavaju-prodaju-turistickih-lokacija","status":"publish","type":"post","link":"https:\/\/www.visit-ulcinj.com\/blog\/2009\/06\/23\/ulcinjani-i-dalje-osporavaju-prodaju-turistickih-lokacija\/","title":{"rendered":"Ulcinjani i dalje osporavaju prodaju turisti?kih lokacija"},"content":{"rendered":"<p><a href=\"http:\/\/www.visit-ulcinj.com\/blog\/wp-content\/uploads\/2009\/06\/Tender-Valdanos_Veliku-Plaza_-Ada-Bojana_ulcinj_montenegro.jpg\"><img loading=\"lazy\" class=\"alignleft size-full wp-image-23162\" title=\"Tender Valdanos_Veliku Plaza_ Ada Bojana_ulcinj_montenegro\" src=\"http:\/\/www.visit-ulcinj.com\/blog\/wp-content\/uploads\/2009\/06\/Tender-Valdanos_Veliku-Plaza_-Ada-Bojana_ulcinj_montenegro.jpg\" alt=\"Tender Valdanos_Veliku Plaza_ Ada Bojana_ulcinj_montenegro\" width=\"580\" height=\"300\" \/><\/a>Najava kako bi vladarska familija iz Abu Dabija bila spremna da u izgradnju kompleksa na Velikoj Pla\u017ei ulo\u017ei vi\u0161e milijardi eura iz crnogorske perspektive zvu?i vrlo primamljivo, me?utim, ima onih koji druga?ije misle. Tako gra?ani Ulcinja, posebno oni ?ija je imovina nacionalizovana, tra\u017ee poni\u0161tenje tendera za zakup Valdanosa, Velike Pla\u017ee i Ade Bojane. Kako na to reaguje centralna vlast, a kako gradona?elnik Ulcinja?<br \/>\nVi\u0161e od 500 Ulcinjana, kako u ponedjeljak prenose mediji, potpisalo je u nedjelju za tri sata deklaraciju kojom se od Vlade tra\u017ei poni\u0161tenje raspisanih tendera za Valdanos, Veliku Pla\u017eu i Adu. Od Vlade se tako?e tra\u017ei da pravim vlasnicima vrati nacionalizovanu imovinu, a u deklaraciji se navodi da tenderi za teritoriju ulcinjske op\u0161tine mogu biti raspisani samo uz saglasnost skup\u0161tine op\u0161tine Ulcinj, tvrde autori tog dokumenta koji ?e, nakon \u0161to prikupe 600 potpisa, deklaraciju podnijeti na usvajanje lokalnom parlamentu.<\/p>\n<p><strong><a href=\"http:\/\/www.visit-ulcinj.com\/blog\/wp-content\/uploads\/2009\/06\/Ministar-ekonomije-Branko-Vujovi?.jpg\"><img loading=\"lazy\" class=\"alignright size-medium wp-image-23163\" title=\"Ministar ekonomije Branko Vujovi?\" src=\"http:\/\/www.visit-ulcinj.com\/blog\/wp-content\/uploads\/2009\/06\/Ministar-ekonomije-Branko-Vujovi?-216x300.jpg\" alt=\"Ministar ekonomije Branko Vujovi?\" width=\"216\" height=\"264\" \/><\/a>Ministar ekonomije Branko Vujovi? za na\u0161 radio ka\u017ee da su inicijative koje osporavaju ovako krupne projekte uglavnom na \u0161tetu Crne Gore i lokalne uprave:<\/strong><\/p>\n<p>&#8220;Po mom mi\u0161ljenju i\u0161lo se na \u0161tetu samih gra?ana koji su vezani za te lokalitete i za te sredine. Samo da se po?e od toga koliko ?e tu biti radnih mjesta, koje ?e to biti sve profesije ljudi koji tu treba da se zaposle, ko ?e se prije svega zapo\u0161ljavati, pa najprije oni ljudi koji su za tu lokaciju vezani, koji \u017eive tu. Kako ?e se osposobljavati kadrovi, ko ?e imati koristi od tih privatnih firmi koje ?e da rade usluge, koje ?e biti uklju?ene u realizaciju investicije, koliko ?e biti koristi za op\u0161tinu vezano za infrastrukturna pitanja i za rje\u0161avanje tih krupnih pitanja koja su vezana za funkcionisanje lokalne uprave. Prosto, vjerujem da to nije dobro sagladavanje sa svih aspekata takvih projekata. ?ini mi se da to usko sagledavanje nekih li?nih interesa, ja bih rekao trenutnih ili trenutnih o?ekivanja stvaraju zaista tu krivu sliku o ?itavom prijektu.&#8221;<br \/>\n<strong><br \/>\n<a href=\"http:\/\/www.visit-ulcinj.com\/blog\/wp-content\/uploads\/2009\/06\/Predrag-Bo\u0161kovi?.jpg\"><img loading=\"lazy\" class=\"alignleft size-medium wp-image-23165\" title=\"Predrag Bo\u0161kovi?\" src=\"http:\/\/www.visit-ulcinj.com\/blog\/wp-content\/uploads\/2009\/06\/Predrag-Bo\u0161kovi?-300x228.jpg\" alt=\"Predrag Bo\u0161kovi?\" width=\"241\" height=\"183\" \/><\/a>I ?lan Savjeta za privatizaciju Predrag Bo\u0161kovi? ka\u017ee da dr\u017eava ne smije dozvoliti da bude ucjenjivana:<\/strong><br \/>\n&#8220;Smatram da nije dr\u017eavni interes, nego bilo ?iji pojedina?ni interes i dr\u017eava ne mo\u017ee dozvoliti da bilo ko stavlja svoj li?ni interes iznad interesa dr\u017eave, razvoja ?itave zemlje i uop\u0161te razvoja onoga \u0161to je perspetiva crnogorska. Ono na ?emu ?e se bazirati razvoj crnogorske ekonomije i Crne Gore uop\u0161te jeste upravo taj turizam koji je nedovoljno razvijen u ulcinjskoj op\u0161tini, a za \u0161ta postoje zna?ajni potencijali.&#8221;<\/p>\n<p><strong><a href=\"http:\/\/www.visit-ulcinj.com\/blog\/wp-content\/uploads\/2009\/06\/mustafa-canka1.jpg\"><img loading=\"lazy\" class=\"alignright size-full wp-image-23166\" title=\"mustafa-canka\" src=\"http:\/\/www.visit-ulcinj.com\/blog\/wp-content\/uploads\/2009\/06\/mustafa-canka1.jpg\" alt=\"mustafa-canka\" width=\"230\" height=\"136\" \/><\/a>Mustafa Canka, novinar i jedan od potpisnika deklaracije kategori?no dematuje da je cilj podr\u017eavalaca tog dokumenta da sabotiraju razvojne \u0161anse Ulcinja, naprotiv:<\/strong><br \/>\n&#8220;Na\u0161 cilj je da se prvenstveno u lokalnom parlamentu odlu?uje o planovima razvoja, da prije svega op\u0161tina bude pitana za to na \u0161to ima svoje pravo po Ustavu ove zemlje zakonima po me?unarodnim standardima. Tokom ?itavih ovih procesa, ovih tendera koje je crnogorska Vlada raspisala za najvrijednije resurse na teritoriji op\u0161tine Ulcinj prekr\u0161ene su zakonske procedure, prekr\u0161ene su tenderske procedure koje je ona usvojila, sama donijela i dobri obi?aji, lokalni parlament se nikada o tome nije izjasnio. Ako se ka\u017ee da smo protiv razvoja ili da se ne \u017eeli razvoj onda dajte da o tome razgovaramo, \u0161ta to zna?i, dajte da vidimo kako ?emo da razvijamo op\u0161tinu Ulcinj.&#8221;<\/p>\n<p><strong><a href=\"http:\/\/www.visit-ulcinj.com\/blog\/wp-content\/uploads\/2009\/06\/Gzim-Hajdinaga.jpg\"><img loading=\"lazy\" class=\"alignleft size-medium wp-image-23167\" title=\"Gzim Hajdinaga\" src=\"http:\/\/www.visit-ulcinj.com\/blog\/wp-content\/uploads\/2009\/06\/Gzim-Hajdinaga-202x300.jpg\" alt=\"Gzim Hajdinaga\" width=\"202\" height=\"300\" srcset=\"https:\/\/www.visit-ulcinj.com\/blog\/wp-content\/uploads\/2009\/06\/Gzim-Hajdinaga-202x300.jpg 202w, https:\/\/www.visit-ulcinj.com\/blog\/wp-content\/uploads\/2009\/06\/Gzim-Hajdinaga.jpg 324w\" sizes=\"(max-width: 202px) 100vw, 202px\" \/><\/a>Pravo na peticiju i reagovanje imaju svi gra?ani, nagla\u0161ava gradona?elnik Ulcinja Gzim Hajdinaga:<\/strong><br \/>\n&#8220;Ali nevladine organizacije, oni koji sebe nazivaju intelektualcima misle da su vje\u0161ti jer treba prvo razdvajati \u0161ta su obaveze lokalne vlasti, \u0161ta su kompetencije i drugo, nikada se ne?u pomiriti sa ?injenicom da zaustavim razvoj investicije. Na?in na koji oni \u017eele kroz peticiju i da adresiraju rokove vlasti koja kao ne brani i ne \u0161titi interese gra?ana to im je jako negativna gre\u0161ka, ?ak je to politizovano i nema veze sa nevladinim sektorom nego tu stoji dosta politi?kih partija, zapravo jedna iz opozicije koja je Valdanos na\u0161la kao jedino oru?e u politi?koj igri.&#8221;<\/p>\n<p><strong>Petar Komneni?<\/strong><strong> <a href=\"http:\/\/www.slobodnaevropa.org\/content\/ulcinj\/1759995.html\" target=\"_blank\"><br \/>\nRadio Free Europe \/ RFE\/RL<br \/>\n<a href=\"http:\/\/www.visit-ulcinj.com\/blog\/wp-content\/uploads\/2009\/06\/online-intervju-ulcinj.gif\"><img loading=\"lazy\" class=\"alignleft size-full wp-image-23168\" title=\"online intervju ulcinj\" src=\"http:\/\/www.visit-ulcinj.com\/blog\/wp-content\/uploads\/2009\/06\/online-intervju-ulcinj.gif\" alt=\"online intervju ulcinj\" width=\"250\" height=\"54\" \/><\/a><br \/>\n<\/a><br \/>\n[quicktime width=&#8221;580&#8243; height=&#8221;10&#8243;]http:\/\/www.visit-ulcinj.com\/blog\/wp-content\/uploads\/2009\/06\/radio-Slobodna-evropa.mp3[\/quicktime]<\/strong><\/p>\n<p><strong><a href=\"http:\/\/www.visit-ulcinj.com\/blog\/wp-content\/uploads\/2009\/06\/online-intervju-ulcinj.gif\"><\/a><a href=\"http:\/\/www.visit-ulcinj.com\/blog\/wp-content\/uploads\/2009\/06\/radio-Slobodna-evropa.mp3\"><\/a><br \/>\n<\/strong><\/p>\n","protected":false},"excerpt":{"rendered":"<p>Najava kako bi vladarska familija iz Abu Dabija bila spremna da u izgradnju kompleksa na Velikoj Pla\u017ei ulo\u017ei vi\u0161e milijardi eura iz crnogorske perspektive zvu?i vrlo primamljivo, me?utim, ima onih koji druga?ije misle. Tako gra?ani Ulcinja, posebno oni ?ija je imovina nacionalizovana, tra\u017ee poni\u0161tenje tendera za zakup Valdanosa, Velike Pla\u017ee i Ade Bojane. Kako na [&hellip;]<\/p>\n","protected":false},"author":1,"featured_media":0,"comment_status":"open","ping_status":"closed","sticky":false,"template":"","format":"standard","meta":{"spay_email":"","jetpack_publicize_message":"","jetpack_is_tweetstorm":false,"jetpack_publicize_feature_enabled":true},"categories":[8337],"tags":[11368,11373,10565,11367,11370,2417,140,5276,11372,11369,11366,137,434,11371],"jetpack_publicize_connections":[],"yoast_head":"<!-- This site is optimized with the Yoast SEO plugin v19.1 - https:\/\/yoast.com\/wordpress\/plugins\/seo\/ -->\n<title>Ulcinjani i dalje osporavaju prodaju turisti?kih lokacija - Lajme nga Ulqini<\/title>\n<meta name=\"description\" content=\"Najava kako bi vladarska familija iz Abu Dabija bila spremna da u izgradnju kompleksa na Velikoj Pla\u017ei ulo\u017ei vi\u0161e milijardi eura iz crnogorske perspektive\" \/>\n<meta name=\"robots\" content=\"index, follow, max-snippet:-1, max-image-preview:large, max-video-preview:-1\" \/>\n<link rel=\"canonical\" href=\"https:\/\/www.visit-ulcinj.com\/blog\/2009\/06\/23\/ulcinjani-i-dalje-osporavaju-prodaju-turistickih-lokacija\/\" \/>\n<meta property=\"og:locale\" content=\"en_US\" \/>\n<meta property=\"og:type\" content=\"article\" \/>\n<meta property=\"og:title\" content=\"Ulcinjani i dalje osporavaju prodaju turisti?kih lokacija - Lajme nga Ulqini\" \/>\n<meta property=\"og:description\" content=\"Najava kako bi vladarska familija iz Abu Dabija bila spremna da u izgradnju kompleksa na Velikoj Pla\u017ei ulo\u017ei vi\u0161e milijardi eura iz crnogorske perspektive\" \/>\n<meta property=\"og:url\" content=\"https:\/\/www.visit-ulcinj.com\/blog\/2009\/06\/23\/ulcinjani-i-dalje-osporavaju-prodaju-turistickih-lokacija\/\" \/>\n<meta property=\"og:site_name\" content=\"Lajme nga Ulqini\" \/>\n<meta property=\"article:published_time\" content=\"2009-06-23T13:42:32+00:00\" \/>\n<meta property=\"article:modified_time\" content=\"2009-06-23T14:19:50+00:00\" \/>\n<meta property=\"og:image\" content=\"http:\/\/www.visit-ulcinj.com\/blog\/wp-content\/uploads\/2009\/06\/Tender-Valdanos_Veliku-Plaza_-Ada-Bojana_ulcinj_montenegro.jpg\" \/>\n<meta name=\"twitter:label1\" content=\"Written by\" \/>\n\t<meta name=\"twitter:data1\" content=\"ulqini\" \/>\n\t<meta name=\"twitter:label2\" content=\"Est. reading time\" \/>\n\t<meta name=\"twitter:data2\" content=\"4 minutes\" \/>\n<script type=\"application\/ld+json\" class=\"yoast-schema-graph\">{\"@context\":\"https:\/\/schema.org\",\"@graph\":[{\"@type\":\"WebSite\",\"@id\":\"https:\/\/www.visit-ulcinj.com\/blog\/#website\",\"url\":\"https:\/\/www.visit-ulcinj.com\/blog\/\",\"name\":\"Lajme nga Ulqini\",\"description\":\"Lajme,Vijesti,Ulqini,Ulqin,Crna Gora,Mali i Zi\",\"potentialAction\":[{\"@type\":\"SearchAction\",\"target\":{\"@type\":\"EntryPoint\",\"urlTemplate\":\"https:\/\/www.visit-ulcinj.com\/blog\/?s={search_term_string}\"},\"query-input\":\"required name=search_term_string\"}],\"inLanguage\":\"en-US\"},{\"@type\":\"ImageObject\",\"inLanguage\":\"en-US\",\"@id\":\"https:\/\/www.visit-ulcinj.com\/blog\/2009\/06\/23\/ulcinjani-i-dalje-osporavaju-prodaju-turistickih-lokacija\/#primaryimage\",\"url\":\"https:\/\/www.visit-ulcinj.com\/blog\/wp-content\/uploads\/2009\/06\/Tender-Valdanos_Veliku-Plaza_-Ada-Bojana_ulcinj_montenegro.jpg\",\"contentUrl\":\"https:\/\/www.visit-ulcinj.com\/blog\/wp-content\/uploads\/2009\/06\/Tender-Valdanos_Veliku-Plaza_-Ada-Bojana_ulcinj_montenegro.jpg\",\"width\":\"1024\",\"height\":\"299\"},{\"@type\":\"WebPage\",\"@id\":\"https:\/\/www.visit-ulcinj.com\/blog\/2009\/06\/23\/ulcinjani-i-dalje-osporavaju-prodaju-turistickih-lokacija\/#webpage\",\"url\":\"https:\/\/www.visit-ulcinj.com\/blog\/2009\/06\/23\/ulcinjani-i-dalje-osporavaju-prodaju-turistickih-lokacija\/\",\"name\":\"Ulcinjani i dalje osporavaju prodaju turisti?kih lokacija - Lajme nga Ulqini\",\"isPartOf\":{\"@id\":\"https:\/\/www.visit-ulcinj.com\/blog\/#website\"},\"primaryImageOfPage\":{\"@id\":\"https:\/\/www.visit-ulcinj.com\/blog\/2009\/06\/23\/ulcinjani-i-dalje-osporavaju-prodaju-turistickih-lokacija\/#primaryimage\"},\"datePublished\":\"2009-06-23T13:42:32+00:00\",\"dateModified\":\"2009-06-23T14:19:50+00:00\",\"author\":{\"@id\":\"https:\/\/www.visit-ulcinj.com\/blog\/#\/schema\/person\/dcab619c614d3038751c63bc2aadc06d\"},\"description\":\"Najava kako bi vladarska familija iz Abu Dabija bila spremna da u izgradnju kompleksa na Velikoj Pla\u017ei ulo\u017ei vi\u0161e milijardi eura iz crnogorske perspektive\",\"breadcrumb\":{\"@id\":\"https:\/\/www.visit-ulcinj.com\/blog\/2009\/06\/23\/ulcinjani-i-dalje-osporavaju-prodaju-turistickih-lokacija\/#breadcrumb\"},\"inLanguage\":\"en-US\",\"potentialAction\":[{\"@type\":\"ReadAction\",\"target\":[\"https:\/\/www.visit-ulcinj.com\/blog\/2009\/06\/23\/ulcinjani-i-dalje-osporavaju-prodaju-turistickih-lokacija\/\"]}]},{\"@type\":\"BreadcrumbList\",\"@id\":\"https:\/\/www.visit-ulcinj.com\/blog\/2009\/06\/23\/ulcinjani-i-dalje-osporavaju-prodaju-turistickih-lokacija\/#breadcrumb\",\"itemListElement\":[{\"@type\":\"ListItem\",\"position\":1,\"name\":\"Ulcinjani i dalje osporavaju prodaju turisti?kih lokacija\"}]},{\"@type\":\"Person\",\"@id\":\"https:\/\/www.visit-ulcinj.com\/blog\/#\/schema\/person\/dcab619c614d3038751c63bc2aadc06d\",\"name\":\"ulqini\",\"sameAs\":[\"http:\/\/www.visit-ulcinj.com\"],\"url\":\"https:\/\/www.visit-ulcinj.com\/blog\/author\/admin\/\"}]}<\/script>\n<!-- \/ Yoast SEO plugin. -->","yoast_head_json":{"title":"Ulcinjani i dalje osporavaju prodaju turisti?kih lokacija - Lajme nga Ulqini","description":"Najava kako bi vladarska familija iz Abu Dabija bila spremna da u izgradnju kompleksa na Velikoj Pla\u017ei ulo\u017ei vi\u0161e milijardi eura iz crnogorske perspektive","robots":{"index":"index","follow":"follow","max-snippet":"max-snippet:-1","max-image-preview":"max-image-preview:large","max-video-preview":"max-video-preview:-1"},"canonical":"https:\/\/www.visit-ulcinj.com\/blog\/2009\/06\/23\/ulcinjani-i-dalje-osporavaju-prodaju-turistickih-lokacija\/","og_locale":"en_US","og_type":"article","og_title":"Ulcinjani i dalje osporavaju prodaju turisti?kih lokacija - Lajme nga Ulqini","og_description":"Najava kako bi vladarska familija iz Abu Dabija bila spremna da u izgradnju kompleksa na Velikoj Pla\u017ei ulo\u017ei vi\u0161e milijardi eura iz crnogorske perspektive","og_url":"https:\/\/www.visit-ulcinj.com\/blog\/2009\/06\/23\/ulcinjani-i-dalje-osporavaju-prodaju-turistickih-lokacija\/","og_site_name":"Lajme nga Ulqini","article_published_time":"2009-06-23T13:42:32+00:00","article_modified_time":"2009-06-23T14:19:50+00:00","og_image":[{"url":"http:\/\/www.visit-ulcinj.com\/blog\/wp-content\/uploads\/2009\/06\/Tender-Valdanos_Veliku-Plaza_-Ada-Bojana_ulcinj_montenegro.jpg"}],"twitter_misc":{"Written by":"ulqini","Est. reading time":"4 minutes"},"schema":{"@context":"https:\/\/schema.org","@graph":[{"@type":"WebSite","@id":"https:\/\/www.visit-ulcinj.com\/blog\/#website","url":"https:\/\/www.visit-ulcinj.com\/blog\/","name":"Lajme nga Ulqini","description":"Lajme,Vijesti,Ulqini,Ulqin,Crna Gora,Mali i Zi","potentialAction":[{"@type":"SearchAction","target":{"@type":"EntryPoint","urlTemplate":"https:\/\/www.visit-ulcinj.com\/blog\/?s={search_term_string}"},"query-input":"required name=search_term_string"}],"inLanguage":"en-US"},{"@type":"ImageObject","inLanguage":"en-US","@id":"https:\/\/www.visit-ulcinj.com\/blog\/2009\/06\/23\/ulcinjani-i-dalje-osporavaju-prodaju-turistickih-lokacija\/#primaryimage","url":"https:\/\/www.visit-ulcinj.com\/blog\/wp-content\/uploads\/2009\/06\/Tender-Valdanos_Veliku-Plaza_-Ada-Bojana_ulcinj_montenegro.jpg","contentUrl":"https:\/\/www.visit-ulcinj.com\/blog\/wp-content\/uploads\/2009\/06\/Tender-Valdanos_Veliku-Plaza_-Ada-Bojana_ulcinj_montenegro.jpg","width":"1024","height":"299"},{"@type":"WebPage","@id":"https:\/\/www.visit-ulcinj.com\/blog\/2009\/06\/23\/ulcinjani-i-dalje-osporavaju-prodaju-turistickih-lokacija\/#webpage","url":"https:\/\/www.visit-ulcinj.com\/blog\/2009\/06\/23\/ulcinjani-i-dalje-osporavaju-prodaju-turistickih-lokacija\/","name":"Ulcinjani i dalje osporavaju prodaju turisti?kih lokacija - Lajme nga Ulqini","isPartOf":{"@id":"https:\/\/www.visit-ulcinj.com\/blog\/#website"},"primaryImageOfPage":{"@id":"https:\/\/www.visit-ulcinj.com\/blog\/2009\/06\/23\/ulcinjani-i-dalje-osporavaju-prodaju-turistickih-lokacija\/#primaryimage"},"datePublished":"2009-06-23T13:42:32+00:00","dateModified":"2009-06-23T14:19:50+00:00","author":{"@id":"https:\/\/www.visit-ulcinj.com\/blog\/#\/schema\/person\/dcab619c614d3038751c63bc2aadc06d"},"description":"Najava kako bi vladarska familija iz Abu Dabija bila spremna da u izgradnju kompleksa na Velikoj Pla\u017ei ulo\u017ei vi\u0161e milijardi eura iz crnogorske perspektive","breadcrumb":{"@id":"https:\/\/www.visit-ulcinj.com\/blog\/2009\/06\/23\/ulcinjani-i-dalje-osporavaju-prodaju-turistickih-lokacija\/#breadcrumb"},"inLanguage":"en-US","potentialAction":[{"@type":"ReadAction","target":["https:\/\/www.visit-ulcinj.com\/blog\/2009\/06\/23\/ulcinjani-i-dalje-osporavaju-prodaju-turistickih-lokacija\/"]}]},{"@type":"BreadcrumbList","@id":"https:\/\/www.visit-ulcinj.com\/blog\/2009\/06\/23\/ulcinjani-i-dalje-osporavaju-prodaju-turistickih-lokacija\/#breadcrumb","itemListElement":[{"@type":"ListItem","position":1,"name":"Ulcinjani i dalje osporavaju prodaju turisti?kih lokacija"}]},{"@type":"Person","@id":"https:\/\/www.visit-ulcinj.com\/blog\/#\/schema\/person\/dcab619c614d3038751c63bc2aadc06d","name":"ulqini","sameAs":["http:\/\/www.visit-ulcinj.com"],"url":"https:\/\/www.visit-ulcinj.com\/blog\/author\/admin\/"}]}},"jetpack_featured_media_url":"","jetpack_sharing_enabled":true,"jetpack_shortlink":"https:\/\/wp.me\/pe6lTn-61z","_links":{"self":[{"href":"https:\/\/www.visit-ulcinj.com\/blog\/wp-json\/wp\/v2\/posts\/23161"}],"collection":[{"href":"https:\/\/www.visit-ulcinj.com\/blog\/wp-json\/wp\/v2\/posts"}],"about":[{"href":"https:\/\/www.visit-ulcinj.com\/blog\/wp-json\/wp\/v2\/types\/post"}],"author":[{"embeddable":true,"href":"https:\/\/www.visit-ulcinj.com\/blog\/wp-json\/wp\/v2\/users\/1"}],"replies":[{"embeddable":true,"href":"https:\/\/www.visit-ulcinj.com\/blog\/wp-json\/wp\/v2\/comments?post=23161"}],"version-history":[{"count":0,"href":"https:\/\/www.visit-ulcinj.com\/blog\/wp-json\/wp\/v2\/posts\/23161\/revisions"}],"wp:attachment":[{"href":"https:\/\/www.visit-ulcinj.com\/blog\/wp-json\/wp\/v2\/media?parent=23161"}],"wp:term":[{"taxonomy":"category","embeddable":true,"href":"https:\/\/www.visit-ulcinj.com\/blog\/wp-json\/wp\/v2\/categories?post=23161"},{"taxonomy":"post_tag","embeddable":true,"href":"https:\/\/www.visit-ulcinj.com\/blog\/wp-json\/wp\/v2\/tags?post=23161"}],"curies":[{"name":"wp","href":"https:\/\/api.w.org\/{rel}","templated":true}]}}