{"id":23183,"date":"2009-06-23T16:54:15","date_gmt":"2009-06-23T14:54:15","guid":{"rendered":"http:\/\/www.visit-ulcinj.com\/blog\/?p=23183"},"modified":"2009-06-23T16:54:15","modified_gmt":"2009-06-23T14:54:15","slug":"klubi-i-karatese-%e2%80%9culqini%e2%80%9dverteton-primatin-e-tij","status":"publish","type":"post","link":"https:\/\/www.visit-ulcinj.com\/blog\/2009\/06\/23\/klubi-i-karatese-%e2%80%9culqini%e2%80%9dverteton-primatin-e-tij\/","title":{"rendered":"Klubi i karates\u00eb \u201cUlqini\u201dv\u00ebrteton primatin e tij"},"content":{"rendered":"<p><strong><a href=\"http:\/\/www.visit-ulcinj.com\/blog\/wp-content\/uploads\/2009\/06\/Klubi-i-Karatese-Ulqini.jpg\"><img loading=\"lazy\" class=\"alignleft size-full wp-image-23184\" title=\"Klubi i Karatese Ulqini\" src=\"http:\/\/www.visit-ulcinj.com\/blog\/wp-content\/uploads\/2009\/06\/Klubi-i-Karatese-Ulqini.jpg\" alt=\"Klubi i Karatese Ulqini\" width=\"580\" height=\"400\" \/><\/a>Mbaroi sezoni i par\u00eb garave n\u00eb karate &#8211; 15 kampion\u00eb t\u00eb malit t\u00eb zi nga \u201dulqini\u201d<\/strong><br \/>\nM\u00eb 20 qershor 2009 n\u00eb Podgoric\u00eb u mbajt Kampionati i karates\u00eb s\u00eb Malit t\u00eb Zi p\u00ebr fatosa, pionier\u00eb t\u00eb rinj, t\u00eb vjet\u00ebr dhe shpresa, ku mor\u00ebn pjes\u00eb 21 klube me 243 garues. N\u00eb k\u00ebt\u00eb kampionat garuesit e Klubit t\u00eb Karates\u00eb \u201cUlqini\u201d u kuror\u00ebzuan me plot 40 medalje: 15 t\u00eb arta, 8 t\u00eb argjendta dhe 17 t\u00eb bronzta.<\/p>\n<p>Nga Klubi i Karates\u00eb \u201cUlqini\u201d u shpall\u00ebn 12 kampion\u00eb t\u00eb Malit t\u00eb Zi n\u00eb disciplinat individuale, nd\u00ebrsa 3 t\u00eb tjer\u00eb u shpall\u00ebn kampion\u00eb n\u00eb disiplin\u00ebn ekipore.<\/p>\n<p>Me k\u00ebt\u00eb kampionat Klubi i Karates\u00eb \u201cUlqini\u201d p\u00ebrfundon sezonin e par\u00eb t\u00eb garave p\u00ebr k\u00ebt\u00eb vit duke dalur p\u00ebrs\u00ebri fitues, si n\u00eb t\u00eb gjitha garat deri m\u00eb tash, n\u00eb t\u00eb cilat \u00ebsht\u00eb zgjedhur gjithmon\u00eb klubi m\u00eb i suksessh\u00ebm.<\/p>\n<p>Kampion\u00eb t\u00eb Malit t\u00eb Zi sipas grupmoshave u shpall\u00ebn k\u00ebta garues:<\/p>\n<ul>\n<li>n\u00eb grupmosh\u00ebn e pionier\u00ebve t\u00eb      rinj kampion\u00eb u shpall\u00ebn Edisa Shaba dhe Gabriell Byty\u00e7i n\u00eb kata      individuale kategoria absolute;<\/li>\n<li>n\u00eb grupmosh\u00ebn e pionier\u00ebve      t\u00eb vjet\u00ebr kampion\u00eb t\u00eb Malit t\u00eb Zi n\u00eb disciplinat individuale n\u00eb luft\u00ebra u      shpall\u00ebn Rexhep Shaba -35 kg, Teufik Shurdha -40 kg, Mark Daboviq +50 kg,      Katarina Marnikoviq +40, Izabella Ivanoviq -45 kg, Andrea Llukiq +45, Edon      Ceka -40 kg, Bledar Kabashi -50 kg dhe Shp\u00ebtim Gjeka -45;<\/li>\n<li>n\u00eb grupmosh\u00ebn e shpresave      kampion i Malit t\u00eb Zi u shpall Albion Duraku -45 kg, si dhe<\/li>\n<li>ekipi i katave i fatosave n\u00eb p\u00ebrb\u00ebrje Nermin      Suma, Dorian Veliq dhe Gentian Kaleziq u shpall kampion i Malit t\u00eb Zi.<\/li>\n<\/ul>\n<p>Me nga disa medalje t\u00eb argjendta dhe t\u00eb bronzta n\u00eb disiplinat ekipore dhe individuale u kuror\u00ebzuan k\u00ebta garues: Ronald Jacoviq, Ensar Marshiq, Enis Shaba, Ilir Muja, Jehona Musliq, Seida Suma, Antigona Rama, Xhemale Elezi, Gentiana Kuqi, Lulzim Suma, Pavle Pecoviq, Jeton Luka dhe Ramazan Gjeka.<\/p>\n<ul>\n<li>Sa i p\u00ebrket sezonit t\u00eb par\u00eb t\u00eb garave p\u00ebr k\u00ebt\u00eb      vit, klubi yn\u00eb mori pjes\u00eb n\u00eb shum\u00eb<\/li>\n<\/ul>\n<p>gara t\u00eb karakterit vendor dhe nd\u00ebrkomb\u00ebtar, si\u00e7 jan\u00eb Kampionati evropian i karates\u00eb n\u00eb Paris, pastaj turne t\u00eb shumta mbar\u00ebkomb\u00ebtare e nd\u00ebrkomb\u00ebtare n\u00eb Kosov\u00eb, Bosnj\u00eb, Maqedoni, Kroaci, si dhe n\u00eb gara t\u00eb shumta n\u00eb Mal t\u00eb Zi, ku do t\u00eb ve\u00e7onim suksesin e arritur n\u00eb Kampionatin e karates\u00eb s\u00eb Malit t\u00eb Zi p\u00ebr senior\u00eb, n\u00eb t\u00eb cilin u shpall\u00ebm n\u00ebnkampion\u00eb t\u00eb Malit t\u00eb Zi n\u00eb luft\u00ebra ekipore. Po ashtu, n\u00eb shum\u00eb turne nd\u00ebrkomb\u00ebtare u shpall\u00ebm klubi m\u00eb i mir\u00eb, nd\u00ebrsa garuesit ton\u00eb u kuror\u00ebzuan, p\u00ebrve\u00e7 medaljeve t\u00eb shumta, edhe me titullin e garuesve m\u00eb t\u00eb mir\u00eb t\u00eb gar\u00ebs. Jemi t\u00eb sigurt\u00eb q\u00eb edhe sezoni i dyt\u00eb i garave do t\u00eb jet\u00eb shum\u00eb i suksessh\u00ebm p\u00ebr klubin ton\u00eb, si n\u00eb garat vendore, ashtu edhe n\u00eb ato nd\u00ebrkomb\u00ebtare, fal\u00eb pun\u00ebs profesionale t\u00eb ekipit ton\u00eb t\u00eb trajner\u00ebve dhe garuesve tan\u00eb, t\u00eb cil\u00ebt edhe me k\u00ebt\u00eb gar\u00eb t\u00eb fundit vulos\u00ebn primatin q\u00eb ka klubi yn\u00eb n\u00eb sportin e karates\u00eb. Shpresojm\u00eb vet\u00ebm q\u00eb do t\u00eb kemi nj\u00eb p\u00ebrkrahje m\u00eb t\u00eb madhe financiare, sepse ky \u00ebsht\u00eb kusht p\u00ebr pjes\u00ebmarrje n\u00eb gara dhe natyrisht edhe p\u00ebr arritjen e sukseseve edhe m\u00eb t\u00eb m\u00ebdha \u2013 thon\u00eb nga udh\u00ebheq\u00ebsia e Klubit t\u00eb karates\u00eb \u201cUlqini\u201d dhe nj\u00ebkoh\u00ebsisht fal\u00ebnderojn\u00eb t\u00eb gjith\u00eb sponzor\u00ebt q\u00eb i ndihmuan e n\u00eb ve\u00e7anti prind\u00ebrit e an\u00ebtar\u00ebve t\u00eb tyre.<\/p>\n<p><strong>Sh\u00ebrbimi p\u00ebr marr\u00ebdh\u00ebnie me publikun i klubit t\u00eb karates\u00eb &#8220;Ulqini&#8221;<\/strong><\/p>\n<p><strong><!--YouTube Error: bad URL entered--><br \/>\n<\/strong><\/p>\n","protected":false},"excerpt":{"rendered":"<p>Mbaroi sezoni i par\u00eb garave n\u00eb karate &#8211; 15 kampion\u00eb t\u00eb malit t\u00eb zi nga \u201dulqini\u201d M\u00eb 20 qershor 2009 n\u00eb Podgoric\u00eb u mbajt Kampionati i karates\u00eb s\u00eb Malit t\u00eb Zi p\u00ebr fatosa, pionier\u00eb t\u00eb rinj, t\u00eb vjet\u00ebr dhe shpresa, ku mor\u00ebn pjes\u00eb 21 klube me 243 garues. N\u00eb k\u00ebt\u00eb kampionat garuesit e Klubit t\u00eb [&hellip;]<\/p>\n","protected":false},"author":1,"featured_media":0,"comment_status":"open","ping_status":"closed","sticky":false,"template":"","format":"standard","meta":{"spay_email":"","jetpack_publicize_message":"","jetpack_is_tweetstorm":false,"jetpack_publicize_feature_enabled":true},"categories":[3],"tags":[2065,8979,5827,2917,7328,5828,2921,2067,5845,11374,9714,2934,2805,2915,7320,2922,5822,2932,2066],"jetpack_publicize_connections":[],"yoast_head":"<!-- This site is optimized with the Yoast SEO plugin v19.1 - https:\/\/yoast.com\/wordpress\/plugins\/seo\/ -->\n<title>Klubi i karates\u00eb \u201cUlqini\u201dv\u00ebrteton primatin e tij - Lajme nga Ulqini<\/title>\n<meta name=\"description\" content=\"Mbaroi sezoni i par\u00eb garave n\u00eb karate - 15 kampion\u00eb t\u00eb malit t\u00eb zi nga \u201dulqini\u201d M\u00eb 20 qershor 2009 n\u00eb Podgoric\u00eb u mbajt Kampionati i karates\u00eb s\u00eb Malit t\u00eb\" \/>\n<meta name=\"robots\" content=\"index, follow, max-snippet:-1, max-image-preview:large, max-video-preview:-1\" \/>\n<link rel=\"canonical\" href=\"https:\/\/www.visit-ulcinj.com\/blog\/2009\/06\/23\/klubi-i-karatese-\u201culqini\u201dverteton-primatin-e-tij\/\" \/>\n<meta property=\"og:locale\" content=\"en_US\" \/>\n<meta property=\"og:type\" content=\"article\" \/>\n<meta property=\"og:title\" content=\"Klubi i karates\u00eb \u201cUlqini\u201dv\u00ebrteton primatin e tij - Lajme nga Ulqini\" \/>\n<meta property=\"og:description\" content=\"Mbaroi sezoni i par\u00eb garave n\u00eb karate - 15 kampion\u00eb t\u00eb malit t\u00eb zi nga \u201dulqini\u201d M\u00eb 20 qershor 2009 n\u00eb Podgoric\u00eb u mbajt Kampionati i karates\u00eb s\u00eb Malit t\u00eb\" \/>\n<meta property=\"og:url\" content=\"https:\/\/www.visit-ulcinj.com\/blog\/2009\/06\/23\/klubi-i-karatese-\u201culqini\u201dverteton-primatin-e-tij\/\" \/>\n<meta property=\"og:site_name\" content=\"Lajme nga Ulqini\" \/>\n<meta property=\"article:published_time\" content=\"2009-06-23T14:54:15+00:00\" \/>\n<meta property=\"og:image\" content=\"http:\/\/www.visit-ulcinj.com\/blog\/wp-content\/uploads\/2009\/06\/Klubi-i-Karatese-Ulqini.jpg\" \/>\n<meta name=\"twitter:label1\" content=\"Written by\" \/>\n\t<meta name=\"twitter:data1\" content=\"ulqini\" \/>\n\t<meta name=\"twitter:label2\" content=\"Est. reading time\" \/>\n\t<meta name=\"twitter:data2\" content=\"3 minutes\" \/>\n<script type=\"application\/ld+json\" class=\"yoast-schema-graph\">{\"@context\":\"https:\/\/schema.org\",\"@graph\":[{\"@type\":\"WebSite\",\"@id\":\"https:\/\/www.visit-ulcinj.com\/blog\/#website\",\"url\":\"https:\/\/www.visit-ulcinj.com\/blog\/\",\"name\":\"Lajme nga Ulqini\",\"description\":\"Lajme,Vijesti,Ulqini,Ulqin,Crna Gora,Mali i Zi\",\"potentialAction\":[{\"@type\":\"SearchAction\",\"target\":{\"@type\":\"EntryPoint\",\"urlTemplate\":\"https:\/\/www.visit-ulcinj.com\/blog\/?s={search_term_string}\"},\"query-input\":\"required name=search_term_string\"}],\"inLanguage\":\"en-US\"},{\"@type\":\"ImageObject\",\"inLanguage\":\"en-US\",\"@id\":\"https:\/\/www.visit-ulcinj.com\/blog\/2009\/06\/23\/klubi-i-karatese-%e2%80%9culqini%e2%80%9dverteton-primatin-e-tij\/#primaryimage\",\"url\":\"https:\/\/www.visit-ulcinj.com\/blog\/wp-content\/uploads\/2009\/06\/Klubi-i-Karatese-Ulqini.jpg\",\"contentUrl\":\"https:\/\/www.visit-ulcinj.com\/blog\/wp-content\/uploads\/2009\/06\/Klubi-i-Karatese-Ulqini.jpg\",\"width\":\"1200\",\"height\":\"900\"},{\"@type\":\"WebPage\",\"@id\":\"https:\/\/www.visit-ulcinj.com\/blog\/2009\/06\/23\/klubi-i-karatese-%e2%80%9culqini%e2%80%9dverteton-primatin-e-tij\/#webpage\",\"url\":\"https:\/\/www.visit-ulcinj.com\/blog\/2009\/06\/23\/klubi-i-karatese-%e2%80%9culqini%e2%80%9dverteton-primatin-e-tij\/\",\"name\":\"Klubi i karates\u00eb \u201cUlqini\u201dv\u00ebrteton primatin e tij - Lajme nga Ulqini\",\"isPartOf\":{\"@id\":\"https:\/\/www.visit-ulcinj.com\/blog\/#website\"},\"primaryImageOfPage\":{\"@id\":\"https:\/\/www.visit-ulcinj.com\/blog\/2009\/06\/23\/klubi-i-karatese-%e2%80%9culqini%e2%80%9dverteton-primatin-e-tij\/#primaryimage\"},\"datePublished\":\"2009-06-23T14:54:15+00:00\",\"dateModified\":\"2009-06-23T14:54:15+00:00\",\"author\":{\"@id\":\"https:\/\/www.visit-ulcinj.com\/blog\/#\/schema\/person\/dcab619c614d3038751c63bc2aadc06d\"},\"description\":\"Mbaroi sezoni i par\u00eb garave n\u00eb karate - 15 kampion\u00eb t\u00eb malit t\u00eb zi nga \u201dulqini\u201d M\u00eb 20 qershor 2009 n\u00eb Podgoric\u00eb u mbajt Kampionati i karates\u00eb s\u00eb Malit t\u00eb\",\"breadcrumb\":{\"@id\":\"https:\/\/www.visit-ulcinj.com\/blog\/2009\/06\/23\/klubi-i-karatese-%e2%80%9culqini%e2%80%9dverteton-primatin-e-tij\/#breadcrumb\"},\"inLanguage\":\"en-US\",\"potentialAction\":[{\"@type\":\"ReadAction\",\"target\":[\"https:\/\/www.visit-ulcinj.com\/blog\/2009\/06\/23\/klubi-i-karatese-%e2%80%9culqini%e2%80%9dverteton-primatin-e-tij\/\"]}]},{\"@type\":\"BreadcrumbList\",\"@id\":\"https:\/\/www.visit-ulcinj.com\/blog\/2009\/06\/23\/klubi-i-karatese-%e2%80%9culqini%e2%80%9dverteton-primatin-e-tij\/#breadcrumb\",\"itemListElement\":[{\"@type\":\"ListItem\",\"position\":1,\"name\":\"Klubi i karates\u00eb \u201cUlqini\u201dv\u00ebrteton primatin e tij\"}]},{\"@type\":\"Person\",\"@id\":\"https:\/\/www.visit-ulcinj.com\/blog\/#\/schema\/person\/dcab619c614d3038751c63bc2aadc06d\",\"name\":\"ulqini\",\"sameAs\":[\"http:\/\/www.visit-ulcinj.com\"],\"url\":\"https:\/\/www.visit-ulcinj.com\/blog\/author\/admin\/\"}]}<\/script>\n<!-- \/ Yoast SEO plugin. -->","yoast_head_json":{"title":"Klubi i karates\u00eb \u201cUlqini\u201dv\u00ebrteton primatin e tij - Lajme nga Ulqini","description":"Mbaroi sezoni i par\u00eb garave n\u00eb karate - 15 kampion\u00eb t\u00eb malit t\u00eb zi nga \u201dulqini\u201d M\u00eb 20 qershor 2009 n\u00eb Podgoric\u00eb u mbajt Kampionati i karates\u00eb s\u00eb Malit t\u00eb","robots":{"index":"index","follow":"follow","max-snippet":"max-snippet:-1","max-image-preview":"max-image-preview:large","max-video-preview":"max-video-preview:-1"},"canonical":"https:\/\/www.visit-ulcinj.com\/blog\/2009\/06\/23\/klubi-i-karatese-\u201culqini\u201dverteton-primatin-e-tij\/","og_locale":"en_US","og_type":"article","og_title":"Klubi i karates\u00eb \u201cUlqini\u201dv\u00ebrteton primatin e tij - Lajme nga Ulqini","og_description":"Mbaroi sezoni i par\u00eb garave n\u00eb karate - 15 kampion\u00eb t\u00eb malit t\u00eb zi nga \u201dulqini\u201d M\u00eb 20 qershor 2009 n\u00eb Podgoric\u00eb u mbajt Kampionati i karates\u00eb s\u00eb Malit t\u00eb","og_url":"https:\/\/www.visit-ulcinj.com\/blog\/2009\/06\/23\/klubi-i-karatese-\u201culqini\u201dverteton-primatin-e-tij\/","og_site_name":"Lajme nga Ulqini","article_published_time":"2009-06-23T14:54:15+00:00","og_image":[{"url":"http:\/\/www.visit-ulcinj.com\/blog\/wp-content\/uploads\/2009\/06\/Klubi-i-Karatese-Ulqini.jpg"}],"twitter_misc":{"Written by":"ulqini","Est. reading time":"3 minutes"},"schema":{"@context":"https:\/\/schema.org","@graph":[{"@type":"WebSite","@id":"https:\/\/www.visit-ulcinj.com\/blog\/#website","url":"https:\/\/www.visit-ulcinj.com\/blog\/","name":"Lajme nga Ulqini","description":"Lajme,Vijesti,Ulqini,Ulqin,Crna Gora,Mali i Zi","potentialAction":[{"@type":"SearchAction","target":{"@type":"EntryPoint","urlTemplate":"https:\/\/www.visit-ulcinj.com\/blog\/?s={search_term_string}"},"query-input":"required name=search_term_string"}],"inLanguage":"en-US"},{"@type":"ImageObject","inLanguage":"en-US","@id":"https:\/\/www.visit-ulcinj.com\/blog\/2009\/06\/23\/klubi-i-karatese-%e2%80%9culqini%e2%80%9dverteton-primatin-e-tij\/#primaryimage","url":"https:\/\/www.visit-ulcinj.com\/blog\/wp-content\/uploads\/2009\/06\/Klubi-i-Karatese-Ulqini.jpg","contentUrl":"https:\/\/www.visit-ulcinj.com\/blog\/wp-content\/uploads\/2009\/06\/Klubi-i-Karatese-Ulqini.jpg","width":"1200","height":"900"},{"@type":"WebPage","@id":"https:\/\/www.visit-ulcinj.com\/blog\/2009\/06\/23\/klubi-i-karatese-%e2%80%9culqini%e2%80%9dverteton-primatin-e-tij\/#webpage","url":"https:\/\/www.visit-ulcinj.com\/blog\/2009\/06\/23\/klubi-i-karatese-%e2%80%9culqini%e2%80%9dverteton-primatin-e-tij\/","name":"Klubi i karates\u00eb \u201cUlqini\u201dv\u00ebrteton primatin e tij - Lajme nga Ulqini","isPartOf":{"@id":"https:\/\/www.visit-ulcinj.com\/blog\/#website"},"primaryImageOfPage":{"@id":"https:\/\/www.visit-ulcinj.com\/blog\/2009\/06\/23\/klubi-i-karatese-%e2%80%9culqini%e2%80%9dverteton-primatin-e-tij\/#primaryimage"},"datePublished":"2009-06-23T14:54:15+00:00","dateModified":"2009-06-23T14:54:15+00:00","author":{"@id":"https:\/\/www.visit-ulcinj.com\/blog\/#\/schema\/person\/dcab619c614d3038751c63bc2aadc06d"},"description":"Mbaroi sezoni i par\u00eb garave n\u00eb karate - 15 kampion\u00eb t\u00eb malit t\u00eb zi nga \u201dulqini\u201d M\u00eb 20 qershor 2009 n\u00eb Podgoric\u00eb u mbajt Kampionati i karates\u00eb s\u00eb Malit t\u00eb","breadcrumb":{"@id":"https:\/\/www.visit-ulcinj.com\/blog\/2009\/06\/23\/klubi-i-karatese-%e2%80%9culqini%e2%80%9dverteton-primatin-e-tij\/#breadcrumb"},"inLanguage":"en-US","potentialAction":[{"@type":"ReadAction","target":["https:\/\/www.visit-ulcinj.com\/blog\/2009\/06\/23\/klubi-i-karatese-%e2%80%9culqini%e2%80%9dverteton-primatin-e-tij\/"]}]},{"@type":"BreadcrumbList","@id":"https:\/\/www.visit-ulcinj.com\/blog\/2009\/06\/23\/klubi-i-karatese-%e2%80%9culqini%e2%80%9dverteton-primatin-e-tij\/#breadcrumb","itemListElement":[{"@type":"ListItem","position":1,"name":"Klubi i karates\u00eb \u201cUlqini\u201dv\u00ebrteton primatin e tij"}]},{"@type":"Person","@id":"https:\/\/www.visit-ulcinj.com\/blog\/#\/schema\/person\/dcab619c614d3038751c63bc2aadc06d","name":"ulqini","sameAs":["http:\/\/www.visit-ulcinj.com"],"url":"https:\/\/www.visit-ulcinj.com\/blog\/author\/admin\/"}]}},"jetpack_featured_media_url":"","jetpack_sharing_enabled":true,"jetpack_shortlink":"https:\/\/wp.me\/pe6lTn-61V","_links":{"self":[{"href":"https:\/\/www.visit-ulcinj.com\/blog\/wp-json\/wp\/v2\/posts\/23183"}],"collection":[{"href":"https:\/\/www.visit-ulcinj.com\/blog\/wp-json\/wp\/v2\/posts"}],"about":[{"href":"https:\/\/www.visit-ulcinj.com\/blog\/wp-json\/wp\/v2\/types\/post"}],"author":[{"embeddable":true,"href":"https:\/\/www.visit-ulcinj.com\/blog\/wp-json\/wp\/v2\/users\/1"}],"replies":[{"embeddable":true,"href":"https:\/\/www.visit-ulcinj.com\/blog\/wp-json\/wp\/v2\/comments?post=23183"}],"version-history":[{"count":0,"href":"https:\/\/www.visit-ulcinj.com\/blog\/wp-json\/wp\/v2\/posts\/23183\/revisions"}],"wp:attachment":[{"href":"https:\/\/www.visit-ulcinj.com\/blog\/wp-json\/wp\/v2\/media?parent=23183"}],"wp:term":[{"taxonomy":"category","embeddable":true,"href":"https:\/\/www.visit-ulcinj.com\/blog\/wp-json\/wp\/v2\/categories?post=23183"},{"taxonomy":"post_tag","embeddable":true,"href":"https:\/\/www.visit-ulcinj.com\/blog\/wp-json\/wp\/v2\/tags?post=23183"}],"curies":[{"name":"wp","href":"https:\/\/api.w.org\/{rel}","templated":true}]}}