{"id":23187,"date":"2009-06-23T17:52:02","date_gmt":"2009-06-23T15:52:02","guid":{"rendered":"http:\/\/www.visit-ulcinj.com\/blog\/?p=23187"},"modified":"2009-06-23T17:52:02","modified_gmt":"2009-06-23T15:52:02","slug":"lorik-cana-me-nje-femer-ne-plazhin-e-dhermiut","status":"publish","type":"post","link":"https:\/\/www.visit-ulcinj.com\/blog\/2009\/06\/23\/lorik-cana-me-nje-femer-ne-plazhin-e-dhermiut\/","title":{"rendered":"Lorik Cana me nj\u00eb fem\u00ebr n\u00eb plazhin e Dh\u00ebrmiut"},"content":{"rendered":"<p><a href=\"http:\/\/www.visit-ulcinj.com\/blog\/wp-content\/uploads\/2009\/06\/Lorik-Cana.jpg\"><img loading=\"lazy\" class=\"size-full wp-image-23188 alignright\" title=\"Lorik Cana\" src=\"http:\/\/www.visit-ulcinj.com\/blog\/wp-content\/uploads\/2009\/06\/Lorik-Cana.jpg\" alt=\"Lorik Cana\" width=\"323\" height=\"400\" \/><\/a>\u00cbsht\u00eb p\u00ebrfolur shpesh jeta private e futbollistit Lorik Cana por pavar\u00ebsisht konfuzionit q\u00eb mund t\u00eb jet\u00eb shkaktuar n\u00eb media, asnj\u00ebher\u00eb nuk \u00ebsht\u00eb b\u00ebr\u00eb i qart\u00eb statusi i v\u00ebrtet\u00eb i tij. I komentuar edhe p\u00ebr aparenc\u00ebn e tij si nj\u00eb nd\u00ebr meshkujt m\u00eb simpatik\u00eb, shpesh \u00ebsht\u00eb par\u00eb n\u00ebn shoq\u00ebrin\u00eb e vajzave shum\u00eb t\u00eb bukura dhe madje nj\u00eb e till\u00eb ka qen\u00eb me t\u00eb edhe fundjav\u00eben e kaluar n\u00eb Dh\u00ebrmi. Futbollisti \u00ebsht\u00eb par\u00eb i shoq\u00ebruar n\u00eb bregdet dhe nuk ka qen\u00eb e v\u00ebshtir\u00eb t\u00eb identifikohet nga fansat e tij. Me sa duket ai ka vendosur q\u00eb nj\u00eb pjes\u00eb t\u00eb pushimeve dhe<br \/>\nrelaksit ta kaloj\u00eb n\u00eb bregdetin shqiptar dhe n\u00eb shoq\u00ebri t\u00eb k\u00ebndshme. Se cila \u00ebsht\u00eb vajza me t\u00eb cil\u00ebn ishte i shoq\u00ebruar Cana, akoma nuk kemi ndonj\u00eb detaj m\u00eb tep\u00ebr. Mbase gjat\u00eb ver\u00ebs do kemi mund\u00ebsi t\u00eb m\u00ebsojm\u00eb detaje rreth vajz\u00ebs dhe lidhjes s\u00eb futbollistit t\u00eb famsh\u00ebm dhe shum\u00eb seksi.<\/p>\n<p><strong>Panoramaplus <\/strong><\/p>\n<p><strong><br \/>\n<\/strong><\/p>\n<div><object width=\"580\" height=\"390\"><param name=\"movie\" value=\"http:\/\/dailymotion.virgilio.it\/swf\/x97tbl_cana-envie-de-voir-ce-quil-se-passe_sport&#038;autoPlay=1&#038;related=1\"><\/param><param name=\"allowFullScreen\" value=\"true\"><\/param><param name=\"allowScriptAccess\" value=\"always\"><\/param><\/object><br \/><b><a href=\"http:\/\/dailymotion.virgilio.it\/video\/x97tbl_cana-envie-de-voir-ce-quil-se-passe_sport\">Cana : &#8220;Envie de voir ce qu&#8217;il se passe \u00e0 l&#8217;\u00e9tranger&#8221;<\/a><\/p>\n","protected":false},"excerpt":{"rendered":"<p>\u00cbsht\u00eb p\u00ebrfolur shpesh jeta private e futbollistit Lorik Cana por pavar\u00ebsisht konfuzionit q\u00eb mund t\u00eb jet\u00eb shkaktuar n\u00eb media, asnj\u00ebher\u00eb nuk \u00ebsht\u00eb b\u00ebr\u00eb i qart\u00eb statusi i v\u00ebrtet\u00eb i tij. I komentuar edhe p\u00ebr aparenc\u00ebn e tij si nj\u00eb nd\u00ebr meshkujt m\u00eb simpatik\u00eb, shpesh \u00ebsht\u00eb par\u00eb n\u00ebn shoq\u00ebrin\u00eb e vajzave shum\u00eb t\u00eb bukura dhe madje [&hellip;]<\/p>\n","protected":false},"author":1,"featured_media":0,"comment_status":"open","ping_status":"closed","sticky":false,"template":"","format":"standard","meta":{"spay_email":"","jetpack_publicize_message":"","jetpack_is_tweetstorm":false,"jetpack_publicize_feature_enabled":true},"categories":[1],"tags":[4946],"jetpack_publicize_connections":[],"yoast_head":"<!-- This site is optimized with the Yoast SEO plugin v19.1 - https:\/\/yoast.com\/wordpress\/plugins\/seo\/ -->\n<title>Lorik Cana me nj\u00eb fem\u00ebr n\u00eb plazhin e Dh\u00ebrmiut - Lajme nga Ulqini<\/title>\n<meta name=\"description\" content=\"\u00cbsht\u00eb p\u00ebrfolur shpesh jeta private e futbollistit Lorik Cana por pavar\u00ebsisht konfuzionit q\u00eb mund t\u00eb jet\u00eb shkaktuar n\u00eb media, asnj\u00ebher\u00eb nuk \u00ebsht\u00eb b\u00ebr\u00eb i\" \/>\n<meta name=\"robots\" content=\"index, follow, max-snippet:-1, max-image-preview:large, max-video-preview:-1\" \/>\n<link rel=\"canonical\" href=\"https:\/\/www.visit-ulcinj.com\/blog\/2009\/06\/23\/lorik-cana-me-nje-femer-ne-plazhin-e-dhermiut\/\" \/>\n<meta property=\"og:locale\" content=\"en_US\" \/>\n<meta property=\"og:type\" content=\"article\" \/>\n<meta property=\"og:title\" content=\"Lorik Cana me nj\u00eb fem\u00ebr n\u00eb plazhin e Dh\u00ebrmiut - Lajme nga Ulqini\" \/>\n<meta property=\"og:description\" content=\"\u00cbsht\u00eb p\u00ebrfolur shpesh jeta private e futbollistit Lorik Cana por pavar\u00ebsisht konfuzionit q\u00eb mund t\u00eb jet\u00eb shkaktuar n\u00eb media, asnj\u00ebher\u00eb nuk \u00ebsht\u00eb b\u00ebr\u00eb i\" \/>\n<meta property=\"og:url\" content=\"https:\/\/www.visit-ulcinj.com\/blog\/2009\/06\/23\/lorik-cana-me-nje-femer-ne-plazhin-e-dhermiut\/\" \/>\n<meta property=\"og:site_name\" content=\"Lajme nga Ulqini\" \/>\n<meta property=\"article:published_time\" content=\"2009-06-23T15:52:02+00:00\" \/>\n<meta property=\"og:image\" content=\"https:\/\/www.visit-ulcinj.com\/blog\/wp-content\/uploads\/2009\/06\/Lorik-Cana-150x150.jpg\" \/>\n<meta name=\"twitter:label1\" content=\"Written by\" \/>\n\t<meta name=\"twitter:data1\" content=\"ulqini\" \/>\n\t<meta name=\"twitter:label2\" content=\"Est. reading time\" \/>\n\t<meta name=\"twitter:data2\" content=\"1 minute\" \/>\n<script type=\"application\/ld+json\" class=\"yoast-schema-graph\">{\"@context\":\"https:\/\/schema.org\",\"@graph\":[{\"@type\":\"WebSite\",\"@id\":\"https:\/\/www.visit-ulcinj.com\/blog\/#website\",\"url\":\"https:\/\/www.visit-ulcinj.com\/blog\/\",\"name\":\"Lajme nga Ulqini\",\"description\":\"Lajme,Vijesti,Ulqini,Ulqin,Crna Gora,Mali i Zi\",\"potentialAction\":[{\"@type\":\"SearchAction\",\"target\":{\"@type\":\"EntryPoint\",\"urlTemplate\":\"https:\/\/www.visit-ulcinj.com\/blog\/?s={search_term_string}\"},\"query-input\":\"required name=search_term_string\"}],\"inLanguage\":\"en-US\"},{\"@type\":\"ImageObject\",\"inLanguage\":\"en-US\",\"@id\":\"https:\/\/www.visit-ulcinj.com\/blog\/2009\/06\/23\/lorik-cana-me-nje-femer-ne-plazhin-e-dhermiut\/#primaryimage\",\"url\":\"http:\/\/www.visit-ulcinj.com\/blog\/wp-content\/uploads\/2009\/06\/Lorik-Cana.jpg\",\"contentUrl\":\"http:\/\/www.visit-ulcinj.com\/blog\/wp-content\/uploads\/2009\/06\/Lorik-Cana.jpg\"},{\"@type\":\"WebPage\",\"@id\":\"https:\/\/www.visit-ulcinj.com\/blog\/2009\/06\/23\/lorik-cana-me-nje-femer-ne-plazhin-e-dhermiut\/#webpage\",\"url\":\"https:\/\/www.visit-ulcinj.com\/blog\/2009\/06\/23\/lorik-cana-me-nje-femer-ne-plazhin-e-dhermiut\/\",\"name\":\"Lorik Cana me nj\u00eb fem\u00ebr n\u00eb plazhin e Dh\u00ebrmiut - Lajme nga Ulqini\",\"isPartOf\":{\"@id\":\"https:\/\/www.visit-ulcinj.com\/blog\/#website\"},\"primaryImageOfPage\":{\"@id\":\"https:\/\/www.visit-ulcinj.com\/blog\/2009\/06\/23\/lorik-cana-me-nje-femer-ne-plazhin-e-dhermiut\/#primaryimage\"},\"datePublished\":\"2009-06-23T15:52:02+00:00\",\"dateModified\":\"2009-06-23T15:52:02+00:00\",\"author\":{\"@id\":\"https:\/\/www.visit-ulcinj.com\/blog\/#\/schema\/person\/dcab619c614d3038751c63bc2aadc06d\"},\"description\":\"\u00cbsht\u00eb p\u00ebrfolur shpesh jeta private e futbollistit Lorik Cana por pavar\u00ebsisht konfuzionit q\u00eb mund t\u00eb jet\u00eb shkaktuar n\u00eb media, asnj\u00ebher\u00eb nuk \u00ebsht\u00eb b\u00ebr\u00eb i\",\"breadcrumb\":{\"@id\":\"https:\/\/www.visit-ulcinj.com\/blog\/2009\/06\/23\/lorik-cana-me-nje-femer-ne-plazhin-e-dhermiut\/#breadcrumb\"},\"inLanguage\":\"en-US\",\"potentialAction\":[{\"@type\":\"ReadAction\",\"target\":[\"https:\/\/www.visit-ulcinj.com\/blog\/2009\/06\/23\/lorik-cana-me-nje-femer-ne-plazhin-e-dhermiut\/\"]}]},{\"@type\":\"BreadcrumbList\",\"@id\":\"https:\/\/www.visit-ulcinj.com\/blog\/2009\/06\/23\/lorik-cana-me-nje-femer-ne-plazhin-e-dhermiut\/#breadcrumb\",\"itemListElement\":[{\"@type\":\"ListItem\",\"position\":1,\"name\":\"Lorik Cana me nj\u00eb fem\u00ebr n\u00eb plazhin e Dh\u00ebrmiut\"}]},{\"@type\":\"Person\",\"@id\":\"https:\/\/www.visit-ulcinj.com\/blog\/#\/schema\/person\/dcab619c614d3038751c63bc2aadc06d\",\"name\":\"ulqini\",\"sameAs\":[\"http:\/\/www.visit-ulcinj.com\"],\"url\":\"https:\/\/www.visit-ulcinj.com\/blog\/author\/admin\/\"}]}<\/script>\n<!-- \/ Yoast SEO plugin. -->","yoast_head_json":{"title":"Lorik Cana me nj\u00eb fem\u00ebr n\u00eb plazhin e Dh\u00ebrmiut - Lajme nga Ulqini","description":"\u00cbsht\u00eb p\u00ebrfolur shpesh jeta private e futbollistit Lorik Cana por pavar\u00ebsisht konfuzionit q\u00eb mund t\u00eb jet\u00eb shkaktuar n\u00eb media, asnj\u00ebher\u00eb nuk \u00ebsht\u00eb b\u00ebr\u00eb i","robots":{"index":"index","follow":"follow","max-snippet":"max-snippet:-1","max-image-preview":"max-image-preview:large","max-video-preview":"max-video-preview:-1"},"canonical":"https:\/\/www.visit-ulcinj.com\/blog\/2009\/06\/23\/lorik-cana-me-nje-femer-ne-plazhin-e-dhermiut\/","og_locale":"en_US","og_type":"article","og_title":"Lorik Cana me nj\u00eb fem\u00ebr n\u00eb plazhin e Dh\u00ebrmiut - Lajme nga Ulqini","og_description":"\u00cbsht\u00eb p\u00ebrfolur shpesh jeta private e futbollistit Lorik Cana por pavar\u00ebsisht konfuzionit q\u00eb mund t\u00eb jet\u00eb shkaktuar n\u00eb media, asnj\u00ebher\u00eb nuk \u00ebsht\u00eb b\u00ebr\u00eb i","og_url":"https:\/\/www.visit-ulcinj.com\/blog\/2009\/06\/23\/lorik-cana-me-nje-femer-ne-plazhin-e-dhermiut\/","og_site_name":"Lajme nga Ulqini","article_published_time":"2009-06-23T15:52:02+00:00","og_image":[{"url":"https:\/\/www.visit-ulcinj.com\/blog\/wp-content\/uploads\/2009\/06\/Lorik-Cana-150x150.jpg"}],"twitter_misc":{"Written by":"ulqini","Est. reading time":"1 minute"},"schema":{"@context":"https:\/\/schema.org","@graph":[{"@type":"WebSite","@id":"https:\/\/www.visit-ulcinj.com\/blog\/#website","url":"https:\/\/www.visit-ulcinj.com\/blog\/","name":"Lajme nga Ulqini","description":"Lajme,Vijesti,Ulqini,Ulqin,Crna Gora,Mali i Zi","potentialAction":[{"@type":"SearchAction","target":{"@type":"EntryPoint","urlTemplate":"https:\/\/www.visit-ulcinj.com\/blog\/?s={search_term_string}"},"query-input":"required name=search_term_string"}],"inLanguage":"en-US"},{"@type":"ImageObject","inLanguage":"en-US","@id":"https:\/\/www.visit-ulcinj.com\/blog\/2009\/06\/23\/lorik-cana-me-nje-femer-ne-plazhin-e-dhermiut\/#primaryimage","url":"http:\/\/www.visit-ulcinj.com\/blog\/wp-content\/uploads\/2009\/06\/Lorik-Cana.jpg","contentUrl":"http:\/\/www.visit-ulcinj.com\/blog\/wp-content\/uploads\/2009\/06\/Lorik-Cana.jpg"},{"@type":"WebPage","@id":"https:\/\/www.visit-ulcinj.com\/blog\/2009\/06\/23\/lorik-cana-me-nje-femer-ne-plazhin-e-dhermiut\/#webpage","url":"https:\/\/www.visit-ulcinj.com\/blog\/2009\/06\/23\/lorik-cana-me-nje-femer-ne-plazhin-e-dhermiut\/","name":"Lorik Cana me nj\u00eb fem\u00ebr n\u00eb plazhin e Dh\u00ebrmiut - Lajme nga Ulqini","isPartOf":{"@id":"https:\/\/www.visit-ulcinj.com\/blog\/#website"},"primaryImageOfPage":{"@id":"https:\/\/www.visit-ulcinj.com\/blog\/2009\/06\/23\/lorik-cana-me-nje-femer-ne-plazhin-e-dhermiut\/#primaryimage"},"datePublished":"2009-06-23T15:52:02+00:00","dateModified":"2009-06-23T15:52:02+00:00","author":{"@id":"https:\/\/www.visit-ulcinj.com\/blog\/#\/schema\/person\/dcab619c614d3038751c63bc2aadc06d"},"description":"\u00cbsht\u00eb p\u00ebrfolur shpesh jeta private e futbollistit Lorik Cana por pavar\u00ebsisht konfuzionit q\u00eb mund t\u00eb jet\u00eb shkaktuar n\u00eb media, asnj\u00ebher\u00eb nuk \u00ebsht\u00eb b\u00ebr\u00eb i","breadcrumb":{"@id":"https:\/\/www.visit-ulcinj.com\/blog\/2009\/06\/23\/lorik-cana-me-nje-femer-ne-plazhin-e-dhermiut\/#breadcrumb"},"inLanguage":"en-US","potentialAction":[{"@type":"ReadAction","target":["https:\/\/www.visit-ulcinj.com\/blog\/2009\/06\/23\/lorik-cana-me-nje-femer-ne-plazhin-e-dhermiut\/"]}]},{"@type":"BreadcrumbList","@id":"https:\/\/www.visit-ulcinj.com\/blog\/2009\/06\/23\/lorik-cana-me-nje-femer-ne-plazhin-e-dhermiut\/#breadcrumb","itemListElement":[{"@type":"ListItem","position":1,"name":"Lorik Cana me nj\u00eb fem\u00ebr n\u00eb plazhin e Dh\u00ebrmiut"}]},{"@type":"Person","@id":"https:\/\/www.visit-ulcinj.com\/blog\/#\/schema\/person\/dcab619c614d3038751c63bc2aadc06d","name":"ulqini","sameAs":["http:\/\/www.visit-ulcinj.com"],"url":"https:\/\/www.visit-ulcinj.com\/blog\/author\/admin\/"}]}},"jetpack_featured_media_url":"","jetpack_sharing_enabled":true,"jetpack_shortlink":"https:\/\/wp.me\/pe6lTn-61Z","_links":{"self":[{"href":"https:\/\/www.visit-ulcinj.com\/blog\/wp-json\/wp\/v2\/posts\/23187"}],"collection":[{"href":"https:\/\/www.visit-ulcinj.com\/blog\/wp-json\/wp\/v2\/posts"}],"about":[{"href":"https:\/\/www.visit-ulcinj.com\/blog\/wp-json\/wp\/v2\/types\/post"}],"author":[{"embeddable":true,"href":"https:\/\/www.visit-ulcinj.com\/blog\/wp-json\/wp\/v2\/users\/1"}],"replies":[{"embeddable":true,"href":"https:\/\/www.visit-ulcinj.com\/blog\/wp-json\/wp\/v2\/comments?post=23187"}],"version-history":[{"count":0,"href":"https:\/\/www.visit-ulcinj.com\/blog\/wp-json\/wp\/v2\/posts\/23187\/revisions"}],"wp:attachment":[{"href":"https:\/\/www.visit-ulcinj.com\/blog\/wp-json\/wp\/v2\/media?parent=23187"}],"wp:term":[{"taxonomy":"category","embeddable":true,"href":"https:\/\/www.visit-ulcinj.com\/blog\/wp-json\/wp\/v2\/categories?post=23187"},{"taxonomy":"post_tag","embeddable":true,"href":"https:\/\/www.visit-ulcinj.com\/blog\/wp-json\/wp\/v2\/tags?post=23187"}],"curies":[{"name":"wp","href":"https:\/\/api.w.org\/{rel}","templated":true}]}}