{"id":2322,"date":"2008-08-10T08:20:00","date_gmt":"2008-08-10T13:20:00","guid":{"rendered":"http:\/\/www.visit-ulcinj.com\/blog\/?p=2322"},"modified":"2008-08-10T08:20:00","modified_gmt":"2008-08-10T13:20:00","slug":"turista-tri-odsto-manje-nego-2007","status":"publish","type":"post","link":"https:\/\/www.visit-ulcinj.com\/blog\/2008\/08\/10\/turista-tri-odsto-manje-nego-2007\/","title":{"rendered":"Turista tri odsto manje nego 2007."},"content":{"rendered":"<p><a href=\"http:\/\/www.gom.cg.yu\/img\/1206950467.jpg\"><img loading=\"lazy\" class=\"alignleft\" title=\"Nacionalna turisti?ka organizacija\" src=\"http:\/\/www.gom.cg.yu\/img\/1206950467.jpg\" alt=\"\" width=\"185\" height=\"247\" \/><\/a>PODGORICA &#8211; U Crnoj Gori boravi 105,65 hiljada turista, odnosno tri odsto manje u odnosu na isti period pro\u0161le godine, saop\u0161teno je danas iz Nacionalne turisti?ke organizacije (NTOCG).<br \/>\nIz NTO su kazali da je tokom prethodne sedmice call centar zabilje\u017eio 148 poziva, od ?ega je bilo 119 pritu\u017ebi i pet pohvala, dok su se 24 odnosila na davanje informacija. Menad\u017eer NTO, Danica ?erani?, navela je da su se turisti i gra?ani najvi\u0161e \u017ealili na buku zbog preglasne muzike i gra?evinske radove.<br \/>\n\u00bbPritu\u017ebe su posebno stizale na miniranje zbog izgradnje puta u Lipcima i na povremeno zaustavljanje saobra?aja\u00ab, dodala je ?erani?.<br \/>\nOna je precizirala da su se pohvale odnosile na anga\u017eovanje radnika na ?i\u0161?enju dionice puta od Podgorice do Budve, u okviru akcije pod nazivom Neka bude ?isto. Direktor Turisti?ke organizacije Podgorica (TOP), Ljiljana \u0160?epanovi?, saop\u0161tila je da je taj grad tokom prva ?etiri mjeseca posjetilo 16 odsto vi\u0161e turista u odnosu na isti period pro\u0161le godine.<br \/>\n\u00bbSedmi?na evidencija pokazuje i pozitivan trend rasta posjeta u maju, pro\u0161lom i ovom mjesecu\u00ab, navela je \u0160?epanovi?.<br \/>\n<strong>Izvor \/ Mina-business<\/strong><\/p>\n<p><strong><!-- vimeo error: not a vimeo video --><\/strong><br \/>\n<a class=\"aligncenter\" title=\"???? ????,?????,Ulcinj,Montenegru,??????????,\u00c7ernoqoriya,???????????,Montenegiro,?ern\u00e1 Hora,??????????,Cz\u00f4rnog\u00f3ra,Cz\u00f4rn\u00f4 G\u00f3ra,Carna G\u00f3ra,T\u0161ernogooria,\u00c7ernogoriya,Montain\u00e9agr\u00f3,Montenegwo,?orna Hora,Montenegr\u00f3,M?ntenigro,Chernogoriya ,\u00c7\u00earnogor\u00ee ,?????????,????????? ,??????? ,Montes Nigrae,Mons Niger,M\u00f4ntenegr\u00f4,Muntenegru,??????????,Czarnog\u00f3ra,Muntinigru,Muntenegro,&lt;br &gt;&lt;\/a&gt; Muntenegru,\t?ierna Hora,Cxerngora,????????,?rna gora,Moontineegro,?ornog?ra,\u00c7ernogori\u00fda,Chernogoriya,Mont\u00f5negro,????? ???? ,?r?na Gora,?r?nogorije,?ernogorija,?arnahoryja,??????????,???????????????????? ,?ern?g?riy\u00e2,M?nt?n??r?,????? ?????? ,?????????,??????????,???????????,M?nten?gro,???? ????? ,????????,M\u00f4ntenegr\u00f4,????????????,???????????,????????????, ??????????? ,????????????,??????????? ,??\/?? ,??????,????? ,Muntenegru, ????? ????, Montenegr\u00f3,chambres \u00e0 louer \u00e0 ulcinj, location de vacance, location saisonni\u00e8res, louer villa,location de vacance, Locations vacance, h\u00e9bergements vacances, locations villa, logements de vacances, location maison avec piscine, Location vacance, locations de vacance, h\u00e9bergements de vacances, location villa, locations entre particulier, logements vacance, vacances \u00e0 Mont\u00e9n\u00e9gro - location \u00e0 Ulcinj ,location  de bigorre,Urlaub in Ulcinj -Montenegro,Hotelbewertungen Ulcinj,Reisen Ulcinj, Urlaub Ulcinj,Hotel in Serbien und Montenegro von Urlaubern bewertet,Billig Urlaub in Ulcinj,ferienh\u00e4user,ferienwohnung,Billige Ferienh\u00e4user,Ferienwohnung ULCINJ,Ferien an der Adria,Urlaub im Ferienhaus ulcinjBilligreisen Ulcinj,Pauschalreisen,FKK Strand Ada Bojana ulcinj,Last Minute Angebote ulcinj,Preise f\u00fcr Lastminute,Kleinanzeigen gratis,Ausflug nach Ulcinj,FKK-Reisen ada bojana,FKK-Urlaub ulcinj,Privatni smje\u0161taj,rezervacija smje\u0161taja,apartmani,sobe,ku?e,odmor,sobe za odmor ulcinj,Pretra\u017eivanje privatnog smje\u0161taja,rooms rent accommodation ulcinj, rentail private accommodation ulcinj,\u017delite rezervirati privatni smje\u0161taj,Private accommodation,Smje\u0161taj ulcinj,Pushime Verore ulqin,pushime t\u00eb lira n\u00eb ulqin,Pushime ne plazh,Pushime te kendshme,dhoma per pushime ulqin,dhoma me qera ulqin,dhoma te lira ulqin,pushime te lira ulqin,mali i zi,kosova,maqedoni,shqiperi,Pushime ne det te ulqinit,godi\u0161nji odmor u ulcinj,odmor u ulcinj,Ku?a za odmor,kuda na odmor,ljetovanje u ulcinj,slobodne sobe,dhoma te lira,ku?a uz more,turisti?ka ponuda,odmor i zabava,povolne cene,sobe,usluge,Mjesto za Va\u0161 odmor , Place for Your holiday,Odmor portal,putovanaja,Iznajmljivanje soba ulcinj,odmor ulcinj info,Va\u0161e mjesto za odmor ulcinj,nudisticka plaza ada bojana,smjestaj ponuda ulcinj,lokacioni i dhomave ulqin,deti,plazhet e bukura,diskoteka,zbavitja,.\" href=\"http:\/\/www.visit-ulcinj.com\/tourism\/\" target=\"_blank\"><img loading=\"lazy\" style=\"float: right;\" src=\"http:\/\/www.visit-ulcinj.com\/blog\/wp-content\/uploads\/2008\/06\/holiday-rental-ulcinj-ulqini_ulqin_logo.gif\" alt=\"Apatin,  Aran?elovac,  ?uprija,  ?a?ak,  ?apljina,  ?itluk,  \u0160abac,  \u0160ipovo,  \u0160iroki Brijeg,  \u017dep?e,  \u017divinice,  Ba?ka Palanka,  Banja Luka,  Banovi?i,  Be?ej,  beograd,  Biha?,  Bijeljina,  Bor,  Bor?a,  Bosanska Gradi\u0161ka,  Bosanska Krupa,  Bosanski \u0160amac,  Bosanski Brod,  Bosanski Novi,  Br?ko,  Bu\u017eim,  Bugojno,  Cazin,  Crna Gora,  Derventa,  Doboj,  Donji Vakuf,  Drvar,  Dubrovnik,  Fo?a,  Fojnica,  Glamo?,  Gora\u017ede,  Gornji Milanovac,  Gornji Vakuf,  gostivar,  Gra?anica,  Grada?ac,  Gradiska,  Grahovo,  Had\u017ei?i,  Ilid\u017ea,  In?ija,  Jablanica,  Jagodina,  Jajce,  Kakanj,  Kalu?erica,  Kikinda,  Klju?,  Konjic,  Kotor Varo\u0161,  Kragujevac,  Kraljevo,  Kru\u0161evac,  Kula,  Kupres,  Lakta\u0161i,  Lazarevac,  Leskovac,  Livno,  Ljubinje,  ljublana,  Ljubu\u0161ki,  Loznica,  Lukavac,  Maglaj,  Mladenovac,  Modri?a,  montenegro erlajnz,  mostar,  Mrkonji? Grad,  Neum,  Ni\u0161,  Novi Pazar,  Novi Sad,  Novi Travnik,  Obrenovac,  Od\u017eak,  ohrid,  Ora\u0161je,  Pale,  Pan?evo,  Para?in,  Pirot,  Po\u017earevac,  Podgorica,  Priboj,  Prijedor,  Prokuplje,  Prozor,  pula,  rijeka,  Ruma,  Sanski Most,  Sarajevo,  Senta,  serbija,  sibenik,  skopje,  Smederevo,  Smederevska Palanka,  Sokolac,  Sombor,  split,  Srebrenica,  Srebrenik,  Sremska Mitrovica,  Stolac,  Struga,  Subotica,  Temerin,  Tesli?,  tetovo,  Travnik,  Trebinje,  tuzla,  U\u017eice,  ulcinj,  Valjevo,  Velika Kladu\u0161a,  Vi\u0161egrad,  Visoko,  Vitez,  Vogo\u0161?a,  vojvodina,  Vranje,  Vr\u0161ac,  Vrbas,  zadar,  Zagreb,  Zaje?ar,  Zavidovi?i,  Zenica,  Zrenjanin,  Zvornik,copacabana ulcinj,  h\u00f4tels,  hotel ulqin,  Kosova,  Mali i Zi,  Maqedonija,  Montenegro,  montenegro tourisme plage,  montenegro ulcinj,  Shpallje Falas,  Shpallje Falas per shitjen e shtepis se juaj,  Shpallje Falas per villat e juaj,  Shpallje Falas Real Estate,  Shpallje Falas turistike,  shqiperija,  tourisme,  Ulci?,  ulcinj,  ulqin,  ulqin hotel,  ulqini,  ulqini 2007,Ada Bojana,  Alba?czyk,  Cita di Dolcino,  Copacabana,  Czarnog\u00f3ra,  Czarnog\u00f3rzec,  Don Kichota,  Ma?a Pla?a,  Mandra,  MIGUEL DE SERVANTES,  p\u00f3?wyspy Marjan,  Pla?a Valdanos,  Rzeka Bojana,  Shas \/ \u0160as \/ Sva?,  Ulci?,  Ulcinjsk? Riwier?,  Wielka Pla?a,  Wyspa Bojana,GORA,??????????,???????,??????????, ?ern\u00e1 Hora,TO ULCINJ \/ ULQIN,MONTENEGRO, Czarnog\u00f3ra, Muntenegru, ????? ????, Montenegr\u00f3,villa \u00e0 louer \u00e0 ulcinj, location de vacance, location saisonni\u00e8res, louer chambres,location de vacance, Locations vacance, h\u00e9bergements vacances, locations villa, logements de vacances, location maison avec piscine, Location vacance, locations de vacance, h\u00e9bergements de vacances, location, locations entre particulier, logements vacance, vacances \u00e0 Mont\u00e9n\u00e9gro - location \u00e0 Ulcinj ,location  de bigorre.\" width=\"510\" height=\"145\" \/><\/a><\/p>\n","protected":false},"excerpt":{"rendered":"<p><img loading=\"lazy\" class=\"alignleft\" title=\"Nacionalna turisti?ka organizacija\" src=\"http:\/\/www.gom.cg.yu\/img\/1206950467.jpg\" alt=\"\" width=\"140\" height=\"140\" \/><\/p>\n","protected":false},"author":1,"featured_media":0,"comment_status":"open","ping_status":"closed","sticky":false,"template":"","format":"standard","meta":{"spay_email":"","jetpack_publicize_message":"","jetpack_is_tweetstorm":false,"jetpack_publicize_feature_enabled":true},"categories":[12,15],"tags":[4275],"jetpack_publicize_connections":[],"yoast_head":"<!-- This site is optimized with the Yoast SEO plugin v19.1 - https:\/\/yoast.com\/wordpress\/plugins\/seo\/ -->\n<title>Turista tri odsto manje nego 2007. - Lajme nga Ulqini<\/title>\n<meta name=\"robots\" content=\"index, follow, max-snippet:-1, max-image-preview:large, max-video-preview:-1\" \/>\n<link rel=\"canonical\" href=\"https:\/\/www.visit-ulcinj.com\/blog\/2008\/08\/10\/turista-tri-odsto-manje-nego-2007\/\" \/>\n<meta property=\"og:locale\" content=\"en_US\" \/>\n<meta property=\"og:type\" content=\"article\" \/>\n<meta property=\"og:title\" content=\"Turista tri odsto manje nego 2007. - Lajme nga Ulqini\" \/>\n<meta property=\"og:url\" content=\"https:\/\/www.visit-ulcinj.com\/blog\/2008\/08\/10\/turista-tri-odsto-manje-nego-2007\/\" \/>\n<meta property=\"og:site_name\" content=\"Lajme nga Ulqini\" \/>\n<meta property=\"article:published_time\" content=\"2008-08-10T13:20:00+00:00\" \/>\n<meta property=\"og:image\" content=\"http:\/\/www.gom.cg.yu\/img\/1206950467.jpg\" \/>\n<meta name=\"twitter:label1\" content=\"Written by\" \/>\n\t<meta name=\"twitter:data1\" content=\"ulqini\" \/>\n\t<meta name=\"twitter:label2\" content=\"Est. reading time\" \/>\n\t<meta name=\"twitter:data2\" content=\"1 minute\" \/>\n<script type=\"application\/ld+json\" class=\"yoast-schema-graph\">{\"@context\":\"https:\/\/schema.org\",\"@graph\":[{\"@type\":\"WebSite\",\"@id\":\"https:\/\/www.visit-ulcinj.com\/blog\/#website\",\"url\":\"https:\/\/www.visit-ulcinj.com\/blog\/\",\"name\":\"Lajme nga Ulqini\",\"description\":\"Lajme,Vijesti,Ulqini,Ulqin,Crna Gora,Mali i Zi\",\"potentialAction\":[{\"@type\":\"SearchAction\",\"target\":{\"@type\":\"EntryPoint\",\"urlTemplate\":\"https:\/\/www.visit-ulcinj.com\/blog\/?s={search_term_string}\"},\"query-input\":\"required name=search_term_string\"}],\"inLanguage\":\"en-US\"},{\"@type\":\"ImageObject\",\"inLanguage\":\"en-US\",\"@id\":\"https:\/\/www.visit-ulcinj.com\/blog\/2008\/08\/10\/turista-tri-odsto-manje-nego-2007\/#primaryimage\",\"url\":\"http:\/\/www.gom.cg.yu\/img\/1206950467.jpg\",\"contentUrl\":\"http:\/\/www.gom.cg.yu\/img\/1206950467.jpg\"},{\"@type\":\"WebPage\",\"@id\":\"https:\/\/www.visit-ulcinj.com\/blog\/2008\/08\/10\/turista-tri-odsto-manje-nego-2007\/#webpage\",\"url\":\"https:\/\/www.visit-ulcinj.com\/blog\/2008\/08\/10\/turista-tri-odsto-manje-nego-2007\/\",\"name\":\"Turista tri odsto manje nego 2007. - Lajme nga Ulqini\",\"isPartOf\":{\"@id\":\"https:\/\/www.visit-ulcinj.com\/blog\/#website\"},\"primaryImageOfPage\":{\"@id\":\"https:\/\/www.visit-ulcinj.com\/blog\/2008\/08\/10\/turista-tri-odsto-manje-nego-2007\/#primaryimage\"},\"datePublished\":\"2008-08-10T13:20:00+00:00\",\"dateModified\":\"2008-08-10T13:20:00+00:00\",\"author\":{\"@id\":\"https:\/\/www.visit-ulcinj.com\/blog\/#\/schema\/person\/dcab619c614d3038751c63bc2aadc06d\"},\"breadcrumb\":{\"@id\":\"https:\/\/www.visit-ulcinj.com\/blog\/2008\/08\/10\/turista-tri-odsto-manje-nego-2007\/#breadcrumb\"},\"inLanguage\":\"en-US\",\"potentialAction\":[{\"@type\":\"ReadAction\",\"target\":[\"https:\/\/www.visit-ulcinj.com\/blog\/2008\/08\/10\/turista-tri-odsto-manje-nego-2007\/\"]}]},{\"@type\":\"BreadcrumbList\",\"@id\":\"https:\/\/www.visit-ulcinj.com\/blog\/2008\/08\/10\/turista-tri-odsto-manje-nego-2007\/#breadcrumb\",\"itemListElement\":[{\"@type\":\"ListItem\",\"position\":1,\"name\":\"Turista tri odsto manje nego 2007.\"}]},{\"@type\":\"Person\",\"@id\":\"https:\/\/www.visit-ulcinj.com\/blog\/#\/schema\/person\/dcab619c614d3038751c63bc2aadc06d\",\"name\":\"ulqini\",\"sameAs\":[\"http:\/\/www.visit-ulcinj.com\"],\"url\":\"https:\/\/www.visit-ulcinj.com\/blog\/author\/admin\/\"}]}<\/script>\n<!-- \/ Yoast SEO plugin. -->","yoast_head_json":{"title":"Turista tri odsto manje nego 2007. - Lajme nga Ulqini","robots":{"index":"index","follow":"follow","max-snippet":"max-snippet:-1","max-image-preview":"max-image-preview:large","max-video-preview":"max-video-preview:-1"},"canonical":"https:\/\/www.visit-ulcinj.com\/blog\/2008\/08\/10\/turista-tri-odsto-manje-nego-2007\/","og_locale":"en_US","og_type":"article","og_title":"Turista tri odsto manje nego 2007. - Lajme nga Ulqini","og_url":"https:\/\/www.visit-ulcinj.com\/blog\/2008\/08\/10\/turista-tri-odsto-manje-nego-2007\/","og_site_name":"Lajme nga Ulqini","article_published_time":"2008-08-10T13:20:00+00:00","og_image":[{"url":"http:\/\/www.gom.cg.yu\/img\/1206950467.jpg"}],"twitter_misc":{"Written by":"ulqini","Est. reading time":"1 minute"},"schema":{"@context":"https:\/\/schema.org","@graph":[{"@type":"WebSite","@id":"https:\/\/www.visit-ulcinj.com\/blog\/#website","url":"https:\/\/www.visit-ulcinj.com\/blog\/","name":"Lajme nga Ulqini","description":"Lajme,Vijesti,Ulqini,Ulqin,Crna Gora,Mali i Zi","potentialAction":[{"@type":"SearchAction","target":{"@type":"EntryPoint","urlTemplate":"https:\/\/www.visit-ulcinj.com\/blog\/?s={search_term_string}"},"query-input":"required name=search_term_string"}],"inLanguage":"en-US"},{"@type":"ImageObject","inLanguage":"en-US","@id":"https:\/\/www.visit-ulcinj.com\/blog\/2008\/08\/10\/turista-tri-odsto-manje-nego-2007\/#primaryimage","url":"http:\/\/www.gom.cg.yu\/img\/1206950467.jpg","contentUrl":"http:\/\/www.gom.cg.yu\/img\/1206950467.jpg"},{"@type":"WebPage","@id":"https:\/\/www.visit-ulcinj.com\/blog\/2008\/08\/10\/turista-tri-odsto-manje-nego-2007\/#webpage","url":"https:\/\/www.visit-ulcinj.com\/blog\/2008\/08\/10\/turista-tri-odsto-manje-nego-2007\/","name":"Turista tri odsto manje nego 2007. - Lajme nga Ulqini","isPartOf":{"@id":"https:\/\/www.visit-ulcinj.com\/blog\/#website"},"primaryImageOfPage":{"@id":"https:\/\/www.visit-ulcinj.com\/blog\/2008\/08\/10\/turista-tri-odsto-manje-nego-2007\/#primaryimage"},"datePublished":"2008-08-10T13:20:00+00:00","dateModified":"2008-08-10T13:20:00+00:00","author":{"@id":"https:\/\/www.visit-ulcinj.com\/blog\/#\/schema\/person\/dcab619c614d3038751c63bc2aadc06d"},"breadcrumb":{"@id":"https:\/\/www.visit-ulcinj.com\/blog\/2008\/08\/10\/turista-tri-odsto-manje-nego-2007\/#breadcrumb"},"inLanguage":"en-US","potentialAction":[{"@type":"ReadAction","target":["https:\/\/www.visit-ulcinj.com\/blog\/2008\/08\/10\/turista-tri-odsto-manje-nego-2007\/"]}]},{"@type":"BreadcrumbList","@id":"https:\/\/www.visit-ulcinj.com\/blog\/2008\/08\/10\/turista-tri-odsto-manje-nego-2007\/#breadcrumb","itemListElement":[{"@type":"ListItem","position":1,"name":"Turista tri odsto manje nego 2007."}]},{"@type":"Person","@id":"https:\/\/www.visit-ulcinj.com\/blog\/#\/schema\/person\/dcab619c614d3038751c63bc2aadc06d","name":"ulqini","sameAs":["http:\/\/www.visit-ulcinj.com"],"url":"https:\/\/www.visit-ulcinj.com\/blog\/author\/admin\/"}]}},"jetpack_featured_media_url":"","jetpack_sharing_enabled":true,"jetpack_shortlink":"https:\/\/wp.me\/pe6lTn-Bs","_links":{"self":[{"href":"https:\/\/www.visit-ulcinj.com\/blog\/wp-json\/wp\/v2\/posts\/2322"}],"collection":[{"href":"https:\/\/www.visit-ulcinj.com\/blog\/wp-json\/wp\/v2\/posts"}],"about":[{"href":"https:\/\/www.visit-ulcinj.com\/blog\/wp-json\/wp\/v2\/types\/post"}],"author":[{"embeddable":true,"href":"https:\/\/www.visit-ulcinj.com\/blog\/wp-json\/wp\/v2\/users\/1"}],"replies":[{"embeddable":true,"href":"https:\/\/www.visit-ulcinj.com\/blog\/wp-json\/wp\/v2\/comments?post=2322"}],"version-history":[{"count":0,"href":"https:\/\/www.visit-ulcinj.com\/blog\/wp-json\/wp\/v2\/posts\/2322\/revisions"}],"wp:attachment":[{"href":"https:\/\/www.visit-ulcinj.com\/blog\/wp-json\/wp\/v2\/media?parent=2322"}],"wp:term":[{"taxonomy":"category","embeddable":true,"href":"https:\/\/www.visit-ulcinj.com\/blog\/wp-json\/wp\/v2\/categories?post=2322"},{"taxonomy":"post_tag","embeddable":true,"href":"https:\/\/www.visit-ulcinj.com\/blog\/wp-json\/wp\/v2\/tags?post=2322"}],"curies":[{"name":"wp","href":"https:\/\/api.w.org\/{rel}","templated":true}]}}