{"id":23246,"date":"2009-06-24T20:01:47","date_gmt":"2009-06-24T18:01:47","guid":{"rendered":"http:\/\/www.visit-ulcinj.com\/blog\/?p=23246"},"modified":"2009-06-24T20:30:43","modified_gmt":"2009-06-24T18:30:43","slug":"konferenca-e-perbashket-e-shtypit-e-presidenteve-te-shqiperise-maqedonise-malit-te-zi-dhe-kosoves","status":"publish","type":"post","link":"https:\/\/www.visit-ulcinj.com\/blog\/2009\/06\/24\/konferenca-e-perbashket-e-shtypit-e-presidenteve-te-shqiperise-maqedonise-malit-te-zi-dhe-kosoves\/","title":{"rendered":"Video-Konferenca e p\u00ebrbashk\u00ebt e shtypit e President\u00ebve t\u00eb Shqip\u00ebris\u00eb, Maqedonis\u00eb, Malit t\u00eb Zi dhe Kosov\u00ebs"},"content":{"rendered":"<p><strong><a href=\"http:\/\/www.visit-ulcinj.com\/blog\/wp-content\/uploads\/2009\/06\/President\u00ebt-Topi-Ivanov-Sejdiu-dhe-Vujanovi\u00e7-n\u00eb-p\u00ebrfundim-t\u00eb-konferenc\u00ebs-p\u00ebr-shtyp..jpg\"><img loading=\"lazy\" class=\"alignleft size-full wp-image-23249\" title=\"President\u00ebt Topi, Ivanov, Sejdiu dhe Vujanovi\u00e7 n\u00eb p\u00ebrfundim t\u00eb konferenc\u00ebs p\u00ebr shtyp.\" src=\"http:\/\/www.visit-ulcinj.com\/blog\/wp-content\/uploads\/2009\/06\/President\u00ebt-Topi-Ivanov-Sejdiu-dhe-Vujanovi\u00e7-n\u00eb-p\u00ebrfundim-t\u00eb-konferenc\u00ebs-p\u00ebr-shtyp..jpg\" alt=\"President\u00ebt Topi, Ivanov, Sejdiu dhe Vujanovi\u00e7 n\u00eb p\u00ebrfundim t\u00eb konferenc\u00ebs p\u00ebr shtyp.\" width=\"580\" height=\"408\" \/><\/a>Vlor\u00eb: 24 qershor 2009<\/strong><br \/>\nN\u00eb dit\u00ebn e dyt\u00eb t\u00eb takimit informal n\u00eb qytetin e Vlor\u00ebs t\u00eb organizuar nga Presidenti i Republik\u00ebs, Prof Dr. Bamir Topi, Kryetar\u00ebt e Shteteve t\u00eb kat\u00ebr vendeve fqinj\u00eb n\u00eb rajonin ballkanik, t\u00eb Shqip\u00ebris\u00eb, Maqedonis\u00eb, Malit t\u00eb Zi dhe Kosov\u00ebs zhvilluan bisedime n\u00eb krye t\u00eb delegacioneve respektive q\u00eb i shoq\u00ebronin p\u00ebrgjat\u00eb k\u00ebsaj veprimtarie. N\u00eb p\u00ebrfundim t\u00eb tyre dhe t\u00eb mbar\u00eb takimit, kat\u00ebr President\u00ebt dhan\u00eb nj\u00eb konferenc\u00eb t\u00eb p\u00ebrbashk\u00ebt shtypi.<\/p>\n<p><strong>Presidenti Topi: P\u00ebrsh\u00ebndetje!<\/strong><\/p>\n<p><strong>P\u00ebrfaq\u00ebsues t\u00eb nderuar t\u00eb medias!<br \/>\nZonja e Zot\u00ebrinj,<\/strong><\/p>\n<p>Kam k\u00ebnaq\u00ebsin\u00eb t\u00eb shpreh vler\u00ebsimin tim p\u00ebr k\u00ebt\u00eb takim! S\u00eb pari, t\u00eb falenderoj Presidentin Sejdiu, Presidentin Ivanov, Presidentin Vujanovi\u00e7 q\u00eb iu p\u00ebrgjigj\u00ebn ftes\u00ebs p\u00ebr k\u00ebt\u00eb takim q\u00eb zhvillohet n\u00eb qytetin e bukur t\u00eb Vlor\u00ebs! Sikurse jam shprehur edhe m\u00eb par\u00eb, Vlora ka nj\u00eb simbolik\u00eb t\u00eb ve\u00e7ant\u00eb, \u00ebsht\u00eb nj\u00eb qytet historik, q\u00eb n\u00eb historin\u00eb e Shqip\u00ebris\u00eb arrin kulmin n\u00eb dat\u00ebn 28 n\u00ebntor t\u00eb 1912-\u00ebs me fitimin e pavar\u00ebsis\u00eb s\u00eb Shqip\u00ebris\u00eb.<\/p>\n<p>Vlora ka edhe nj\u00eb histori shum\u00eb komplekse. P\u00ebrve\u00e7 historis\u00eb s\u00eb vjet\u00ebr, Vlora ka tradita t\u00eb \u00e7muara, \u00ebsht\u00eb nj\u00eb qytet mjaft i bukur n\u00eb nj\u00eb zon\u00eb ku mendohet q\u00eb zhvillimi i turizmit t\u00eb ket\u00eb ritme t\u00eb papara. Pra, n\u00eb frym\u00ebn e k\u00ebsaj simbolike, ne s\u00eb bashku trajtuam tema shum\u00eb t\u00eb r\u00ebnd\u00ebsishme q\u00eb kan\u00eb t\u00eb b\u00ebjn\u00eb me situat\u00ebn aktuale n\u00eb vendet tona, me situat\u00ebn e re mjaft pozitive q\u00eb kalon rajoni i Ballkanit Per\u00ebndimor, me aspirat\u00ebn e p\u00ebrbashk\u00ebt euroatlantike t\u00eb vendeve tona, me nevoj\u00ebn e thellimit t\u00eb dialogut politik midis nesh, me evidentimin e nj\u00eb situate t\u00eb re gjeopolitike n\u00eb rajon dhe kuptohet pas dialogut mjaft t\u00eb mir\u00eb politik, del nevoja e intensifikimit t\u00eb marr\u00ebdh\u00ebnieve ekonomike midis vendeve tona.<\/p>\n<p>Kuptohet, n\u00eb kuad\u00ebr t\u00eb frym\u00ebs s\u00eb integrimit euro-atlantik, ne d\u00ebshirojm\u00eb q\u00eb n\u00eb plan t\u00eb par\u00eb t\u00eb kemi l\u00ebvizjen e lir\u00eb t\u00eb qytetar\u00ebve n\u00eb vendet tona, t\u00eb biznesit dhe t\u00eb gjitha aktivitetet e tjera. Un\u00eb personalisht kam demonstruar arritjet e Shqip\u00ebris\u00eb dhe p\u00ebrpjekjet q\u00eb po b\u00ebhen p\u00ebr t\u00eb zgjeruar k\u00ebt\u00eb lloj bashk\u00ebpunimi: nj\u00eb diplomaci e re n\u00eb rajon, nj\u00eb p\u00ebrmir\u00ebsim i ndjesh\u00ebm i infrastruktur\u00ebs, nj\u00eb sinkronizim i interesave t\u00eb vendeve tona p\u00ebr t\u00eb punuar p\u00ebr nj\u00eb sistem energjetik t\u00eb p\u00ebrbashk\u00ebt n\u00eb rajon, nj\u00eb rritje e turizmit reciprok, ku padyshim Shqip\u00ebria ofron nj\u00eb bregdet t\u00eb mrekulluesh\u00ebm, dhe ajo q\u00eb \u00ebsht\u00eb th\u00ebn\u00eb dhe her\u00eb t\u00eb tjera, Shqip\u00ebria u jep akses t\u00eb gjitha vendeve t\u00eb rajonit n\u00eb portet e saj t\u00eb r\u00ebnd\u00ebsishme.<\/p>\n<p>Kemi diskutuar rreth nevoj\u00ebs s\u00eb thellimit t\u00eb pun\u00ebs dhe bashk\u00ebpunimit p\u00ebr sigurin\u00eb n\u00eb rajon, p\u00ebr luft\u00ebn kund\u00ebr kriminalitetit, patjet\u00ebr dhe p\u00ebr krijimin e nj\u00eb klime atraktive p\u00ebr t\u00eb gjith\u00eb investitor\u00ebt, q\u00eb vijn\u00eb nga jasht\u00eb rajonit ton\u00eb. Ne shpreh\u00ebm s\u00eb bashku d\u00ebshir\u00ebn q\u00eb t\u00eb gjith\u00eb vendet e rajonit q\u00eb kan\u00eb t\u00eb nj\u00ebjt\u00ebn aspirat\u00eb t\u00eb integrimit euro-atlantik, t\u2019u bashkohen k\u00ebtyre interesave dhe shpreha mendimin q\u00eb vendet e Bashkimit Evropian do t\u00eb na vler\u00ebsojn\u00eb m\u00eb shum\u00eb, n\u00ebse vendet tona do t\u00eb bashk\u00ebpunojn\u00eb dhe do t\u00eb rrisin standardet ekonomike dhe t\u00eb mir\u00ebq\u00ebnies. Vler\u00ebsova q\u00eb nga \u201cKarta e A 3-shit\u2019\u2019, ne kemi kaluar n\u00eb \u201cKart\u00ebn e A 5-\u00ebs\u2019\u2019, n\u00ebp\u00ebmjet s\u00eb cil\u00ebs at\u00eb q\u00eb arriti Kroacia dhe Shqip\u00ebria ta arrijn\u00eb dhe vendet e tjera t\u00eb rajonit drejt an\u00ebtar\u00ebsimit n\u00eb NATO. Edhe patjet\u00ebr shk\u00ebmbimin e eksperienc\u00ebs, t\u00eb cil\u00ebn vendet rajoninit, dikush m\u00eb p\u00ebrpara ose m\u00eb mbrapa, kan\u00eb nevoj\u00eb ta k\u00ebmbejn\u00eb n\u00eb funksion t\u00eb an\u00ebtar\u00ebsimit n\u00eb Bashkimin Evropian.<\/p>\n<p>Kemi dal\u00eb me nj\u00eb ide t\u00eb p\u00ebrbashk\u00ebt q\u00eb nga terminologjia e p\u00ebrgjithshme, ne gradualisht po realizojm\u00eb gj\u00ebra konkrete. Un\u00eb mendoj q\u00eb nuk \u00ebsht\u00eb nj\u00eb gj\u00eb e rastit q\u00eb brenda dy muajve ne takohemi disa her\u00eb me nj\u00ebri-tjetrin, \u00e7ka do t\u00eb thot\u00eb q\u00eb ka nj\u00eb diferenc\u00eb t\u00eb jasht\u00ebzakonshme me situat\u00ebn q\u00eb ishte dikur. Ky \u00ebsht\u00eb nj\u00eb predispozicion i lart\u00eb q\u00eb vendet tona t\u00eb realizojn\u00eb ato \u00e7ka kan\u00eb th\u00ebn\u00eb n\u00ebp\u00ebmjet President\u00ebve dhe n\u00ebp\u00ebrmjet qeverive respektive t\u00eb vendeve tona, t\u00eb cilat realisht po punojn\u00eb intensivisht n\u00eb t\u00eb nj\u00ebjt\u00ebn linj\u00eb.<\/p>\n<p>Un\u00eb shpreh d\u00ebshir\u00ebn q\u00eb ky takim patjet\u00ebr do t\u00eb pasohet nga takime t\u00eb tjera, ku secili nga miqt\u00eb n\u00eb radh\u00ebn e vet do t\u00eb b\u00ebhet mikprit\u00ebs! Un\u00eb edhe nj\u00eb her\u00eb i falenderoj President\u00ebt, t\u00eb cil\u00ebt jo vet\u00ebm q\u00eb ishin t\u00eb pranish\u00ebm, por dhan\u00eb opsione mjaft t\u00eb r\u00ebnd\u00ebsishme p\u00ebr bashk\u00ebpunimin perspektiv t\u00eb vendeve tona.<br \/>\nFalemnderit!<\/p>\n<p><strong>Presidenti Sejdiu:<\/strong><\/p>\n<p><strong>Falemnderit i nderuar Presidenti Topi!<br \/>\nI nderuar Presidenti Vujanovi\u00e7!<br \/>\nI nderuar Presidenti Ivanov!<br \/>\nT\u00eb nderuar p\u00ebrfaq\u00ebsues t\u00eb medias!<\/strong><\/p>\n<p>Un\u00eb d\u00ebshiroj t\u00eb shpreh konsiderat\u00ebn m\u00eb t\u00eb lart\u00eb q\u00eb jemi k\u00ebtu s\u00eb bashku n\u00eb k\u00ebt\u00eb takim kaq t\u00eb r\u00ebnd\u00ebsish\u00ebm n\u00eb Vlor\u00eb, ku pat\u00ebm mund\u00ebsi t\u00eb jasht\u00ebzakonshme t\u00eb komunikimeve m\u00eb t\u00eb mira t\u00eb mundshme. E kemi theksuar bashk\u00eb dhe e kemi potencuar se p\u00ebr k\u00ebt\u00eb \u00ebsht\u00eb nj\u00eb baz\u00eb e r\u00ebnd\u00ebsishme e ecjeve tona t\u00eb deritashme. Jan\u00eb pika t\u00eb r\u00ebnd\u00ebsishme t\u00eb zhvillimeve historike q\u00eb bashkojn\u00eb popujt tan\u00eb dhe vendet tona. Jan\u00eb kap\u00ebrcime t\u00eb fateve gati identike me situata her\u00eb-her\u00eb shum\u00eb t\u00eb v\u00ebshtira. Jan\u00eb relacione praktike t\u00eb nd\u00ebrtuara t\u00eb mira. Qytetar\u00ebt pan\u00eb l\u00ebvizjen dhe shtetet tona jan\u00eb shtete q\u00eb kan\u00eb njohur nj\u00ebra-tjetr\u00ebn. Jan\u00eb vizion i p\u00ebrbashk\u00ebt p\u00ebr ecje t\u00eb proceseve t\u00eb moralshme n\u00eb proceset integruese euro-atlantike, dhe them, plus q\u00eb jan\u00eb dhe i kemi miq t\u00eb p\u00ebrbashk\u00ebt. Kjo \u00ebsht\u00eb, do t\u00eb thoja, sublimim i ndjenj\u00ebs s\u00eb p\u00ebrditshme q\u00eb kemi. P\u00ebr ne \u00ebsht\u00eb borxh i ve\u00e7ant\u00eb q\u00eb t\u00eb japim, t\u00eb realizojm\u00eb pritshm\u00ebrit\u00eb e qytetar\u00ebve tan\u00eb dhe ato jan\u00eb pik\u00ebrisht n\u00eb pjes\u00ebn praktike, n\u00eb shpejtimin praktik p\u00ebr nj\u00eb jet\u00eb m\u00eb t\u00eb mir\u00eb t\u00eb t\u00eb gjith\u00eb qytetar\u00ebve n\u00eb bashk\u00ebpunimet ekonomike ve\u00e7an\u00ebrisht, n\u00eb bashk\u00ebpunimet kulturore t\u00eb fushave t\u00eb shumta dhe t\u00eb dijes, n\u00eb at\u00eb q\u00eb do ta quaja t\u00eb konkurenc\u00ebs sportive pse jo, dhe t\u00eb shk\u00ebmbimit t\u00eb p\u00ebrvojave m\u00eb t\u00eb mira t\u00eb mundshme n\u00eb arritjet e deritanishme.<\/p>\n<p>Ne e vler\u00ebsojm\u00eb lart an\u00ebtar\u00ebsimin e Republik\u00ebs s\u00eb Shqip\u00ebris\u00eb n\u00eb NATO dhe shprehjen e kandidatur\u00ebs p\u00ebr t\u00eb qen\u00eb n\u00eb Bashkimin Evropian. Vler\u00ebsojm\u00eb lart arritjet e Malit t\u00eb Zi e Maqedonis\u00eb, po k\u00ebshtu, n\u00eb pjes\u00ebn e kritereve t\u00eb r\u00ebnd\u00ebsishme p\u00ebr proceset integruese dhe po ashtu vler\u00ebsuam bashk\u00eb k\u00ebt\u00eb gatishm\u00ebri q\u00eb t\u00eb l\u00ebvizim m\u00eb shpejt n\u00eb k\u00ebto procese. \u00cbsht\u00eb e v\u00ebrtet\u00eb se ka, po e quajm\u00eb, paralajm\u00ebrime p\u00ebr p\u00ebrgjegj\u00ebsit\u00eb e integrimeve n\u00eb Bashkimin Evropian. Po e them, se \u00ebsht\u00eb e v\u00ebrtet\u00eb se ka nd\u00ebrhyrje shum\u00eb pozitive pik\u00ebrisht t\u00eb vendeve tona q\u00eb t\u00eb jemi nj\u00eb dit\u00eb shum\u00eb shpejt atje. Un\u00eb them se \u00ebsht\u00eb shum\u00eb pozitive q\u00eb shum\u00eb nga vendet e rajonit jan\u00eb aty dhe desh\u00ebm s\u2019desh\u00ebm, rajoni nuk mund t\u00eb mbetet i paplot\u00ebsuar dhe me hart\u00ebn e plot\u00eb t\u00eb procesit t\u00eb integrimit.<\/p>\n<p>Kosova \u00ebsht\u00eb nj\u00eb vend i ri, i njohur nga gjasht\u00ebdhjet\u00eb vende t\u00eb bot\u00ebs. Un\u00eb shpreha konsiderat\u00ebn p\u00ebr njohjen q\u00eb kan\u00eb b\u00ebr\u00eb edhe vendet fqinje dhe sigurisht q\u00eb kjo \u00ebsht\u00eb nj\u00eb kaptin\u00eb e re e zhvillimit t\u00eb raporteve edhe m\u00eb shtet\u00ebrore dhe duhet t\u00eb jet\u00eb n\u00eb kualitetin e vet, dhe p\u00ebr k\u00ebt\u00eb arsye them se k\u00ebto veprime q\u00eb jan\u00eb b\u00ebr\u00eb t\u00eb mira t\u00eb deritashme jan\u00eb jo ajo q\u00eb ka mund me qen\u00eb ndonj\u00ebher\u00eb n\u00eb nj\u00eb sekuenc\u00eb t\u00eb p\u00ebrshtatshme p\u00ebr zhvillimet historike.<\/p>\n<p>Jemi n\u00eb koh\u00eb t\u00eb re, jemi n\u00eb koh\u00eb t\u00eb kontributit t\u00eb p\u00ebrbashk\u00ebt p\u00ebr paqe dhe stabilitet. Jemi n\u00eb koh\u00eb t\u00eb vullnetit t\u00eb mir\u00eb dhe t\u00eb pun\u00ebs s\u00eb mbar\u00eb q\u00eb b\u00ebhet.<\/p>\n<p><strong>Presidenti Ivanov:<\/strong><\/p>\n<p>Takimi ishte nj\u00eb mund\u00ebsi shum\u00eb e mir\u00eb p\u00ebr t\u00eb shk\u00ebmbyer vizionin ton\u00eb, mendimet tona, p\u00ebr bashk\u00ebpunimin n\u00eb rajon. Dhe s\u00eb bashku me q\u00ebndrimet e Presidentit Topi, Presidentit Sejdiu dhe Presidentit Vujanovi\u00e7 konstatuam q\u00eb q\u00ebllimet tona t\u00eb p\u00ebrbashk\u00ebta \u00ebsht\u00eb an\u00ebtar\u00ebsimi n\u00eb BE dhe n\u00eb NATO. Edhe nj\u00ebher\u00eb i shpreh urimin Presidentit Topi p\u00ebr an\u00ebtar\u00ebsimin e vendit n\u00eb NATO, nd\u00ebrsa Maqedonia shpreh gatishm\u00ebrin\u00eb p\u00ebr t\u00eb ndihmuar Shqip\u00ebrin\u00eb, Kosov\u00ebn dhe Malin e Zi n\u00eb rrug\u00ebn drejt an\u00ebtar\u00ebsimit n\u00eb BE dhe n\u00eb procesin q\u00eb deri tani Maqedonia ka kaluar. Kjo tregon se pas nj\u00eb kohe t\u00eb gjat\u00eb n\u00eb t\u00eb gjith\u00eb rajonin po vendosen parime t\u00eb nj\u00ebjta dhe vlera t\u00eb nj\u00ebjta. Kjo tregon se rajoni tani po b\u00ebhet m\u00eb kompatib\u00ebl dhe d\u00ebrgon nj\u00eb mesazh pozitiv edhe jasht\u00eb tij.<\/p>\n<p>Ne tham\u00eb se ajo q\u00eb ishte e paimagjinueshme p\u00ebr prind\u00ebrit tan\u00eb, ne tani po e realizojm\u00eb p\u00ebr brezat e ardhsh\u00ebm, p\u00ebr t\u00eb jetuar nj\u00eb jet\u00eb m\u00eb t\u00eb mir\u00eb, n\u00eb nj\u00eb bot\u00eb m\u00eb t\u00eb mir\u00eb. Jemi d\u00ebshmitar\u00eb q\u00eb n\u00eb nj\u00eb periudh\u00eb t\u00eb shkurt\u00ebr po arrijm\u00eb t\u00eb p\u00ebrballemi p\u00ebr t\u00eb kaluar paragjykimet q\u00eb na vijn\u00eb nga e kaluara. Dhe d\u00ebshmi p\u00ebr k\u00ebt\u00eb \u00ebsht\u00eb imigrimi veror gjat\u00eb periudhave turistike dhe l\u00ebvizjet q\u00eb i b\u00ebjn\u00eb m\u00eb intensive qytetar\u00ebt tan\u00eb, n\u00eb vendet tona t\u00eb nd\u00ebrsjellta. Dhe ne si burra shteti e kemi p\u00ebr detyr\u00eb q\u00eb ky komunikim, q\u00eb e gjith\u00eb kjo l\u00ebvizje q\u00eb tashm\u00eb ekziston, ndikon q\u00eb ajo t\u00eb rritet, t\u00eb intensifikohet edhe m\u00eb shum\u00eb. P\u00ebrgjegj\u00ebsia jon\u00eb \u00ebsht\u00eb q\u00eb t\u00eb p\u00ebrmir\u00ebsojm\u00eb infrastruktur\u00ebn e rajonit dhe t\u00eb krijojm\u00eb mund\u00ebsi m\u00eb t\u00eb mira p\u00ebr komunikim dhe l\u00ebvizje. Krijimi i nj\u00eb aksesi m\u00eb t\u00eb mir\u00eb n\u00eb tregjet e rajonit \u00ebsht\u00eb shk\u00ebmbimi i mallrave, shk\u00ebmbimi i sh\u00ebrbimeve dhe mund\u00ebsia p\u00ebr t\u00eb k\u00ebnaqur k\u00ebrkesat e brezave t\u00eb ardhsh\u00ebm. Pra, n\u00eb kuad\u00ebr t\u00eb kompetencave q\u00eb kemi si President\u00eb, ne duhet t\u00eb nxisim k\u00ebt\u00eb bashk\u00ebpunim, ne duhet t\u00eb nxisim k\u00ebt\u00eb komunikim, i cili do t\u00eb sjell\u00eb nj\u00eb respekt t\u00eb nd\u00ebrsjellt\u00eb m\u00eb t\u00eb madh. Dhe komunikimi yn\u00eb \u00ebsht\u00eb nj\u00eb sinjal deri tek njer\u00ebzit se kemi tejkaluar paragjykimet dhe pengesat q\u00eb kan\u00eb qen\u00eb n\u00eb t\u00eb kaluar\u00ebn, n\u00eb komunikimin ton\u00eb. Dhe tash \u00ebsht\u00eb momenti i v\u00ebrtet\u00eb p\u00ebr t\u00eb par\u00eb k\u00ebt\u00eb pjes\u00eb t\u00eb rajonit, si pjes\u00eb t\u00eb Ballkanit, si pjes\u00eb t\u00eb Mesdheut dhe k\u00ebt\u00eb pjes\u00eb t\u00eb Evrop\u00ebs. Ne ja kemi borxh para t\u00eb gjithash brezave t\u00eb ardhsh\u00ebm dhe p\u00ebr k\u00ebt\u00eb arsye gjat\u00eb debatit ton\u00eb, ardhm\u00ebria \u00ebsht\u00eb preokupimi yn\u00eb kryesor.<\/p>\n<p><strong>Presidenti Vujanovi\u00e7:<\/strong><\/p>\n<p>T\u00eb nderuar, zot\u00ebrinj president\u00eb!<\/p>\n<p>K\u00ebtu na ka tubuar iniciativa e Presidentit t\u00eb Shqip\u00ebris\u00eb, zotit Topi, q\u00eb t\u00eb takohen president\u00ebt e Shqip\u00ebris\u00eb dhe t\u00eb vendeve fqinje t\u00eb Ballkanit Per\u00ebndimor, q\u00eb t\u00eb afirmohet vendosm\u00ebria e bashk\u00ebpunimit dypal\u00ebsh, por jemi fokusuar n\u00eb t\u00eb nj\u00ebjt\u00ebn koh\u00eb n\u00eb q\u00ebllimet tona evropiane dhe euro-atlantike.<\/p>\n<p>Duke vler\u00ebsuar takimin ton\u00eb dhe t\u00eb gjitha opsionet q\u00eb kemi shprehur gjat\u00eb takimit, d\u00ebshiroj n\u00eb t\u00eb nj\u00ebjt\u00ebn koh\u00eb t\u00eb fal\u00ebnderoj mikun tim, Presidentin e Shqip\u00ebris\u00eb, zotin Topi p\u00ebr takimin q\u00eb \u00ebsht\u00eb b\u00ebr\u00eb sot!<\/p>\n<p>Kemi konstatuar se kemi q\u00ebllime t\u00eb p\u00ebrbashk\u00ebta evropiane se t\u00eb gjith\u00eb ne jemi drejtuar n\u00eb synimin p\u00ebr realizimin e k\u00ebtyre q\u00ebllimeve. N\u00eb t\u00eb nj\u00ebjt\u00ebn koh\u00eb kemi shprehur vendosm\u00ebrin\u00eb q\u00eb t\u00eb shk\u00ebmbejm\u00eb p\u00ebrvojat tona, n\u00eb at\u00eb m\u00ebnyr\u00eb m\u00eb shpejt t\u00eb shprehim gatishm\u00ebrin\u00eb q\u00eb t\u00eb plot\u00ebsojm\u00eb standardet p\u00ebr k\u00ebto q\u00ebllime.<\/p>\n<p>Ne, Malin e Zi, na g\u00ebzon fakti q\u00eb Shqip\u00ebria e Kroacia tani jan\u00eb vende, an\u00ebtare t\u00eb NATO-s dhe k\u00ebshtu Mali i Zi mbetet i vetmi shtet jasht\u00eb k\u00ebsaj organizate ushtarako-politike dhe ne do t\u00eb b\u00ebjm\u00eb t\u00eb gjitha p\u00ebrpjekjet q\u00eb NATO t\u00eb jap\u00eb nj\u00eb mund\u00ebsi q\u00eb edhe Mali i Zi t\u00eb gjej\u00eb vendin e vet n\u00eb k\u00ebt organizat\u00eb. Gjithashtu, kemi th\u00ebn\u00eb se nuk ka Evrop\u00eb n\u00eb t\u00ebr\u00ebsi pa shtetet e Ballkanit Per\u00ebndimor dhe ne kemi th\u00ebn\u00eb se p\u00ebrve\u00e7 d\u00ebshir\u00ebs, edhe Evropa do t\u00eb kompletohet me ne, kur t\u00eb b\u00ebhet edhe integrimi i vendeve tona.<\/p>\n<p>Kemi pasur bisedime konstruktive me zotin Topi, me zotin Ivanov dhe kemi konstatuar q\u00eb ato jan\u00eb cil\u00ebsore dhe me nj\u00eb vendim t\u00eb qart\u00eb n\u00eb t\u00eb gjitha fushat, q\u00eb nuk kemi \u00e7\u00ebshtje t\u00eb hapura dhe q\u00eb ekziston nj\u00eb synim t\u00eb nxisim k\u00ebto q\u00eb intensiteti dhe cil\u00ebsia e komunikimit n\u00eb nivelin m\u00eb t\u00eb lart\u00eb t\u00eb bisedimeve, n\u00eb at\u00eb midis President\u00ebve, \u00ebsht\u00eb mesazhi m\u00eb i mir\u00eb edhe p\u00ebr organet shtet\u00ebrore dhe p\u00ebr qytetar\u00ebt dhe vazhdojn\u00eb afirmimin e marr\u00ebdh\u00ebnieve t\u00eb mira dhe shfryt\u00ebzojn\u00eb shansin p\u00ebr avancimin, ve\u00e7an\u00ebrisht n\u00eb sfer\u00ebn e ekonomis\u00eb.<\/p>\n<p>Me Presidentin e Kosov\u00ebs, zotin Sejdiu biseduam rreth marr\u00ebdh\u00ebnieve tona. Pas njohjes s\u00eb Kosov\u00ebs prej Malit t\u00eb Zi, kemi konstatuar q\u00eb ishin takimet e Kryeministrave tan\u00eb, Ministrave t\u00eb Jasht\u00ebm e n\u00eb shum\u00eb takime nd\u00ebrkomb\u00ebtare; kemi pasur komunikime t\u00eb mira, marr\u00ebveshjet e drejtorive tona t\u00eb policive. Ka qen\u00eb nj\u00eb vizit\u00eb e mir\u00eb e delegacionit shtet\u00ebror t\u00eb Malit t\u00eb zi n\u00eb Kosov\u00eb, me n\u00eb krye Ministrin e t\u00eb Drejtave t\u00eb Pakicave, t\u00eb cil\u00ebt jan\u00eb pranuar n\u00eb m\u00ebnyr\u00ebn m\u00eb t\u00eb lart\u00eb dhe i ka pritur Presidenti i Kosov\u00ebs. Gjithashtu, kemi konstatuar q\u00eb k\u00ebto jan\u00eb dy \u00e7\u00ebshtje t\u00eb hapura midis Malit t\u00eb Zi dhe Kosov\u00ebs. Un\u00eb kam shprehur shpres\u00ebn se do t\u00eb zgjidhen shum\u00eb shpejt.<\/p>\n<p>E para, \u00ebsht\u00eb \u00e7\u00ebshtja e trajtimit t\u00eb pakic\u00ebs malazeze n\u00eb Kosov\u00eb, e cila nuk ka nj\u00eb trajtim normativ t\u00eb pakic\u00ebs dhe q\u00eb nuk \u00ebsht\u00eb n\u00eb vendimin kuvendor t\u00eb Kosov\u00ebs, q\u00eb siguron p\u00ebrfaq\u00ebsimin autentik p\u00ebr pakicat e Kosov\u00ebs. Sipas k\u00ebtij vendimi, bashk\u00ebsia serbe, s\u00eb paku ka dhjet\u00eb deputet\u00eb, komb\u00ebsia turke dy, rom\u00ebt, ashkalit\u00eb dhe egjiptian\u00ebt nga nj\u00eb, nd\u00ebrsa pakica malazeze nuk e ka p\u00ebrfaq\u00ebsuesin e vet; pra, nuk ka trajtimin e pakic\u00ebs komb\u00ebtare, por ne mendojm\u00eb se edhe kjo \u00e7\u00ebshtje do t\u00eb zgjidhet.<\/p>\n<p>\u00c7\u00ebshtja e dyt\u00eb, \u00ebsht\u00eb ajo e pranimit t\u00eb t\u00eb shp\u00ebrngulurve nga Kosova, duke menduar se atyre do t\u2019u sigurohet nj\u00eb kthim i q\u00ebndruesh\u00ebm n\u00eb Kosov\u00eb. Nga marsi i vitit 2004, kur kam pasur takimin e par\u00eb me t\u00eb shp\u00ebrngulurit nga Kosova, m\u00eb shum\u00eb se pes\u00eb vjet kam komunikim me ta, dhe ata prekin synimin e qart\u00eb q\u00eb t\u00eb kthehen n\u00eb Kosov\u00eb. K\u00ebt\u00eb e kan\u00eb shprehur qart\u00eb n\u00eb takimin e pardjesh\u00ebm q\u00eb kam pasur me ta, kur Enti i Refugjat\u00ebve m\u00eb ka dh\u00ebn\u00eb nj\u00eb list\u00eb ku jan\u00eb sh\u00ebnuar m\u00eb shum\u00eb se 300 familje t\u00eb shp\u00ebrngulura, me 1223 persona dhe q\u00eb jan\u00eb t\u00eb gatsh\u00ebm p\u00ebr kthim. Kan\u00eb prekur pritjen e zotit Sejdiu q\u00eb atyre t\u2019u kushtohet nj\u00eb v\u00ebmendje e ve\u00e7ant\u00eb, duke treguar nj\u00eb p\u00ebrvoj\u00eb t\u00eb mir\u00eb ton\u00ebn me Malin e Zi. Kur me kthimin e personave nga Bukovica, q\u00eb kufizohet me Bosnj\u00eb-Hercegovin\u00ebn, qeveria ka b\u00ebr\u00eb nj\u00eb plan t\u00eb kthimit, ka detyruar nj\u00eb nga ministrat q\u00eb t\u00eb udh\u00ebheq\u00eb programin e rikthimit, ka siguruar buxhetin prej 4-5 milion\u00eb eurosh dhe deri tani ka investuar n\u00eb infrastruktur\u00ebn rrugore dhe n\u00eb rrjetin energjetik dhe t\u00eb krijoj\u00eb kushtet p\u00ebr rikthim. N\u00eb komunikimet q\u00eb kam b\u00ebr\u00eb me ta dhe me qeverit\u00eb, do t\u00eb b\u00ebjm\u00eb \u00e7\u2019\u00ebsht\u00eb e mundur q\u00eb k\u00ebta njer\u00ebz t\u00eb ndihen mir\u00eb dhe q\u00eb rikthimi t\u00eb jet\u00eb sa m\u00eb i suksesh\u00ebm. \u00c7\u00ebshtjet e hapura do t\u00eb mbyllen dhe t\u00eb tregojm\u00eb nj\u00eb raport konstruktiv dhe nj\u00eb mesazh t\u00eb mir\u00eb ndaj komunitetit.<\/p>\n<p>Edhe nj\u00eb her\u00eb shpreh k\u00ebnaq\u00ebsin\u00eb me nism\u00ebn e mir\u00eb t\u00eb zotit Topi p\u00eb\u00ebr takimin dhe zhvillimin e bisedimeve k\u00ebtu!<\/p>\n<p><strong>Presidenti Sejdiu:<\/strong><\/p>\n<p>Kam vet\u00ebm nj\u00eb koment t\u00eb vog\u00ebl: Un\u00eb v\u00ebrtet \u00e7moj t\u00eb gjitha bisedat q\u00eb kemi b\u00ebr\u00eb dhe gatishm\u00ebrin\u00eb q\u00eb t\u00eb zhvillohen k\u00ebto procese t\u00eb mira gjat\u00eb vendeve tona; natyrisht, edhe p\u00ebr k\u00ebto dy \u00e7\u00ebshtje kemi biseduar me Presidentin Vujanovi\u00e7.<\/p>\n<p>P\u00ebr sa i p\u00ebrket procesit t\u00eb kthimit n\u00eb shtetasve t\u00eb Kosov\u00ebs q\u00eb jan\u00eb jasht\u00eb; Kosova ka pasur nj\u00eb fat t\u00eb keq q\u00eb shum\u00eb qytetar\u00eb kan\u00eb p\u00ebsuar tragjedi brenda dhe p\u00ebr arsye t\u00eb rrethanave t\u00eb v\u00ebshtira kan\u00eb ikur prej Kosov\u00ebs. Shum\u00eb t\u00eb tjer\u00eb jan\u00eb vrar\u00eb e masakruar. E thash\u00eb edhe sot n\u00eb takimin e p\u00ebrbashk\u00ebt plenar q\u00eb nuk ia d\u00ebshirojm\u00eb k\u00ebt\u00eb fat askujt. Kemi q\u00ebndrimin parimor p\u00ebr kthimin e t\u00eb gjith\u00eb qytetar\u00ebve n\u00eb Kosov\u00eb. Ka v\u00ebshtir\u00ebsi objektive. Qeveria e Kosov\u00ebs ka ndar\u00eb fonde t\u00eb ve\u00e7anta p\u00ebr k\u00ebt\u00eb. Ministria e Kthimit merret drejtp\u00ebrdrejt me k\u00ebt\u00eb dhe udh\u00ebhiqet nga p\u00ebrfaq\u00ebsuesi i komunitetit serb. Nuk kemi pasur dilem\u00eb. Dilem\u00eb mund t\u00eb ken\u00eb vet\u00ebm njer\u00ebzit q\u00eb kan\u00eb b\u00ebr\u00eb veprime t\u00eb k\u00ebqija n\u00eb Kosov\u00eb. Un\u00eb pajtohem me Presidentin Vujanovi\u00e7 q\u00eb ata do t\u00eb dalin para drejt\u00ebsis\u00eb.<\/p>\n<p>\u00c7\u00ebshtja e dyt\u00eb, ajo rreth komunitetin malazez. Ne kemi nj\u00eb prani t\u00eb tyre dhe natyri, sht, do t\u00eb japim t\u00eb gjitha garancit\u00eb e mundshme n\u00eb trajtimin e tyre, si \u00e7do qytetar i Kosov\u00ebs. Un\u00eb kam b\u00ebr\u00eb nj\u00eb hap t\u00eb r\u00ebnd\u00ebsish\u00ebm se e kam inkuadruar jasht\u00eb vizionit t\u00eb Projektit Ahtisaari n\u00eb K\u00ebshillin Konsultativ t\u00eb Komuniteteve p\u00ebrfaq\u00ebsuesin e malazez\u00ebve. Ky \u00ebsht\u00eb nj\u00eb trup shum\u00eb e r\u00ebnd\u00ebsishme, q\u00eb adreson shqet\u00ebsimet e qytetar\u00ebve. Ne kemi nj\u00eb komunikim t\u00eb shk\u00eblqyer me ta. Besoj se n\u00eb proceset e vazhdueshme do t\u00eb kemi hapa t\u00eb tjer\u00eb.<\/p>\n<p>Nuk dua t\u00eb b\u00ebhem barr\u00eb, por kemi biseduar me Presidentin Vujanovi\u00e7, q\u00eb \u00e7\u00ebshtja \u00ebsht\u00eb trajtuar jasht\u00eb pranis\u00eb si komunitet. N\u00eb nj\u00eb far\u00eb m\u00ebnyre ka qen\u00eb nj\u00eb abuzim i shumic\u00ebs serbe, po themi t\u00eb komunitetit serb q\u00eb i ka trajtuar si serb\u00eb; prandaj nuk duam t\u2019ua l\u00ebm\u00eb fajin k\u00ebrkujt. Procesi i ka paraprir\u00eb koh\u00eb. Koh\u00ebn dhe vullnetin e kemi.<\/p>\n<p><strong>Televizioni i Malit t\u00eb Zi: P\u00ebr Presidentin Sejdiu, p\u00ebr statusin e nj\u00ebjt\u00eb, kur do t\u00eb shk\u00ebmbehen ambasadat mes Kosov\u00ebs dhe Malit t\u00eb Zi?<\/strong><\/p>\n<p>Presidenti i Kosov\u00ebs, Fatmir Sejdiu: Ne i kemi b\u00ebr\u00eb hapat e par\u00eb, e thash\u00eb nj\u00ebher\u00eb dhe nuk ka nevoj\u00eb q\u00eb ta p\u00ebrs\u00ebris. \u00cbsht\u00eb shum\u00eb e r\u00ebnd\u00ebsishme q\u00eb qytetar\u00ebt malazez\u00eb jan\u00eb qytetar\u00eb t\u00eb barabart\u00eb t\u00eb Kosov\u00ebs si t\u00eb gjith\u00eb qytetar\u00ebt e tjer\u00eb dhe ne i konsiderojm\u00eb begati sikurse e shpreha nj\u00eb her\u00eb p\u00ebr Kosov\u00ebn. Sigurisht q\u00eb do t\u00eb kemi edhe procese q\u00eb do t\u00eb zhvillohen, por natyrisht duhet t\u00eb kemi parasysh dhe kondicionin aktual, legjislacionin dhe kushtet e tjera, por kjo s\u2019na ndalon q\u00eb v\u00ebrtet t\u00eb ecim, t\u00eb b\u00ebjm\u00eb nj\u00eb trajtim dhe t\u00eb b\u00ebjm\u00eb m\u00eb t\u00eb mir\u00ebn e mundshme.<\/p>\n<p>Rreth \u00e7\u00ebshtjes s\u00eb dyt\u00eb un\u00eb edhe nj\u00eb her\u00eb p\u00ebrsh\u00ebndes vendimin q\u00eb Mali i Zi ka marr\u00eb p\u00ebr njohjen e Republik\u00ebs s\u00eb Kosov\u00ebs. Kam ardhur n\u00eb nj\u00eb moment shum\u00eb t\u00eb r\u00ebnd\u00ebsish\u00ebm, n\u00eb nj\u00eb moment kur Serbia ka b\u00ebr\u00eb p\u00ebrpjekje t\u00eb v\u00ebr\u00eb n\u00eb Gjykat\u00ebn Nd\u00ebrkomb\u00ebtare t\u00eb gjith\u00eb miqt\u00eb e Kosov\u00ebs dhe Kosov\u00ebn vet\u00eb. Por them q\u00eb nga ana jon\u00eb ne e kemi shprehur gadishm\u00ebrin\u00eb, \u00e7mojm\u00eb angazhimet e Malit t\u00eb Zi, t\u00eb Presidentit Vujanovi\u00e7 n\u00eb k\u00ebt\u00eb proces ku do t\u00eb marrin vendimin kur ta vler\u00ebsojn\u00eb q\u00eb t\u00eb jet\u00eb momenti. Krahas k\u00ebsaj un\u00eb mund t\u00eb them q\u00eb p\u00ebr ne \u00ebsht\u00eb shum\u00eb e r\u00ebnd\u00ebsishme q\u00eb marr\u00ebdh\u00ebniet praktike jan\u00eb nd\u00ebrtuar t\u00eb mira dhe ne ua kemi borxh edhe p\u00ebr ecje t\u00eb tjera.<\/p>\n<p><strong>Televizioni Publik Shqiptar: Nj\u00eb pyetje e cila i drejtohet Presidentit Ivanov dhe Presidentit Vujanovi\u00e7. Ky i sotmi \u00ebsht\u00eb nj\u00eb takim q\u00eb organizohet nga Presidenti Topi dhe sigurisht q\u00eb u sh\u00ebrben marr\u00ebdh\u00ebnieve t\u00eb fqinj\u00ebsis\u00eb s\u00eb mir\u00eb, q\u00eb ekzistojn\u00eb n\u00eb rajon. A mund t\u00eb garantoni ju q\u00eb n\u00eb takimet q\u00eb do t\u00eb mbahen n\u00eb shtetet tuaja, qoft\u00eb n\u00eb Maqedoni, apo n\u00eb Mal t\u00eb Zi, Kosova do t\u00eb jet\u00eb e ftuar, qoft\u00eb edhe me pranin\u00eb e Serbis\u00eb?<\/strong><\/p>\n<p>Presidenti i Maqedonis\u00eb, Gjorgje Ivanov: Ne i shprehim nj\u00eb mir\u00ebnjohje t\u00eb madhe Presidentit Topi p\u00ebr organizimin e nj\u00eb takimi t\u00eb till\u00eb me fqinj\u00ebt e tij dhe ky \u00ebsht\u00eb nj\u00eb gjest pozitiv dhe nj\u00eb gjest q\u00eb pritet nga t\u00eb gjith\u00eb ne n\u00eb t\u00eb ardhmen. Maqedonia \u00ebsht\u00eb e gatshme gjithashtu q\u00eb t\u00eb organizoj\u00eb nj\u00eb takim t\u00eb till\u00eb ku do t\u00eb ftoj\u00eb zotin Topi, zotin Sejdiu, zotin Vujanovi\u00e7 dhe zotin Tadi\u00e7 gjithashtu.<\/p>\n<p>Presidenti i Malit t\u00eb Zi, Filip Vujanovi\u00e7: Gjithashtu d\u00ebshiroj t\u00eb tregoj respekt ndaj vler\u00ebsimit t\u00eb Presidentit Sejdiu q\u00eb Mali i Zi vendimin p\u00ebr njohjen e ka marr\u00eb n\u00eb koh\u00ebn kur kjo kishte nj\u00eb pesh\u00eb t\u00eb ve\u00e7ant\u00eb. Jan\u00eb p\u00ebr t\u2019u vler\u00ebsuar marr\u00ebdh\u00ebniet tona t\u00eb brendshme, kur kemi dhe nevoj\u00ebn q\u00eb t\u00eb sigurojm\u00eb komunikimin e mir\u00eb t\u00eb qytetar\u00ebve dhe bashk\u00ebpunimin ekonomik me Kosov\u00ebn. Gjithashtu, respektoj mendimin q\u00eb ka shprehur Presidenti Sejdiu, gadishm\u00ebrin\u00eb p\u00ebr shk\u00ebmbimin e ambasador\u00ebve dhe mir\u00ebkuptimin e tij si qytetari i par\u00eb i Kosov\u00ebs dhe duhet t\u00eb p\u00ebrdorim n\u00eb m\u00ebnyr\u00ebn m\u00eb t\u00eb mir\u00eb arsyen p\u00ebr nj\u00eb vler\u00ebsim cil\u00ebsor kur duhet t\u00eb b\u00ebhet shk\u00ebmbimi i ambasador\u00ebve.<\/p>\n<p>Jam i bindur q\u00eb t\u00eb gjith\u00eb ne q\u00eb jemi k\u00ebtu, q\u00eb jemi n\u00eb rajon, ndajm\u00eb mendimin se nuk ka zhvillim t\u00eb rajonit pa zhvillim t\u00eb Serbis\u00eb dhe nevoja e zhvillimit n\u00eb rrug\u00ebn e saj integruese t\u00eb p\u00ebrkrahet n\u00eb m\u00ebnyr\u00eb maksimale nga t\u00eb gjitha vendet e rajonit. Un\u00eb kam pasur dhe kam komunikime cil\u00ebsore me Presidentin Tadi\u00e7. Mali i Zi absolutisht afirmon dhe po zhvillon marr\u00ebdh\u00ebnie shum\u00eb cil\u00ebsore dhe me zotin Tadi\u00e7 q\u00eb t\u00eb jemi dy shtete dhe komunitete m\u00eb t\u00eb mira, p\u00ebr t\u00eb mir\u00ebn e qytetar\u00ebve tan\u00eb.<\/p>\n<p><strong>Televizioni i Maqedonis\u00eb: Nj\u00eb pyetje p\u00ebr Presidentin Ivanov dhe p\u00ebr Presidentin Sejdiu. Maqedonia pranoi Kosov\u00ebn vitin e kaluar, por marr\u00ebdh\u00ebniet diplomatike nuk jan\u00eb vendosur. Ku \u00ebsht\u00eb problemi dhe kur do t\u00eb vendoset k\u00ebto?<\/strong><\/p>\n<p>Presidenti i Maqedonis\u00eb, Gjorgje Ivanov: Vendosja e marr\u00ebdh\u00ebnieve diplomatike \u00ebsht\u00eb nj\u00eb proces dhe ky \u00ebsht\u00eb nj\u00eb proces p\u00ebrgjat\u00eb s\u00eb cilit duhet t\u00eb realizohen dhe t\u00eb plot\u00ebsohen obligimet e nd\u00ebrsjella. Nga institucionet e Maqedonis\u00eb jam informuar se Maqedonia i ka plot\u00ebsuar t\u00eb gjitha detyrimet dhe se ne jemi t\u00eb gatsh\u00ebm p\u00ebr t\u00eb vendosur marr\u00ebdh\u00ebniet diplomatike.<\/p>\n<p>Presidenti i Kosov\u00ebs, Fatmir Sejdiu: Po, ne biseduam edhe dje me Presidentin Ivanov p\u00ebr k\u00ebt\u00eb \u00e7\u00ebshtje dhe ne jemi po k\u00ebshtu t\u00eb gatsh\u00ebm q\u00eb n\u00eb momentin e par\u00eb dhe sa m\u00eb shpejt k\u00ebto marr\u00ebdh\u00ebnie t\u00eb vendosen. \u00cbsht\u00eb me r\u00ebnd\u00ebsi se ekziston nj\u00eb klim\u00eb e mir\u00eb, gadishm\u00ebri dhe jan\u00eb veprime t\u00eb mundshme. T\u00eb presim dhe t\u00eb punojm\u00eb.<\/p>\n<p><strong>Televizioni i Prishtin\u00ebs: A jan\u00eb k\u00ebto dy \u00e7\u00ebshtje q\u00eb p\u00ebrmend\u00ebt, pengesa kryesore p\u00ebr t\u00eb vendosur marr\u00ebdh\u00ebniet diplomatike me Kosov\u00ebn? Dhe p\u00ebr Presidentin Ivanov. E keni p\u00ebrmendur \u00e7\u00ebshtjen e kufirit dhe a \u00ebsht\u00eb p\u00ebr ju e mbyllur \u00e7\u00ebshtja e kufirit, apo \u00ebsht\u00eb dhe ajo penges\u00eb p\u00ebr t\u00eb vendosur marr\u00ebdh\u00ebniet diplomatike me Kosov\u00ebn?<\/strong><\/p>\n<p><strong>Presidenti i Malit t\u00eb Zi, Filip Vujanovi\u00e7:<\/strong> Vendosja e marr\u00ebdh\u00ebnieve diplomatike \u00ebsht\u00eb n\u00eb qeveri dhe n\u00eb m\u00ebnyr\u00eb funksionale realizohet n\u00ebp\u00ebrmjet Ministris\u00eb s\u00eb Jashtme. Kjo \u00e7\u00ebshtje trajtohet n\u00eb m\u00ebnyr\u00eb t\u00eb v\u00ebmendshme n\u00eb qeveri dhe un\u00eb jam i bindur q\u00eb ky \u00ebsht\u00eb nj\u00eb raport i mir\u00eb i qeveris\u00eb dhe do t\u00eb ket\u00eb nj\u00eb v\u00ebmendje edhe nj\u00eb durim, do t\u00eb ket\u00eb edhe cil\u00ebsi. Ju e dini q\u00eb veprimi i fundit i President\u00ebve \u00ebsht\u00eb q\u00eb t\u00eb jap\u00eb p\u00eblqimin dhe letrat kredenciale dhe kur t\u00eb b\u00ebhet shk\u00ebmbimi t\u00eb jap\u00eb p\u00eblqimin. Detyra ime \u00ebsht\u00eb t\u00eb kujdesem p\u00ebr pakic\u00ebn malazeze q\u00eb \u00ebsht\u00eb jasht\u00eb Malit t\u00eb Zi dhe t\u00eb plot\u00ebsoj d\u00ebshirat e t\u00eb shp\u00ebrngulurve nga Kosova. Besoj q\u00eb n\u00eb Prishtin\u00eb i kuptojn\u00eb k\u00ebto q\u00eb ne presim dhe kemi d\u00ebgjuar nj\u00eb mendim konstruktiv t\u00eb Presidentit Sejdiu dhe nj\u00eb disponim pozitiv q\u00eb ai p\u00ebrcjell tek ne.<\/p>\n<p><strong>Presidenti i Maqedonis\u00eb, Gjorgje Ivanov:<\/strong> Sa i p\u00ebrket \u00e7\u00ebshtjes s\u00eb kufirit, nga pala maqedonase kjo \u00ebsht\u00eb nj\u00eb \u00e7\u00ebshtje e mbyllur. Mbeten vet\u00ebm disa aspekte teknike, t\u00eb cilat duhet t\u2019i p\u00ebrfundoj\u00eb Komisioni i ngarkuar p\u00ebr k\u00ebt\u00eb \u00e7\u00ebshtje. N\u00eb p\u00ebrgjith\u00ebsi ne k\u00ebt\u00eb \u00e7\u00ebshtje e konsiderojm\u00eb si t\u00eb mbyllur.<\/p>\n<p><strong>Presidenti i Kosov\u00ebs, Fatmir Sejdiu: <\/strong>Un\u00eb mund t\u00eb them nga ana ime se komisioni \u00ebsht\u00eb duke p\u00ebrfunduar dhe besoj q\u00eb kan\u00eb ujdi t\u00eb p\u00ebrbashk\u00ebt n\u00eb at\u00eb proces. Ne kemi bashk\u00ebpunuar mir\u00eb dhe besoj jan\u00eb n\u00eb p\u00ebrfundim t\u00eb pun\u00ebs, por pun\u00ebn po e b\u00ebjn\u00eb ata.<\/p>\n<p><strong>Presidenti i Shqip\u00ebris\u00eb, Bamir Topi: <\/strong>Meq\u00eb t\u00eb zotit t\u00eb sht\u00ebpis\u00eb i dhat\u00eb komoditetin nuk i drejtuat pyetje, natyrisht, n\u00eb parantez\u00eb b\u00ebj shaka, sepse me t\u00eb drejt\u00eb sot fokusi u drejtua tek komunikimi i Kosov\u00ebs me vendet fqinje, si nj\u00eb realitet i ri n\u00eb Ballkan.<\/p>\n<p>Sikurse po e shikoni dhe vet\u00eb ka nj\u00eb frym\u00eb mjaft t\u00eb mir\u00eb bashk\u00ebpunimi, ka nj\u00eb predispozicion t\u00eb shprehur p\u00ebr \u00e7\u00ebshtje q\u00eb jan\u00eb ende t\u00eb pazgjidhura q\u00eb t\u00eb gjejn\u00eb rrug\u00ebn e zgjidhjes dhe k\u00ebt\u00eb mund\u00ebsi e jep lidershipi politik, qeverit\u00eb respektive t\u00eb vendeve tona dhe kjo tregon q\u00eb rajoni yn\u00eb shkon me siguri drejt dit\u00ebve shum\u00eb t\u00eb mira t\u00eb paqes dhe t\u00eb frym\u00ebs euroatlantike. Ky takim ka nj\u00eb kuptim substancial t\u00eb dyfisht\u00eb: nj\u00eb mesazh p\u00ebr popujt e vendeve tona dhe nj\u00eb mesazh shum\u00eb i qart\u00eb p\u00ebr partner\u00ebt tan\u00eb nd\u00ebrkomb\u00ebtar\u00eb, t\u00eb cil\u00ebt e shohin me shum\u00eb interes t\u00eb ardhmen e Ballkanit, kan\u00eb objektivat e tyre t\u00eb qarta p\u00ebr t\u2019i thithur k\u00ebto vende n\u00eb familjen evropiane dhe euroatantike. Natyrisht, ato shikojn\u00eb dhe k\u00ebrkojn\u00eb dhe gadishm\u00ebrin\u00eb p\u00ebr t\u00eb bashk\u00ebpunuar realisht n\u00eb k\u00ebto terma. Un\u00eb i falenderoj koleg\u00ebt dhe miqt\u00eb e mi p\u00ebr gjith\u00e7ka \u00e7\u2019ka shpreh\u00ebn n\u00eb bisedime, por nj\u00ebkoh\u00ebsisht i falenderoj p\u00ebr transparenc\u00ebn e plot\u00eb p\u00ebr gjith\u00e7ka q\u00eb u bisedua atje p\u00ebr ta paraqitur p\u00ebrpara publikut. P\u00ebr nj\u00eb lider politik t\u00eb k\u00ebtyre p\u00ebrmasave, transparenca me popullin e vet \u00ebsht\u00eb ajo q\u00eb k\u00ebrkohet nga t\u00eb gjith\u00eb. Kur ekziston kjo frym\u00eb nuk ka penges\u00eb q\u00eb nuk kap\u00ebrcehet. Ju falenderoj dhe ju q\u00eb ishit t\u00eb pranish\u00ebm dhe nj\u00eb falenderim t\u00eb ve\u00e7ant\u00eb p\u00ebr popullin e Vlor\u00ebs, q\u00eb \u00ebsht\u00eb nj\u00eb popull shum\u00eb mikprit\u00ebs. Falemnderit!<\/p>\n<p><strong>Zyra e Presidentit p\u00ebr informim<\/strong><\/p>\n<p><strong> <\/strong><\/p>\n<p><strong> <\/strong><\/p>\n<p><strong> <\/strong><\/p>\n<p><strong>\n\t\t<style type=\"text\/css\">\n\t\t\t#gallery-1 {\n\t\t\t\tmargin: auto;\n\t\t\t}\n\t\t\t#gallery-1 .gallery-item {\n\t\t\t\tfloat: left;\n\t\t\t\tmargin-top: 10px;\n\t\t\t\ttext-align: center;\n\t\t\t\twidth: 33%;\n\t\t\t}\n\t\t\t#gallery-1 img {\n\t\t\t\tborder: 2px solid #cfcfcf;\n\t\t\t}\n\t\t\t#gallery-1 .gallery-caption {\n\t\t\t\tmargin-left: 0;\n\t\t\t}\n\t\t\t\/* see gallery_shortcode() in wp-includes\/media.php *\/\n\t\t<\/style>\n\t\t<div id='gallery-1' class='gallery galleryid-23246 gallery-columns-3 gallery-size-thumbnail'><dl class='gallery-item'>\n\t\t\t<dt class='gallery-icon '>\n\t\t\t\t<a href='https:\/\/www.visit-ulcinj.com\/blog\/wp-content\/uploads\/2009\/06\/President\u00c3\u00abt-Topi-Ivanov-Sejdiu-dhe-Vujanovi\u00c3\u00a7-n\u00c3\u00ab-p\u00c3\u00abrfundim-t\u00c3\u00ab-konferenc\u00c3\u00abs-p\u00c3\u00abr-shtyp.1.jpg'><img width=\"1\" height=\"1\" src=\"https:\/\/www.visit-ulcinj.com\/blog\/wp-content\/uploads\/2009\/06\/President\u00c3\u00abt-Topi-Ivanov-Sejdiu-dhe-Vujanovi\u00c3\u00a7-n\u00c3\u00ab-p\u00c3\u00abrfundim-t\u00c3\u00ab-konferenc\u00c3\u00abs-p\u00c3\u00abr-shtyp.1.jpg\" class=\"attachment-thumbnail size-thumbnail\" alt=\"\" loading=\"lazy\" \/><\/a>\n\t\t\t<\/dt><\/dl><dl class='gallery-item'>\n\t\t\t<dt class='gallery-icon '>\n\t\t\t\t<a href='https:\/\/www.visit-ulcinj.com\/blog\/wp-content\/uploads\/2009\/06\/President\u00c3\u00abt-Topi-Ivanov-Sejdiu-dhe-Vujanovi\u00c3\u00a7-n\u00c3\u00ab-p\u00c3\u00abrfundim-t\u00c3\u00ab-konferenc\u00c3\u00abs-p\u00c3\u00abr-shtyp.2.jpg'><img width=\"1\" height=\"1\" src=\"https:\/\/www.visit-ulcinj.com\/blog\/wp-content\/uploads\/2009\/06\/President\u00c3\u00abt-Topi-Ivanov-Sejdiu-dhe-Vujanovi\u00c3\u00a7-n\u00c3\u00ab-p\u00c3\u00abrfundim-t\u00c3\u00ab-konferenc\u00c3\u00abs-p\u00c3\u00abr-shtyp.2.jpg\" class=\"attachment-thumbnail size-thumbnail\" alt=\"\" loading=\"lazy\" \/><\/a>\n\t\t\t<\/dt><\/dl><dl class='gallery-item'>\n\t\t\t<dt class='gallery-icon '>\n\t\t\t\t<a href='https:\/\/www.visit-ulcinj.com\/blog\/wp-content\/uploads\/2009\/06\/President\u00c3\u00abt-Topi-Ivanov-Sejdiu-dhe-Vujanovi\u00c3\u00a7-n\u00c3\u00ab-p\u00c3\u00abrfundim-t\u00c3\u00ab-konferenc\u00c3\u00abs-p\u00c3\u00abr-shtyp..jpg'><img width=\"1\" height=\"1\" src=\"https:\/\/www.visit-ulcinj.com\/blog\/wp-content\/uploads\/2009\/06\/President\u00c3\u00abt-Topi-Ivanov-Sejdiu-dhe-Vujanovi\u00c3\u00a7-n\u00c3\u00ab-p\u00c3\u00abrfundim-t\u00c3\u00ab-konferenc\u00c3\u00abs-p\u00c3\u00abr-shtyp..jpg\" class=\"attachment-thumbnail size-thumbnail\" alt=\"\" loading=\"lazy\" \/><\/a>\n\t\t\t<\/dt><\/dl><br style=\"clear: both\" \/><dl class='gallery-item'>\n\t\t\t<dt class='gallery-icon '>\n\t\t\t\t<a href='https:\/\/www.visit-ulcinj.com\/blog\/wp-content\/uploads\/2009\/06\/Presidenti-Topi-gjat\u00c3\u00ab-fjal\u00c3\u00abs-n\u00c3\u00ab-takimin-e-Presidentev\u00c3\u00ab-t\u00c3\u00ab-kat\u00c3\u00abr-vendeve-ballkanike..jpg'><img width=\"1\" height=\"1\" src=\"https:\/\/www.visit-ulcinj.com\/blog\/wp-content\/uploads\/2009\/06\/Presidenti-Topi-gjat\u00c3\u00ab-fjal\u00c3\u00abs-n\u00c3\u00ab-takimin-e-Presidentev\u00c3\u00ab-t\u00c3\u00ab-kat\u00c3\u00abr-vendeve-ballkanike..jpg\" class=\"attachment-thumbnail size-thumbnail\" alt=\"\" loading=\"lazy\" \/><\/a>\n\t\t\t<\/dt><\/dl><dl class='gallery-item'>\n\t\t\t<dt class='gallery-icon '>\n\t\t\t\t<a href='https:\/\/www.visit-ulcinj.com\/blog\/wp-content\/uploads\/2009\/06\/Presidenti-Topi-gjat\u00c3\u00ab-takimit-me-Presidentin-Sejdiu..jpg'><img width=\"1\" height=\"1\" src=\"https:\/\/www.visit-ulcinj.com\/blog\/wp-content\/uploads\/2009\/06\/Presidenti-Topi-gjat\u00c3\u00ab-takimit-me-Presidentin-Sejdiu..jpg\" class=\"attachment-thumbnail size-thumbnail\" alt=\"\" loading=\"lazy\" \/><\/a>\n\t\t\t<\/dt><\/dl><dl class='gallery-item'>\n\t\t\t<dt class='gallery-icon '>\n\t\t\t\t<a href='https:\/\/www.visit-ulcinj.com\/blog\/wp-content\/uploads\/2009\/06\/Presidenti-Topi-me-homolog\u00c3\u00abt-Sejdiu-Ivanov-dhe-Vujanovi\u00c3\u00a7-para-fillimit-t\u00c3\u00ab-takimit-\u00e2\u20ac\u201c-Vlor\u00c3\u00ab.1.jpg'><img width=\"1\" height=\"1\" src=\"https:\/\/www.visit-ulcinj.com\/blog\/wp-content\/uploads\/2009\/06\/Presidenti-Topi-me-homolog\u00c3\u00abt-Sejdiu-Ivanov-dhe-Vujanovi\u00c3\u00a7-para-fillimit-t\u00c3\u00ab-takimit-\u00e2\u20ac\u201c-Vlor\u00c3\u00ab.1.jpg\" class=\"attachment-thumbnail size-thumbnail\" alt=\"\" loading=\"lazy\" \/><\/a>\n\t\t\t<\/dt><\/dl><br style=\"clear: both\" \/><dl class='gallery-item'>\n\t\t\t<dt class='gallery-icon '>\n\t\t\t\t<a href='https:\/\/www.visit-ulcinj.com\/blog\/wp-content\/uploads\/2009\/06\/Presidenti-Topi-n\u00c3\u00ab-takimin-kat\u00c3\u00abrpal\u00c3\u00absh-me-Presidentin-kosovar-Sejdiu-Presidentin-malazez-Vujanovi\u00c3\u00a7-dhe-Presidentin-maqedonas-Ivanov-n\u00c3\u00ab-Vlor\u00c3\u00ab.1.jpg'><img width=\"1\" height=\"1\" src=\"https:\/\/www.visit-ulcinj.com\/blog\/wp-content\/uploads\/2009\/06\/Presidenti-Topi-n\u00c3\u00ab-takimin-kat\u00c3\u00abrpal\u00c3\u00absh-me-Presidentin-kosovar-Sejdiu-Presidentin-malazez-Vujanovi\u00c3\u00a7-dhe-Presidentin-maqedonas-Ivanov-n\u00c3\u00ab-Vlor\u00c3\u00ab.1.jpg\" class=\"attachment-thumbnail size-thumbnail\" alt=\"\" loading=\"lazy\" \/><\/a>\n\t\t\t<\/dt><\/dl><dl class='gallery-item'>\n\t\t\t<dt class='gallery-icon '>\n\t\t\t\t<a href='https:\/\/www.visit-ulcinj.com\/blog\/wp-content\/uploads\/2009\/06\/Presidenti-Topi-n\u00c3\u00ab-takimin-kat\u00c3\u00abrpal\u00c3\u00absh-me-Presidentin-kosovar-Sejdiu-Presidentin-malazez-Vujanovi\u00c3\u00a7-dhe-Presidentin-maqedonas-Ivanov-n\u00c3\u00ab-Vlor\u00c3\u00ab.2.jpg'><img width=\"1\" height=\"1\" src=\"https:\/\/www.visit-ulcinj.com\/blog\/wp-content\/uploads\/2009\/06\/Presidenti-Topi-n\u00c3\u00ab-takimin-kat\u00c3\u00abrpal\u00c3\u00absh-me-Presidentin-kosovar-Sejdiu-Presidentin-malazez-Vujanovi\u00c3\u00a7-dhe-Presidentin-maqedonas-Ivanov-n\u00c3\u00ab-Vlor\u00c3\u00ab.2.jpg\" class=\"attachment-thumbnail size-thumbnail\" alt=\"\" loading=\"lazy\" \/><\/a>\n\t\t\t<\/dt><\/dl><dl class='gallery-item'>\n\t\t\t<dt class='gallery-icon '>\n\t\t\t\t<a href='https:\/\/www.visit-ulcinj.com\/blog\/wp-content\/uploads\/2009\/06\/Presidenti-Topi-n\u00c3\u00ab-takimin-kat\u00c3\u00abrpal\u00c3\u00absh-me-Presidentin-kosovar-Sejdiu-Presidentin-malazez-Vujanovi\u00c3\u00a7-dhe-Presidentin-maqedonas-Ivanov-n\u00c3\u00ab-Vlor\u00c3\u00ab..jpg'><img width=\"1\" height=\"1\" src=\"https:\/\/www.visit-ulcinj.com\/blog\/wp-content\/uploads\/2009\/06\/Presidenti-Topi-n\u00c3\u00ab-takimin-kat\u00c3\u00abrpal\u00c3\u00absh-me-Presidentin-kosovar-Sejdiu-Presidentin-malazez-Vujanovi\u00c3\u00a7-dhe-Presidentin-maqedonas-Ivanov-n\u00c3\u00ab-Vlor\u00c3\u00ab..jpg\" class=\"attachment-thumbnail size-thumbnail\" alt=\"\" loading=\"lazy\" \/><\/a>\n\t\t\t<\/dt><\/dl><br style=\"clear: both\" \/>\n\t\t<\/div>\n<\/p>\n<p><\/strong><\/p>\n<p><strong> <\/strong><!--YouTube Error: bad URL entered--><strong><br \/>\n<\/strong><\/p>\n","protected":false},"excerpt":{"rendered":"<p>Vlor\u00eb: 24 qershor 2009 N\u00eb dit\u00ebn e dyt\u00eb t\u00eb takimit informal n\u00eb qytetin e Vlor\u00ebs t\u00eb organizuar nga Presidenti i Republik\u00ebs, Prof Dr. Bamir Topi, Kryetar\u00ebt e Shteteve t\u00eb kat\u00ebr vendeve fqinj\u00eb n\u00eb rajonin ballkanik, t\u00eb Shqip\u00ebris\u00eb, Maqedonis\u00eb, Malit t\u00eb Zi dhe Kosov\u00ebs zhvilluan bisedime n\u00eb krye t\u00eb delegacioneve respektive q\u00eb i shoq\u00ebronin p\u00ebrgjat\u00eb k\u00ebsaj [&hellip;]<\/p>\n","protected":false},"author":1,"featured_media":0,"comment_status":"open","ping_status":"closed","sticky":false,"template":"","format":"standard","meta":{"spay_email":"","jetpack_publicize_message":"","jetpack_is_tweetstorm":false,"jetpack_publicize_feature_enabled":true},"categories":[14],"tags":[2416,56,93,10953,11401,10138,2805,10215,2412,2687,11402,4822],"jetpack_publicize_connections":[],"yoast_head":"<!-- This site is optimized with the Yoast SEO plugin v19.1 - https:\/\/yoast.com\/wordpress\/plugins\/seo\/ -->\n<title>Video-Konferenca e p\u00ebrbashk\u00ebt e shtypit e President\u00ebve t\u00eb Shqip\u00ebris\u00eb, Maqedonis\u00eb, Malit t\u00eb Zi dhe Kosov\u00ebs - Lajme nga Ulqini<\/title>\n<meta name=\"description\" content=\"Vlor\u00eb: 24 qershor 2009 N\u00eb dit\u00ebn e dyt\u00eb t\u00eb takimit informal n\u00eb qytetin e Vlor\u00ebs t\u00eb organizuar nga Presidenti i Republik\u00ebs, Prof Dr. Bamir Topi, Kryetar\u00ebt e\" \/>\n<meta name=\"robots\" content=\"index, follow, max-snippet:-1, max-image-preview:large, max-video-preview:-1\" \/>\n<link rel=\"canonical\" href=\"https:\/\/www.visit-ulcinj.com\/blog\/2009\/06\/24\/konferenca-e-perbashket-e-shtypit-e-presidenteve-te-shqiperise-maqedonise-malit-te-zi-dhe-kosoves\/\" \/>\n<meta property=\"og:locale\" content=\"en_US\" \/>\n<meta property=\"og:type\" content=\"article\" \/>\n<meta property=\"og:title\" content=\"Video-Konferenca e p\u00ebrbashk\u00ebt e shtypit e President\u00ebve t\u00eb Shqip\u00ebris\u00eb, Maqedonis\u00eb, Malit t\u00eb Zi dhe Kosov\u00ebs - Lajme nga Ulqini\" \/>\n<meta property=\"og:description\" content=\"Vlor\u00eb: 24 qershor 2009 N\u00eb dit\u00ebn e dyt\u00eb t\u00eb takimit informal n\u00eb qytetin e Vlor\u00ebs t\u00eb organizuar nga Presidenti i Republik\u00ebs, Prof Dr. Bamir Topi, Kryetar\u00ebt e\" \/>\n<meta property=\"og:url\" content=\"https:\/\/www.visit-ulcinj.com\/blog\/2009\/06\/24\/konferenca-e-perbashket-e-shtypit-e-presidenteve-te-shqiperise-maqedonise-malit-te-zi-dhe-kosoves\/\" \/>\n<meta property=\"og:site_name\" content=\"Lajme nga Ulqini\" \/>\n<meta property=\"article:published_time\" content=\"2009-06-24T18:01:47+00:00\" \/>\n<meta property=\"article:modified_time\" content=\"2009-06-24T18:30:43+00:00\" \/>\n<meta property=\"og:image\" content=\"https:\/\/www.visit-ulcinj.com\/blog\/wp-content\/uploads\/2009\/06\/President\u00c3\u00abt-Topi-Ivanov-Sejdiu-dhe-Vujanovi\u00c3\u00a7-n\u00c3\u00ab-p\u00c3\u00abrfundim-t\u00c3\u00ab-konferenc\u00c3\u00abs-p\u00c3\u00abr-shtyp.1.jpg\" \/>\n<meta name=\"twitter:label1\" content=\"Written by\" \/>\n\t<meta name=\"twitter:data1\" content=\"ulqini\" \/>\n\t<meta name=\"twitter:label2\" content=\"Est. reading time\" \/>\n\t<meta name=\"twitter:data2\" content=\"23 minutes\" \/>\n<script type=\"application\/ld+json\" class=\"yoast-schema-graph\">{\"@context\":\"https:\/\/schema.org\",\"@graph\":[{\"@type\":\"WebSite\",\"@id\":\"https:\/\/www.visit-ulcinj.com\/blog\/#website\",\"url\":\"https:\/\/www.visit-ulcinj.com\/blog\/\",\"name\":\"Lajme nga Ulqini\",\"description\":\"Lajme,Vijesti,Ulqini,Ulqin,Crna Gora,Mali i Zi\",\"potentialAction\":[{\"@type\":\"SearchAction\",\"target\":{\"@type\":\"EntryPoint\",\"urlTemplate\":\"https:\/\/www.visit-ulcinj.com\/blog\/?s={search_term_string}\"},\"query-input\":\"required name=search_term_string\"}],\"inLanguage\":\"en-US\"},{\"@type\":\"WebPage\",\"@id\":\"https:\/\/www.visit-ulcinj.com\/blog\/2009\/06\/24\/konferenca-e-perbashket-e-shtypit-e-presidenteve-te-shqiperise-maqedonise-malit-te-zi-dhe-kosoves\/#webpage\",\"url\":\"https:\/\/www.visit-ulcinj.com\/blog\/2009\/06\/24\/konferenca-e-perbashket-e-shtypit-e-presidenteve-te-shqiperise-maqedonise-malit-te-zi-dhe-kosoves\/\",\"name\":\"Video-Konferenca e p\u00ebrbashk\u00ebt e shtypit e President\u00ebve t\u00eb Shqip\u00ebris\u00eb, Maqedonis\u00eb, Malit t\u00eb Zi dhe Kosov\u00ebs - Lajme nga Ulqini\",\"isPartOf\":{\"@id\":\"https:\/\/www.visit-ulcinj.com\/blog\/#website\"},\"datePublished\":\"2009-06-24T18:01:47+00:00\",\"dateModified\":\"2009-06-24T18:30:43+00:00\",\"author\":{\"@id\":\"https:\/\/www.visit-ulcinj.com\/blog\/#\/schema\/person\/dcab619c614d3038751c63bc2aadc06d\"},\"description\":\"Vlor\u00eb: 24 qershor 2009 N\u00eb dit\u00ebn e dyt\u00eb t\u00eb takimit informal n\u00eb qytetin e Vlor\u00ebs t\u00eb organizuar nga Presidenti i Republik\u00ebs, Prof Dr. Bamir Topi, Kryetar\u00ebt e\",\"breadcrumb\":{\"@id\":\"https:\/\/www.visit-ulcinj.com\/blog\/2009\/06\/24\/konferenca-e-perbashket-e-shtypit-e-presidenteve-te-shqiperise-maqedonise-malit-te-zi-dhe-kosoves\/#breadcrumb\"},\"inLanguage\":\"en-US\",\"potentialAction\":[{\"@type\":\"ReadAction\",\"target\":[\"https:\/\/www.visit-ulcinj.com\/blog\/2009\/06\/24\/konferenca-e-perbashket-e-shtypit-e-presidenteve-te-shqiperise-maqedonise-malit-te-zi-dhe-kosoves\/\"]}]},{\"@type\":\"BreadcrumbList\",\"@id\":\"https:\/\/www.visit-ulcinj.com\/blog\/2009\/06\/24\/konferenca-e-perbashket-e-shtypit-e-presidenteve-te-shqiperise-maqedonise-malit-te-zi-dhe-kosoves\/#breadcrumb\",\"itemListElement\":[{\"@type\":\"ListItem\",\"position\":1,\"name\":\"Video-Konferenca e p\u00ebrbashk\u00ebt e shtypit e President\u00ebve t\u00eb Shqip\u00ebris\u00eb, Maqedonis\u00eb, Malit t\u00eb Zi dhe Kosov\u00ebs\"}]},{\"@type\":\"Person\",\"@id\":\"https:\/\/www.visit-ulcinj.com\/blog\/#\/schema\/person\/dcab619c614d3038751c63bc2aadc06d\",\"name\":\"ulqini\",\"sameAs\":[\"http:\/\/www.visit-ulcinj.com\"],\"url\":\"https:\/\/www.visit-ulcinj.com\/blog\/author\/admin\/\"}]}<\/script>\n<!-- \/ Yoast SEO plugin. -->","yoast_head_json":{"title":"Video-Konferenca e p\u00ebrbashk\u00ebt e shtypit e President\u00ebve t\u00eb Shqip\u00ebris\u00eb, Maqedonis\u00eb, Malit t\u00eb Zi dhe Kosov\u00ebs - Lajme nga Ulqini","description":"Vlor\u00eb: 24 qershor 2009 N\u00eb dit\u00ebn e dyt\u00eb t\u00eb takimit informal n\u00eb qytetin e Vlor\u00ebs t\u00eb organizuar nga Presidenti i Republik\u00ebs, Prof Dr. Bamir Topi, Kryetar\u00ebt e","robots":{"index":"index","follow":"follow","max-snippet":"max-snippet:-1","max-image-preview":"max-image-preview:large","max-video-preview":"max-video-preview:-1"},"canonical":"https:\/\/www.visit-ulcinj.com\/blog\/2009\/06\/24\/konferenca-e-perbashket-e-shtypit-e-presidenteve-te-shqiperise-maqedonise-malit-te-zi-dhe-kosoves\/","og_locale":"en_US","og_type":"article","og_title":"Video-Konferenca e p\u00ebrbashk\u00ebt e shtypit e President\u00ebve t\u00eb Shqip\u00ebris\u00eb, Maqedonis\u00eb, Malit t\u00eb Zi dhe Kosov\u00ebs - Lajme nga Ulqini","og_description":"Vlor\u00eb: 24 qershor 2009 N\u00eb dit\u00ebn e dyt\u00eb t\u00eb takimit informal n\u00eb qytetin e Vlor\u00ebs t\u00eb organizuar nga Presidenti i Republik\u00ebs, Prof Dr. Bamir Topi, Kryetar\u00ebt e","og_url":"https:\/\/www.visit-ulcinj.com\/blog\/2009\/06\/24\/konferenca-e-perbashket-e-shtypit-e-presidenteve-te-shqiperise-maqedonise-malit-te-zi-dhe-kosoves\/","og_site_name":"Lajme nga Ulqini","article_published_time":"2009-06-24T18:01:47+00:00","article_modified_time":"2009-06-24T18:30:43+00:00","og_image":[{"url":"https:\/\/www.visit-ulcinj.com\/blog\/wp-content\/uploads\/2009\/06\/President\u00c3\u00abt-Topi-Ivanov-Sejdiu-dhe-Vujanovi\u00c3\u00a7-n\u00c3\u00ab-p\u00c3\u00abrfundim-t\u00c3\u00ab-konferenc\u00c3\u00abs-p\u00c3\u00abr-shtyp.1.jpg"}],"twitter_misc":{"Written by":"ulqini","Est. reading time":"23 minutes"},"schema":{"@context":"https:\/\/schema.org","@graph":[{"@type":"WebSite","@id":"https:\/\/www.visit-ulcinj.com\/blog\/#website","url":"https:\/\/www.visit-ulcinj.com\/blog\/","name":"Lajme nga Ulqini","description":"Lajme,Vijesti,Ulqini,Ulqin,Crna Gora,Mali i Zi","potentialAction":[{"@type":"SearchAction","target":{"@type":"EntryPoint","urlTemplate":"https:\/\/www.visit-ulcinj.com\/blog\/?s={search_term_string}"},"query-input":"required name=search_term_string"}],"inLanguage":"en-US"},{"@type":"WebPage","@id":"https:\/\/www.visit-ulcinj.com\/blog\/2009\/06\/24\/konferenca-e-perbashket-e-shtypit-e-presidenteve-te-shqiperise-maqedonise-malit-te-zi-dhe-kosoves\/#webpage","url":"https:\/\/www.visit-ulcinj.com\/blog\/2009\/06\/24\/konferenca-e-perbashket-e-shtypit-e-presidenteve-te-shqiperise-maqedonise-malit-te-zi-dhe-kosoves\/","name":"Video-Konferenca e p\u00ebrbashk\u00ebt e shtypit e President\u00ebve t\u00eb Shqip\u00ebris\u00eb, Maqedonis\u00eb, Malit t\u00eb Zi dhe Kosov\u00ebs - Lajme nga Ulqini","isPartOf":{"@id":"https:\/\/www.visit-ulcinj.com\/blog\/#website"},"datePublished":"2009-06-24T18:01:47+00:00","dateModified":"2009-06-24T18:30:43+00:00","author":{"@id":"https:\/\/www.visit-ulcinj.com\/blog\/#\/schema\/person\/dcab619c614d3038751c63bc2aadc06d"},"description":"Vlor\u00eb: 24 qershor 2009 N\u00eb dit\u00ebn e dyt\u00eb t\u00eb takimit informal n\u00eb qytetin e Vlor\u00ebs t\u00eb organizuar nga Presidenti i Republik\u00ebs, Prof Dr. Bamir Topi, Kryetar\u00ebt e","breadcrumb":{"@id":"https:\/\/www.visit-ulcinj.com\/blog\/2009\/06\/24\/konferenca-e-perbashket-e-shtypit-e-presidenteve-te-shqiperise-maqedonise-malit-te-zi-dhe-kosoves\/#breadcrumb"},"inLanguage":"en-US","potentialAction":[{"@type":"ReadAction","target":["https:\/\/www.visit-ulcinj.com\/blog\/2009\/06\/24\/konferenca-e-perbashket-e-shtypit-e-presidenteve-te-shqiperise-maqedonise-malit-te-zi-dhe-kosoves\/"]}]},{"@type":"BreadcrumbList","@id":"https:\/\/www.visit-ulcinj.com\/blog\/2009\/06\/24\/konferenca-e-perbashket-e-shtypit-e-presidenteve-te-shqiperise-maqedonise-malit-te-zi-dhe-kosoves\/#breadcrumb","itemListElement":[{"@type":"ListItem","position":1,"name":"Video-Konferenca e p\u00ebrbashk\u00ebt e shtypit e President\u00ebve t\u00eb Shqip\u00ebris\u00eb, Maqedonis\u00eb, Malit t\u00eb Zi dhe Kosov\u00ebs"}]},{"@type":"Person","@id":"https:\/\/www.visit-ulcinj.com\/blog\/#\/schema\/person\/dcab619c614d3038751c63bc2aadc06d","name":"ulqini","sameAs":["http:\/\/www.visit-ulcinj.com"],"url":"https:\/\/www.visit-ulcinj.com\/blog\/author\/admin\/"}]}},"jetpack_featured_media_url":"","jetpack_sharing_enabled":true,"jetpack_shortlink":"https:\/\/wp.me\/pe6lTn-62W","_links":{"self":[{"href":"https:\/\/www.visit-ulcinj.com\/blog\/wp-json\/wp\/v2\/posts\/23246"}],"collection":[{"href":"https:\/\/www.visit-ulcinj.com\/blog\/wp-json\/wp\/v2\/posts"}],"about":[{"href":"https:\/\/www.visit-ulcinj.com\/blog\/wp-json\/wp\/v2\/types\/post"}],"author":[{"embeddable":true,"href":"https:\/\/www.visit-ulcinj.com\/blog\/wp-json\/wp\/v2\/users\/1"}],"replies":[{"embeddable":true,"href":"https:\/\/www.visit-ulcinj.com\/blog\/wp-json\/wp\/v2\/comments?post=23246"}],"version-history":[{"count":0,"href":"https:\/\/www.visit-ulcinj.com\/blog\/wp-json\/wp\/v2\/posts\/23246\/revisions"}],"wp:attachment":[{"href":"https:\/\/www.visit-ulcinj.com\/blog\/wp-json\/wp\/v2\/media?parent=23246"}],"wp:term":[{"taxonomy":"category","embeddable":true,"href":"https:\/\/www.visit-ulcinj.com\/blog\/wp-json\/wp\/v2\/categories?post=23246"},{"taxonomy":"post_tag","embeddable":true,"href":"https:\/\/www.visit-ulcinj.com\/blog\/wp-json\/wp\/v2\/tags?post=23246"}],"curies":[{"name":"wp","href":"https:\/\/api.w.org\/{rel}","templated":true}]}}