{"id":23266,"date":"2009-06-24T20:46:57","date_gmt":"2009-06-24T18:46:57","guid":{"rendered":"http:\/\/www.visit-ulcinj.com\/blog\/?p=23266"},"modified":"2009-06-24T20:52:12","modified_gmt":"2009-06-24T18:52:12","slug":"kryetari-hajdinaga-priti-ambasadorin-e-frances","status":"publish","type":"post","link":"https:\/\/www.visit-ulcinj.com\/blog\/2009\/06\/24\/kryetari-hajdinaga-priti-ambasadorin-e-frances\/","title":{"rendered":"Kryetari Hajdinaga priti Ambasadorin e Franc\u00ebs"},"content":{"rendered":"<p><a href=\"http:\/\/www.visit-ulcinj.com\/blog\/wp-content\/uploads\/2009\/06\/Gezim-Hajdinaga_ambasadori-Bernard-Garancher-_Diane-Masson-_Giles-Pernet.jpg\"><img loading=\"lazy\" class=\"alignleft size-full wp-image-23267\" title=\"Gezim Hajdinaga_ambasadori Bernard Garancher _Diane Masson _Giles Pernet\" src=\"http:\/\/www.visit-ulcinj.com\/blog\/wp-content\/uploads\/2009\/06\/Gezim-Hajdinaga_ambasadori-Bernard-Garancher-_Diane-Masson-_Giles-Pernet.jpg\" alt=\"Gezim Hajdinaga_ambasadori Bernard Garancher _Diane Masson _Giles Pernet\" width=\"580\" height=\"400\" \/><\/a>N\u00eb Ulqin q\u00ebndroi p\u00ebr vizit\u00eb pune Ambasadori i Franc\u00ebs i akredituar n\u00eb Podgoric\u00eb z. Bernard Garancher i shoq\u00ebruar nga dy p\u00ebrfaq\u00ebsues t\u00eb Ministris\u00eb s\u00eb mbrojtjes t\u00eb Franc\u00ebs, z.nj Diane Masson dhe z. Giles Pernet.<br \/>\nAta u takuan me Kryetarin Hajdinaga dhe bashk\u00ebpun\u00ebtor\u00ebt e tij.<br \/>\nN\u00eb nj\u00eb bised\u00eb t\u00eb hapur dhe miq\u00ebsore u prek\u00ebn nj\u00eb s\u00ebr\u00eb temash q\u00eb kan\u00eb t\u00eb b\u00ebjn\u00eb me pozit\u00ebn e pakicave, vendi i tyre n\u00eb nj\u00eb shtet multinacional, pakica shqiptare si pakic\u00eb specifike dhe marr\u00ebdh\u00ebnijet e saj me vendet fqinje, rrespektivisht me qytetet e Shqip\u00ebris\u00eb.<br \/>\nKryetari Hajdinaga gj\u00ebr\u00ebsisht i njoftoi mysafir\u00ebt me at\u00eb se \u00e7far\u00eb \u00ebsht\u00eb b\u00ebr\u00eb p\u00ebr pakicat n\u00eb Mal t\u00eb Zi, dhe angazhimet e metytjeshme t\u00eb nj\u00eb shteti si\u00e7 \u00ebsht\u00eb Mali i Zi q\u00eb synon drejt\u00eb familjes s\u00eb madhe demokratike evropiane.<br \/>\nAi vleresoi m\u00eb pas si shum\u00eb t\u00eb suksesh\u00ebm bashk\u00ebpunimin e\u00a0 Malit t\u00eb Zi me vendet e rajonit e konkretisht me Shqip\u00ebrin\u00eb.<br \/>\nZ Hajdinaga foli p\u00ebr marr\u00ebdh\u00ebnijet q\u00eb ka komuna jon\u00eb me qytete t\u00eb ndrysh\u00ebm dhe marr\u00ebveshjet e bashk\u00ebpunimit q\u00eb ka n\u00ebnshkruar me shum\u00eb nga ta.<br \/>\nN\u00eb takim u p\u00ebrkrah ideja q\u00eb n\u00eb nj\u00eb t\u00eb ardhme nj\u00eb binjak\u00ebzim i k\u00ebtij lloji t\u00eb b\u00ebhet edhe me ndonj\u00eb qytet identik me Ulqinin n\u00eb Franc\u00eb, nd\u00ebrkoh\u00eb q\u00eb Ambasadori Garancher inicoi mbajtjen e nj\u00eb takimi t\u00eb rradh\u00ebs, ku n\u00eb qend\u00ebr t\u00eb v\u00ebm\u00ebndjes do t\u00eb jen\u00eb projektet zhvillimore t\u00eb Ulqinit dhe \u00e7\u00ebshtje t\u00eb tjera n\u00eb interes t\u00eb nd\u00ebrsjellt\u00eb.<\/p>\n<p><strong>Municipality of Ulcinj \/ Ulqin -Montenegro<br \/>\nArsllan Hajdinaga<br \/>\n\n\t\t<style type=\"text\/css\">\n\t\t\t#gallery-1 {\n\t\t\t\tmargin: auto;\n\t\t\t}\n\t\t\t#gallery-1 .gallery-item {\n\t\t\t\tfloat: left;\n\t\t\t\tmargin-top: 10px;\n\t\t\t\ttext-align: center;\n\t\t\t\twidth: 33%;\n\t\t\t}\n\t\t\t#gallery-1 img {\n\t\t\t\tborder: 2px solid #cfcfcf;\n\t\t\t}\n\t\t\t#gallery-1 .gallery-caption {\n\t\t\t\tmargin-left: 0;\n\t\t\t}\n\t\t\t\/* see gallery_shortcode() in wp-includes\/media.php *\/\n\t\t<\/style>\n\t\t<div id='gallery-1' class='gallery galleryid-23266 gallery-columns-3 gallery-size-thumbnail'><dl class='gallery-item'>\n\t\t\t<dt class='gallery-icon landscape'>\n\t\t\t\t<a href='https:\/\/www.visit-ulcinj.com\/blog\/wp-content\/uploads\/2009\/06\/Gezim-Hajdinaga_ambasadori-Bernard-Garancher-_Diane-Masson-_Giles-Pernet.jpg'><img width=\"150\" height=\"150\" src=\"https:\/\/www.visit-ulcinj.com\/blog\/wp-content\/uploads\/2009\/06\/Gezim-Hajdinaga_ambasadori-Bernard-Garancher-_Diane-Masson-_Giles-Pernet-150x150.jpg\" class=\"attachment-thumbnail size-thumbnail\" alt=\"\" loading=\"lazy\" \/><\/a>\n\t\t\t<\/dt><\/dl><dl class='gallery-item'>\n\t\t\t<dt class='gallery-icon landscape'>\n\t\t\t\t<a href='https:\/\/www.visit-ulcinj.com\/blog\/wp-content\/uploads\/2009\/06\/Gezim-Hajdinaga_ambasadori-Bernard-Garancher-_Diane-Masson-_Giles-Pernet.1.jpg'><img width=\"150\" height=\"150\" src=\"https:\/\/www.visit-ulcinj.com\/blog\/wp-content\/uploads\/2009\/06\/Gezim-Hajdinaga_ambasadori-Bernard-Garancher-_Diane-Masson-_Giles-Pernet.1-150x150.jpg\" class=\"attachment-thumbnail size-thumbnail\" alt=\"\" loading=\"lazy\" \/><\/a>\n\t\t\t<\/dt><\/dl><dl class='gallery-item'>\n\t\t\t<dt class='gallery-icon landscape'>\n\t\t\t\t<a href='https:\/\/www.visit-ulcinj.com\/blog\/wp-content\/uploads\/2009\/06\/Gezim-Hajdinaga_ambasadori-Bernard-Garancher-_Diane-Masson-_Giles-Pernet.2.jpg'><img width=\"150\" height=\"150\" src=\"https:\/\/www.visit-ulcinj.com\/blog\/wp-content\/uploads\/2009\/06\/Gezim-Hajdinaga_ambasadori-Bernard-Garancher-_Diane-Masson-_Giles-Pernet.2-150x150.jpg\" class=\"attachment-thumbnail size-thumbnail\" alt=\"\" loading=\"lazy\" \/><\/a>\n\t\t\t<\/dt><\/dl><br style=\"clear: both\" \/><dl class='gallery-item'>\n\t\t\t<dt class='gallery-icon landscape'>\n\t\t\t\t<a href='https:\/\/www.visit-ulcinj.com\/blog\/wp-content\/uploads\/2009\/06\/Gezim-Hajdinaga_ambasadori-Bernard-Garancher.1.jpg'><img width=\"150\" height=\"150\" src=\"https:\/\/www.visit-ulcinj.com\/blog\/wp-content\/uploads\/2009\/06\/Gezim-Hajdinaga_ambasadori-Bernard-Garancher.1-150x150.jpg\" class=\"attachment-thumbnail size-thumbnail\" alt=\"\" loading=\"lazy\" \/><\/a>\n\t\t\t<\/dt><\/dl><dl class='gallery-item'>\n\t\t\t<dt class='gallery-icon landscape'>\n\t\t\t\t<a href='https:\/\/www.visit-ulcinj.com\/blog\/wp-content\/uploads\/2009\/06\/Gezim-Hajdinaga_ambasadori-Bernard-Garancher.jpg'><img width=\"150\" height=\"150\" src=\"https:\/\/www.visit-ulcinj.com\/blog\/wp-content\/uploads\/2009\/06\/Gezim-Hajdinaga_ambasadori-Bernard-Garancher-150x150.jpg\" class=\"attachment-thumbnail size-thumbnail\" alt=\"\" loading=\"lazy\" \/><\/a>\n\t\t\t<\/dt><\/dl><dl class='gallery-item'>\n\t\t\t<dt class='gallery-icon landscape'>\n\t\t\t\t<a href='https:\/\/www.visit-ulcinj.com\/blog\/wp-content\/uploads\/2009\/06\/ulqini-press.jpg'><img width=\"150\" height=\"150\" src=\"https:\/\/www.visit-ulcinj.com\/blog\/wp-content\/uploads\/2009\/06\/ulqini-press-150x150.jpg\" class=\"attachment-thumbnail size-thumbnail\" alt=\"\" loading=\"lazy\" \/><\/a>\n\t\t\t<\/dt><\/dl><br style=\"clear: both\" \/>\n\t\t<\/div>\n<\/p>\n<p><\/strong><\/p>\n<!--YouTube Error: bad URL entered-->\n<p><strong> <\/strong><\/p>\n","protected":false},"excerpt":{"rendered":"<p>N\u00eb Ulqin q\u00ebndroi p\u00ebr vizit\u00eb pune Ambasadori i Franc\u00ebs i akredituar n\u00eb Podgoric\u00eb z. Bernard Garancher i shoq\u00ebruar nga dy p\u00ebrfaq\u00ebsues t\u00eb Ministris\u00eb s\u00eb mbrojtjes t\u00eb Franc\u00ebs, z.nj Diane Masson dhe z. Giles Pernet. Ata u takuan me Kryetarin Hajdinaga dhe bashk\u00ebpun\u00ebtor\u00ebt e tij. N\u00eb nj\u00eb bised\u00eb t\u00eb hapur dhe miq\u00ebsore u prek\u00ebn nj\u00eb s\u00ebr\u00eb [&hellip;]<\/p>\n","protected":false},"author":1,"featured_media":0,"comment_status":"open","ping_status":"closed","sticky":false,"template":"","format":"standard","meta":{"spay_email":"","jetpack_publicize_message":"","jetpack_is_tweetstorm":false,"jetpack_publicize_feature_enabled":true},"categories":[1],"tags":[11403,4564,11405,5802,11404,195,11406],"jetpack_publicize_connections":[],"yoast_head":"<!-- This site is optimized with the Yoast SEO plugin v19.1 - https:\/\/yoast.com\/wordpress\/plugins\/seo\/ -->\n<title>Kryetari Hajdinaga priti Ambasadorin e Franc\u00ebs - Lajme nga Ulqini<\/title>\n<meta name=\"description\" content=\"N\u00eb Ulqin q\u00ebndroi p\u00ebr vizit\u00eb pune Ambasadori i Franc\u00ebs i akredituar n\u00eb Podgoric\u00eb z. Bernard Garancher i shoq\u00ebruar nga dy p\u00ebrfaq\u00ebsues t\u00eb Ministris\u00eb s\u00eb\" \/>\n<meta name=\"robots\" content=\"index, follow, max-snippet:-1, max-image-preview:large, max-video-preview:-1\" \/>\n<link rel=\"canonical\" href=\"https:\/\/www.visit-ulcinj.com\/blog\/2009\/06\/24\/kryetari-hajdinaga-priti-ambasadorin-e-frances\/\" \/>\n<meta property=\"og:locale\" content=\"en_US\" \/>\n<meta property=\"og:type\" content=\"article\" \/>\n<meta property=\"og:title\" content=\"Kryetari Hajdinaga priti Ambasadorin e Franc\u00ebs - Lajme nga Ulqini\" \/>\n<meta property=\"og:description\" content=\"N\u00eb Ulqin q\u00ebndroi p\u00ebr vizit\u00eb pune Ambasadori i Franc\u00ebs i akredituar n\u00eb Podgoric\u00eb z. Bernard Garancher i shoq\u00ebruar nga dy p\u00ebrfaq\u00ebsues t\u00eb Ministris\u00eb s\u00eb\" \/>\n<meta property=\"og:url\" content=\"https:\/\/www.visit-ulcinj.com\/blog\/2009\/06\/24\/kryetari-hajdinaga-priti-ambasadorin-e-frances\/\" \/>\n<meta property=\"og:site_name\" content=\"Lajme nga Ulqini\" \/>\n<meta property=\"article:published_time\" content=\"2009-06-24T18:46:57+00:00\" \/>\n<meta property=\"article:modified_time\" content=\"2009-06-24T18:52:12+00:00\" \/>\n<meta property=\"og:image\" content=\"https:\/\/www.visit-ulcinj.com\/blog\/wp-content\/uploads\/2009\/06\/Gezim-Hajdinaga_ambasadori-Bernard-Garancher-_Diane-Masson-_Giles-Pernet-150x150.jpg\" \/>\n<meta name=\"twitter:label1\" content=\"Written by\" \/>\n\t<meta name=\"twitter:data1\" content=\"ulqini\" \/>\n\t<meta name=\"twitter:label2\" content=\"Est. reading time\" \/>\n\t<meta name=\"twitter:data2\" content=\"1 minute\" \/>\n<script type=\"application\/ld+json\" class=\"yoast-schema-graph\">{\"@context\":\"https:\/\/schema.org\",\"@graph\":[{\"@type\":\"WebSite\",\"@id\":\"https:\/\/www.visit-ulcinj.com\/blog\/#website\",\"url\":\"https:\/\/www.visit-ulcinj.com\/blog\/\",\"name\":\"Lajme nga Ulqini\",\"description\":\"Lajme,Vijesti,Ulqini,Ulqin,Crna Gora,Mali i Zi\",\"potentialAction\":[{\"@type\":\"SearchAction\",\"target\":{\"@type\":\"EntryPoint\",\"urlTemplate\":\"https:\/\/www.visit-ulcinj.com\/blog\/?s={search_term_string}\"},\"query-input\":\"required name=search_term_string\"}],\"inLanguage\":\"en-US\"},{\"@type\":\"ImageObject\",\"inLanguage\":\"en-US\",\"@id\":\"https:\/\/www.visit-ulcinj.com\/blog\/2009\/06\/24\/kryetari-hajdinaga-priti-ambasadorin-e-frances\/#primaryimage\",\"url\":\"https:\/\/www.visit-ulcinj.com\/blog\/wp-content\/uploads\/2009\/06\/Gezim-Hajdinaga_ambasadori-Bernard-Garancher-_Diane-Masson-_Giles-Pernet.jpg\",\"contentUrl\":\"https:\/\/www.visit-ulcinj.com\/blog\/wp-content\/uploads\/2009\/06\/Gezim-Hajdinaga_ambasadori-Bernard-Garancher-_Diane-Masson-_Giles-Pernet.jpg\",\"width\":\"1024\",\"height\":\"768\"},{\"@type\":\"WebPage\",\"@id\":\"https:\/\/www.visit-ulcinj.com\/blog\/2009\/06\/24\/kryetari-hajdinaga-priti-ambasadorin-e-frances\/#webpage\",\"url\":\"https:\/\/www.visit-ulcinj.com\/blog\/2009\/06\/24\/kryetari-hajdinaga-priti-ambasadorin-e-frances\/\",\"name\":\"Kryetari Hajdinaga priti Ambasadorin e Franc\u00ebs - Lajme nga Ulqini\",\"isPartOf\":{\"@id\":\"https:\/\/www.visit-ulcinj.com\/blog\/#website\"},\"primaryImageOfPage\":{\"@id\":\"https:\/\/www.visit-ulcinj.com\/blog\/2009\/06\/24\/kryetari-hajdinaga-priti-ambasadorin-e-frances\/#primaryimage\"},\"datePublished\":\"2009-06-24T18:46:57+00:00\",\"dateModified\":\"2009-06-24T18:52:12+00:00\",\"author\":{\"@id\":\"https:\/\/www.visit-ulcinj.com\/blog\/#\/schema\/person\/dcab619c614d3038751c63bc2aadc06d\"},\"description\":\"N\u00eb Ulqin q\u00ebndroi p\u00ebr vizit\u00eb pune Ambasadori i Franc\u00ebs i akredituar n\u00eb Podgoric\u00eb z. Bernard Garancher i shoq\u00ebruar nga dy p\u00ebrfaq\u00ebsues t\u00eb Ministris\u00eb s\u00eb\",\"breadcrumb\":{\"@id\":\"https:\/\/www.visit-ulcinj.com\/blog\/2009\/06\/24\/kryetari-hajdinaga-priti-ambasadorin-e-frances\/#breadcrumb\"},\"inLanguage\":\"en-US\",\"potentialAction\":[{\"@type\":\"ReadAction\",\"target\":[\"https:\/\/www.visit-ulcinj.com\/blog\/2009\/06\/24\/kryetari-hajdinaga-priti-ambasadorin-e-frances\/\"]}]},{\"@type\":\"BreadcrumbList\",\"@id\":\"https:\/\/www.visit-ulcinj.com\/blog\/2009\/06\/24\/kryetari-hajdinaga-priti-ambasadorin-e-frances\/#breadcrumb\",\"itemListElement\":[{\"@type\":\"ListItem\",\"position\":1,\"name\":\"Kryetari Hajdinaga priti Ambasadorin e Franc\u00ebs\"}]},{\"@type\":\"Person\",\"@id\":\"https:\/\/www.visit-ulcinj.com\/blog\/#\/schema\/person\/dcab619c614d3038751c63bc2aadc06d\",\"name\":\"ulqini\",\"sameAs\":[\"http:\/\/www.visit-ulcinj.com\"],\"url\":\"https:\/\/www.visit-ulcinj.com\/blog\/author\/admin\/\"}]}<\/script>\n<!-- \/ Yoast SEO plugin. -->","yoast_head_json":{"title":"Kryetari Hajdinaga priti Ambasadorin e Franc\u00ebs - Lajme nga Ulqini","description":"N\u00eb Ulqin q\u00ebndroi p\u00ebr vizit\u00eb pune Ambasadori i Franc\u00ebs i akredituar n\u00eb Podgoric\u00eb z. Bernard Garancher i shoq\u00ebruar nga dy p\u00ebrfaq\u00ebsues t\u00eb Ministris\u00eb s\u00eb","robots":{"index":"index","follow":"follow","max-snippet":"max-snippet:-1","max-image-preview":"max-image-preview:large","max-video-preview":"max-video-preview:-1"},"canonical":"https:\/\/www.visit-ulcinj.com\/blog\/2009\/06\/24\/kryetari-hajdinaga-priti-ambasadorin-e-frances\/","og_locale":"en_US","og_type":"article","og_title":"Kryetari Hajdinaga priti Ambasadorin e Franc\u00ebs - Lajme nga Ulqini","og_description":"N\u00eb Ulqin q\u00ebndroi p\u00ebr vizit\u00eb pune Ambasadori i Franc\u00ebs i akredituar n\u00eb Podgoric\u00eb z. Bernard Garancher i shoq\u00ebruar nga dy p\u00ebrfaq\u00ebsues t\u00eb Ministris\u00eb s\u00eb","og_url":"https:\/\/www.visit-ulcinj.com\/blog\/2009\/06\/24\/kryetari-hajdinaga-priti-ambasadorin-e-frances\/","og_site_name":"Lajme nga Ulqini","article_published_time":"2009-06-24T18:46:57+00:00","article_modified_time":"2009-06-24T18:52:12+00:00","og_image":[{"url":"https:\/\/www.visit-ulcinj.com\/blog\/wp-content\/uploads\/2009\/06\/Gezim-Hajdinaga_ambasadori-Bernard-Garancher-_Diane-Masson-_Giles-Pernet-150x150.jpg"}],"twitter_misc":{"Written by":"ulqini","Est. reading time":"1 minute"},"schema":{"@context":"https:\/\/schema.org","@graph":[{"@type":"WebSite","@id":"https:\/\/www.visit-ulcinj.com\/blog\/#website","url":"https:\/\/www.visit-ulcinj.com\/blog\/","name":"Lajme nga Ulqini","description":"Lajme,Vijesti,Ulqini,Ulqin,Crna Gora,Mali i Zi","potentialAction":[{"@type":"SearchAction","target":{"@type":"EntryPoint","urlTemplate":"https:\/\/www.visit-ulcinj.com\/blog\/?s={search_term_string}"},"query-input":"required name=search_term_string"}],"inLanguage":"en-US"},{"@type":"ImageObject","inLanguage":"en-US","@id":"https:\/\/www.visit-ulcinj.com\/blog\/2009\/06\/24\/kryetari-hajdinaga-priti-ambasadorin-e-frances\/#primaryimage","url":"https:\/\/www.visit-ulcinj.com\/blog\/wp-content\/uploads\/2009\/06\/Gezim-Hajdinaga_ambasadori-Bernard-Garancher-_Diane-Masson-_Giles-Pernet.jpg","contentUrl":"https:\/\/www.visit-ulcinj.com\/blog\/wp-content\/uploads\/2009\/06\/Gezim-Hajdinaga_ambasadori-Bernard-Garancher-_Diane-Masson-_Giles-Pernet.jpg","width":"1024","height":"768"},{"@type":"WebPage","@id":"https:\/\/www.visit-ulcinj.com\/blog\/2009\/06\/24\/kryetari-hajdinaga-priti-ambasadorin-e-frances\/#webpage","url":"https:\/\/www.visit-ulcinj.com\/blog\/2009\/06\/24\/kryetari-hajdinaga-priti-ambasadorin-e-frances\/","name":"Kryetari Hajdinaga priti Ambasadorin e Franc\u00ebs - Lajme nga Ulqini","isPartOf":{"@id":"https:\/\/www.visit-ulcinj.com\/blog\/#website"},"primaryImageOfPage":{"@id":"https:\/\/www.visit-ulcinj.com\/blog\/2009\/06\/24\/kryetari-hajdinaga-priti-ambasadorin-e-frances\/#primaryimage"},"datePublished":"2009-06-24T18:46:57+00:00","dateModified":"2009-06-24T18:52:12+00:00","author":{"@id":"https:\/\/www.visit-ulcinj.com\/blog\/#\/schema\/person\/dcab619c614d3038751c63bc2aadc06d"},"description":"N\u00eb Ulqin q\u00ebndroi p\u00ebr vizit\u00eb pune Ambasadori i Franc\u00ebs i akredituar n\u00eb Podgoric\u00eb z. Bernard Garancher i shoq\u00ebruar nga dy p\u00ebrfaq\u00ebsues t\u00eb Ministris\u00eb s\u00eb","breadcrumb":{"@id":"https:\/\/www.visit-ulcinj.com\/blog\/2009\/06\/24\/kryetari-hajdinaga-priti-ambasadorin-e-frances\/#breadcrumb"},"inLanguage":"en-US","potentialAction":[{"@type":"ReadAction","target":["https:\/\/www.visit-ulcinj.com\/blog\/2009\/06\/24\/kryetari-hajdinaga-priti-ambasadorin-e-frances\/"]}]},{"@type":"BreadcrumbList","@id":"https:\/\/www.visit-ulcinj.com\/blog\/2009\/06\/24\/kryetari-hajdinaga-priti-ambasadorin-e-frances\/#breadcrumb","itemListElement":[{"@type":"ListItem","position":1,"name":"Kryetari Hajdinaga priti Ambasadorin e Franc\u00ebs"}]},{"@type":"Person","@id":"https:\/\/www.visit-ulcinj.com\/blog\/#\/schema\/person\/dcab619c614d3038751c63bc2aadc06d","name":"ulqini","sameAs":["http:\/\/www.visit-ulcinj.com"],"url":"https:\/\/www.visit-ulcinj.com\/blog\/author\/admin\/"}]}},"jetpack_featured_media_url":"","jetpack_sharing_enabled":true,"jetpack_shortlink":"https:\/\/wp.me\/pe6lTn-63g","_links":{"self":[{"href":"https:\/\/www.visit-ulcinj.com\/blog\/wp-json\/wp\/v2\/posts\/23266"}],"collection":[{"href":"https:\/\/www.visit-ulcinj.com\/blog\/wp-json\/wp\/v2\/posts"}],"about":[{"href":"https:\/\/www.visit-ulcinj.com\/blog\/wp-json\/wp\/v2\/types\/post"}],"author":[{"embeddable":true,"href":"https:\/\/www.visit-ulcinj.com\/blog\/wp-json\/wp\/v2\/users\/1"}],"replies":[{"embeddable":true,"href":"https:\/\/www.visit-ulcinj.com\/blog\/wp-json\/wp\/v2\/comments?post=23266"}],"version-history":[{"count":0,"href":"https:\/\/www.visit-ulcinj.com\/blog\/wp-json\/wp\/v2\/posts\/23266\/revisions"}],"wp:attachment":[{"href":"https:\/\/www.visit-ulcinj.com\/blog\/wp-json\/wp\/v2\/media?parent=23266"}],"wp:term":[{"taxonomy":"category","embeddable":true,"href":"https:\/\/www.visit-ulcinj.com\/blog\/wp-json\/wp\/v2\/categories?post=23266"},{"taxonomy":"post_tag","embeddable":true,"href":"https:\/\/www.visit-ulcinj.com\/blog\/wp-json\/wp\/v2\/tags?post=23266"}],"curies":[{"name":"wp","href":"https:\/\/api.w.org\/{rel}","templated":true}]}}