{"id":23278,"date":"2009-06-25T15:57:59","date_gmt":"2009-06-25T13:57:59","guid":{"rendered":"http:\/\/www.visit-ulcinj.com\/blog\/?p=23278"},"modified":"2009-06-27T12:36:18","modified_gmt":"2009-06-27T10:36:18","slug":"ulcinjske-nvo-i-intelektualci-odgovorili-piperovicu","status":"publish","type":"post","link":"https:\/\/www.visit-ulcinj.com\/blog\/2009\/06\/25\/ulcinjske-nvo-i-intelektualci-odgovorili-piperovicu\/","title":{"rendered":"Ulcinjske NVO i intelektualci odgovorili Piperovi?u"},"content":{"rendered":"<p><strong><a href=\"http:\/\/www.visit-ulcinj.com\/blog\/wp-content\/uploads\/2009\/06\/Ulcinjske-NVO-i-intelektualci-odgovorili-Piperovi?u.jpg\"><img loading=\"lazy\" class=\"alignleft size-full wp-image-23279\" title=\"Ulcinjske NVO i intelektualci odgovorili Piperovi?u\" src=\"http:\/\/www.visit-ulcinj.com\/blog\/wp-content\/uploads\/2009\/06\/Ulcinjske-NVO-i-intelektualci-odgovorili-Piperovi?u.jpg\" alt=\"Ulcinjske NVO i intelektualci odgovorili Piperovi?u\" width=\"259\" height=\"448\" \/><\/a>Lokalni parlament mora da se pita<\/strong><br \/>\nUlcinj &#8211; Imao je pravo jedan poznati filozof kada je rekao da je zna?aj svih kriza u tome da skriveno u?ine vidljivim. A ?itava ulcinjska i crnogorska javnost jasno je mogla da vidi na kojim je pozicijama \u201epodgori?ki advokat ro?en u Ulcinju\u201c Zoran Piperovi?, navodi se u reagovanju grupe NVO i intelektualaca Ulcinja na tekst \u201ePiperovi?: Kompromis je u gra?anskom konsenzusu \u201c, objavljenom u ju?era\u0161njim \u201cVijestima\u201d.<br \/>\nPiperovi? je ocijenio \u201cda se eventualnim usvajanjem predlo\u017eene deklaracije u pravnom poretku ni\u0161ta ne?e promijeniti\u201d. On je istakao da je \u201cput u ono \u0161to je sr\u017e deklaracije apsolutno pogre\u0161an\u201d.<br \/>\nU ju?era\u0161njem reagovanju, grupa NVO i intelektualaca tvrdi da se Piperovi? okliznuo i \u201cda su svi to zorno primijetili, posebno vlasnici maslina u Valdanosu\u201d.<br \/>\n\u201cMi \u017eelimo da se o tome raspravlja i odlu?uje prvenstveno u lokalnom parlamentu- isti?e se u reagovanju i dodaje da je to sr\u017e deklaracije \u201ea ne skrivanje iza \u0161tetnih tendera crnogorske Vlade i njenih tenderskih komisija, ne izbjegavanje preuzimanja odgovornosti, ne mirenje sa projektovanom sudbinom. Ba\u0161 kao i o pravu na lokalnu samoupravu. Uostalom, \u0161to ?e nam ona ako se ni\u0161ta ne pita- ocjenjuje grupa NVO i intelektualaca.<br \/>\nOni Piperovi?a pitaju \u201eda li je mogu?e da Crnogorska Vlada, protivno Zakonu o dr\u017eavnoj imovini, raspi\u0161e tendere za Veliku pla\u017eu i Adu na ?itavih 90 godina, bez prethodne odluke Skup\u0161tine\u201c.<br \/>\n\u201cPiperovi? ka\u017ee da je \u201eodredba o liniji morskog dobra nelegitimna\u201c. Kako onda odluke na njoj zasnovane mogu da budu legitimne? Advokat isti?e i da \u201eima mjesta za kompromis i da treba ostvariti gra?anski konsenzus oko ovih pitanja\u201c. Da li se kompromis i konsenzus mogu posti?i ako se o tome ni\u0161ta ne pita ulcinjski parlament i gra?ani Ulcinja. Ako se to ostvari, na\u0161 cilj je postignut a vjerujemo i va\u0161\u201d, ka\u017ee se na kraju reagovanja.<br \/>\n<strong>S.A.<br \/>\n<a href=\"http:\/\/www.vijesti.cg.yu\/index.php?id_pre=308400&amp;godina=2009\" target=\"_blank\">Vijesti<\/a><\/strong><\/p>\n<p><strong><a href=\"http:\/\/www.visit-ulcinj.com\/blog\/wp-content\/uploads\/2009\/06\/Radio-Televizja-Crne-Gore_logo3.png\"><img loading=\"lazy\" class=\"alignleft size-full wp-image-23377\" title=\"Radio Televizja Crne Gore_logo\" src=\"http:\/\/www.visit-ulcinj.com\/blog\/wp-content\/uploads\/2009\/06\/Radio-Televizja-Crne-Gore_logo3.png\" alt=\"Radio Televizja Crne Gore_logo\" width=\"200\" height=\"90\" \/><\/a><\/strong><\/p>\n<p>[flv width=&#8221;580&#8243; height=&#8221;400&#8243;]http:\/\/www.rtcg.me\/images\/biblioteka\/audio_video_arhiva\/Otvoreno%20-%20Investicije.flv[\/flv]<\/p>\n","protected":false},"excerpt":{"rendered":"<p>Lokalni parlament mora da se pita Ulcinj &#8211; Imao je pravo jedan poznati filozof kada je rekao da je zna?aj svih kriza u tome da skriveno u?ine vidljivim. A ?itava ulcinjska i crnogorska javnost jasno je mogla da vidi na kojim je pozicijama \u201epodgori?ki advokat ro?en u Ulcinju\u201c Zoran Piperovi?, navodi se u reagovanju grupe [&hellip;]<\/p>\n","protected":false},"author":1,"featured_media":0,"comment_status":"open","ping_status":"closed","sticky":false,"template":"","format":"standard","meta":{"spay_email":"","jetpack_publicize_message":"","jetpack_is_tweetstorm":false,"jetpack_publicize_feature_enabled":true},"categories":[8337],"tags":[3924,11408,11407,2133],"jetpack_publicize_connections":[],"yoast_head":"<!-- This site is optimized with the Yoast SEO plugin v19.1 - https:\/\/yoast.com\/wordpress\/plugins\/seo\/ -->\n<title>Ulcinjske NVO i intelektualci odgovorili Piperovi?u - Lajme nga Ulqini<\/title>\n<meta name=\"description\" content=\"Lokalni parlament mora da se pita Ulcinj - Imao je pravo jedan poznati filozof kada je rekao da je zna?aj svih kriza u tome da skriveno u?ine vidljivim. A\" \/>\n<meta name=\"robots\" content=\"index, follow, max-snippet:-1, max-image-preview:large, max-video-preview:-1\" \/>\n<link rel=\"canonical\" href=\"https:\/\/www.visit-ulcinj.com\/blog\/2009\/06\/25\/ulcinjske-nvo-i-intelektualci-odgovorili-piperovicu\/\" \/>\n<meta property=\"og:locale\" content=\"en_US\" \/>\n<meta property=\"og:type\" content=\"article\" \/>\n<meta property=\"og:title\" content=\"Ulcinjske NVO i intelektualci odgovorili Piperovi?u - Lajme nga Ulqini\" \/>\n<meta property=\"og:description\" content=\"Lokalni parlament mora da se pita Ulcinj - Imao je pravo jedan poznati filozof kada je rekao da je zna?aj svih kriza u tome da skriveno u?ine vidljivim. A\" \/>\n<meta property=\"og:url\" content=\"https:\/\/www.visit-ulcinj.com\/blog\/2009\/06\/25\/ulcinjske-nvo-i-intelektualci-odgovorili-piperovicu\/\" \/>\n<meta property=\"og:site_name\" content=\"Lajme nga Ulqini\" \/>\n<meta property=\"article:published_time\" content=\"2009-06-25T13:57:59+00:00\" \/>\n<meta property=\"article:modified_time\" content=\"2009-06-27T10:36:18+00:00\" \/>\n<meta property=\"og:image\" content=\"http:\/\/www.visit-ulcinj.com\/blog\/wp-content\/uploads\/2009\/06\/Ulcinjske-NVO-i-intelektualci-odgovorili-Piperovi?u.jpg\" \/>\n<meta name=\"twitter:label1\" content=\"Written by\" \/>\n\t<meta name=\"twitter:data1\" content=\"ulqini\" \/>\n\t<meta name=\"twitter:label2\" content=\"Est. reading time\" \/>\n\t<meta name=\"twitter:data2\" content=\"2 minutes\" \/>\n<script type=\"application\/ld+json\" class=\"yoast-schema-graph\">{\"@context\":\"https:\/\/schema.org\",\"@graph\":[{\"@type\":\"WebSite\",\"@id\":\"https:\/\/www.visit-ulcinj.com\/blog\/#website\",\"url\":\"https:\/\/www.visit-ulcinj.com\/blog\/\",\"name\":\"Lajme nga Ulqini\",\"description\":\"Lajme,Vijesti,Ulqini,Ulqin,Crna Gora,Mali i Zi\",\"potentialAction\":[{\"@type\":\"SearchAction\",\"target\":{\"@type\":\"EntryPoint\",\"urlTemplate\":\"https:\/\/www.visit-ulcinj.com\/blog\/?s={search_term_string}\"},\"query-input\":\"required name=search_term_string\"}],\"inLanguage\":\"en-US\"},{\"@type\":\"ImageObject\",\"inLanguage\":\"en-US\",\"@id\":\"https:\/\/www.visit-ulcinj.com\/blog\/2009\/06\/25\/ulcinjske-nvo-i-intelektualci-odgovorili-piperovicu\/#primaryimage\",\"url\":\"http:\/\/www.visit-ulcinj.com\/blog\/wp-content\/uploads\/2009\/06\/Ulcinjske-NVO-i-intelektualci-odgovorili-Piperovi?u.jpg\",\"contentUrl\":\"http:\/\/www.visit-ulcinj.com\/blog\/wp-content\/uploads\/2009\/06\/Ulcinjske-NVO-i-intelektualci-odgovorili-Piperovi?u.jpg\"},{\"@type\":\"WebPage\",\"@id\":\"https:\/\/www.visit-ulcinj.com\/blog\/2009\/06\/25\/ulcinjske-nvo-i-intelektualci-odgovorili-piperovicu\/#webpage\",\"url\":\"https:\/\/www.visit-ulcinj.com\/blog\/2009\/06\/25\/ulcinjske-nvo-i-intelektualci-odgovorili-piperovicu\/\",\"name\":\"Ulcinjske NVO i intelektualci odgovorili Piperovi?u - Lajme nga Ulqini\",\"isPartOf\":{\"@id\":\"https:\/\/www.visit-ulcinj.com\/blog\/#website\"},\"primaryImageOfPage\":{\"@id\":\"https:\/\/www.visit-ulcinj.com\/blog\/2009\/06\/25\/ulcinjske-nvo-i-intelektualci-odgovorili-piperovicu\/#primaryimage\"},\"datePublished\":\"2009-06-25T13:57:59+00:00\",\"dateModified\":\"2009-06-27T10:36:18+00:00\",\"author\":{\"@id\":\"https:\/\/www.visit-ulcinj.com\/blog\/#\/schema\/person\/dcab619c614d3038751c63bc2aadc06d\"},\"description\":\"Lokalni parlament mora da se pita Ulcinj - Imao je pravo jedan poznati filozof kada je rekao da je zna?aj svih kriza u tome da skriveno u?ine vidljivim. A\",\"breadcrumb\":{\"@id\":\"https:\/\/www.visit-ulcinj.com\/blog\/2009\/06\/25\/ulcinjske-nvo-i-intelektualci-odgovorili-piperovicu\/#breadcrumb\"},\"inLanguage\":\"en-US\",\"potentialAction\":[{\"@type\":\"ReadAction\",\"target\":[\"https:\/\/www.visit-ulcinj.com\/blog\/2009\/06\/25\/ulcinjske-nvo-i-intelektualci-odgovorili-piperovicu\/\"]}]},{\"@type\":\"BreadcrumbList\",\"@id\":\"https:\/\/www.visit-ulcinj.com\/blog\/2009\/06\/25\/ulcinjske-nvo-i-intelektualci-odgovorili-piperovicu\/#breadcrumb\",\"itemListElement\":[{\"@type\":\"ListItem\",\"position\":1,\"name\":\"Ulcinjske NVO i intelektualci odgovorili Piperovi?u\"}]},{\"@type\":\"Person\",\"@id\":\"https:\/\/www.visit-ulcinj.com\/blog\/#\/schema\/person\/dcab619c614d3038751c63bc2aadc06d\",\"name\":\"ulqini\",\"sameAs\":[\"http:\/\/www.visit-ulcinj.com\"],\"url\":\"https:\/\/www.visit-ulcinj.com\/blog\/author\/admin\/\"}]}<\/script>\n<!-- \/ Yoast SEO plugin. -->","yoast_head_json":{"title":"Ulcinjske NVO i intelektualci odgovorili Piperovi?u - Lajme nga Ulqini","description":"Lokalni parlament mora da se pita Ulcinj - Imao je pravo jedan poznati filozof kada je rekao da je zna?aj svih kriza u tome da skriveno u?ine vidljivim. A","robots":{"index":"index","follow":"follow","max-snippet":"max-snippet:-1","max-image-preview":"max-image-preview:large","max-video-preview":"max-video-preview:-1"},"canonical":"https:\/\/www.visit-ulcinj.com\/blog\/2009\/06\/25\/ulcinjske-nvo-i-intelektualci-odgovorili-piperovicu\/","og_locale":"en_US","og_type":"article","og_title":"Ulcinjske NVO i intelektualci odgovorili Piperovi?u - Lajme nga Ulqini","og_description":"Lokalni parlament mora da se pita Ulcinj - Imao je pravo jedan poznati filozof kada je rekao da je zna?aj svih kriza u tome da skriveno u?ine vidljivim. A","og_url":"https:\/\/www.visit-ulcinj.com\/blog\/2009\/06\/25\/ulcinjske-nvo-i-intelektualci-odgovorili-piperovicu\/","og_site_name":"Lajme nga Ulqini","article_published_time":"2009-06-25T13:57:59+00:00","article_modified_time":"2009-06-27T10:36:18+00:00","og_image":[{"url":"http:\/\/www.visit-ulcinj.com\/blog\/wp-content\/uploads\/2009\/06\/Ulcinjske-NVO-i-intelektualci-odgovorili-Piperovi?u.jpg"}],"twitter_misc":{"Written by":"ulqini","Est. reading time":"2 minutes"},"schema":{"@context":"https:\/\/schema.org","@graph":[{"@type":"WebSite","@id":"https:\/\/www.visit-ulcinj.com\/blog\/#website","url":"https:\/\/www.visit-ulcinj.com\/blog\/","name":"Lajme nga Ulqini","description":"Lajme,Vijesti,Ulqini,Ulqin,Crna Gora,Mali i Zi","potentialAction":[{"@type":"SearchAction","target":{"@type":"EntryPoint","urlTemplate":"https:\/\/www.visit-ulcinj.com\/blog\/?s={search_term_string}"},"query-input":"required name=search_term_string"}],"inLanguage":"en-US"},{"@type":"ImageObject","inLanguage":"en-US","@id":"https:\/\/www.visit-ulcinj.com\/blog\/2009\/06\/25\/ulcinjske-nvo-i-intelektualci-odgovorili-piperovicu\/#primaryimage","url":"http:\/\/www.visit-ulcinj.com\/blog\/wp-content\/uploads\/2009\/06\/Ulcinjske-NVO-i-intelektualci-odgovorili-Piperovi?u.jpg","contentUrl":"http:\/\/www.visit-ulcinj.com\/blog\/wp-content\/uploads\/2009\/06\/Ulcinjske-NVO-i-intelektualci-odgovorili-Piperovi?u.jpg"},{"@type":"WebPage","@id":"https:\/\/www.visit-ulcinj.com\/blog\/2009\/06\/25\/ulcinjske-nvo-i-intelektualci-odgovorili-piperovicu\/#webpage","url":"https:\/\/www.visit-ulcinj.com\/blog\/2009\/06\/25\/ulcinjske-nvo-i-intelektualci-odgovorili-piperovicu\/","name":"Ulcinjske NVO i intelektualci odgovorili Piperovi?u - Lajme nga Ulqini","isPartOf":{"@id":"https:\/\/www.visit-ulcinj.com\/blog\/#website"},"primaryImageOfPage":{"@id":"https:\/\/www.visit-ulcinj.com\/blog\/2009\/06\/25\/ulcinjske-nvo-i-intelektualci-odgovorili-piperovicu\/#primaryimage"},"datePublished":"2009-06-25T13:57:59+00:00","dateModified":"2009-06-27T10:36:18+00:00","author":{"@id":"https:\/\/www.visit-ulcinj.com\/blog\/#\/schema\/person\/dcab619c614d3038751c63bc2aadc06d"},"description":"Lokalni parlament mora da se pita Ulcinj - Imao je pravo jedan poznati filozof kada je rekao da je zna?aj svih kriza u tome da skriveno u?ine vidljivim. A","breadcrumb":{"@id":"https:\/\/www.visit-ulcinj.com\/blog\/2009\/06\/25\/ulcinjske-nvo-i-intelektualci-odgovorili-piperovicu\/#breadcrumb"},"inLanguage":"en-US","potentialAction":[{"@type":"ReadAction","target":["https:\/\/www.visit-ulcinj.com\/blog\/2009\/06\/25\/ulcinjske-nvo-i-intelektualci-odgovorili-piperovicu\/"]}]},{"@type":"BreadcrumbList","@id":"https:\/\/www.visit-ulcinj.com\/blog\/2009\/06\/25\/ulcinjske-nvo-i-intelektualci-odgovorili-piperovicu\/#breadcrumb","itemListElement":[{"@type":"ListItem","position":1,"name":"Ulcinjske NVO i intelektualci odgovorili Piperovi?u"}]},{"@type":"Person","@id":"https:\/\/www.visit-ulcinj.com\/blog\/#\/schema\/person\/dcab619c614d3038751c63bc2aadc06d","name":"ulqini","sameAs":["http:\/\/www.visit-ulcinj.com"],"url":"https:\/\/www.visit-ulcinj.com\/blog\/author\/admin\/"}]}},"jetpack_featured_media_url":"","jetpack_sharing_enabled":true,"jetpack_shortlink":"https:\/\/wp.me\/pe6lTn-63s","_links":{"self":[{"href":"https:\/\/www.visit-ulcinj.com\/blog\/wp-json\/wp\/v2\/posts\/23278"}],"collection":[{"href":"https:\/\/www.visit-ulcinj.com\/blog\/wp-json\/wp\/v2\/posts"}],"about":[{"href":"https:\/\/www.visit-ulcinj.com\/blog\/wp-json\/wp\/v2\/types\/post"}],"author":[{"embeddable":true,"href":"https:\/\/www.visit-ulcinj.com\/blog\/wp-json\/wp\/v2\/users\/1"}],"replies":[{"embeddable":true,"href":"https:\/\/www.visit-ulcinj.com\/blog\/wp-json\/wp\/v2\/comments?post=23278"}],"version-history":[{"count":0,"href":"https:\/\/www.visit-ulcinj.com\/blog\/wp-json\/wp\/v2\/posts\/23278\/revisions"}],"wp:attachment":[{"href":"https:\/\/www.visit-ulcinj.com\/blog\/wp-json\/wp\/v2\/media?parent=23278"}],"wp:term":[{"taxonomy":"category","embeddable":true,"href":"https:\/\/www.visit-ulcinj.com\/blog\/wp-json\/wp\/v2\/categories?post=23278"},{"taxonomy":"post_tag","embeddable":true,"href":"https:\/\/www.visit-ulcinj.com\/blog\/wp-json\/wp\/v2\/tags?post=23278"}],"curies":[{"name":"wp","href":"https:\/\/api.w.org\/{rel}","templated":true}]}}