{"id":23282,"date":"2009-06-25T16:33:26","date_gmt":"2009-06-25T14:33:26","guid":{"rendered":"http:\/\/www.visit-ulcinj.com\/blog\/?p=23282"},"modified":"2009-06-27T22:39:15","modified_gmt":"2009-06-27T20:39:15","slug":"camaj-neosnovane-ocjene-dinose","status":"publish","type":"post","link":"https:\/\/www.visit-ulcinj.com\/blog\/2009\/06\/25\/camaj-neosnovane-ocjene-dinose\/","title":{"rendered":"Camaj: Neosnovane ocjene Dino\u0161e"},"content":{"rendered":"<p><a href=\"http:\/\/www.visit-ulcinj.com\/blog\/wp-content\/uploads\/2009\/06\/Ferhat-Dinosha_Nikoll-Camaj1.jpg\"><img loading=\"lazy\" class=\"alignleft size-full wp-image-23286\" title=\"Ferhat Dinosha_Nikoll Camaj\" src=\"http:\/\/www.visit-ulcinj.com\/blog\/wp-content\/uploads\/2009\/06\/Ferhat-Dinosha_Nikoll-Camaj1.jpg\" alt=\"Ferhat Dinosha_Nikoll Camaj\" width=\"599\" height=\"408\" srcset=\"https:\/\/www.visit-ulcinj.com\/blog\/wp-content\/uploads\/2009\/06\/Ferhat-Dinosha_Nikoll-Camaj1.jpg 599w, https:\/\/www.visit-ulcinj.com\/blog\/wp-content\/uploads\/2009\/06\/Ferhat-Dinosha_Nikoll-Camaj1-300x204.jpg 300w\" sizes=\"(max-width: 599px) 100vw, 599px\" \/><\/a>Podgorica, 24. juna(MINA) &#8211; Ocjena crnogorskog ministra za ljudska i manjinska prava Ferhata Dino\u0161e da se Tuzi ne bi mogle samofinansirati nije osnovana, smatraju u toj gradskoj op\u0161tini.<br \/>\nSkup\u0161tina gradske op\u0161tine Tuzi je reagovala na izjavu Dino\u0161e da Tuzi u ovom trenutku ne mogu dobiti status op\u0161tine, jer nijesu ekonomski odr\u017eivo podru?je.<br \/>\nPredsjednik Skup\u0161tine ove gradske op\u0161tine Nikola Camaj je podsjetio da je Dino\u0161a, dok je bio poslanik, podr\u017eao projekat gradske op\u0161tine za podru?je Malesije.<br \/>\nOn je kazao da op\u0161tina Tuzi nije sli?na, ni po statusu ni po nadle\u017enostima, sa gradskim op\u0161tinama iz okru\u017eenja.<br \/>\n&#8220;Tuzi nemaju definisanu teritoriju, katastarske granice, svojinu, ne ubira poreze i nema svoj bud\u017eet. Za izvr\u0161enje finnasijskog plana odgovoran je predsjednik Gradske op\u0161tine, ali on nema uvid u 80 odsto tog plana, posebno u dijelu kapitalnih investicija&#8221;, navodi Camaj.<br \/>\nPrema njegovim rije?ima, Gradska op\u0161tina Tuzi ne mo\u017ee da osniva javna preduze?a i institucije, nema pravo da donosi prostorno-urbanisti?ke planove.<br \/>\n&#8220;Nema svoje simbole, ni svoj praznik. Nema zakonskog prava da imenuje ulice, ni da osniva mjesne zajednice, ka\u017ee Camaj.<br \/>\nOn smatra da se za ovakav status Gradske op\u0161tine Tuzi mora izmisliti neko drugo ime. &#8220;Ovo nije op\u0161tina na kakvu imamo pravo. Ni O od Op\u0161tine, rekao bi nekada\u0161nji Dino\u0161a&#8221;.<br \/>\nCamaj isti?e da na podru?ju Malesije ima ?etiri hiljade doma?instava, 158 privrednih dru\u0161tava, preduzetnika i zanatskih radionica sa 826 zaposlenih, bez onih u \u0161kolama, ambulanti, policiji, grani?nom prelazu i planta\u017eama.<br \/>\n&#8220;Valjda sve ovo donosi ne\u0161to op\u0161tinskoj kasi, \u0161to je sigurno vi\u0161e od cifre primitka prikazanih u na\u0161em Finansijskom planu&#8221;, ka\u017ee on.<br \/>\nCamaj je ukazao na ?injenicu da nikada nijesu mogli do?i do ta?nih podataka za iznos prihoda koji se ubiraju na podru?ju Gradske op\u0161tine Tuzi.<br \/>\n&#8220;Ako uporedimo ove sa parametrima drugih op\u0161tina, u dr\u017eavi i regiji, sigurno ?emo do?i do iznosa bud\u017eeta samostalne op\u0161tine Tuzi koji bi ve?i od onog koji se sada realizuje&#8221;, ka\u017ee Camaj.<br \/>\n<strong><br \/>\nIzvor \/ Mina<\/strong><\/p>\n","protected":false},"excerpt":{"rendered":"<p>Podgorica, 24. juna(MINA) &#8211; Ocjena crnogorskog ministra za ljudska i manjinska prava Ferhata Dino\u0161e da se Tuzi ne bi mogle samofinansirati nije osnovana, smatraju u toj gradskoj op\u0161tini. Skup\u0161tina gradske op\u0161tine Tuzi je reagovala na izjavu Dino\u0161e da Tuzi u ovom trenutku ne mogu dobiti status op\u0161tine, jer nijesu ekonomski odr\u017eivo podru?je. Predsjednik Skup\u0161tine ove [&hellip;]<\/p>\n","protected":false},"author":1,"featured_media":0,"comment_status":"open","ping_status":"closed","sticky":false,"template":"","format":"standard","meta":{"spay_email":"","jetpack_publicize_message":"","jetpack_is_tweetstorm":false,"jetpack_publicize_feature_enabled":true},"categories":[8337],"tags":[88,11409,1605,6230,9796],"jetpack_publicize_connections":[],"yoast_head":"<!-- This site is optimized with the Yoast SEO plugin v19.1 - https:\/\/yoast.com\/wordpress\/plugins\/seo\/ -->\n<title>Camaj: Neosnovane ocjene Dino\u0161e - Lajme nga Ulqini<\/title>\n<meta name=\"description\" content=\"Podgorica, 24. juna(MINA) - Ocjena crnogorskog ministra za ljudska i manjinska prava Ferhata Dino\u0161e da se Tuzi ne bi mogle samofinansirati nije osnovana,\" \/>\n<meta name=\"robots\" content=\"index, follow, max-snippet:-1, max-image-preview:large, max-video-preview:-1\" \/>\n<link rel=\"canonical\" href=\"https:\/\/www.visit-ulcinj.com\/blog\/2009\/06\/25\/camaj-neosnovane-ocjene-dinose\/\" \/>\n<meta property=\"og:locale\" content=\"en_US\" \/>\n<meta property=\"og:type\" content=\"article\" \/>\n<meta property=\"og:title\" content=\"Camaj: Neosnovane ocjene Dino\u0161e - Lajme nga Ulqini\" \/>\n<meta property=\"og:description\" content=\"Podgorica, 24. juna(MINA) - Ocjena crnogorskog ministra za ljudska i manjinska prava Ferhata Dino\u0161e da se Tuzi ne bi mogle samofinansirati nije osnovana,\" \/>\n<meta property=\"og:url\" content=\"https:\/\/www.visit-ulcinj.com\/blog\/2009\/06\/25\/camaj-neosnovane-ocjene-dinose\/\" \/>\n<meta property=\"og:site_name\" content=\"Lajme nga Ulqini\" \/>\n<meta property=\"article:published_time\" content=\"2009-06-25T14:33:26+00:00\" \/>\n<meta property=\"article:modified_time\" content=\"2009-06-27T20:39:15+00:00\" \/>\n<meta property=\"og:image\" content=\"http:\/\/www.visit-ulcinj.com\/blog\/wp-content\/uploads\/2009\/06\/Ferhat-Dinosha_Nikoll-Camaj1.jpg\" \/>\n<meta name=\"twitter:label1\" content=\"Written by\" \/>\n\t<meta name=\"twitter:data1\" content=\"ulqini\" \/>\n\t<meta name=\"twitter:label2\" content=\"Est. reading time\" \/>\n\t<meta name=\"twitter:data2\" content=\"2 minutes\" \/>\n<script type=\"application\/ld+json\" class=\"yoast-schema-graph\">{\"@context\":\"https:\/\/schema.org\",\"@graph\":[{\"@type\":\"WebSite\",\"@id\":\"https:\/\/www.visit-ulcinj.com\/blog\/#website\",\"url\":\"https:\/\/www.visit-ulcinj.com\/blog\/\",\"name\":\"Lajme nga Ulqini\",\"description\":\"Lajme,Vijesti,Ulqini,Ulqin,Crna Gora,Mali i Zi\",\"potentialAction\":[{\"@type\":\"SearchAction\",\"target\":{\"@type\":\"EntryPoint\",\"urlTemplate\":\"https:\/\/www.visit-ulcinj.com\/blog\/?s={search_term_string}\"},\"query-input\":\"required name=search_term_string\"}],\"inLanguage\":\"en-US\"},{\"@type\":\"ImageObject\",\"inLanguage\":\"en-US\",\"@id\":\"https:\/\/www.visit-ulcinj.com\/blog\/2009\/06\/25\/camaj-neosnovane-ocjene-dinose\/#primaryimage\",\"url\":\"https:\/\/www.visit-ulcinj.com\/blog\/wp-content\/uploads\/2009\/06\/Ferhat-Dinosha_Nikoll-Camaj1.jpg\",\"contentUrl\":\"https:\/\/www.visit-ulcinj.com\/blog\/wp-content\/uploads\/2009\/06\/Ferhat-Dinosha_Nikoll-Camaj1.jpg\",\"width\":\"599\",\"height\":\"408\"},{\"@type\":\"WebPage\",\"@id\":\"https:\/\/www.visit-ulcinj.com\/blog\/2009\/06\/25\/camaj-neosnovane-ocjene-dinose\/#webpage\",\"url\":\"https:\/\/www.visit-ulcinj.com\/blog\/2009\/06\/25\/camaj-neosnovane-ocjene-dinose\/\",\"name\":\"Camaj: Neosnovane ocjene Dino\u0161e - Lajme nga Ulqini\",\"isPartOf\":{\"@id\":\"https:\/\/www.visit-ulcinj.com\/blog\/#website\"},\"primaryImageOfPage\":{\"@id\":\"https:\/\/www.visit-ulcinj.com\/blog\/2009\/06\/25\/camaj-neosnovane-ocjene-dinose\/#primaryimage\"},\"datePublished\":\"2009-06-25T14:33:26+00:00\",\"dateModified\":\"2009-06-27T20:39:15+00:00\",\"author\":{\"@id\":\"https:\/\/www.visit-ulcinj.com\/blog\/#\/schema\/person\/dcab619c614d3038751c63bc2aadc06d\"},\"description\":\"Podgorica, 24. juna(MINA) - Ocjena crnogorskog ministra za ljudska i manjinska prava Ferhata Dino\u0161e da se Tuzi ne bi mogle samofinansirati nije osnovana,\",\"breadcrumb\":{\"@id\":\"https:\/\/www.visit-ulcinj.com\/blog\/2009\/06\/25\/camaj-neosnovane-ocjene-dinose\/#breadcrumb\"},\"inLanguage\":\"en-US\",\"potentialAction\":[{\"@type\":\"ReadAction\",\"target\":[\"https:\/\/www.visit-ulcinj.com\/blog\/2009\/06\/25\/camaj-neosnovane-ocjene-dinose\/\"]}]},{\"@type\":\"BreadcrumbList\",\"@id\":\"https:\/\/www.visit-ulcinj.com\/blog\/2009\/06\/25\/camaj-neosnovane-ocjene-dinose\/#breadcrumb\",\"itemListElement\":[{\"@type\":\"ListItem\",\"position\":1,\"name\":\"Camaj: Neosnovane ocjene Dino\u0161e\"}]},{\"@type\":\"Person\",\"@id\":\"https:\/\/www.visit-ulcinj.com\/blog\/#\/schema\/person\/dcab619c614d3038751c63bc2aadc06d\",\"name\":\"ulqini\",\"sameAs\":[\"http:\/\/www.visit-ulcinj.com\"],\"url\":\"https:\/\/www.visit-ulcinj.com\/blog\/author\/admin\/\"}]}<\/script>\n<!-- \/ Yoast SEO plugin. -->","yoast_head_json":{"title":"Camaj: Neosnovane ocjene Dino\u0161e - Lajme nga Ulqini","description":"Podgorica, 24. juna(MINA) - Ocjena crnogorskog ministra za ljudska i manjinska prava Ferhata Dino\u0161e da se Tuzi ne bi mogle samofinansirati nije osnovana,","robots":{"index":"index","follow":"follow","max-snippet":"max-snippet:-1","max-image-preview":"max-image-preview:large","max-video-preview":"max-video-preview:-1"},"canonical":"https:\/\/www.visit-ulcinj.com\/blog\/2009\/06\/25\/camaj-neosnovane-ocjene-dinose\/","og_locale":"en_US","og_type":"article","og_title":"Camaj: Neosnovane ocjene Dino\u0161e - Lajme nga Ulqini","og_description":"Podgorica, 24. juna(MINA) - Ocjena crnogorskog ministra za ljudska i manjinska prava Ferhata Dino\u0161e da se Tuzi ne bi mogle samofinansirati nije osnovana,","og_url":"https:\/\/www.visit-ulcinj.com\/blog\/2009\/06\/25\/camaj-neosnovane-ocjene-dinose\/","og_site_name":"Lajme nga Ulqini","article_published_time":"2009-06-25T14:33:26+00:00","article_modified_time":"2009-06-27T20:39:15+00:00","og_image":[{"url":"http:\/\/www.visit-ulcinj.com\/blog\/wp-content\/uploads\/2009\/06\/Ferhat-Dinosha_Nikoll-Camaj1.jpg"}],"twitter_misc":{"Written by":"ulqini","Est. reading time":"2 minutes"},"schema":{"@context":"https:\/\/schema.org","@graph":[{"@type":"WebSite","@id":"https:\/\/www.visit-ulcinj.com\/blog\/#website","url":"https:\/\/www.visit-ulcinj.com\/blog\/","name":"Lajme nga Ulqini","description":"Lajme,Vijesti,Ulqini,Ulqin,Crna Gora,Mali i Zi","potentialAction":[{"@type":"SearchAction","target":{"@type":"EntryPoint","urlTemplate":"https:\/\/www.visit-ulcinj.com\/blog\/?s={search_term_string}"},"query-input":"required name=search_term_string"}],"inLanguage":"en-US"},{"@type":"ImageObject","inLanguage":"en-US","@id":"https:\/\/www.visit-ulcinj.com\/blog\/2009\/06\/25\/camaj-neosnovane-ocjene-dinose\/#primaryimage","url":"https:\/\/www.visit-ulcinj.com\/blog\/wp-content\/uploads\/2009\/06\/Ferhat-Dinosha_Nikoll-Camaj1.jpg","contentUrl":"https:\/\/www.visit-ulcinj.com\/blog\/wp-content\/uploads\/2009\/06\/Ferhat-Dinosha_Nikoll-Camaj1.jpg","width":"599","height":"408"},{"@type":"WebPage","@id":"https:\/\/www.visit-ulcinj.com\/blog\/2009\/06\/25\/camaj-neosnovane-ocjene-dinose\/#webpage","url":"https:\/\/www.visit-ulcinj.com\/blog\/2009\/06\/25\/camaj-neosnovane-ocjene-dinose\/","name":"Camaj: Neosnovane ocjene Dino\u0161e - Lajme nga Ulqini","isPartOf":{"@id":"https:\/\/www.visit-ulcinj.com\/blog\/#website"},"primaryImageOfPage":{"@id":"https:\/\/www.visit-ulcinj.com\/blog\/2009\/06\/25\/camaj-neosnovane-ocjene-dinose\/#primaryimage"},"datePublished":"2009-06-25T14:33:26+00:00","dateModified":"2009-06-27T20:39:15+00:00","author":{"@id":"https:\/\/www.visit-ulcinj.com\/blog\/#\/schema\/person\/dcab619c614d3038751c63bc2aadc06d"},"description":"Podgorica, 24. juna(MINA) - Ocjena crnogorskog ministra za ljudska i manjinska prava Ferhata Dino\u0161e da se Tuzi ne bi mogle samofinansirati nije osnovana,","breadcrumb":{"@id":"https:\/\/www.visit-ulcinj.com\/blog\/2009\/06\/25\/camaj-neosnovane-ocjene-dinose\/#breadcrumb"},"inLanguage":"en-US","potentialAction":[{"@type":"ReadAction","target":["https:\/\/www.visit-ulcinj.com\/blog\/2009\/06\/25\/camaj-neosnovane-ocjene-dinose\/"]}]},{"@type":"BreadcrumbList","@id":"https:\/\/www.visit-ulcinj.com\/blog\/2009\/06\/25\/camaj-neosnovane-ocjene-dinose\/#breadcrumb","itemListElement":[{"@type":"ListItem","position":1,"name":"Camaj: Neosnovane ocjene Dino\u0161e"}]},{"@type":"Person","@id":"https:\/\/www.visit-ulcinj.com\/blog\/#\/schema\/person\/dcab619c614d3038751c63bc2aadc06d","name":"ulqini","sameAs":["http:\/\/www.visit-ulcinj.com"],"url":"https:\/\/www.visit-ulcinj.com\/blog\/author\/admin\/"}]}},"jetpack_featured_media_url":"","jetpack_sharing_enabled":true,"jetpack_shortlink":"https:\/\/wp.me\/pe6lTn-63w","_links":{"self":[{"href":"https:\/\/www.visit-ulcinj.com\/blog\/wp-json\/wp\/v2\/posts\/23282"}],"collection":[{"href":"https:\/\/www.visit-ulcinj.com\/blog\/wp-json\/wp\/v2\/posts"}],"about":[{"href":"https:\/\/www.visit-ulcinj.com\/blog\/wp-json\/wp\/v2\/types\/post"}],"author":[{"embeddable":true,"href":"https:\/\/www.visit-ulcinj.com\/blog\/wp-json\/wp\/v2\/users\/1"}],"replies":[{"embeddable":true,"href":"https:\/\/www.visit-ulcinj.com\/blog\/wp-json\/wp\/v2\/comments?post=23282"}],"version-history":[{"count":0,"href":"https:\/\/www.visit-ulcinj.com\/blog\/wp-json\/wp\/v2\/posts\/23282\/revisions"}],"wp:attachment":[{"href":"https:\/\/www.visit-ulcinj.com\/blog\/wp-json\/wp\/v2\/media?parent=23282"}],"wp:term":[{"taxonomy":"category","embeddable":true,"href":"https:\/\/www.visit-ulcinj.com\/blog\/wp-json\/wp\/v2\/categories?post=23282"},{"taxonomy":"post_tag","embeddable":true,"href":"https:\/\/www.visit-ulcinj.com\/blog\/wp-json\/wp\/v2\/tags?post=23282"}],"curies":[{"name":"wp","href":"https:\/\/api.w.org\/{rel}","templated":true}]}}