{"id":23293,"date":"2009-06-25T17:46:44","date_gmt":"2009-06-25T15:46:44","guid":{"rendered":"http:\/\/www.visit-ulcinj.com\/blog\/?p=23293"},"modified":"2009-06-25T20:14:34","modified_gmt":"2009-06-25T18:14:34","slug":"dani-kur-kendon-dhe-qan-zemra","status":"publish","type":"post","link":"https:\/\/www.visit-ulcinj.com\/blog\/2009\/06\/25\/dani-kur-kendon-dhe-qan-zemra\/","title":{"rendered":"Dani: Kur k\u00ebndon dhe qan zemra&#8230;"},"content":{"rendered":"<p><strong><a href=\"http:\/\/www.visit-ulcinj.com\/blog\/wp-content\/uploads\/2009\/06\/Ramadan-Krasniqi-Dani.jpg\"><img loading=\"lazy\" class=\"alignleft size-full wp-image-23294\" title=\"Ramadan Krasniqi-Dani\" src=\"http:\/\/www.visit-ulcinj.com\/blog\/wp-content\/uploads\/2009\/06\/Ramadan-Krasniqi-Dani.jpg\" alt=\"Ramadan Krasniqi-Dani\" width=\"370\" height=\"370\" \/><\/a>K\u00ebng\u00ebtari m\u00eb melankolik dhe emotiv, por edhe k\u00ebng\u00ebtari i baladave, Ramadan Krasniqi-Dani, gjithsesi \u00ebsht\u00eb nd\u00ebr k\u00ebng\u00ebtar\u00ebt e rrall\u00eb t\u00eb estrad\u00ebs son\u00eb, qoft\u00eb p\u00ebr stilin e tij t\u00eb ve\u00e7ant\u00eb, q\u00ebndrimin n\u00eb sken\u00eb, modestin\u00eb, por edhe interpretimin e teksteve shum\u00eb t\u00eb fuqishme me elemente dhembshurie, emotive, p\u00ebrkushtuese dhe prek\u00ebse.<\/strong><\/p>\n<p><strong><em>Intervistoi: Gazmend Kajtazi <\/em><\/strong><\/p>\n<p>&#8220;Moj katile&#8221;, &#8220;Tradhtare&#8221;, &#8220;Duro zem\u00ebr&#8221;, &#8220;Ndahet zemra&#8221;, &#8220;Me 7 dry&#8221;, &#8220;Ti q\u00eb fike shpirtin tim&#8221;\u00a0jan\u00eb vet\u00ebm disa nga k\u00ebng\u00ebt q\u00eb prekin \u00e7do zem\u00ebr sado e ngurt\u00eb qoft\u00eb ajo. Por si\u00e7 ndodh shpesh n\u00eb jet\u00eb, jeta e ka edhe an\u00ebn tjet\u00ebr, at\u00eb t\u00eb err\u00ebt\u00ebn. Ramadan Krasniqi-Danit, koh\u00eb m\u00eb par\u00eb i \u00ebsht\u00eb shk\u00ebputur nga kjo jet\u00eb vet\u00ebm fizikisht, bashk\u00ebshortja tij, duke e l\u00ebn\u00eb artistin t\u00eb vetmuar dhe me vaj, por s\u00ebrish t\u00eb mbushur me k\u00ebng\u00eb, sepse p\u00ebr Danin &#8211; &#8220;Vaji i burrit&#8221;, qenka k\u00ebnga.<br \/>\nDuke p\u00ebrfill\u00eb k\u00ebt\u00eb postulat, ai k\u00ebtyre dit\u00ebve, bashk\u00ebshortes s\u00eb tij, mikes s\u00eb jet\u00ebs, i ka kushtuar k\u00ebng\u00ebn &#8220;Jeta pa ty&#8221;, q\u00eb si\u00e7 del nga teksti dhe interpretimi, \u00ebsht\u00eb nj\u00eb jet\u00eb e r\u00ebnd\u00eb dhe t\u00ebr\u00ebsisht ndryshe.<br \/>\nJeta, shpesh di t\u00eb jet\u00eb e padrejt\u00eb dhe plot ironi, megjithat\u00eb ajo mbetet enigm\u00eb dhe k\u00ebtu q\u00ebndron madh\u00ebshtia e saj.<br \/>\nK\u00ebnga p\u00ebrkushtuese e Danit p\u00ebr miken e tij, b\u00ebri q\u00eb ne ta zhvillojm\u00eb k\u00ebt\u00eb bised\u00eb, natyrisht duke e kuptuar dhe fal\u00ebnderuar q\u00eb po ia trazojm\u00eb ndjenjat dhe emocionet.<\/p>\n<p><strong>Dani, \u00e7ka t\u00eb themi, e ke pasur v\u00ebshtir\u00eb n\u00eb t\u00eb dyja momentet: edhe kur e ke p\u00ebrcjellur miken p\u00ebr n\u00eb bot\u00ebn e amshueshme, por edhe sigurisht, kur ia keni kushtuar balad\u00ebn, do t\u00eb thoshim emblematike &#8220;Jeta pa ty&#8221; q\u00eb \u00ebsht\u00eb nj\u00eb lament p\u00ebr t\u00eb gjitha dhembjet? <\/strong><\/p>\n<p><strong><a href=\"http:\/\/www.visit-ulcinj.com\/blog\/wp-content\/uploads\/2009\/06\/Ramadan-Krasniqi-Dani.1.jpg\"><img loading=\"lazy\" class=\"alignleft size-full wp-image-23295\" title=\"Ramadan Krasniqi-Dani.1\" src=\"http:\/\/www.visit-ulcinj.com\/blog\/wp-content\/uploads\/2009\/06\/Ramadan-Krasniqi-Dani.1.jpg\" alt=\"Ramadan Krasniqi-Dani.1\" width=\"400\" height=\"323\" \/><\/a>Dani:<\/strong> N\u00eb t\u00eb dyja rastet e kam pasur v\u00ebshtir\u00eb, dhe vet titulli i k\u00ebng\u00ebs \u2018Jeta pa TY\u2019, mendoj se i shpjegon qart\u00eb ndjenjat e mia, t\u00eb cilat n\u00eb k\u00ebt\u00eb rast i kam ndar\u00eb me publikun, sepse mendoj se k\u00ebnga \u00ebsht\u00eb nj\u00eb tem\u00eb realitet p\u00ebr shum\u00eb njer\u00ebz.<\/p>\n<p><strong>Keni r\u00ebnkuar dhe keni theksuar se po ju mungon prezenca e saj kur e \u2018pini kafen e m\u00ebngjesit vet\u00ebm\u2019 dhe shfaqni nj\u00eb protest\u00eb t\u00eb heshtur \u2018&#8230;se Vitin e Ri nuk do ta prisni bashk\u00eb\u2019. Kujt i drejtohet kjo protest\u00eb? Mos vall\u00eb Zotit? <\/strong><\/p>\n<p><strong>Dani:<\/strong> Jo, asnj\u00eb her\u00eb. Dani beson n\u00eb Zotin dhe \u00e7far\u00ebdo q\u00eb jeta i sjell\u00eb dikujt, duhet t\u00eb pajtohet me t\u00eb, sepse \u00ebsht\u00eb ajo q\u00eb e ka caktuar Zoti. Nj\u00eb pasionant i vargjeve t\u00eb bukura m\u00eb kujtohet se thot\u00eb: \u2018Nuk ka njer\u00ebz t\u00eb m\u00ebdhenj n\u00eb k\u00ebt\u00eb Bot\u00eb, por ka sfida t\u00eb m\u00ebdha, t\u00eb cilat njer\u00ebz t\u00eb thjesht\u00eb sikur un\u00eb dhe ti, i takojn\u00eb dhe duhet t\u00eb p\u00ebrballen me to\u2019.<\/p>\n<p><strong>N\u00eb popull ekziston th\u00ebnia ngush\u00eblluese &#8220;Ka qen\u00eb e shkruar nga Zoti&#8221; . A pajtohet njeriu leht\u00eb me k\u00ebt\u00eb th\u00ebnie?<\/strong><\/p>\n<p><strong>Dani:<\/strong> Jeton me dhembje, por duhet t\u00eb pajtohet.<\/p>\n<p><strong>N\u00eb nj\u00eb proverb thuhet se pranvera i merr t\u00eb bukurat&#8230; <\/strong><\/p>\n<p><strong>Dani:<\/strong> Po dhe thuhet se Njer\u00ebzit e mir\u00eb, Zoti i do dhe i merr m\u00eb her\u00ebt p\u00ebr vete.<\/p>\n<p><strong>K\u00ebnga juaj ng\u00ebrthen n\u00eb vete p\u00ebrkushtimin dhe apelin p\u00ebr tu mbajtur si burr\u00eb edhe n\u00eb raste t\u00eb r\u00ebnda? <\/strong><\/p>\n<p><strong>Dani:<\/strong> E thash\u00eb, k\u00ebnga e dedikohet gruas time, por n\u00eb k\u00ebt\u00eb k\u00ebng\u00eb mendoj\u00eb se gjejn\u00eb forc\u00ebn edhe shum\u00eb zemra t\u00eb tjera t\u00eb thyera t\u00eb publikut, t\u00eb cilin e dua shum\u00eb e q\u00eb pik\u00ebrisht ata m\u00eb dhan\u00eb forc\u00ebn q\u00eb t\u2019i kthehem k\u00ebng\u00ebs prap\u00eb. Normalisht si\u00e7 e kam th\u00ebn\u00eb m\u00eb par\u00eb, vajzat dhe djali kan\u00eb qen\u00eb ata q\u00eb e kan\u00eb sjell\u00eb vendimin definitiv p\u00ebr t\u00eb vazhduar me k\u00ebng\u00ebn.<\/p>\n<p><strong>Pse titujt e disa k\u00ebng\u00ebve tuaja jan\u00eb n\u00eb shikim t\u00eb par\u00eb jan\u00eb shum\u00eb t\u00eb r\u00ebnd\u00eb. A kan\u00eb adres\u00eb t\u00eb caktuar k\u00ebto k\u00ebng\u00eb?<\/strong><\/p>\n<p><strong><a href=\"http:\/\/www.visit-ulcinj.com\/blog\/wp-content\/uploads\/2009\/06\/Ramadan-Krasniqi-Dani.3.jpg\"><img loading=\"lazy\" class=\"alignleft size-full wp-image-23297\" title=\"Ramadan Krasniqi-Dani.3\" src=\"http:\/\/www.visit-ulcinj.com\/blog\/wp-content\/uploads\/2009\/06\/Ramadan-Krasniqi-Dani.3.jpg\" alt=\"Ramadan Krasniqi-Dani.3\" width=\"270\" height=\"273\" \/><\/a>Dani:<\/strong> Asnj\u00eb k\u00ebng\u00eb n\u00eb jet\u00ebn time, nuk ka pasur t\u00eb b\u00ebj\u00eb me mua, p\u00ebrve\u00e7 k\u00ebng\u00ebs \u2018Jeta pa Ty\u2019. Por pse jan\u00eb t\u00eb r\u00ebnda mendoj\u00eb se si popull si komb jemi shum\u00eb t\u00eb past\u00ebr, dhe koh\u00eb pas kohe na kan\u00eb p\u00ebrcjell\u00eb realitete t\u00eb ndryshme emotive. Jan\u00eb shum\u00eb realitete q\u00eb ndonj\u00ebher\u00eb e b\u00ebjn\u00eb k\u00ebng\u00ebn t\u00eb r\u00ebnd\u00eb, duke ja ruajtur realitetin apo t\u00eb p\u00ebrditshmen.<\/p>\n<p><strong>Vler\u00ebsoheni si &#8220;Bilbili i Kosov\u00ebs&#8221;, p\u00ebr t\u00eb mos th\u00ebn\u00eb Pavaroti i Kosov\u00ebs&#8230; <\/strong><\/p>\n<p><strong>Dani:<\/strong> Ndjehem mir\u00eb, kur publiku thot\u00eb k\u00ebshtu\u2026, epo m\u00eb larguat pak nga tema, por k\u00ebtu dua tua them, se k\u00ebt\u00eb epitet k\u00ebt\u00eb titull joformal, para pak vitesh ma ka shprehur, e madhja e z\u00ebrit shqip, zonja e nderuar Nexhmie Pagarusha, t\u00eb cil\u00ebs i p\u00ebrulem me mikrofon. Nexha, \u00ebsht\u00eb me t\u00eb v\u00ebrtet\u00eb institucion e muzik\u00ebs. \u00cbsht\u00eb e madhe. I respektoj\u00eb edhe koleg\u00ebt tjer\u00eb. P\u00ebr vete, n\u00ebse jam Bilbili i Kosov\u00ebs dhe Pavaroti i Kosov\u00ebs, at\u00ebher\u00eb i fal\u00ebnderohem Zotit, p\u00ebr z\u00ebrin dhe publikut p\u00ebr p\u00ebrkrahjen.<\/p>\n<p><strong>Keni deklaruar se keni pezulluar koncertet p\u00ebr t\u2019iu p\u00ebrkushtuar f\u00ebmij\u00ebve, t\u00eb cil\u00ebt kan\u00eb nevoj\u00eb p\u00ebr ngroht\u00ebsin\u00eb t\u00ebnde. \u00c7ka keni nga f\u00ebmij\u00ebt? <\/strong><\/p>\n<p><strong>Dani:<\/strong> Ja\u00eb 3 vajzat, Fjolina, Dona e Fjanda dhe djali im Andi. Jan\u00eb k\u00ebta kat\u00ebr <a href=\"http:\/\/www.visit-ulcinj.com\/blog\/wp-content\/uploads\/2009\/06\/Ramadan-Krasniqi-Dani.2.jpg\"><img loading=\"lazy\" class=\"size-full wp-image-23296 alignright\" title=\"Ramadan Krasniqi-Dani.2\" src=\"http:\/\/www.visit-ulcinj.com\/blog\/wp-content\/uploads\/2009\/06\/Ramadan-Krasniqi-Dani.2.jpg\" alt=\"Ramadan Krasniqi-Dani.2\" width=\"261\" height=\"452\" srcset=\"https:\/\/www.visit-ulcinj.com\/blog\/wp-content\/uploads\/2009\/06\/Ramadan-Krasniqi-Dani.2.jpg 261w, https:\/\/www.visit-ulcinj.com\/blog\/wp-content\/uploads\/2009\/06\/Ramadan-Krasniqi-Dani.2-173x300.jpg 173w\" sizes=\"(max-width: 261px) 100vw, 261px\" \/><\/a>margaritar\u00eb q\u00eb kuror\u00ebzuan jet\u00ebn time t\u00eb lumtur me t\u00eb ndjer\u00ebn gruan time, Eminen.<\/p>\n<p><strong>Nj\u00eb k\u00ebng\u00eb ia keni kushtuar edhe djalit &#8220;Andit&#8221;, i cili ka ardh\u00eb n\u00eb k\u00ebt\u00eb jet\u00eb pas disa vajzave. N\u00eb k\u00ebt\u00eb k\u00ebng\u00eb mes tjerash uroni q\u00eb ai t\u00eb rritet m\u00eb bab\u00eb e n\u00ebn\u00eb. Si reflektohet kjo te Andi?<\/strong><\/p>\n<p><strong>Dani:<\/strong> Andi po mbahet si burr\u00eb. \u00cbsht\u00eb tip q\u00eb s\u2019flet shum\u00eb. Po i kalojm\u00eb dit\u00ebt bashk\u00eb\u2026<\/p>\n<p><strong>A do t&#8217;ju trash\u00ebgoj\u00eb dikush nga f\u00ebmij\u00ebt n\u00eb rrug\u00ebn tuaj dhe a do t&#8217;ia kishit preferuar ndonj\u00ebrit &#8220;zanatin&#8221; tuaj?<br \/>\n<\/strong><\/p>\n<p><strong>Dani:<\/strong> Po, n\u00ebse ata do t\u00eb kishin d\u00ebshir\u00eb, por mendoj se muzika dhe k\u00ebnga nuk shkon me zor. Ne kemi shum\u00eb k\u00ebng\u00ebtar\u00eb q\u00eb duan tua l\u00ebn\u00eb f\u00ebmij\u00ebve k\u00ebng\u00ebn por d\u00ebshtojn\u00eb. Andi e do futbollin, e ka pasion dhe le ta vazhdoj\u00eb, un\u00eb nuk ia prishi qejfin.<\/p>\n<p><strong>Pasi \u00ebsht\u00eb ndar\u00eb zemra, pasi jan\u00eb k\u00ebputur edhe fjal\u00ebt, megjithat\u00eb ju keni vendosur t\u2019i thuani zemr\u00ebs: &#8220;Duro zem\u00ebr&#8221;. Shpresojm\u00eb se do ta mundni dhembjen, l\u00ebngat\u00ebn dhe do ta mbyllni at\u00eb &#8220;Me 7 dry&#8221; p\u00ebr t\u00eb na dh\u00ebn\u00eb edhe m\u00eb tutje k\u00ebng\u00eb t\u00eb bukura dhe me p\u00ebrmbajtje t\u00eb hareshme.<br \/>\n<\/strong><\/p>\n<p><strong>Dani:<\/strong> N\u00ebse \u00ebsht\u00eb kjo pyetja u fundit, dua t\u2019u them se kjo \u00ebsht\u00eb intervista q\u00eb m\u00eb ka dh\u00ebn\u00eb forc\u00eb. PO, DANI do t\u00eb t\u00eb vazhdoj\u00eb me k\u00ebng\u00eb deri n\u00eb frym\u00ebn e fundit n\u00eb k\u00ebt\u00eb Bot\u00eb, deri at\u00ebher\u00eb kur publiku mendon se DANI i duhet k\u00ebng\u00ebs. Edhe nj\u00ebqind her\u00eb po t\u00eb lindja, n\u00eb preh\u00ebr t\u00eb k\u00ebng\u00ebs do t\u00eb vdisja.<br \/>\nFaleminderit p\u00ebr koh\u00ebn tuaj. Respekt.<\/p>\n<p><em><strong>Telegrafi<br \/>\n<\/strong><\/em><\/p>\n<p><em><strong><!--YouTube Error: bad URL entered--><br \/>\n<\/strong><\/em><\/p>\n","protected":false},"excerpt":{"rendered":"<p>K\u00ebng\u00ebtari m\u00eb melankolik dhe emotiv, por edhe k\u00ebng\u00ebtari i baladave, Ramadan Krasniqi-Dani, gjithsesi \u00ebsht\u00eb nd\u00ebr k\u00ebng\u00ebtar\u00ebt e rrall\u00eb t\u00eb estrad\u00ebs son\u00eb, qoft\u00eb p\u00ebr stilin e tij t\u00eb ve\u00e7ant\u00eb, q\u00ebndrimin n\u00eb sken\u00eb, modestin\u00eb, por edhe interpretimin e teksteve shum\u00eb t\u00eb fuqishme me elemente dhembshurie, emotive, p\u00ebrkushtuese dhe prek\u00ebse. Intervistoi: Gazmend Kajtazi &#8220;Moj katile&#8221;, &#8220;Tradhtare&#8221;, &#8220;Duro zem\u00ebr&#8221;, [&hellip;]<\/p>\n","protected":false},"author":1,"featured_media":0,"comment_status":"open","ping_status":"closed","sticky":false,"template":"","format":"standard","meta":{"spay_email":"","jetpack_publicize_message":"","jetpack_is_tweetstorm":false,"jetpack_publicize_feature_enabled":true},"categories":[1],"tags":[11414,11416,11412,11415,11417,11413,7093,11419,11420,49,2304,5290,11418,6773],"jetpack_publicize_connections":[],"yoast_head":"<!-- This site is optimized with the Yoast SEO plugin v19.1 - https:\/\/yoast.com\/wordpress\/plugins\/seo\/ -->\n<title>Dani: Kur k\u00ebndon dhe qan zemra... - Lajme nga Ulqini<\/title>\n<meta name=\"description\" content=\"K\u00ebng\u00ebtari m\u00eb melankolik dhe emotiv, por edhe k\u00ebng\u00ebtari i baladave, Ramadan Krasniqi-Dani, gjithsesi \u00ebsht\u00eb nd\u00ebr k\u00ebng\u00ebtar\u00ebt e rrall\u00eb t\u00eb estrad\u00ebs son\u00eb, qoft\u00eb\" \/>\n<meta name=\"robots\" content=\"index, follow, max-snippet:-1, max-image-preview:large, max-video-preview:-1\" \/>\n<link rel=\"canonical\" href=\"https:\/\/www.visit-ulcinj.com\/blog\/2009\/06\/25\/dani-kur-kendon-dhe-qan-zemra\/\" \/>\n<meta property=\"og:locale\" content=\"en_US\" \/>\n<meta property=\"og:type\" content=\"article\" \/>\n<meta property=\"og:title\" content=\"Dani: Kur k\u00ebndon dhe qan zemra... - Lajme nga Ulqini\" \/>\n<meta property=\"og:description\" content=\"K\u00ebng\u00ebtari m\u00eb melankolik dhe emotiv, por edhe k\u00ebng\u00ebtari i baladave, Ramadan Krasniqi-Dani, gjithsesi \u00ebsht\u00eb nd\u00ebr k\u00ebng\u00ebtar\u00ebt e rrall\u00eb t\u00eb estrad\u00ebs son\u00eb, qoft\u00eb\" \/>\n<meta property=\"og:url\" content=\"https:\/\/www.visit-ulcinj.com\/blog\/2009\/06\/25\/dani-kur-kendon-dhe-qan-zemra\/\" \/>\n<meta property=\"og:site_name\" content=\"Lajme nga Ulqini\" \/>\n<meta property=\"article:published_time\" content=\"2009-06-25T15:46:44+00:00\" \/>\n<meta property=\"article:modified_time\" content=\"2009-06-25T18:14:34+00:00\" \/>\n<meta property=\"og:image\" content=\"http:\/\/www.visit-ulcinj.com\/blog\/wp-content\/uploads\/2009\/06\/Ramadan-Krasniqi-Dani.jpg\" \/>\n<meta name=\"twitter:label1\" content=\"Written by\" \/>\n\t<meta name=\"twitter:data1\" content=\"ulqini\" \/>\n\t<meta name=\"twitter:label2\" content=\"Est. reading time\" \/>\n\t<meta name=\"twitter:data2\" content=\"6 minutes\" \/>\n<script type=\"application\/ld+json\" class=\"yoast-schema-graph\">{\"@context\":\"https:\/\/schema.org\",\"@graph\":[{\"@type\":\"WebSite\",\"@id\":\"https:\/\/www.visit-ulcinj.com\/blog\/#website\",\"url\":\"https:\/\/www.visit-ulcinj.com\/blog\/\",\"name\":\"Lajme nga Ulqini\",\"description\":\"Lajme,Vijesti,Ulqini,Ulqin,Crna Gora,Mali i Zi\",\"potentialAction\":[{\"@type\":\"SearchAction\",\"target\":{\"@type\":\"EntryPoint\",\"urlTemplate\":\"https:\/\/www.visit-ulcinj.com\/blog\/?s={search_term_string}\"},\"query-input\":\"required name=search_term_string\"}],\"inLanguage\":\"en-US\"},{\"@type\":\"ImageObject\",\"inLanguage\":\"en-US\",\"@id\":\"https:\/\/www.visit-ulcinj.com\/blog\/2009\/06\/25\/dani-kur-kendon-dhe-qan-zemra\/#primaryimage\",\"url\":\"http:\/\/www.visit-ulcinj.com\/blog\/wp-content\/uploads\/2009\/06\/Ramadan-Krasniqi-Dani.jpg\",\"contentUrl\":\"http:\/\/www.visit-ulcinj.com\/blog\/wp-content\/uploads\/2009\/06\/Ramadan-Krasniqi-Dani.jpg\"},{\"@type\":\"WebPage\",\"@id\":\"https:\/\/www.visit-ulcinj.com\/blog\/2009\/06\/25\/dani-kur-kendon-dhe-qan-zemra\/#webpage\",\"url\":\"https:\/\/www.visit-ulcinj.com\/blog\/2009\/06\/25\/dani-kur-kendon-dhe-qan-zemra\/\",\"name\":\"Dani: Kur k\u00ebndon dhe qan zemra... - Lajme nga Ulqini\",\"isPartOf\":{\"@id\":\"https:\/\/www.visit-ulcinj.com\/blog\/#website\"},\"primaryImageOfPage\":{\"@id\":\"https:\/\/www.visit-ulcinj.com\/blog\/2009\/06\/25\/dani-kur-kendon-dhe-qan-zemra\/#primaryimage\"},\"datePublished\":\"2009-06-25T15:46:44+00:00\",\"dateModified\":\"2009-06-25T18:14:34+00:00\",\"author\":{\"@id\":\"https:\/\/www.visit-ulcinj.com\/blog\/#\/schema\/person\/dcab619c614d3038751c63bc2aadc06d\"},\"description\":\"K\u00ebng\u00ebtari m\u00eb melankolik dhe emotiv, por edhe k\u00ebng\u00ebtari i baladave, Ramadan Krasniqi-Dani, gjithsesi \u00ebsht\u00eb nd\u00ebr k\u00ebng\u00ebtar\u00ebt e rrall\u00eb t\u00eb estrad\u00ebs son\u00eb, qoft\u00eb\",\"breadcrumb\":{\"@id\":\"https:\/\/www.visit-ulcinj.com\/blog\/2009\/06\/25\/dani-kur-kendon-dhe-qan-zemra\/#breadcrumb\"},\"inLanguage\":\"en-US\",\"potentialAction\":[{\"@type\":\"ReadAction\",\"target\":[\"https:\/\/www.visit-ulcinj.com\/blog\/2009\/06\/25\/dani-kur-kendon-dhe-qan-zemra\/\"]}]},{\"@type\":\"BreadcrumbList\",\"@id\":\"https:\/\/www.visit-ulcinj.com\/blog\/2009\/06\/25\/dani-kur-kendon-dhe-qan-zemra\/#breadcrumb\",\"itemListElement\":[{\"@type\":\"ListItem\",\"position\":1,\"name\":\"Dani: Kur k\u00ebndon dhe qan zemra&#8230;\"}]},{\"@type\":\"Person\",\"@id\":\"https:\/\/www.visit-ulcinj.com\/blog\/#\/schema\/person\/dcab619c614d3038751c63bc2aadc06d\",\"name\":\"ulqini\",\"sameAs\":[\"http:\/\/www.visit-ulcinj.com\"],\"url\":\"https:\/\/www.visit-ulcinj.com\/blog\/author\/admin\/\"}]}<\/script>\n<!-- \/ Yoast SEO plugin. -->","yoast_head_json":{"title":"Dani: Kur k\u00ebndon dhe qan zemra... - Lajme nga Ulqini","description":"K\u00ebng\u00ebtari m\u00eb melankolik dhe emotiv, por edhe k\u00ebng\u00ebtari i baladave, Ramadan Krasniqi-Dani, gjithsesi \u00ebsht\u00eb nd\u00ebr k\u00ebng\u00ebtar\u00ebt e rrall\u00eb t\u00eb estrad\u00ebs son\u00eb, qoft\u00eb","robots":{"index":"index","follow":"follow","max-snippet":"max-snippet:-1","max-image-preview":"max-image-preview:large","max-video-preview":"max-video-preview:-1"},"canonical":"https:\/\/www.visit-ulcinj.com\/blog\/2009\/06\/25\/dani-kur-kendon-dhe-qan-zemra\/","og_locale":"en_US","og_type":"article","og_title":"Dani: Kur k\u00ebndon dhe qan zemra... - Lajme nga Ulqini","og_description":"K\u00ebng\u00ebtari m\u00eb melankolik dhe emotiv, por edhe k\u00ebng\u00ebtari i baladave, Ramadan Krasniqi-Dani, gjithsesi \u00ebsht\u00eb nd\u00ebr k\u00ebng\u00ebtar\u00ebt e rrall\u00eb t\u00eb estrad\u00ebs son\u00eb, qoft\u00eb","og_url":"https:\/\/www.visit-ulcinj.com\/blog\/2009\/06\/25\/dani-kur-kendon-dhe-qan-zemra\/","og_site_name":"Lajme nga Ulqini","article_published_time":"2009-06-25T15:46:44+00:00","article_modified_time":"2009-06-25T18:14:34+00:00","og_image":[{"url":"http:\/\/www.visit-ulcinj.com\/blog\/wp-content\/uploads\/2009\/06\/Ramadan-Krasniqi-Dani.jpg"}],"twitter_misc":{"Written by":"ulqini","Est. reading time":"6 minutes"},"schema":{"@context":"https:\/\/schema.org","@graph":[{"@type":"WebSite","@id":"https:\/\/www.visit-ulcinj.com\/blog\/#website","url":"https:\/\/www.visit-ulcinj.com\/blog\/","name":"Lajme nga Ulqini","description":"Lajme,Vijesti,Ulqini,Ulqin,Crna Gora,Mali i Zi","potentialAction":[{"@type":"SearchAction","target":{"@type":"EntryPoint","urlTemplate":"https:\/\/www.visit-ulcinj.com\/blog\/?s={search_term_string}"},"query-input":"required name=search_term_string"}],"inLanguage":"en-US"},{"@type":"ImageObject","inLanguage":"en-US","@id":"https:\/\/www.visit-ulcinj.com\/blog\/2009\/06\/25\/dani-kur-kendon-dhe-qan-zemra\/#primaryimage","url":"http:\/\/www.visit-ulcinj.com\/blog\/wp-content\/uploads\/2009\/06\/Ramadan-Krasniqi-Dani.jpg","contentUrl":"http:\/\/www.visit-ulcinj.com\/blog\/wp-content\/uploads\/2009\/06\/Ramadan-Krasniqi-Dani.jpg"},{"@type":"WebPage","@id":"https:\/\/www.visit-ulcinj.com\/blog\/2009\/06\/25\/dani-kur-kendon-dhe-qan-zemra\/#webpage","url":"https:\/\/www.visit-ulcinj.com\/blog\/2009\/06\/25\/dani-kur-kendon-dhe-qan-zemra\/","name":"Dani: Kur k\u00ebndon dhe qan zemra... - Lajme nga Ulqini","isPartOf":{"@id":"https:\/\/www.visit-ulcinj.com\/blog\/#website"},"primaryImageOfPage":{"@id":"https:\/\/www.visit-ulcinj.com\/blog\/2009\/06\/25\/dani-kur-kendon-dhe-qan-zemra\/#primaryimage"},"datePublished":"2009-06-25T15:46:44+00:00","dateModified":"2009-06-25T18:14:34+00:00","author":{"@id":"https:\/\/www.visit-ulcinj.com\/blog\/#\/schema\/person\/dcab619c614d3038751c63bc2aadc06d"},"description":"K\u00ebng\u00ebtari m\u00eb melankolik dhe emotiv, por edhe k\u00ebng\u00ebtari i baladave, Ramadan Krasniqi-Dani, gjithsesi \u00ebsht\u00eb nd\u00ebr k\u00ebng\u00ebtar\u00ebt e rrall\u00eb t\u00eb estrad\u00ebs son\u00eb, qoft\u00eb","breadcrumb":{"@id":"https:\/\/www.visit-ulcinj.com\/blog\/2009\/06\/25\/dani-kur-kendon-dhe-qan-zemra\/#breadcrumb"},"inLanguage":"en-US","potentialAction":[{"@type":"ReadAction","target":["https:\/\/www.visit-ulcinj.com\/blog\/2009\/06\/25\/dani-kur-kendon-dhe-qan-zemra\/"]}]},{"@type":"BreadcrumbList","@id":"https:\/\/www.visit-ulcinj.com\/blog\/2009\/06\/25\/dani-kur-kendon-dhe-qan-zemra\/#breadcrumb","itemListElement":[{"@type":"ListItem","position":1,"name":"Dani: Kur k\u00ebndon dhe qan zemra&#8230;"}]},{"@type":"Person","@id":"https:\/\/www.visit-ulcinj.com\/blog\/#\/schema\/person\/dcab619c614d3038751c63bc2aadc06d","name":"ulqini","sameAs":["http:\/\/www.visit-ulcinj.com"],"url":"https:\/\/www.visit-ulcinj.com\/blog\/author\/admin\/"}]}},"jetpack_featured_media_url":"","jetpack_sharing_enabled":true,"jetpack_shortlink":"https:\/\/wp.me\/pe6lTn-63H","_links":{"self":[{"href":"https:\/\/www.visit-ulcinj.com\/blog\/wp-json\/wp\/v2\/posts\/23293"}],"collection":[{"href":"https:\/\/www.visit-ulcinj.com\/blog\/wp-json\/wp\/v2\/posts"}],"about":[{"href":"https:\/\/www.visit-ulcinj.com\/blog\/wp-json\/wp\/v2\/types\/post"}],"author":[{"embeddable":true,"href":"https:\/\/www.visit-ulcinj.com\/blog\/wp-json\/wp\/v2\/users\/1"}],"replies":[{"embeddable":true,"href":"https:\/\/www.visit-ulcinj.com\/blog\/wp-json\/wp\/v2\/comments?post=23293"}],"version-history":[{"count":0,"href":"https:\/\/www.visit-ulcinj.com\/blog\/wp-json\/wp\/v2\/posts\/23293\/revisions"}],"wp:attachment":[{"href":"https:\/\/www.visit-ulcinj.com\/blog\/wp-json\/wp\/v2\/media?parent=23293"}],"wp:term":[{"taxonomy":"category","embeddable":true,"href":"https:\/\/www.visit-ulcinj.com\/blog\/wp-json\/wp\/v2\/categories?post=23293"},{"taxonomy":"post_tag","embeddable":true,"href":"https:\/\/www.visit-ulcinj.com\/blog\/wp-json\/wp\/v2\/tags?post=23293"}],"curies":[{"name":"wp","href":"https:\/\/api.w.org\/{rel}","templated":true}]}}