{"id":233,"date":"2008-01-21T14:05:07","date_gmt":"2008-01-21T19:05:07","guid":{"rendered":"http:\/\/www.visit-ulcinj.com\/blog\/2008\/01\/21\/predsjednik-najjuznije-opstine-gzim-hajdinaga-u-becu-najavio-me%c3%b0unarodni-tender-za-najljepsi-dio-ulcinja\/"},"modified":"2008-02-12T19:33:09","modified_gmt":"2008-02-13T00:33:09","slug":"predsjednik-najjuznije-opstine-gzim-hajdinaga-u-becu-najavio-me%c3%b0unarodni-tender-za-najljepsi-dio-ulcinja","status":"publish","type":"post","link":"https:\/\/www.visit-ulcinj.com\/blog\/2008\/01\/21\/predsjednik-najjuznije-opstine-gzim-hajdinaga-u-becu-najavio-me%c3%b0unarodni-tender-za-najljepsi-dio-ulcinja\/","title":{"rendered":"Predsjednik najju\u017enije op\u0161tine Gzim Hajdinaga u Be?u najavio me\u00f0unarodni tender za najljep\u0161i dio Ulcinja"},"content":{"rendered":"<p><a href=\"http:\/\/www.visit-ulcinj.com\/blog\/2008\/01\/12\/u-ulcinju-ce-se-graditi-samo-uz-ocuvanje-prirodnih-ljepota\/gezim-hajdinaga-2\/\" rel=\"attachment wp-att-131\" title=\"G\u00ebzim Hajdinaga\"><img loading=\"lazy\" src=\"http:\/\/www.visit-ulcinj.com\/blog\/wp-content\/uploads\/2008\/01\/gzim-hajdinaga1.jpg\" alt=\"G\u00ebzim Hajdinaga\" align=\"left\" height=\"216\" hspace=\"2\" vspace=\"2\" width=\"144\" \/><\/a><strong>Arapi i Ma?ari mjerkaju Veliku pla\u017eu<\/strong><br \/>\nPredsjednik op\u0161tine Ulcinj Gzim Hajdinaga izjavio je preksino? na prezentaciji ulcinjske turisti?ke ponude u Be?u da se za privatizaciju Velike pla\u017ee interesuju kompanije poput ma?arskog Trigranita, Galadari grupe iz Dubaija, kao i kraljevska familija al Nahjan iz Abu Dabija. Hajdinaga je istakao da se me?unarodni tender o?ekuje tokom godine i naglasio da je ulcinjska turisti?ka ponuda svakim danom je sve bogatija.<!--more--><br \/>\nSmatram da ovaj grad zaista ima ?ime da se pohvali i \u0161ta da ponudi. Ulcinj je poznat i po najve?em broju sun?anih dana u godini, ima ih preko 280, i sa svojom najdu\u017eom pje\u0161?anom pla\u017eom na Jadranu dugom 14 kilometara mo\u017ee ugostiti i preko 100 hiljada turista u svakom trenutku &#8211; kazao je Hajdinaga. Hajdinaga je rekao da op\u0161tina Ulcinj ima odli?nu saradnju sa gradom Be?om i da o?ekuje znatno ve?i priliv austrijskih turista na ulcinjskoj rivijeri.<br \/>\nAmbasador Crne Gore u Be?u Vesko Gar?evi? dodao je je da je austrijska klijentela sve vi\u0161e zainteresovana za Crnu Goru kao turisti?ku destinaciju. On je istakao da Ulcinj zauzima visoko mjesto u turisti?koj ponudi Crne Gore.<br \/>\nPrezentaciju najju\u017enije crnogorske op\u0161tine na be?kom sajmu turizma organizovali su gradona?elnik Ulcinja Gzim Hajdinaga, gradona?elnik 23 be?kog okruga Manfred Vurm i ambasada Crne Gore u Austriji. Na prezentaciji ulcinjske turisti?ke ponude uprili?ena je i degustacija crnogorskih vina i kuhinje.<\/p>\n<p>M.K.       www.dan.cg.yu<\/p>\n","protected":false},"excerpt":{"rendered":"<p><img loading=\"lazy\" src=\"http:\/\/www.visit-ulcinj.com\/blog\/wp-content\/uploads\/2008\/01\/gzim-hajdinaga1.jpg\" alt=\"G\u00ebzim Hajdinaga\" height=\"140\" width=\"140\" \/><\/p>\n","protected":false},"author":1,"featured_media":0,"comment_status":"open","ping_status":"closed","sticky":false,"template":"","format":"standard","meta":{"spay_email":"","jetpack_publicize_message":"","jetpack_is_tweetstorm":false,"jetpack_publicize_feature_enabled":true},"categories":[15],"tags":[],"jetpack_publicize_connections":[],"yoast_head":"<!-- This site is optimized with the Yoast SEO plugin v19.1 - https:\/\/yoast.com\/wordpress\/plugins\/seo\/ -->\n<title>Predsjednik najju\u017enije op\u0161tine Gzim Hajdinaga u Be?u najavio me\u00f0unarodni tender za najljep\u0161i dio Ulcinja - Lajme nga Ulqini<\/title>\n<meta name=\"robots\" content=\"index, follow, max-snippet:-1, max-image-preview:large, max-video-preview:-1\" \/>\n<link rel=\"canonical\" href=\"https:\/\/www.visit-ulcinj.com\/blog\/2008\/01\/21\/predsjednik-najjuznije-opstine-gzim-hajdinaga-u-becu-najavio-me\u00f0unarodni-tender-za-najljepsi-dio-ulcinja\/\" \/>\n<meta property=\"og:locale\" content=\"en_US\" \/>\n<meta property=\"og:type\" content=\"article\" \/>\n<meta property=\"og:title\" content=\"Predsjednik najju\u017enije op\u0161tine Gzim Hajdinaga u Be?u najavio me\u00f0unarodni tender za najljep\u0161i dio Ulcinja - Lajme nga Ulqini\" \/>\n<meta property=\"og:url\" content=\"https:\/\/www.visit-ulcinj.com\/blog\/2008\/01\/21\/predsjednik-najjuznije-opstine-gzim-hajdinaga-u-becu-najavio-me\u00f0unarodni-tender-za-najljepsi-dio-ulcinja\/\" \/>\n<meta property=\"og:site_name\" content=\"Lajme nga Ulqini\" \/>\n<meta property=\"article:published_time\" content=\"2008-01-21T19:05:07+00:00\" \/>\n<meta property=\"article:modified_time\" content=\"2008-02-13T00:33:09+00:00\" \/>\n<meta property=\"og:image\" content=\"http:\/\/www.visit-ulcinj.com\/blog\/wp-content\/uploads\/2008\/01\/gzim-hajdinaga1.jpg\" \/>\n<meta name=\"twitter:label1\" content=\"Written by\" \/>\n\t<meta name=\"twitter:data1\" content=\"ulqini\" \/>\n\t<meta name=\"twitter:label2\" content=\"Est. reading time\" \/>\n\t<meta name=\"twitter:data2\" content=\"1 minute\" \/>\n<script type=\"application\/ld+json\" class=\"yoast-schema-graph\">{\"@context\":\"https:\/\/schema.org\",\"@graph\":[{\"@type\":\"WebSite\",\"@id\":\"https:\/\/www.visit-ulcinj.com\/blog\/#website\",\"url\":\"https:\/\/www.visit-ulcinj.com\/blog\/\",\"name\":\"Lajme nga Ulqini\",\"description\":\"Lajme,Vijesti,Ulqini,Ulqin,Crna Gora,Mali i Zi\",\"potentialAction\":[{\"@type\":\"SearchAction\",\"target\":{\"@type\":\"EntryPoint\",\"urlTemplate\":\"https:\/\/www.visit-ulcinj.com\/blog\/?s={search_term_string}\"},\"query-input\":\"required name=search_term_string\"}],\"inLanguage\":\"en-US\"},{\"@type\":\"ImageObject\",\"inLanguage\":\"en-US\",\"@id\":\"https:\/\/www.visit-ulcinj.com\/blog\/2008\/01\/21\/predsjednik-najjuznije-opstine-gzim-hajdinaga-u-becu-najavio-me%c3%b0unarodni-tender-za-najljepsi-dio-ulcinja\/#primaryimage\",\"url\":\"http:\/\/www.visit-ulcinj.com\/blog\/wp-content\/uploads\/2008\/01\/gzim-hajdinaga1.jpg\",\"contentUrl\":\"http:\/\/www.visit-ulcinj.com\/blog\/wp-content\/uploads\/2008\/01\/gzim-hajdinaga1.jpg\"},{\"@type\":\"WebPage\",\"@id\":\"https:\/\/www.visit-ulcinj.com\/blog\/2008\/01\/21\/predsjednik-najjuznije-opstine-gzim-hajdinaga-u-becu-najavio-me%c3%b0unarodni-tender-za-najljepsi-dio-ulcinja\/#webpage\",\"url\":\"https:\/\/www.visit-ulcinj.com\/blog\/2008\/01\/21\/predsjednik-najjuznije-opstine-gzim-hajdinaga-u-becu-najavio-me%c3%b0unarodni-tender-za-najljepsi-dio-ulcinja\/\",\"name\":\"Predsjednik najju\u017enije op\u0161tine Gzim Hajdinaga u Be?u najavio me\u00f0unarodni tender za najljep\u0161i dio Ulcinja - Lajme nga Ulqini\",\"isPartOf\":{\"@id\":\"https:\/\/www.visit-ulcinj.com\/blog\/#website\"},\"primaryImageOfPage\":{\"@id\":\"https:\/\/www.visit-ulcinj.com\/blog\/2008\/01\/21\/predsjednik-najjuznije-opstine-gzim-hajdinaga-u-becu-najavio-me%c3%b0unarodni-tender-za-najljepsi-dio-ulcinja\/#primaryimage\"},\"datePublished\":\"2008-01-21T19:05:07+00:00\",\"dateModified\":\"2008-02-13T00:33:09+00:00\",\"author\":{\"@id\":\"https:\/\/www.visit-ulcinj.com\/blog\/#\/schema\/person\/dcab619c614d3038751c63bc2aadc06d\"},\"breadcrumb\":{\"@id\":\"https:\/\/www.visit-ulcinj.com\/blog\/2008\/01\/21\/predsjednik-najjuznije-opstine-gzim-hajdinaga-u-becu-najavio-me%c3%b0unarodni-tender-za-najljepsi-dio-ulcinja\/#breadcrumb\"},\"inLanguage\":\"en-US\",\"potentialAction\":[{\"@type\":\"ReadAction\",\"target\":[\"https:\/\/www.visit-ulcinj.com\/blog\/2008\/01\/21\/predsjednik-najjuznije-opstine-gzim-hajdinaga-u-becu-najavio-me%c3%b0unarodni-tender-za-najljepsi-dio-ulcinja\/\"]}]},{\"@type\":\"BreadcrumbList\",\"@id\":\"https:\/\/www.visit-ulcinj.com\/blog\/2008\/01\/21\/predsjednik-najjuznije-opstine-gzim-hajdinaga-u-becu-najavio-me%c3%b0unarodni-tender-za-najljepsi-dio-ulcinja\/#breadcrumb\",\"itemListElement\":[{\"@type\":\"ListItem\",\"position\":1,\"name\":\"Predsjednik najju\u017enije op\u0161tine Gzim Hajdinaga u Be?u najavio me\u00f0unarodni tender za najljep\u0161i dio Ulcinja\"}]},{\"@type\":\"Person\",\"@id\":\"https:\/\/www.visit-ulcinj.com\/blog\/#\/schema\/person\/dcab619c614d3038751c63bc2aadc06d\",\"name\":\"ulqini\",\"sameAs\":[\"http:\/\/www.visit-ulcinj.com\"],\"url\":\"https:\/\/www.visit-ulcinj.com\/blog\/author\/admin\/\"}]}<\/script>\n<!-- \/ Yoast SEO plugin. -->","yoast_head_json":{"title":"Predsjednik najju\u017enije op\u0161tine Gzim Hajdinaga u Be?u najavio me\u00f0unarodni tender za najljep\u0161i dio Ulcinja - Lajme nga Ulqini","robots":{"index":"index","follow":"follow","max-snippet":"max-snippet:-1","max-image-preview":"max-image-preview:large","max-video-preview":"max-video-preview:-1"},"canonical":"https:\/\/www.visit-ulcinj.com\/blog\/2008\/01\/21\/predsjednik-najjuznije-opstine-gzim-hajdinaga-u-becu-najavio-me\u00f0unarodni-tender-za-najljepsi-dio-ulcinja\/","og_locale":"en_US","og_type":"article","og_title":"Predsjednik najju\u017enije op\u0161tine Gzim Hajdinaga u Be?u najavio me\u00f0unarodni tender za najljep\u0161i dio Ulcinja - Lajme nga Ulqini","og_url":"https:\/\/www.visit-ulcinj.com\/blog\/2008\/01\/21\/predsjednik-najjuznije-opstine-gzim-hajdinaga-u-becu-najavio-me\u00f0unarodni-tender-za-najljepsi-dio-ulcinja\/","og_site_name":"Lajme nga Ulqini","article_published_time":"2008-01-21T19:05:07+00:00","article_modified_time":"2008-02-13T00:33:09+00:00","og_image":[{"url":"http:\/\/www.visit-ulcinj.com\/blog\/wp-content\/uploads\/2008\/01\/gzim-hajdinaga1.jpg"}],"twitter_misc":{"Written by":"ulqini","Est. reading time":"1 minute"},"schema":{"@context":"https:\/\/schema.org","@graph":[{"@type":"WebSite","@id":"https:\/\/www.visit-ulcinj.com\/blog\/#website","url":"https:\/\/www.visit-ulcinj.com\/blog\/","name":"Lajme nga Ulqini","description":"Lajme,Vijesti,Ulqini,Ulqin,Crna Gora,Mali i Zi","potentialAction":[{"@type":"SearchAction","target":{"@type":"EntryPoint","urlTemplate":"https:\/\/www.visit-ulcinj.com\/blog\/?s={search_term_string}"},"query-input":"required name=search_term_string"}],"inLanguage":"en-US"},{"@type":"ImageObject","inLanguage":"en-US","@id":"https:\/\/www.visit-ulcinj.com\/blog\/2008\/01\/21\/predsjednik-najjuznije-opstine-gzim-hajdinaga-u-becu-najavio-me%c3%b0unarodni-tender-za-najljepsi-dio-ulcinja\/#primaryimage","url":"http:\/\/www.visit-ulcinj.com\/blog\/wp-content\/uploads\/2008\/01\/gzim-hajdinaga1.jpg","contentUrl":"http:\/\/www.visit-ulcinj.com\/blog\/wp-content\/uploads\/2008\/01\/gzim-hajdinaga1.jpg"},{"@type":"WebPage","@id":"https:\/\/www.visit-ulcinj.com\/blog\/2008\/01\/21\/predsjednik-najjuznije-opstine-gzim-hajdinaga-u-becu-najavio-me%c3%b0unarodni-tender-za-najljepsi-dio-ulcinja\/#webpage","url":"https:\/\/www.visit-ulcinj.com\/blog\/2008\/01\/21\/predsjednik-najjuznije-opstine-gzim-hajdinaga-u-becu-najavio-me%c3%b0unarodni-tender-za-najljepsi-dio-ulcinja\/","name":"Predsjednik najju\u017enije op\u0161tine Gzim Hajdinaga u Be?u najavio me\u00f0unarodni tender za najljep\u0161i dio Ulcinja - Lajme nga Ulqini","isPartOf":{"@id":"https:\/\/www.visit-ulcinj.com\/blog\/#website"},"primaryImageOfPage":{"@id":"https:\/\/www.visit-ulcinj.com\/blog\/2008\/01\/21\/predsjednik-najjuznije-opstine-gzim-hajdinaga-u-becu-najavio-me%c3%b0unarodni-tender-za-najljepsi-dio-ulcinja\/#primaryimage"},"datePublished":"2008-01-21T19:05:07+00:00","dateModified":"2008-02-13T00:33:09+00:00","author":{"@id":"https:\/\/www.visit-ulcinj.com\/blog\/#\/schema\/person\/dcab619c614d3038751c63bc2aadc06d"},"breadcrumb":{"@id":"https:\/\/www.visit-ulcinj.com\/blog\/2008\/01\/21\/predsjednik-najjuznije-opstine-gzim-hajdinaga-u-becu-najavio-me%c3%b0unarodni-tender-za-najljepsi-dio-ulcinja\/#breadcrumb"},"inLanguage":"en-US","potentialAction":[{"@type":"ReadAction","target":["https:\/\/www.visit-ulcinj.com\/blog\/2008\/01\/21\/predsjednik-najjuznije-opstine-gzim-hajdinaga-u-becu-najavio-me%c3%b0unarodni-tender-za-najljepsi-dio-ulcinja\/"]}]},{"@type":"BreadcrumbList","@id":"https:\/\/www.visit-ulcinj.com\/blog\/2008\/01\/21\/predsjednik-najjuznije-opstine-gzim-hajdinaga-u-becu-najavio-me%c3%b0unarodni-tender-za-najljepsi-dio-ulcinja\/#breadcrumb","itemListElement":[{"@type":"ListItem","position":1,"name":"Predsjednik najju\u017enije op\u0161tine Gzim Hajdinaga u Be?u najavio me\u00f0unarodni tender za najljep\u0161i dio Ulcinja"}]},{"@type":"Person","@id":"https:\/\/www.visit-ulcinj.com\/blog\/#\/schema\/person\/dcab619c614d3038751c63bc2aadc06d","name":"ulqini","sameAs":["http:\/\/www.visit-ulcinj.com"],"url":"https:\/\/www.visit-ulcinj.com\/blog\/author\/admin\/"}]}},"jetpack_featured_media_url":"","jetpack_sharing_enabled":true,"jetpack_shortlink":"https:\/\/wp.me\/pe6lTn-3L","_links":{"self":[{"href":"https:\/\/www.visit-ulcinj.com\/blog\/wp-json\/wp\/v2\/posts\/233"}],"collection":[{"href":"https:\/\/www.visit-ulcinj.com\/blog\/wp-json\/wp\/v2\/posts"}],"about":[{"href":"https:\/\/www.visit-ulcinj.com\/blog\/wp-json\/wp\/v2\/types\/post"}],"author":[{"embeddable":true,"href":"https:\/\/www.visit-ulcinj.com\/blog\/wp-json\/wp\/v2\/users\/1"}],"replies":[{"embeddable":true,"href":"https:\/\/www.visit-ulcinj.com\/blog\/wp-json\/wp\/v2\/comments?post=233"}],"version-history":[{"count":0,"href":"https:\/\/www.visit-ulcinj.com\/blog\/wp-json\/wp\/v2\/posts\/233\/revisions"}],"wp:attachment":[{"href":"https:\/\/www.visit-ulcinj.com\/blog\/wp-json\/wp\/v2\/media?parent=233"}],"wp:term":[{"taxonomy":"category","embeddable":true,"href":"https:\/\/www.visit-ulcinj.com\/blog\/wp-json\/wp\/v2\/categories?post=233"},{"taxonomy":"post_tag","embeddable":true,"href":"https:\/\/www.visit-ulcinj.com\/blog\/wp-json\/wp\/v2\/tags?post=233"}],"curies":[{"name":"wp","href":"https:\/\/api.w.org\/{rel}","templated":true}]}}