{"id":23303,"date":"2009-06-25T18:26:34","date_gmt":"2009-06-25T16:26:34","guid":{"rendered":"http:\/\/www.visit-ulcinj.com\/blog\/?p=23303"},"modified":"2009-06-28T20:44:05","modified_gmt":"2009-06-28T18:44:05","slug":"s%e2%80%99ka-vendim-per-cekun","status":"publish","type":"post","link":"https:\/\/www.visit-ulcinj.com\/blog\/2009\/06\/25\/s%e2%80%99ka-vendim-per-cekun\/","title":{"rendered":"Lirohet Agim \u00c7eku"},"content":{"rendered":"<p><strong><a href=\"http:\/\/www.visit-ulcinj.com\/blog\/wp-content\/uploads\/2009\/06\/Burgimi-i-agim-\u00e7ekut-ne-Bullgari.jpg\"><img loading=\"lazy\" class=\"alignleft size-full wp-image-23304\" title=\"Burgimi i agim \u00e7ekut ne Bullgari\" src=\"http:\/\/www.visit-ulcinj.com\/blog\/wp-content\/uploads\/2009\/06\/Burgimi-i-agim-\u00e7ekut-ne-Bullgari.jpg\" alt=\"Burgimi i agim \u00e7ekut ne Bullgari\" width=\"580\" height=\"400\" \/><\/a><\/strong><\/p>\n<p><strong>(Update) Gjykata bullgare e qarkut n\u00eb Kyustendil e ka liruar ish`kryeministrin e Kosov\u00ebs Agim Ceku.<br \/>\nKjo \u00ebsht\u00eb b\u00ebr\u00eb e ditur nga Z\u00ebdh\u00ebn\u00ebsja e Ministris\u00eb s\u00eb Pun\u00ebve t\u00eb Jashtme Albana Beqiri.<br \/>\n\u201cAgim \u00c7eku \u00ebsht\u00eb liruar nga paraburgimi dhe shum\u00eb shpejt pritet t\u00eb kthehet n\u00eb Kosov\u00eb\u201d, ka th\u00ebn\u00eb Beqiri p\u00ebr Express.<\/strong><\/p>\n<p><strong>S\u2019ka vendim p\u00ebr \u00c7ekun<\/strong><\/p>\n<p><strong> Gjykata bullgare e qarkut n\u00eb Kyustendil ka nd\u00ebrprer\u00eb p\u00ebr her\u00eb t\u00eb dyt\u00eb t\u00eb enjten seanc\u00ebn gjyq\u00ebsore lidhur me shqyrtimin e rastit ndaj Agim \u00c7ekut, ish-Kryeminist\u00ebr i Kosov\u00ebs, ka raportuar agjencia bullgare e lajmeve, Focus.<\/strong><\/p>\n<p>Tash p\u00ebr tash nuk \u00ebsht\u00eb qart\u00eb n\u00ebse gjykata do t\u00eb marr\u00eb sot vendimin rreth lirimit t\u00eb Agim \u00c7ekut, i arrestuar t\u00eb mart\u00ebn, n\u00eb baz\u00eb t\u00eb nj\u00eb flet-arresti serb, t\u00eb shp\u00ebrndar\u00eb p\u00ebrmes Interpolit.<\/p>\n<p><strong>Zyrtar\u00eb t\u00eb institucioneve t\u00eb Kosov\u00ebs presin q\u00eb \u00c7eku t\u00eb lirohet sot.<\/strong><\/p>\n<p>Sipas agjencis\u00eb Focus, bazuar n\u00eb q\u00ebllimin e autoriteteve serbe p\u00ebr ekstradim t\u00eb \u00c7ekut n\u00eb Serbi, n\u00eb gjykat\u00eb \u00ebsht\u00eb b\u00ebr\u00eb k\u00ebrkesa p\u00ebr zgjatjen e paraburgimit deri n\u00eb 40 dit\u00eb.<\/p>\n<p>Ekipi mbrojt\u00ebs i Agim \u00c7ekut ka paraqitur n\u00eb gjykat\u00eb disa letra si d\u00ebshmi p\u00ebr rastin, shkruan Focus.<\/p>\n<p>N\u00eb gjykat\u00eb \u00ebsht\u00eb deponuar nj\u00eb let\u00ebr nga Kryeministri i Kosov\u00ebs, Hashim Tha\u00e7i, n\u00eb t\u00eb cil\u00ebn sqarohet se ish- Kryeministri \u00c7eku \u00ebsht\u00eb an\u00ebtar i stafit diplomatik t\u00eb Republik\u00ebs s\u00eb Kosov\u00ebs.<\/p>\n<p><strong>\u00cbsht\u00eb deponuar edhe nj\u00eb let\u00ebr nga OKB, n\u00eb t\u00eb cil\u00ebn thuhet se i paraburgosuri \u00ebsht\u00eb n\u00ebn juridiksionin e Misionit t\u00eb OKB\u2019s\u00eb.<\/strong><\/p>\n<p>D\u00ebshmia e tret\u00eb e dor\u00ebzuar n\u00eb gjykat\u00eb \u00ebsht\u00eb nj\u00eb let\u00ebr e ish-Ministrit bullgar t\u00eb Pun\u00ebve t\u00eb Jashtme, Solomon Passy, i cili kishte ftuar \u00c7ekun p\u00ebr nj\u00eb vizit\u00eb zyrtare n\u00eb Sofje.<\/p>\n<p><strong>Kuvendi n\u00eb mbrojtje t\u00eb \u00c7ekut<\/strong><\/p>\n<p>Deputet\u00ebt e Legjislativit t\u00eb Kosov\u00ebs k\u00ebrkuan t\u00eb enjten nga institucionet vendore dhe ato nd\u00ebrkomb\u00ebtare, q\u00eb t\u00eb b\u00ebjn\u00eb presion mbi autoritetet bullgare, q\u00eb t\u00eb lirojn\u00eb sa m\u00eb par\u00eb nga paraburgimi, ish-kryeministrin e Kosov\u00ebs dhe komandantin e ish-U\u00c7K-s\u00eb, Agim \u00c7eku.<\/p>\n<p>Po ashtu ligjv\u00ebn\u00ebsit kosovar\u00eb n\u00eb fillim t\u00eb seanc\u00ebs s\u00eb rregullt plenare, k\u00ebrkuan q\u00eb t\u00eb nd\u00ebrpritet fushata agresive serbe ndaj ish-guerileve t\u00eb ish-Ushtris\u00eb \u00c7lirimtare t\u00eb Kosov\u00ebs. U tha se kjo fushat\u00eb e zbatuar n\u00ebp\u00ebrmjet Interpolit, \u00ebsht\u00eb n\u00eb kund\u00ebrshtim me parimet e funksionimit t\u00eb shtetit kosovar.<\/p>\n<p>Shqet\u00ebsimin n\u00eb em\u00ebr t\u00eb Kuvendit t\u00eb Kosov\u00ebs e ngriti deputetja Kaqusha Jashari, e cila tha se arrestimi n\u00eb Bullgari i kryetarit t\u00eb Partis\u00eb Socialdemokrate t\u00eb Kosov\u00ebs, Agim \u00c7eku, \u00ebsht\u00eb fyerje p\u00ebr shtetin e Kosov\u00ebs. Prandaj n\u00ebp\u00ebrmjet Qeveris\u00eb, ajo tha se Kosova duhet t\u00eb reagoj\u00eb q\u00eb \u00c7eku t\u00eb lirohet.<\/p>\n<p>\u201cI b\u00ebj thirrje Parlamentit t\u00eb Kosov\u00ebs dhe t\u00eb gjitha institucioneve vendore dhe nd\u00ebrkomb\u00ebtare q\u00eb t\u00eb b\u00ebj\u00eb p\u00ebrpjekje p\u00ebr lirimin e gjeneral Agim \u00c7ekut, por edhe t\u00eb ndalojn\u00eb ndikimin e turpsh\u00ebm t\u00eb politik\u00ebs serbe ndaj qytetar\u00ebve t\u00eb Kosov\u00ebs\u201d, tha deputetja Jashari.<\/p>\n<p>Ne em\u00ebr t\u00eb legjislativit, ajo i b\u00ebri thirrje kryeministrit Hashim Tha\u00e7i dhe tri dikastereve t\u00eb kabinetit t\u00eb tij, Ministris\u00eb s\u00eb Pun\u00ebve t\u00eb Jashtme, Ministris\u00eb s\u00eb Pun\u00ebve t\u00eb Brendshme dhe Ministris\u00eb s\u00eb Drejt\u00ebsis\u00eb, q\u00eb t\u00eb angazhohen n\u00eb k\u00ebt\u00eb rast, q\u00eb ish komandanti i U\u00c7K-s\u00eb dhe TMK-s\u00eb t\u00eb lirohet nga mbajtja.<br \/>\n\u201cShpresoj q\u00eb ky do t\u00eb jet\u00eb rasti i fundit q\u00eb nj\u00eb qytetar t\u00eb arrestohet n\u00eb baz\u00eb t\u00eb akuzave q\u00eb jan\u00eb shpif\u00eb nga regjimi i Beogradit\u201d, tha deputetja Jashari, sipas t\u00eb cil\u00ebs, institucionet e Kosov\u00ebs n\u00eb bashk\u00ebpunim me institucionet nd\u00ebrkomb\u00ebtare duhet t\u2019i japin fund denigrimit qytetar.<\/p>\n<p>K\u00ebtij shqet\u00ebsimi, nd\u00ebrkaq iu bashkua edhe shefi i Grupit Parlamentar t\u00eb Aleanc\u00ebs Kosova e Re (AKR), Ibrahim Makolli i cili tha se arrestimet me akuza t\u00eb Serbis\u00eb nuk kan\u00eb t\u00eb ndalur. Madje ai p\u00ebrmendi edhe rastin tjet\u00ebr kur nj\u00eb ushtar tjet\u00ebr i ish U\u00c7K-s\u00eb, Genc Zogaj \u00ebsht\u00eb arrestuar n\u00eb Hungari dhe \u00ebsht\u00eb ekstraduar n\u00eb Serbi.<\/p>\n<p>K\u00ebt\u00eb k\u00ebrkes\u00eb t\u00eb ligjv\u00ebn\u00ebsve e mb\u00ebshteti edhe kryeparlamentari Jakup Krasniqi, i cili k\u00ebrkoi nga t\u00eb gjitha institucionet e Kosov\u00ebs, p\u00ebrfshir\u00eb presidentin Fatmir Sejdiu, kryeministrin Hashim Tha\u00e7i dhe ministrit\u00eb tjera p\u00ebrkat\u00ebse, q\u00eb t\u00eb kryejn\u00eb obligimin kushtetues, p\u00ebr t\u00eb ndikuar q\u00eb \u00c7eku t\u00eb lirohet. (Klive)<\/p>\n<p><strong>Bullgaria n\u00ebn presion p\u00ebr ta liruar \u00c7ekun<\/strong><\/p>\n<p><a href=\"http:\/\/www.visit-ulcinj.com\/blog\/wp-content\/uploads\/2009\/06\/Burgimi-i-agim-\u00e7ekut-ne-Bullgari.2.jpg\"><img loading=\"lazy\" class=\"alignleft size-full wp-image-23305\" title=\"KOSOVO-BULGARIA\/ARREST\" src=\"http:\/\/www.visit-ulcinj.com\/blog\/wp-content\/uploads\/2009\/06\/Burgimi-i-agim-\u00e7ekut-ne-Bullgari.2.jpg\" alt=\"KOSOVO-BULGARIA\/ARREST\" width=\"610\" height=\"394\" \/><\/a>Bullgaria \u00ebsht\u00eb n\u00ebn presion t\u00eb fuqish\u00ebm nga p\u00ebrfaq\u00ebsuesit e SHBA-s\u00eb, Britanis\u00eb dhe Franc\u00ebs t\u00eb cil\u00ebt k\u00ebrkojn\u00eb lirimin e menj\u00ebhersh\u00ebm t\u00eb ish- kryeministrit kosovar Agim Ceku- b\u00ebn t\u00eb ditur e p\u00ebrditshmja beogradase Danas.<\/p>\n<p>Artikulli citon z\u00ebdh\u00ebn\u00ebsin e ish kryeministrit kosovar i cili p\u00ebrshkruan arrestimin e \u00c7ekut si nj\u00eb incident t\u00eb pap\u00eblqyer. Sipas tij Serbia prej vitesh ka humbur t\u00eb drejt\u00ebn mbi kontrollin e l\u00ebvizjeve t\u00eb shtetasve kosovare, dhe shtoi se arrestimi \u00ebsht\u00eb kryek\u00ebput i pa pranuesh\u00ebm.<\/p>\n<p>Ai i b\u00ebn thirrje organizatave nd\u00ebrkomb\u00ebtare t\u00eb ndihmoj\u00eb n\u00eb ndalimin e arrestimeve me motive politike, t\u00eb l\u00ebshuara nga qeveria e Milloshvicit, t\u00eb cilat jan\u00eb jasht\u00eb funksioni.<\/p>\n<p>Agim Ceku, u arrestua t\u00eb mart\u00ebn n\u00eb mbr\u00ebmje teksa hyri n\u00eb territorin e Bullgaris\u00eb, nga nj\u00eb pik\u00eb kufitare me Maqedonin\u00eb, me nj\u00eb flet\u00eb arrest t\u00eb Serbis\u00eb. Ai akuzohet p\u00ebr krime lufte ndaj serb\u00ebve gjat\u00eb luft\u00ebs n\u00eb Kosov\u00eb, kur Ceku ka qen\u00eb ish komandat i UCK-s\u00eb.<\/p>\n<p><strong>Si Kryeminist\u00ebr, kishte imunitet<\/strong><\/p>\n<p>Gjykata e rajonit Kustendil t\u00eb Bullgaris\u00eb, e p\u00ebrballur me nj\u00eb \u00e7\u00ebshtje t\u00eb pazakonshme p\u00ebr t\u00eb, nuk e ka liruar t\u00eb m\u00ebrkur\u00ebn ish-Kryeministrin kosovar Agim \u00c7eku.<\/p>\n<p>Lideri i PSDK\u2019s\u00eb po shkonte drejt Sofjes p\u00ebrmes nj\u00eb pike kufitare me Maqedonin\u00eb kur ai \u00ebsht\u00eb ndalur nga policia bullgare. Gjykata n\u00eb fjal\u00eb i ka dh\u00ebn\u00eb atij nj\u00eb mas\u00eb paraburgimi deri n\u00eb 72 or\u00eb, q\u00eb \u00ebsht\u00eb maksimumi standard i paraburgimit. \u00cbsht\u00eb hera e kat\u00ebrt q\u00eb \u00c7eku ndalohet bazuar n\u00eb nj\u00eb urdh\u00ebr t\u00eb Gjykat\u00ebs s\u00eb Qarkut n\u00eb Nish, l\u00ebshuar m\u00eb 2002.<\/p>\n<p>Politikan\u00ebt bullgar\u00eb kan\u00eb k\u00ebrkuar lirimin e \u00c7ekut nd\u00ebrsa Qeveria e Kosov\u00ebs ka th\u00ebn\u00eb se ka v\u00ebn\u00eb kontakte me Sofjen dhe se ka marr\u00eb garanci se ish-kreu ekzekutiv do t\u00eb lirohet brenda nj\u00eb kohe t\u00eb shkurt\u00ebr.<\/p>\n<p>Nd\u00ebrkoh\u00eb Ministresha e Drejt\u00ebsis\u00eb s\u00eb Serbis\u00eb, Snezana Malovic, i ka th\u00ebn\u00eb agjencis\u00eb Tanjug se ka d\u00ebrguar k\u00ebrkes\u00eb tek autoritetet bullgare p\u00ebr ekstradimin e Agim \u00c7ekut dhe se pret q\u00eb brenda nj\u00eb afati shum\u00eb t\u00eb shkurt\u00ebr t\u00eb marr\u00eb \u201cp\u00ebrgjigje pozitive n\u00eb k\u00ebrkes\u00ebn e b\u00ebr\u00eb\u201d.<\/p>\n<p>Sipas ligjeve nd\u00ebrkomb\u00ebtare, do t\u00eb ishte \u00e7\u00ebshtje e dy shteteve n\u00eb fjal\u00eb &#8211; Bullgaris\u00eb dhe Serbis\u00eb &#8211; por askush nuk e beson se \u00c7eku do t\u00eb ekstradohet n\u00eb shtetin serb. Zakonisht ai tri her\u00eb t\u00eb tjera dhe Kryeministri aktual Hashim Tha\u00e7i (dy her\u00eb) jan\u00eb ndalur p\u00ebr pak or\u00eb dhe jan\u00eb l\u00ebshuar.<\/p>\n<p><strong>Por, \u00e7far\u00eb \u00ebsht\u00eb urdhri ndaj Agim \u00c7ekut i cili po i shkakton atij tashm\u00eb telashe t\u00eb rregullta t\u00eb liris\u00eb s\u00eb l\u00ebvizjes?<\/strong><\/p>\n<p>Express ka kontaktuar me Zyr\u00ebn p\u00ebr Shtyp n\u00eb selin\u00eb e Interpolit n\u00eb Lyon, t\u00eb m\u00ebrkur\u00ebn, por nj\u00eb z\u00ebdh\u00ebn\u00ebse ka th\u00ebn\u00eb se \u201caktualisht rasti \u00ebsht\u00eb n\u00ebn hetim\u201d dhe se prandaj e kishte ta pamundshme t\u00eb fliste p\u00ebr tem\u00ebn konkrete.<\/p>\n<p><strong>Megjithat\u00eb, Agim \u00c7eku nuk \u00ebsht\u00eb i k\u00ebrkuar nd\u00ebrkomb\u00ebtar nga Interpoli p\u00ebrmes \u201cv\u00ebrejtjes s\u00eb kuqe\u201d.<\/strong><\/p>\n<p>\u201cZ.\u00c7eku nuk ka qen\u00eb kurr\u00eb subjekt i nj\u00eb liste t\u00eb personave nd\u00ebrkomb\u00ebtar\u00eb t\u00eb k\u00ebrkuar nga Interpoli, p\u00ebrndryshe e njohur si \u201cred notie\u201d (v\u00ebrejtja e kuqe)\u201d, thuhet n\u00eb nj\u00eb deklarat\u00eb t\u00eb Interpolit, q\u00eb mban dat\u00ebn 26 mars 2006, e cila mund t\u00eb gjendet n\u00eb faqen zyrtare t\u00eb k\u00ebsaj organizate n\u00eb internet.<\/p>\n<p>\u201cN\u00eb fakt, z.\u00c7eku ishte subjekt i nj\u00eb \u2018diffusion notice\u2019 (v\u00ebrejtje shp\u00ebrndar\u00ebse) t\u00eb d\u00ebrguar n\u00eb Interpol nga autoritetet serbe m\u00eb 4 qershor 2002 n\u00ebp\u00ebrmjet Byros\u00eb Qendrore Komb\u00ebtare t\u00eb Interpolit n\u00eb Beograd\u201d, thuhet n\u00eb t\u00eb nj\u00ebjt\u00ebn deklarat\u00eb.<\/p>\n<p>\u201cAjo shp\u00ebrndarje k\u00ebrkonte arrestimin e tij me shpres\u00eb t\u00eb ekstradimit bazuar n\u00eb urdhrin e arrestit t\u00eb l\u00ebshuar m\u00eb 18 Mars 2008 nga gjykata serbe p\u00ebr akuza gjenocidi. Ajo ishte regjistruar si e till\u00eb n\u00eb databaz\u00ebn e Interpolit p\u00ebr personat e k\u00ebrkuar\u201d, vazhdohet n\u00eb deklarat\u00eb.<\/p>\n<p>N\u00eb baz\u00eb t\u00eb legjislacionit q\u00eb rregullon k\u00ebt\u00eb organizat\u00eb, \u201cv\u00ebrejtja difuzive\u201d d\u00ebrgohet nga byrot\u00eb komb\u00ebtare qendrore tek nj\u00eb num\u00ebr shtetesh ose tek t\u00eb gjitha shtetet an\u00ebtare t\u00eb Interpolit me t\u00eb cil\u00ebn mund t\u00eb k\u00ebrkohet \u201carrestimi ose ndalimi i nj\u00eb individi ose informacioni shtes\u00eb n\u00eb lidhje me ndonj\u00eb hetim policor\u201d.<\/p>\n<p><strong>K\u00ebshtu p\u00ebr shembull gjat\u00eb vitit 2008, n\u00eb baz\u00eb t\u00eb sh\u00ebnimeve t\u00eb Interpolit, mbi 13 mij\u00eb \u201cv\u00ebrejtje difuzive\u201d jan\u00eb regjistruar n\u00eb databaz\u00ebn e k\u00ebsaj organizate.<\/strong><\/p>\n<p>N\u00eb t\u00eb nj\u00ebjt\u00ebn deklarat\u00eb, t\u00eb vitit 2006, thuhet se Interpoli \u201cnuk mundet dhe nuk tenton t\u00eb heq urdhrat e arrestit t\u00eb l\u00ebshuara nga gjykatat komb\u00ebtare\u201d.<\/p>\n<p>\u201cMegjithat\u00eb, Interpolit i k\u00ebrkohet me rregullat e veta t\u00eb mos qarkulloj\u00eb dhe regjistroj\u00eb informacion ose t\u00eb bashk\u00ebpunoj\u00eb ndryshe me autoritetet komb\u00ebtare kur bashk\u00ebpunimi i k\u00ebrkuar nuk \u00ebsht\u00eb kompatibil me ligjet e organizat\u00ebs\u201d.<\/p>\n<p><strong>K\u00ebshtu, n\u00eb rastin e Agim \u00c7ekut, bashk\u00ebpunimi i Interpolit me Serbin\u00eb nuk ishte i mundsh\u00ebm sa ai ka qen\u00eb Kryeminist\u00ebr.<\/strong><\/p>\n<p><a href=\"http:\/\/www.visit-ulcinj.com\/blog\/wp-content\/uploads\/2009\/06\/Burgimi-i-agim-\u00e7ekut-ne-Bullgari.1.jpg\"><img loading=\"lazy\" class=\"alignleft size-full wp-image-23306\" title=\"KOSOVO-BULGARIA\/ARREST\" src=\"http:\/\/www.visit-ulcinj.com\/blog\/wp-content\/uploads\/2009\/06\/Burgimi-i-agim-\u00e7ekut-ne-Bullgari.1.jpg\" alt=\"KOSOVO-BULGARIA\/ARREST\" width=\"580\" height=\"775\" \/><\/a>\u201cM\u00eb 10 mars 2006, z.\u00c7eku ishte em\u00ebruar Kryeminist\u00ebr i Kosov\u00ebs. N\u00eb linj\u00eb me jurispodenc\u00ebn nd\u00ebrkomb\u00ebtare se urdhra nd\u00ebrkomb\u00ebtar\u00eb t\u00eb arrestit kund\u00ebr personave q\u00eb g\u00ebzojn\u00eb imunitet n\u00ebn t\u00eb drejt\u00ebn nd\u00ebrkomb\u00ebtare &#8211; sikurse Ministrat e Jasht\u00ebm, shefat e shteteve dhe shefat e qeverive &#8211; nuk mund t\u00eb l\u00ebshohen, politika e Interpolit \u00ebsht\u00eb t\u00eb mos procesoj\u00eb informacion t\u00eb till\u00eb, ose n\u00ebse ve\u00e7 \u00ebsht\u00eb proceduar dhe regjistruar, at\u00ebher\u00eb t\u00eb mos mbahet aktiv n\u00eb databaza n\u00eb rrethana t\u00eb tilla\u201d, thuhet n\u00eb deklarat\u00eb.<\/p>\n<p>\u201cPrandaj, bazuar n\u00eb ato q\u00eb u than\u00eb m\u00eb lart\u00eb dhe n\u00eb statusin e qeveris\u00eb civile t\u00eb Kosov\u00ebs n\u00ebn Rezolut\u00ebn 1244 t\u00eb K\u00ebshillit t\u00eb Sigurimit t\u00eb OKB\u2019s\u00eb, Sekretariati i P\u00ebrgjithsh\u00ebm vendosi t\u00eb suspendoj\u00eb gjith\u00eb informacionin n\u00eb lidhje me z.\u00c7eku aktualisht t\u00eb regjistruar n\u00eb databaz\u00ebn e Interpolit gjat\u00eb koh\u00ebs sa ai do t\u00eb vazhdoj\u00eb t\u00eb sh\u00ebrbej\u00eb si Kryeminist\u00ebr i Kosov\u00ebs. T\u00eb gjitha byrot\u00eb qendrore komb\u00ebtare t\u00eb Interpolit n\u00eb 184 vendet an\u00ebtare jan\u00eb informuar p\u00ebr k\u00ebt\u00eb vendim\u201d, vazhdohet n\u00eb t\u00eb.<\/p>\n<p>Nga kjo deklarat\u00eb mund t\u00eb deduktohet se pasi \u00c7eku kishte dal\u00eb nga detyra e Kryeministrit, urdhri ndaj tij ishte ri-aktivizuar.<\/p>\n<p>Gjykata n\u00eb Nish e akuzon p\u00ebr vrasjen e 669 civil\u00ebve serb\u00eb dhe joshqiptar\u00ebve t\u00eb tjer\u00eb. \u00cbsht\u00eb gjer\u00ebsisht e kuptueshme se akuza t\u00eb ngjashme jan\u00eb t\u00eb motivuara politikisht.<br \/>\nPas ndalimit t\u00eb fundit t\u00eb \u00c7ekut n\u00eb Kolumbi, muajin e kaluar, Ministri i Brendsh\u00ebm kosovar Zenun Pajazti i kishte shkruar Interpolit se, nd\u00ebr t\u00eb tjera, \u201cSerbia nuk ka m\u00eb juridiksion mbi Republik\u00ebn e Kosov\u00ebs dhe qytetar\u00ebt e saj\u201d.<\/p>\n<p>Autoritetet kosovare duhet t\u00eb hulumtojn\u00eb mund\u00ebsit\u00eb se si t\u00eb zgjidhin k\u00ebt\u00eb problem. N\u00eb nj\u00eb prej tyre, ato po shikojn\u00eb opsionin e kandidimit p\u00ebr an\u00ebtar\u00ebsim n\u00eb k\u00ebt\u00eb organizat\u00eb.<\/p>\n<p><strong>\u00c7eku luftoi p\u00ebr liri<\/strong><\/p>\n<p>Ish-Ministri i Jasht\u00ebm i Bullgaris\u00eb, Solomon Passy, u ka th\u00ebn\u00eb gazetar\u00ebve se ai kishte m\u00ebsuar p\u00ebr arrestimin e ish-Kryeministrit t\u00eb Kosov\u00ebs Agim \u00c7eku p\u00ebrderisa po u fliste njer\u00ebzve n\u00eb qytetin Ivaylovgrad se si kufijt\u00eb duhet t\u00eb jen\u00eb t\u00eb hapur n\u00eb m\u00ebnyr\u00eb \u201cq\u00eb rajonet t\u00eb mund t\u00eb zhvillohen m\u00eb mir\u00eb\u201d.<\/p>\n<p>\u201cKam qen\u00eb v\u00ebrtet i shokuar me lajmin e arrestimit t\u00eb tij. Agim Ceku \u00ebsht\u00eb nj\u00eb person i vlersh\u00ebm i cili ka luftuar p\u00ebr lirin\u00eb e qytetar\u00ebve t\u00eb Kosov\u00ebs, p\u00ebr mbijetes\u00ebn e tyre dhe p\u00ebr pavar\u00ebsin\u00eb e vendit t\u00eb tij. Ai \u00ebsht\u00eb n\u00eb njeri shum\u00eb i respektuar n\u00eb Kosov\u00ebs\u201d, ka th\u00ebn\u00eb Passy, raportoi Focus News.<br \/>\n<strong><br \/>\nAi ka shtuar se Agim \u00c7eku duhet t\u00eb lirohet.<\/strong><\/p>\n<p>\u201cN\u00eb opinionin tim, vendimi dhe urdhri p\u00ebr arrestimin e tij erdhi si rezultat i nj\u00eb keqkuptimi t\u00eb madh nd\u00ebrkomb\u00ebtar, nj\u00eb mbeturine politike, q\u00eb i ngjan gjendjes politike t\u00eb Ballkanit t\u00eb viteve 1999\u201d, \u00ebsht\u00eb shprehur Passy.<\/p>\n<p><strong>Gazeta Express<\/strong><\/p>\n<p>[flv width=&#8221;580&#8243; height=&#8221;400&#8243;]http:\/\/91.187.97.13\/video\/images\/content\/Rtv21Video\/Flash\/Qershor\/java-3\/25_flash_15.flv[\/flv]<\/p>\n","protected":false},"excerpt":{"rendered":"<p>(Update) Gjykata bullgare e qarkut n\u00eb Kyustendil e ka liruar ish`kryeministrin e Kosov\u00ebs Agim Ceku. Kjo \u00ebsht\u00eb b\u00ebr\u00eb e ditur nga Z\u00ebdh\u00ebn\u00ebsja e Ministris\u00eb s\u00eb Pun\u00ebve t\u00eb Jashtme Albana Beqiri. \u201cAgim \u00c7eku \u00ebsht\u00eb liruar nga paraburgimi dhe shum\u00eb shpejt pritet t\u00eb kthehet n\u00eb Kosov\u00eb\u201d, ka th\u00ebn\u00eb Beqiri p\u00ebr Express. S\u2019ka vendim p\u00ebr \u00c7ekun Gjykata bullgare [&hellip;]<\/p>\n","protected":false},"author":1,"featured_media":0,"comment_status":"open","ping_status":"closed","sticky":false,"template":"","format":"standard","meta":{"spay_email":"","jetpack_publicize_message":"","jetpack_is_tweetstorm":false,"jetpack_publicize_feature_enabled":true},"categories":[12],"tags":[931,11410,11421,11422,49,242],"jetpack_publicize_connections":[],"yoast_head":"<!-- This site is optimized with the Yoast SEO plugin v19.1 - https:\/\/yoast.com\/wordpress\/plugins\/seo\/ -->\n<title>Lirohet Agim \u00c7eku - Lajme nga Ulqini<\/title>\n<meta name=\"description\" content=\"(Update) Gjykata bullgare e qarkut n\u00eb Kyustendil e ka liruar ish`kryeministrin e Kosov\u00ebs Agim Ceku. Kjo \u00ebsht\u00eb b\u00ebr\u00eb e ditur nga Z\u00ebdh\u00ebn\u00ebsja e Ministris\u00eb s\u00eb\" \/>\n<meta name=\"robots\" content=\"index, follow, max-snippet:-1, max-image-preview:large, max-video-preview:-1\" \/>\n<link rel=\"canonical\" href=\"https:\/\/www.visit-ulcinj.com\/blog\/2009\/06\/25\/s\u2019ka-vendim-per-cekun\/\" \/>\n<meta property=\"og:locale\" content=\"en_US\" \/>\n<meta property=\"og:type\" content=\"article\" \/>\n<meta property=\"og:title\" content=\"Lirohet Agim \u00c7eku - Lajme nga Ulqini\" \/>\n<meta property=\"og:description\" content=\"(Update) Gjykata bullgare e qarkut n\u00eb Kyustendil e ka liruar ish`kryeministrin e Kosov\u00ebs Agim Ceku. Kjo \u00ebsht\u00eb b\u00ebr\u00eb e ditur nga Z\u00ebdh\u00ebn\u00ebsja e Ministris\u00eb s\u00eb\" \/>\n<meta property=\"og:url\" content=\"https:\/\/www.visit-ulcinj.com\/blog\/2009\/06\/25\/s\u2019ka-vendim-per-cekun\/\" \/>\n<meta property=\"og:site_name\" content=\"Lajme nga Ulqini\" \/>\n<meta property=\"article:published_time\" content=\"2009-06-25T16:26:34+00:00\" \/>\n<meta property=\"article:modified_time\" content=\"2009-06-28T18:44:05+00:00\" \/>\n<meta name=\"twitter:label1\" content=\"Written by\" \/>\n\t<meta name=\"twitter:data1\" content=\"ulqini\" \/>\n\t<meta name=\"twitter:label2\" content=\"Est. reading time\" \/>\n\t<meta name=\"twitter:data2\" content=\"10 minutes\" \/>\n<script type=\"application\/ld+json\" class=\"yoast-schema-graph\">{\"@context\":\"https:\/\/schema.org\",\"@graph\":[{\"@type\":\"WebSite\",\"@id\":\"https:\/\/www.visit-ulcinj.com\/blog\/#website\",\"url\":\"https:\/\/www.visit-ulcinj.com\/blog\/\",\"name\":\"Lajme nga Ulqini\",\"description\":\"Lajme,Vijesti,Ulqini,Ulqin,Crna Gora,Mali i Zi\",\"potentialAction\":[{\"@type\":\"SearchAction\",\"target\":{\"@type\":\"EntryPoint\",\"urlTemplate\":\"https:\/\/www.visit-ulcinj.com\/blog\/?s={search_term_string}\"},\"query-input\":\"required name=search_term_string\"}],\"inLanguage\":\"en-US\"},{\"@type\":\"WebPage\",\"@id\":\"https:\/\/www.visit-ulcinj.com\/blog\/2009\/06\/25\/s%e2%80%99ka-vendim-per-cekun\/#webpage\",\"url\":\"https:\/\/www.visit-ulcinj.com\/blog\/2009\/06\/25\/s%e2%80%99ka-vendim-per-cekun\/\",\"name\":\"Lirohet Agim \u00c7eku - Lajme nga Ulqini\",\"isPartOf\":{\"@id\":\"https:\/\/www.visit-ulcinj.com\/blog\/#website\"},\"datePublished\":\"2009-06-25T16:26:34+00:00\",\"dateModified\":\"2009-06-28T18:44:05+00:00\",\"author\":{\"@id\":\"https:\/\/www.visit-ulcinj.com\/blog\/#\/schema\/person\/dcab619c614d3038751c63bc2aadc06d\"},\"description\":\"(Update) Gjykata bullgare e qarkut n\u00eb Kyustendil e ka liruar ish`kryeministrin e Kosov\u00ebs Agim Ceku. Kjo \u00ebsht\u00eb b\u00ebr\u00eb e ditur nga Z\u00ebdh\u00ebn\u00ebsja e Ministris\u00eb s\u00eb\",\"breadcrumb\":{\"@id\":\"https:\/\/www.visit-ulcinj.com\/blog\/2009\/06\/25\/s%e2%80%99ka-vendim-per-cekun\/#breadcrumb\"},\"inLanguage\":\"en-US\",\"potentialAction\":[{\"@type\":\"ReadAction\",\"target\":[\"https:\/\/www.visit-ulcinj.com\/blog\/2009\/06\/25\/s%e2%80%99ka-vendim-per-cekun\/\"]}]},{\"@type\":\"BreadcrumbList\",\"@id\":\"https:\/\/www.visit-ulcinj.com\/blog\/2009\/06\/25\/s%e2%80%99ka-vendim-per-cekun\/#breadcrumb\",\"itemListElement\":[{\"@type\":\"ListItem\",\"position\":1,\"name\":\"Lirohet Agim \u00c7eku\"}]},{\"@type\":\"Person\",\"@id\":\"https:\/\/www.visit-ulcinj.com\/blog\/#\/schema\/person\/dcab619c614d3038751c63bc2aadc06d\",\"name\":\"ulqini\",\"sameAs\":[\"http:\/\/www.visit-ulcinj.com\"],\"url\":\"https:\/\/www.visit-ulcinj.com\/blog\/author\/admin\/\"}]}<\/script>\n<!-- \/ Yoast SEO plugin. -->","yoast_head_json":{"title":"Lirohet Agim \u00c7eku - Lajme nga Ulqini","description":"(Update) Gjykata bullgare e qarkut n\u00eb Kyustendil e ka liruar ish`kryeministrin e Kosov\u00ebs Agim Ceku. Kjo \u00ebsht\u00eb b\u00ebr\u00eb e ditur nga Z\u00ebdh\u00ebn\u00ebsja e Ministris\u00eb s\u00eb","robots":{"index":"index","follow":"follow","max-snippet":"max-snippet:-1","max-image-preview":"max-image-preview:large","max-video-preview":"max-video-preview:-1"},"canonical":"https:\/\/www.visit-ulcinj.com\/blog\/2009\/06\/25\/s\u2019ka-vendim-per-cekun\/","og_locale":"en_US","og_type":"article","og_title":"Lirohet Agim \u00c7eku - Lajme nga Ulqini","og_description":"(Update) Gjykata bullgare e qarkut n\u00eb Kyustendil e ka liruar ish`kryeministrin e Kosov\u00ebs Agim Ceku. Kjo \u00ebsht\u00eb b\u00ebr\u00eb e ditur nga Z\u00ebdh\u00ebn\u00ebsja e Ministris\u00eb s\u00eb","og_url":"https:\/\/www.visit-ulcinj.com\/blog\/2009\/06\/25\/s\u2019ka-vendim-per-cekun\/","og_site_name":"Lajme nga Ulqini","article_published_time":"2009-06-25T16:26:34+00:00","article_modified_time":"2009-06-28T18:44:05+00:00","twitter_misc":{"Written by":"ulqini","Est. reading time":"10 minutes"},"schema":{"@context":"https:\/\/schema.org","@graph":[{"@type":"WebSite","@id":"https:\/\/www.visit-ulcinj.com\/blog\/#website","url":"https:\/\/www.visit-ulcinj.com\/blog\/","name":"Lajme nga Ulqini","description":"Lajme,Vijesti,Ulqini,Ulqin,Crna Gora,Mali i Zi","potentialAction":[{"@type":"SearchAction","target":{"@type":"EntryPoint","urlTemplate":"https:\/\/www.visit-ulcinj.com\/blog\/?s={search_term_string}"},"query-input":"required name=search_term_string"}],"inLanguage":"en-US"},{"@type":"WebPage","@id":"https:\/\/www.visit-ulcinj.com\/blog\/2009\/06\/25\/s%e2%80%99ka-vendim-per-cekun\/#webpage","url":"https:\/\/www.visit-ulcinj.com\/blog\/2009\/06\/25\/s%e2%80%99ka-vendim-per-cekun\/","name":"Lirohet Agim \u00c7eku - Lajme nga Ulqini","isPartOf":{"@id":"https:\/\/www.visit-ulcinj.com\/blog\/#website"},"datePublished":"2009-06-25T16:26:34+00:00","dateModified":"2009-06-28T18:44:05+00:00","author":{"@id":"https:\/\/www.visit-ulcinj.com\/blog\/#\/schema\/person\/dcab619c614d3038751c63bc2aadc06d"},"description":"(Update) Gjykata bullgare e qarkut n\u00eb Kyustendil e ka liruar ish`kryeministrin e Kosov\u00ebs Agim Ceku. Kjo \u00ebsht\u00eb b\u00ebr\u00eb e ditur nga Z\u00ebdh\u00ebn\u00ebsja e Ministris\u00eb s\u00eb","breadcrumb":{"@id":"https:\/\/www.visit-ulcinj.com\/blog\/2009\/06\/25\/s%e2%80%99ka-vendim-per-cekun\/#breadcrumb"},"inLanguage":"en-US","potentialAction":[{"@type":"ReadAction","target":["https:\/\/www.visit-ulcinj.com\/blog\/2009\/06\/25\/s%e2%80%99ka-vendim-per-cekun\/"]}]},{"@type":"BreadcrumbList","@id":"https:\/\/www.visit-ulcinj.com\/blog\/2009\/06\/25\/s%e2%80%99ka-vendim-per-cekun\/#breadcrumb","itemListElement":[{"@type":"ListItem","position":1,"name":"Lirohet Agim \u00c7eku"}]},{"@type":"Person","@id":"https:\/\/www.visit-ulcinj.com\/blog\/#\/schema\/person\/dcab619c614d3038751c63bc2aadc06d","name":"ulqini","sameAs":["http:\/\/www.visit-ulcinj.com"],"url":"https:\/\/www.visit-ulcinj.com\/blog\/author\/admin\/"}]}},"jetpack_featured_media_url":"","jetpack_sharing_enabled":true,"jetpack_shortlink":"https:\/\/wp.me\/pe6lTn-63R","_links":{"self":[{"href":"https:\/\/www.visit-ulcinj.com\/blog\/wp-json\/wp\/v2\/posts\/23303"}],"collection":[{"href":"https:\/\/www.visit-ulcinj.com\/blog\/wp-json\/wp\/v2\/posts"}],"about":[{"href":"https:\/\/www.visit-ulcinj.com\/blog\/wp-json\/wp\/v2\/types\/post"}],"author":[{"embeddable":true,"href":"https:\/\/www.visit-ulcinj.com\/blog\/wp-json\/wp\/v2\/users\/1"}],"replies":[{"embeddable":true,"href":"https:\/\/www.visit-ulcinj.com\/blog\/wp-json\/wp\/v2\/comments?post=23303"}],"version-history":[{"count":0,"href":"https:\/\/www.visit-ulcinj.com\/blog\/wp-json\/wp\/v2\/posts\/23303\/revisions"}],"wp:attachment":[{"href":"https:\/\/www.visit-ulcinj.com\/blog\/wp-json\/wp\/v2\/media?parent=23303"}],"wp:term":[{"taxonomy":"category","embeddable":true,"href":"https:\/\/www.visit-ulcinj.com\/blog\/wp-json\/wp\/v2\/categories?post=23303"},{"taxonomy":"post_tag","embeddable":true,"href":"https:\/\/www.visit-ulcinj.com\/blog\/wp-json\/wp\/v2\/tags?post=23303"}],"curies":[{"name":"wp","href":"https:\/\/api.w.org\/{rel}","templated":true}]}}