{"id":23312,"date":"2009-06-25T19:01:16","date_gmt":"2009-06-25T17:01:16","guid":{"rendered":"http:\/\/www.visit-ulcinj.com\/blog\/?p=23312"},"modified":"2009-06-27T12:34:09","modified_gmt":"2009-06-27T10:34:09","slug":"podgoricki-advokat-zoran-piperovic-odgovorio-grupi-nvo-i-intelektualaca-ulcinja","status":"publish","type":"post","link":"https:\/\/www.visit-ulcinj.com\/blog\/2009\/06\/25\/podgoricki-advokat-zoran-piperovic-odgovorio-grupi-nvo-i-intelektualaca-ulcinja\/","title":{"rendered":"Podgori?ki advokat Zoran Piperovi? odgovorio grupi nvo i intelektualaca Ulcinja"},"content":{"rendered":"<p><strong><a href=\"http:\/\/www.visit-ulcinj.com\/blog\/wp-content\/uploads\/2009\/06\/PODGORI?KI-ADVOKAT-ZORAN-PIPEROVI?.jpg\"><img loading=\"lazy\" class=\"alignleft size-full wp-image-23313\" title=\"PODGORI?KI ADVOKAT ZORAN PIPEROVI?\" src=\"http:\/\/www.visit-ulcinj.com\/blog\/wp-content\/uploads\/2009\/06\/PODGORI?KI-ADVOKAT-ZORAN-PIPEROVI?.jpg\" alt=\"PODGORI?KI ADVOKAT ZORAN PIPEROVI?\" width=\"355\" height=\"478\" \/><\/a>Bavio sam se samo pravnim pitanjima<\/strong><br \/>\nUlcinj &#8211; O?ekivao sam vi\u0161e od onoga \u0161to stoji u reagovanju grupe NVO i ulcinjskih intelektualaca, tim prije \u0161to odgovor nije potpisan i \u0161to su ga kolektivno svi pisali. Moram da priznam da je neimenovani filozof, sa po?etka njihovog odgovora, u pravu- navodi se u reagovanju podgori?kog advokata Zorana Piperovi?a na tekst \u201eLokalni parlament mora da se pita\u201c objavljenom u ju?era\u0161njim \u201eVijestima\u201c.<br \/>\n\u201cEvidentno je da pravo na istinu i ljubav prema Ulcinju, izgleda imaju samo potpisnici deklaracije. Svi koji druga?ije misle, a to je nesumnjivo ve?ina Ulcinjana, odmah ?e se okliznuti, kako reko\u0161e u reagovanju\u201d, navodi se u odgovoru Piperovi?a.<br \/>\nOn ka\u017ee \u201eda se namjerno u izjavi bavio samo pravnim pitanjima ne pominju?i tendere i njihov legitimitet\u201c.<br \/>\n\u201cApsolutno se zala\u017eem da se u zakonitom postupku raspi\u0161u tenderi, jer je legitimno pravo svake dr\u017eave, pa i ove, da svoje najvrednije resurse stavi u funkciju op\u0161teg razvoja. Sve nekretnine koje su na teritoriji Crne Gore upisane na op\u0161tine, u kona?nom su dr\u017eavna svojina. Zato treba postaviti klju?no pitanje kako lokalni paralment institucionalno mo\u017ee sprije?iti raspisivanje tendera i \u0161ta bi takva odluka zna?ila u pravnom poretku? Odgovor je: \u201cAma ba\u0161 ni\u0161ta\u201c, isti?e se u reagovanju.<br \/>\nPiperovi? zaklju?uje \u201eda lokalni parlament svakako treba da bude mjesto razgovora i mjesto gdje ?e se utrvr?ivati platforma za ono \u0161to bi u svemu ovome bio interes lokalne zajednice, ali ne mjesto koje bi plediralo da donosi definitivne odluke, jer za tako ne\u0161to nema pravno-politi?kog utemeljenja\u201c.<br \/>\n\u201cPonovo apelujem na eliminisanje pretencioznosti, isklju?ivosti i diskvalifikaciji neistomi\u0161ljenika koji su puno brojniji i manje bu?ni. Sjednimo i razgovaramo, ako ja na to kao \u201epodgori?ki advokat ro?en u Ulcinju\u201c, kako posebno naglasi\u0161e u odgovoru, imam pravo\u201d, isti?e Piperovi? koji najavljuje da ovim reagovanjem zavr\u0161ava prepisku sa grupom NVO i ulcinjskih intelktualaca.<br \/>\n\u201cTim prije \u0161to mi sad pade na pamet da bi autor nepotpisanog odgovora mogla da bude osoba koja ?esto pi\u0161e u crnogorskim dnevnim i nedjeljnim novinama i obi?no ni\u0161ta ne napi\u0161e. Ne umije da sakrije, pa u tekstovima ka\u017ee da se u Ulcinju ne smije graditi tako jer mo\u017ee do?i do promjene demogarfske strukture. Mo\u017eda tu le\u017ei, \u0161to bi kazali Podgori?ani, \u201esva muka\u201c. Eto kako krize, sve skriveno u?ine vidljviim, \u0161to re?e njihov filozof\u201d, ka\u017ee se u reagovanju.<br \/>\n<strong><br \/>\nS.A.<br \/>\n<a href=\"http:\/\/www.vijesti.cg.yu\/index.php?id_pre=308506&amp;godina=2009\" target=\"_blank\">Vijesti<br \/>\n<a href=\"http:\/\/www.visit-ulcinj.com\/blog\/wp-content\/uploads\/2009\/06\/Radio-Televizja-Crne-Gore_logo2.png\"><img loading=\"lazy\" class=\"alignleft size-full wp-image-23375\" title=\"Radio Televizja Crne Gore_logo\" src=\"http:\/\/www.visit-ulcinj.com\/blog\/wp-content\/uploads\/2009\/06\/Radio-Televizja-Crne-Gore_logo2.png\" alt=\"Radio Televizja Crne Gore_logo\" width=\"200\" height=\"90\" \/><\/a><br \/>\n<\/a><\/strong><\/p>\n<p><strong>[flv width=&#8221;580&#8243; height=&#8221;400&#8243;]http:\/\/www.rtcg.me\/images\/biblioteka\/audio_video_arhiva\/Otvoreno%20-%20Investicije.flv[\/flv]<br \/>\n<\/strong><\/p>\n","protected":false},"excerpt":{"rendered":"<p>Bavio sam se samo pravnim pitanjima Ulcinj &#8211; O?ekivao sam vi\u0161e od onoga \u0161to stoji u reagovanju grupe NVO i ulcinjskih intelektualaca, tim prije \u0161to odgovor nije potpisan i \u0161to su ga kolektivno svi pisali. Moram da priznam da je neimenovani filozof, sa po?etka njihovog odgovora, u pravu- navodi se u reagovanju podgori?kog advokata Zorana [&hellip;]<\/p>\n","protected":false},"author":1,"featured_media":0,"comment_status":"open","ping_status":"closed","sticky":false,"template":"","format":"standard","meta":{"spay_email":"","jetpack_publicize_message":"","jetpack_is_tweetstorm":false,"jetpack_publicize_feature_enabled":true},"categories":[8337],"tags":[20,11423,11424,19,2133],"jetpack_publicize_connections":[],"yoast_head":"<!-- This site is optimized with the Yoast SEO plugin v19.1 - https:\/\/yoast.com\/wordpress\/plugins\/seo\/ -->\n<title>Podgori?ki advokat Zoran Piperovi? odgovorio grupi nvo i intelektualaca Ulcinja - Lajme nga Ulqini<\/title>\n<meta name=\"description\" content=\"Bavio sam se samo pravnim pitanjima Ulcinj - O?ekivao sam vi\u0161e od onoga \u0161to stoji u reagovanju grupe NVO i ulcinjskih intelektualaca, tim prije \u0161to\" \/>\n<meta name=\"robots\" content=\"index, follow, max-snippet:-1, max-image-preview:large, max-video-preview:-1\" \/>\n<link rel=\"canonical\" href=\"https:\/\/www.visit-ulcinj.com\/blog\/2009\/06\/25\/podgoricki-advokat-zoran-piperovic-odgovorio-grupi-nvo-i-intelektualaca-ulcinja\/\" \/>\n<meta property=\"og:locale\" content=\"en_US\" \/>\n<meta property=\"og:type\" content=\"article\" \/>\n<meta property=\"og:title\" content=\"Podgori?ki advokat Zoran Piperovi? odgovorio grupi nvo i intelektualaca Ulcinja - Lajme nga Ulqini\" \/>\n<meta property=\"og:description\" content=\"Bavio sam se samo pravnim pitanjima Ulcinj - O?ekivao sam vi\u0161e od onoga \u0161to stoji u reagovanju grupe NVO i ulcinjskih intelektualaca, tim prije \u0161to\" \/>\n<meta property=\"og:url\" content=\"https:\/\/www.visit-ulcinj.com\/blog\/2009\/06\/25\/podgoricki-advokat-zoran-piperovic-odgovorio-grupi-nvo-i-intelektualaca-ulcinja\/\" \/>\n<meta property=\"og:site_name\" content=\"Lajme nga Ulqini\" \/>\n<meta property=\"article:published_time\" content=\"2009-06-25T17:01:16+00:00\" \/>\n<meta property=\"article:modified_time\" content=\"2009-06-27T10:34:09+00:00\" \/>\n<meta property=\"og:image\" content=\"http:\/\/www.visit-ulcinj.com\/blog\/wp-content\/uploads\/2009\/06\/PODGORI?KI-ADVOKAT-ZORAN-PIPEROVI?.jpg\" \/>\n<meta name=\"twitter:label1\" content=\"Written by\" \/>\n\t<meta name=\"twitter:data1\" content=\"ulqini\" \/>\n\t<meta name=\"twitter:label2\" content=\"Est. reading time\" \/>\n\t<meta name=\"twitter:data2\" content=\"2 minutes\" \/>\n<script type=\"application\/ld+json\" class=\"yoast-schema-graph\">{\"@context\":\"https:\/\/schema.org\",\"@graph\":[{\"@type\":\"WebSite\",\"@id\":\"https:\/\/www.visit-ulcinj.com\/blog\/#website\",\"url\":\"https:\/\/www.visit-ulcinj.com\/blog\/\",\"name\":\"Lajme nga Ulqini\",\"description\":\"Lajme,Vijesti,Ulqini,Ulqin,Crna Gora,Mali i Zi\",\"potentialAction\":[{\"@type\":\"SearchAction\",\"target\":{\"@type\":\"EntryPoint\",\"urlTemplate\":\"https:\/\/www.visit-ulcinj.com\/blog\/?s={search_term_string}\"},\"query-input\":\"required name=search_term_string\"}],\"inLanguage\":\"en-US\"},{\"@type\":\"ImageObject\",\"inLanguage\":\"en-US\",\"@id\":\"https:\/\/www.visit-ulcinj.com\/blog\/2009\/06\/25\/podgoricki-advokat-zoran-piperovic-odgovorio-grupi-nvo-i-intelektualaca-ulcinja\/#primaryimage\",\"url\":\"http:\/\/www.visit-ulcinj.com\/blog\/wp-content\/uploads\/2009\/06\/PODGORI?KI-ADVOKAT-ZORAN-PIPEROVI?.jpg\",\"contentUrl\":\"http:\/\/www.visit-ulcinj.com\/blog\/wp-content\/uploads\/2009\/06\/PODGORI?KI-ADVOKAT-ZORAN-PIPEROVI?.jpg\"},{\"@type\":\"WebPage\",\"@id\":\"https:\/\/www.visit-ulcinj.com\/blog\/2009\/06\/25\/podgoricki-advokat-zoran-piperovic-odgovorio-grupi-nvo-i-intelektualaca-ulcinja\/#webpage\",\"url\":\"https:\/\/www.visit-ulcinj.com\/blog\/2009\/06\/25\/podgoricki-advokat-zoran-piperovic-odgovorio-grupi-nvo-i-intelektualaca-ulcinja\/\",\"name\":\"Podgori?ki advokat Zoran Piperovi? odgovorio grupi nvo i intelektualaca Ulcinja - Lajme nga Ulqini\",\"isPartOf\":{\"@id\":\"https:\/\/www.visit-ulcinj.com\/blog\/#website\"},\"primaryImageOfPage\":{\"@id\":\"https:\/\/www.visit-ulcinj.com\/blog\/2009\/06\/25\/podgoricki-advokat-zoran-piperovic-odgovorio-grupi-nvo-i-intelektualaca-ulcinja\/#primaryimage\"},\"datePublished\":\"2009-06-25T17:01:16+00:00\",\"dateModified\":\"2009-06-27T10:34:09+00:00\",\"author\":{\"@id\":\"https:\/\/www.visit-ulcinj.com\/blog\/#\/schema\/person\/dcab619c614d3038751c63bc2aadc06d\"},\"description\":\"Bavio sam se samo pravnim pitanjima Ulcinj - O?ekivao sam vi\u0161e od onoga \u0161to stoji u reagovanju grupe NVO i ulcinjskih intelektualaca, tim prije \u0161to\",\"breadcrumb\":{\"@id\":\"https:\/\/www.visit-ulcinj.com\/blog\/2009\/06\/25\/podgoricki-advokat-zoran-piperovic-odgovorio-grupi-nvo-i-intelektualaca-ulcinja\/#breadcrumb\"},\"inLanguage\":\"en-US\",\"potentialAction\":[{\"@type\":\"ReadAction\",\"target\":[\"https:\/\/www.visit-ulcinj.com\/blog\/2009\/06\/25\/podgoricki-advokat-zoran-piperovic-odgovorio-grupi-nvo-i-intelektualaca-ulcinja\/\"]}]},{\"@type\":\"BreadcrumbList\",\"@id\":\"https:\/\/www.visit-ulcinj.com\/blog\/2009\/06\/25\/podgoricki-advokat-zoran-piperovic-odgovorio-grupi-nvo-i-intelektualaca-ulcinja\/#breadcrumb\",\"itemListElement\":[{\"@type\":\"ListItem\",\"position\":1,\"name\":\"Podgori?ki advokat Zoran Piperovi? odgovorio grupi nvo i intelektualaca Ulcinja\"}]},{\"@type\":\"Person\",\"@id\":\"https:\/\/www.visit-ulcinj.com\/blog\/#\/schema\/person\/dcab619c614d3038751c63bc2aadc06d\",\"name\":\"ulqini\",\"sameAs\":[\"http:\/\/www.visit-ulcinj.com\"],\"url\":\"https:\/\/www.visit-ulcinj.com\/blog\/author\/admin\/\"}]}<\/script>\n<!-- \/ Yoast SEO plugin. -->","yoast_head_json":{"title":"Podgori?ki advokat Zoran Piperovi? odgovorio grupi nvo i intelektualaca Ulcinja - Lajme nga Ulqini","description":"Bavio sam se samo pravnim pitanjima Ulcinj - O?ekivao sam vi\u0161e od onoga \u0161to stoji u reagovanju grupe NVO i ulcinjskih intelektualaca, tim prije \u0161to","robots":{"index":"index","follow":"follow","max-snippet":"max-snippet:-1","max-image-preview":"max-image-preview:large","max-video-preview":"max-video-preview:-1"},"canonical":"https:\/\/www.visit-ulcinj.com\/blog\/2009\/06\/25\/podgoricki-advokat-zoran-piperovic-odgovorio-grupi-nvo-i-intelektualaca-ulcinja\/","og_locale":"en_US","og_type":"article","og_title":"Podgori?ki advokat Zoran Piperovi? odgovorio grupi nvo i intelektualaca Ulcinja - Lajme nga Ulqini","og_description":"Bavio sam se samo pravnim pitanjima Ulcinj - O?ekivao sam vi\u0161e od onoga \u0161to stoji u reagovanju grupe NVO i ulcinjskih intelektualaca, tim prije \u0161to","og_url":"https:\/\/www.visit-ulcinj.com\/blog\/2009\/06\/25\/podgoricki-advokat-zoran-piperovic-odgovorio-grupi-nvo-i-intelektualaca-ulcinja\/","og_site_name":"Lajme nga Ulqini","article_published_time":"2009-06-25T17:01:16+00:00","article_modified_time":"2009-06-27T10:34:09+00:00","og_image":[{"url":"http:\/\/www.visit-ulcinj.com\/blog\/wp-content\/uploads\/2009\/06\/PODGORI?KI-ADVOKAT-ZORAN-PIPEROVI?.jpg"}],"twitter_misc":{"Written by":"ulqini","Est. reading time":"2 minutes"},"schema":{"@context":"https:\/\/schema.org","@graph":[{"@type":"WebSite","@id":"https:\/\/www.visit-ulcinj.com\/blog\/#website","url":"https:\/\/www.visit-ulcinj.com\/blog\/","name":"Lajme nga Ulqini","description":"Lajme,Vijesti,Ulqini,Ulqin,Crna Gora,Mali i Zi","potentialAction":[{"@type":"SearchAction","target":{"@type":"EntryPoint","urlTemplate":"https:\/\/www.visit-ulcinj.com\/blog\/?s={search_term_string}"},"query-input":"required name=search_term_string"}],"inLanguage":"en-US"},{"@type":"ImageObject","inLanguage":"en-US","@id":"https:\/\/www.visit-ulcinj.com\/blog\/2009\/06\/25\/podgoricki-advokat-zoran-piperovic-odgovorio-grupi-nvo-i-intelektualaca-ulcinja\/#primaryimage","url":"http:\/\/www.visit-ulcinj.com\/blog\/wp-content\/uploads\/2009\/06\/PODGORI?KI-ADVOKAT-ZORAN-PIPEROVI?.jpg","contentUrl":"http:\/\/www.visit-ulcinj.com\/blog\/wp-content\/uploads\/2009\/06\/PODGORI?KI-ADVOKAT-ZORAN-PIPEROVI?.jpg"},{"@type":"WebPage","@id":"https:\/\/www.visit-ulcinj.com\/blog\/2009\/06\/25\/podgoricki-advokat-zoran-piperovic-odgovorio-grupi-nvo-i-intelektualaca-ulcinja\/#webpage","url":"https:\/\/www.visit-ulcinj.com\/blog\/2009\/06\/25\/podgoricki-advokat-zoran-piperovic-odgovorio-grupi-nvo-i-intelektualaca-ulcinja\/","name":"Podgori?ki advokat Zoran Piperovi? odgovorio grupi nvo i intelektualaca Ulcinja - Lajme nga Ulqini","isPartOf":{"@id":"https:\/\/www.visit-ulcinj.com\/blog\/#website"},"primaryImageOfPage":{"@id":"https:\/\/www.visit-ulcinj.com\/blog\/2009\/06\/25\/podgoricki-advokat-zoran-piperovic-odgovorio-grupi-nvo-i-intelektualaca-ulcinja\/#primaryimage"},"datePublished":"2009-06-25T17:01:16+00:00","dateModified":"2009-06-27T10:34:09+00:00","author":{"@id":"https:\/\/www.visit-ulcinj.com\/blog\/#\/schema\/person\/dcab619c614d3038751c63bc2aadc06d"},"description":"Bavio sam se samo pravnim pitanjima Ulcinj - O?ekivao sam vi\u0161e od onoga \u0161to stoji u reagovanju grupe NVO i ulcinjskih intelektualaca, tim prije \u0161to","breadcrumb":{"@id":"https:\/\/www.visit-ulcinj.com\/blog\/2009\/06\/25\/podgoricki-advokat-zoran-piperovic-odgovorio-grupi-nvo-i-intelektualaca-ulcinja\/#breadcrumb"},"inLanguage":"en-US","potentialAction":[{"@type":"ReadAction","target":["https:\/\/www.visit-ulcinj.com\/blog\/2009\/06\/25\/podgoricki-advokat-zoran-piperovic-odgovorio-grupi-nvo-i-intelektualaca-ulcinja\/"]}]},{"@type":"BreadcrumbList","@id":"https:\/\/www.visit-ulcinj.com\/blog\/2009\/06\/25\/podgoricki-advokat-zoran-piperovic-odgovorio-grupi-nvo-i-intelektualaca-ulcinja\/#breadcrumb","itemListElement":[{"@type":"ListItem","position":1,"name":"Podgori?ki advokat Zoran Piperovi? odgovorio grupi nvo i intelektualaca Ulcinja"}]},{"@type":"Person","@id":"https:\/\/www.visit-ulcinj.com\/blog\/#\/schema\/person\/dcab619c614d3038751c63bc2aadc06d","name":"ulqini","sameAs":["http:\/\/www.visit-ulcinj.com"],"url":"https:\/\/www.visit-ulcinj.com\/blog\/author\/admin\/"}]}},"jetpack_featured_media_url":"","jetpack_sharing_enabled":true,"jetpack_shortlink":"https:\/\/wp.me\/pe6lTn-640","_links":{"self":[{"href":"https:\/\/www.visit-ulcinj.com\/blog\/wp-json\/wp\/v2\/posts\/23312"}],"collection":[{"href":"https:\/\/www.visit-ulcinj.com\/blog\/wp-json\/wp\/v2\/posts"}],"about":[{"href":"https:\/\/www.visit-ulcinj.com\/blog\/wp-json\/wp\/v2\/types\/post"}],"author":[{"embeddable":true,"href":"https:\/\/www.visit-ulcinj.com\/blog\/wp-json\/wp\/v2\/users\/1"}],"replies":[{"embeddable":true,"href":"https:\/\/www.visit-ulcinj.com\/blog\/wp-json\/wp\/v2\/comments?post=23312"}],"version-history":[{"count":0,"href":"https:\/\/www.visit-ulcinj.com\/blog\/wp-json\/wp\/v2\/posts\/23312\/revisions"}],"wp:attachment":[{"href":"https:\/\/www.visit-ulcinj.com\/blog\/wp-json\/wp\/v2\/media?parent=23312"}],"wp:term":[{"taxonomy":"category","embeddable":true,"href":"https:\/\/www.visit-ulcinj.com\/blog\/wp-json\/wp\/v2\/categories?post=23312"},{"taxonomy":"post_tag","embeddable":true,"href":"https:\/\/www.visit-ulcinj.com\/blog\/wp-json\/wp\/v2\/tags?post=23312"}],"curies":[{"name":"wp","href":"https:\/\/api.w.org\/{rel}","templated":true}]}}