{"id":23318,"date":"2009-06-25T19:39:44","date_gmt":"2009-06-25T17:39:44","guid":{"rendered":"http:\/\/www.visit-ulcinj.com\/blog\/?p=23318"},"modified":"2009-06-25T20:09:25","modified_gmt":"2009-06-25T18:09:25","slug":"pas-gjurmeve-te-shabtai-zvi","status":"publish","type":"post","link":"https:\/\/www.visit-ulcinj.com\/blog\/2009\/06\/25\/pas-gjurmeve-te-shabtai-zvi\/","title":{"rendered":"Pas Gjurm\u00ebve t\u00eb Shabtai Zvi"},"content":{"rendered":"<p><a href=\"http:\/\/www.visit-ulcinj.com\/blog\/wp-content\/uploads\/2009\/06\/gjuhet-e-shenjave-te-Shabtai-Zvi.jpg\"><img loading=\"lazy\" class=\"alignleft size-full wp-image-23319\" title=\"gjuhet e shenjave te Shabtai Zvi\" src=\"http:\/\/www.visit-ulcinj.com\/blog\/wp-content\/uploads\/2009\/06\/gjuhet-e-shenjave-te-Shabtai-Zvi.jpg\" alt=\"gjuhet e shenjave te Shabtai Zvi\" width=\"580\" height=\"414\" \/><\/a>Dy artist\u00eb ecin pas gjurm\u00ebve t\u00eb Shabtai Zvi, i cili p\u00ebr disa \u00ebsht\u00eb konsideruar si Mesi, e p\u00ebr disa t\u00eb tjer\u00eb si profet i rrem\u00eb. N\u00ebp\u00ebrmjet artit, Bloch dhe Levendel shfaqin gjuh\u00ebt e shenjave.<br \/>\n<a href=\"http:\/\/www.visit-ulcinj.com\/blog\/wp-content\/uploads\/2009\/06\/Nechama-Levendel-and-Nadav-Bloch.1.jpg\"><img loading=\"lazy\" class=\"alignleft size-thumbnail wp-image-23320\" title=\"Nechama Levendel and Nadav Bloch.1\" src=\"http:\/\/www.visit-ulcinj.com\/blog\/wp-content\/uploads\/2009\/06\/Nechama-Levendel-and-Nadav-Bloch.1-150x150.jpg\" alt=\"Nechama Levendel and Nadav Bloch.1\" width=\"192\" height=\"150\" \/><\/a>Nadav Bloch dhe Nechama Levendel besojn\u00eb n\u00eb shenja, n\u00ebp\u00ebrmjet t\u00eb cilave, sipas shkrimeve t\u00eb shenjta, flet Zoti.<br \/>\nK\u00ebto shenja dy artist\u00ebt izraelit\u00eb i prezantuan para publikut kosovar. \u201cOld and New \u2013 Following Shabtai Zvi\u201d titullohet ekspozita e hapur t\u00eb enjten mbr\u00ebma n\u00eb Galerin\u00eb e Arteve n\u00eb Prishtin\u00eb. T\u00eb dy artist\u00ebt izraelit\u00eb jan\u00eb munduar t\u00eb p\u00ebrdorin historin\u00eb komplekse t\u00eb Shabtai Zvi, i cili p\u00ebr disa \u00ebsht\u00eb konsideruar si Mesi, e p\u00ebr disa t\u00eb tjer\u00eb si profet i rrem\u00eb, p\u00ebr t\u00eb shpjeguar shenjat e s\u00eb tashmes.<\/p>\n<p>Subjekti i ekspozit\u00ebs \u201cOld and New &#8211; Following Shabtai Zvi\u201d lidhet ngusht\u00eb me frym\u00ebzimin p\u00ebr t\u00eb b\u00ebr\u00eb art, duke p\u00ebrfshir\u00eb n\u00eb t\u00eb ndjesin\u00eb dhe frym\u00ebn e l\u00ebn\u00eb nga Shabtai Zvi n\u00eb periudh\u00ebn e fundit t\u00eb jet\u00ebs s\u00eb tij, i cili ka jetuar n\u00eb tok\u00ebn shqiptare n\u00eb Ulqin, ku u d\u00ebnua dhe u syrgjynos prej autoriteteve turke, n\u00eb mesin e gjysm\u00ebs s\u00eb dyt\u00eb t\u00eb shekullit XVII.<a href=\"http:\/\/www.visit-ulcinj.com\/blog\/wp-content\/uploads\/2009\/06\/gjuhet-e-shenjave-te-Shabtai-Zvi.1.jpg\"><img loading=\"lazy\" class=\"alignright size-thumbnail wp-image-23321\" title=\"gjuhet e shenjave te Shabtai Zvi.1\" src=\"http:\/\/www.visit-ulcinj.com\/blog\/wp-content\/uploads\/2009\/06\/gjuhet-e-shenjave-te-Shabtai-Zvi.1-150x150.jpg\" alt=\"gjuhet e shenjave te Shabtai Zvi.1\" width=\"202\" height=\"150\" \/><\/a><br \/>\nNadav Bloch ekspozon 20 punime n\u00eb teknik\u00ebn pigment mbi materialin thes i kafes\u00eb, t\u00eb ricikluar n\u00eb Ulqin. Nechama Levendel ekspozon 23 punime pigment mbi objekte libra t\u00eb vjet\u00ebr, t\u00eb gjetura n\u00eb sht\u00ebpit\u00eb e banor\u00ebve t\u00eb Ulqinit.<\/p>\n<p>Bloch dhe Levendel kan\u00eb sjell\u00eb nj\u00eb ekspozit\u00eb t\u00eb p\u00ebrbashk\u00ebt. Punimet e secilit duken t\u00eb ndryshme, por normalisht ata jan\u00eb plot\u00ebsisht t\u00eb lidhur me nj\u00ebri-tjetrin, pik\u00ebrisht se baza e historis\u00eb, subjekteve dhe objekteve lidhet me shkrimet dhe librat. Gjith\u00eb t\u00eb tjerat burojn\u00eb pas tyre. Ata vendos\u00ebn t\u00eb jetonin dhe t\u00eb punonin n\u00eb sht\u00ebpin\u00eb e Shabtai Zvi n\u00eb Ulqin p\u00ebr dy muaj ku u ndihmuan nga nj\u00eb familje dhe nj\u00eb artist vendas. K\u00ebtu ata zbuluan historin\u00eb, subjektet dhe materialet p\u00ebr t\u00eb krijuar veprat e artit.<\/p>\n<p><a href=\"http:\/\/www.visit-ulcinj.com\/blog\/wp-content\/uploads\/2009\/06\/gjuhet-e-shenjave-te-Shabtai-Zvi.4.jpg\"><img loading=\"lazy\" class=\"alignleft size-thumbnail wp-image-23324\" title=\"gjuhet e shenjave te Shabtai Zvi.4\" src=\"http:\/\/www.visit-ulcinj.com\/blog\/wp-content\/uploads\/2009\/06\/gjuhet-e-shenjave-te-Shabtai-Zvi.4-150x150.jpg\" alt=\"gjuhet e shenjave te Shabtai Zvi.4\" width=\"150\" height=\"150\" \/><\/a>Nadav Bloch zgjodhi t\u00eb pikturoj\u00eb n\u00eb thas\u00eb t\u00eb jut\u00ebs q\u00eb p\u00ebrdoreshin p\u00ebr kafe, me iden\u00eb se rrug\u00ebt e tregtis\u00eb ishin nd\u00ebrlidhje t\u00eb kulturave, p\u00ebrmes tregimeve dhe p\u00ebrrallave t\u00eb treguara nga tregtar\u00ebt p\u00ebr m\u00ebnyr\u00ebn e jet\u00ebs, tradit\u00ebn dhe religjionin. \u201cLiteratura kabalistike inspiroi procesin e krijimit. Ngjyrat e buta sh\u00ebrbejn\u00eb si prapavij\u00eb t\u00eb disejnimit t\u00eb sferave, n\u00eb t\u00eb cilat paraqiten kombinime t\u00eb numrave dhe shkronjave t\u00eb marra nga misticizmi i Kabbalas.<\/p>\n<p><a href=\"http:\/\/www.visit-ulcinj.com\/blog\/wp-content\/uploads\/2009\/06\/gjuhet-e-shenjave-te-Shabtai-Zvi.2.jpg\"><img loading=\"lazy\" class=\"alignright size-thumbnail wp-image-23322\" title=\"gjuhet e shenjave te Shabtai Zvi.2\" src=\"http:\/\/www.visit-ulcinj.com\/blog\/wp-content\/uploads\/2009\/06\/gjuhet-e-shenjave-te-Shabtai-Zvi.2-150x150.jpg\" alt=\"gjuhet e shenjave te Shabtai Zvi.2\" width=\"185\" height=\"150\" \/><\/a>N\u00eb pun\u00ebn e tij, Bloch mundohet t\u00eb studioj\u00eb dhe interpretoj\u00eb sekretet e besimit mesianik t\u00eb krijuar nga judaizmi si p\u00ebrgj\u00ebrim p\u00ebr shpengim dhe si k\u00ebrkes\u00eb p\u00ebr dep\u00ebrtim dhe kuptim t\u00eb bot\u00ebs ton\u00eb materiale dhe shpirt\u00ebrore\u201d, k\u00ebshtu ka shkruar kritikja e artit Suzana Varvarica-Kuka. Nd\u00ebrsa Levendel paraqet objekte t\u00eb krijuara nga librat. Ajo mblodhi libra nga banor\u00ebt e vendit, t\u00eb cilave u shtoi motive t\u00eb lidhura me Shabtai Zvi dhe materiale t\u00eb tjera vendore: fasha, dyll\u00eb, qiri nga kishat, lustruese k\u00ebpuc\u00ebsh dhe k\u00ebshtu me radh\u00eb.<\/p>\n<p>\u201cLibri, i cili \u00ebsht\u00eb prezent n\u00eb shumic\u00ebn e kulturave, d\u00ebrgon mesazh material dhe shpirt\u00ebror. N\u00eb procesin e pun\u00ebs, libri humb q\u00ebllimin e vet origjinal dhe b\u00ebhet bart\u00ebs i nj\u00eb mesazhi t\u00eb ri vizual p\u00ebrtej gjuh\u00ebs dhe t\u00eb kuptuarit nga \u00e7do spektator. Libri mban sekrete.<br \/>\n<a href=\"http:\/\/www.visit-ulcinj.com\/blog\/wp-content\/uploads\/2009\/06\/gjuhet-e-shenjave-te-Shabtai-Zvi.3.jpg\"><img loading=\"lazy\" class=\"alignleft size-thumbnail wp-image-23323\" title=\"gjuhet e shenjave te Shabtai Zvi.3\" src=\"http:\/\/www.visit-ulcinj.com\/blog\/wp-content\/uploads\/2009\/06\/gjuhet-e-shenjave-te-Shabtai-Zvi.3-150x150.jpg\" alt=\"gjuhet e shenjave te Shabtai Zvi.3\" width=\"150\" height=\"150\" \/><\/a>Pun\u00ebt jan\u00eb simbolike. Secili lib\u00ebr tregon tregim unik\u201d, shkruan kritikja Varvarica-Kuka.<br \/>\nT\u00eb dy artist\u00ebt izraelit\u00eb kan\u00eb mb\u00ebrritur deri k\u00ebtu duke ndjekur gjurm\u00ebt e Shabtai Zvi. Ai ishte nj\u00eb njeri mistik, i cili praktikonte kabal\u00ebn, e cila \u00ebsht\u00eb sekreti i Bibl\u00ebs. Kabala tregon se fjal\u00ebt nuk jan\u00eb ato \u00e7far\u00eb ti lexon, por ato \u00e7far\u00eb fshihen p\u00ebrtej tyre. Shabtai Zvi zot\u00ebronte kabal\u00ebn dhe ishte mjesht\u00ebr i zb\u00ebrthimit t\u00eb fjal\u00ebve. Germat kan\u00eb fuqi t\u00eb ndryshme t\u00eb nj\u00ebjt\u00eb me kombinimin e disa letrave.<br \/>\nShabtai Zvi lindi n\u00eb Izmir dhe ishte praktikues i kabal\u00ebs q\u00eb n\u00eb mosh\u00ebn 15-vje\u00e7are. Shum\u00eb hebrenj e shihnin at\u00eb si nj\u00eb lloj Mesie duke e ndjekur kudo ai shkonte.<br \/>\nAi filloi nj\u00eb udh\u00ebtim nga Siria n\u00eb Egjipt pastaj u hodh n\u00eb Evrop\u00eb, duke u ndalur n\u00eb Holand\u00eb, Poloni, Rumani dhe p\u00ebrfundoi n\u00eb Ulqin.<a href=\"http:\/\/www.visit-ulcinj.com\/blog\/wp-content\/uploads\/2009\/06\/gjuhet-e-shenjave-te-Shabtai-Zvi.5.jpg\"><img loading=\"lazy\" class=\"alignright size-thumbnail wp-image-23325\" title=\"gjuhet e shenjave te Shabtai Zvi.5\" src=\"http:\/\/www.visit-ulcinj.com\/blog\/wp-content\/uploads\/2009\/06\/gjuhet-e-shenjave-te-Shabtai-Zvi.5-150x150.jpg\" alt=\"gjuhet e shenjave te Shabtai Zvi.5\" width=\"200\" height=\"150\" srcset=\"https:\/\/www.visit-ulcinj.com\/blog\/wp-content\/uploads\/2009\/06\/gjuhet-e-shenjave-te-Shabtai-Zvi.5-300x225.jpg 300w, https:\/\/www.visit-ulcinj.com\/blog\/wp-content\/uploads\/2009\/06\/gjuhet-e-shenjave-te-Shabtai-Zvi.5.jpg 500w\" sizes=\"(max-width: 200px) 100vw, 200px\" \/><\/a><br \/>\nFama e tij filloi t\u00eb b\u00ebhej e madhe dhe shum\u00eb njer\u00ebz vazhdonin t\u2018i bashkoheshin l\u00ebvizjes s\u00eb tij.<br \/>\nN\u00eb periudh\u00ebn kur ai u ndal n\u00eb Ulqin, ky i fundit ishte n\u00ebn pushtimin e Perandoris\u00eb Osmane. Shabtai Zvi u kap nga turqit dhe sulltani i dha dy mund\u00ebsi zgjedhjeje: vdekjen apo t\u00eb konvertohej n\u00eb mysliman.<br \/>\nShabtai Zvi vendosi t\u00eb konvertohej n\u00eb fen\u00eb islame. Ndryshoi k\u00ebshtu emrin dhe u b\u00eb nj\u00eb azilant n\u00eb Shqip\u00ebri.<\/p>\n<p><a href=\"http:\/\/www.visit-ulcinj.com\/blog\/wp-content\/uploads\/2009\/06\/varri-i-Sabatai-Zvi-ne-ulqin.jpg\"><img loading=\"lazy\" class=\"alignleft size-thumbnail wp-image-23328\" title=\"varri i Sabatai Zvi ne ulqin\" src=\"http:\/\/www.visit-ulcinj.com\/blog\/wp-content\/uploads\/2009\/06\/varri-i-Sabatai-Zvi-ne-ulqin-150x150.jpg\" alt=\"varri i Sabatai Zvi ne ulqin\" width=\"200\" height=\"191\" \/><\/a>Shabtai Zvi u vendos p\u00ebr t\u00eb jetuar n\u00eb Kalan\u00eb e Ulqinit, ku q\u00ebndroi derisa nd\u00ebrroi jet\u00eb. Shum\u00eb hebrenj e ndoq\u00ebn pas deri n\u00eb Ulqin duke besuar n\u00eb shenjat q\u00eb ai njihte. Dhe sot n\u00eb Ulqin ka shum\u00eb familje me origjin\u00eb hebraike, t\u00eb cilat kan\u00eb p\u00ebrfunduar aty pasi ndiqnin gjurm\u00ebt e tij.<br \/>\nMe kalimin e koh\u00ebs k\u00ebto familje jan\u00eb asimiluar nga shqiptar\u00ebt duke humbur identitetin e tyre, por s\u00ebrish pasardh\u00ebsit e tyre e pranojn\u00eb se kan\u00eb mb\u00ebrritur deri n\u00eb Ulqin si pasoj\u00eb e Shabtai Zvi.<br \/>\nParaardh\u00ebsit e tyre e kan\u00eb ndjekur nga Izraeli deri n\u00eb kalan\u00eb e Ulqinit prej s\u00eb cil\u00ebs ai nuk doli m\u00eb asnj\u00ebher\u00eb.<\/p>\n<p><strong>Gazeta Express<\/strong><\/p>\n<p><strong><!--YouTube Error: bad URL entered--><br \/>\n<\/strong><\/p>\n","protected":false},"excerpt":{"rendered":"<p>Dy artist\u00eb ecin pas gjurm\u00ebve t\u00eb Shabtai Zvi, i cili p\u00ebr disa \u00ebsht\u00eb konsideruar si Mesi, e p\u00ebr disa t\u00eb tjer\u00eb si profet i rrem\u00eb. N\u00ebp\u00ebrmjet artit, Bloch dhe Levendel shfaqin gjuh\u00ebt e shenjave. Nadav Bloch dhe Nechama Levendel besojn\u00eb n\u00eb shenja, n\u00ebp\u00ebrmjet t\u00eb cilave, sipas shkrimeve t\u00eb shenjta, flet Zoti. K\u00ebto shenja dy artist\u00ebt [&hellip;]<\/p>\n","protected":false},"author":1,"featured_media":0,"comment_status":"open","ping_status":"closed","sticky":false,"template":"","format":"standard","meta":{"spay_email":"","jetpack_publicize_message":"","jetpack_is_tweetstorm":false,"jetpack_publicize_feature_enabled":true},"categories":[4],"tags":[11429,11427,11425,11428,11430,11426],"jetpack_publicize_connections":[],"yoast_head":"<!-- This site is optimized with the Yoast SEO plugin v19.1 - https:\/\/yoast.com\/wordpress\/plugins\/seo\/ -->\n<title>Pas Gjurm\u00ebve t\u00eb Shabtai Zvi - Lajme nga Ulqini<\/title>\n<meta name=\"description\" content=\"Dy artist\u00eb ecin pas gjurm\u00ebve t\u00eb Shabtai Zvi, i cili p\u00ebr disa \u00ebsht\u00eb konsideruar si Mesi, e p\u00ebr disa t\u00eb tjer\u00eb si profet i rrem\u00eb. N\u00ebp\u00ebrmjet artit, Bloch dhe\" \/>\n<meta name=\"robots\" content=\"index, follow, max-snippet:-1, max-image-preview:large, max-video-preview:-1\" \/>\n<link rel=\"canonical\" href=\"https:\/\/www.visit-ulcinj.com\/blog\/2009\/06\/25\/pas-gjurmeve-te-shabtai-zvi\/\" \/>\n<meta property=\"og:locale\" content=\"en_US\" \/>\n<meta property=\"og:type\" content=\"article\" \/>\n<meta property=\"og:title\" content=\"Pas Gjurm\u00ebve t\u00eb Shabtai Zvi - Lajme nga Ulqini\" \/>\n<meta property=\"og:description\" content=\"Dy artist\u00eb ecin pas gjurm\u00ebve t\u00eb Shabtai Zvi, i cili p\u00ebr disa \u00ebsht\u00eb konsideruar si Mesi, e p\u00ebr disa t\u00eb tjer\u00eb si profet i rrem\u00eb. N\u00ebp\u00ebrmjet artit, Bloch dhe\" \/>\n<meta property=\"og:url\" content=\"https:\/\/www.visit-ulcinj.com\/blog\/2009\/06\/25\/pas-gjurmeve-te-shabtai-zvi\/\" \/>\n<meta property=\"og:site_name\" content=\"Lajme nga Ulqini\" \/>\n<meta property=\"article:published_time\" content=\"2009-06-25T17:39:44+00:00\" \/>\n<meta property=\"article:modified_time\" content=\"2009-06-25T18:09:25+00:00\" \/>\n<meta property=\"og:image\" content=\"http:\/\/www.visit-ulcinj.com\/blog\/wp-content\/uploads\/2009\/06\/gjuhet-e-shenjave-te-Shabtai-Zvi.jpg\" \/>\n<meta name=\"twitter:label1\" content=\"Written by\" \/>\n\t<meta name=\"twitter:data1\" content=\"ulqini\" \/>\n\t<meta name=\"twitter:label2\" content=\"Est. reading time\" \/>\n\t<meta name=\"twitter:data2\" content=\"5 minutes\" \/>\n<script type=\"application\/ld+json\" class=\"yoast-schema-graph\">{\"@context\":\"https:\/\/schema.org\",\"@graph\":[{\"@type\":\"WebSite\",\"@id\":\"https:\/\/www.visit-ulcinj.com\/blog\/#website\",\"url\":\"https:\/\/www.visit-ulcinj.com\/blog\/\",\"name\":\"Lajme nga Ulqini\",\"description\":\"Lajme,Vijesti,Ulqini,Ulqin,Crna Gora,Mali i Zi\",\"potentialAction\":[{\"@type\":\"SearchAction\",\"target\":{\"@type\":\"EntryPoint\",\"urlTemplate\":\"https:\/\/www.visit-ulcinj.com\/blog\/?s={search_term_string}\"},\"query-input\":\"required name=search_term_string\"}],\"inLanguage\":\"en-US\"},{\"@type\":\"ImageObject\",\"inLanguage\":\"en-US\",\"@id\":\"https:\/\/www.visit-ulcinj.com\/blog\/2009\/06\/25\/pas-gjurmeve-te-shabtai-zvi\/#primaryimage\",\"url\":\"https:\/\/www.visit-ulcinj.com\/blog\/wp-content\/uploads\/2009\/06\/gjuhet-e-shenjave-te-Shabtai-Zvi.jpg\",\"contentUrl\":\"https:\/\/www.visit-ulcinj.com\/blog\/wp-content\/uploads\/2009\/06\/gjuhet-e-shenjave-te-Shabtai-Zvi.jpg\",\"width\":\"550\",\"height\":\"414\"},{\"@type\":\"WebPage\",\"@id\":\"https:\/\/www.visit-ulcinj.com\/blog\/2009\/06\/25\/pas-gjurmeve-te-shabtai-zvi\/#webpage\",\"url\":\"https:\/\/www.visit-ulcinj.com\/blog\/2009\/06\/25\/pas-gjurmeve-te-shabtai-zvi\/\",\"name\":\"Pas Gjurm\u00ebve t\u00eb Shabtai Zvi - Lajme nga Ulqini\",\"isPartOf\":{\"@id\":\"https:\/\/www.visit-ulcinj.com\/blog\/#website\"},\"primaryImageOfPage\":{\"@id\":\"https:\/\/www.visit-ulcinj.com\/blog\/2009\/06\/25\/pas-gjurmeve-te-shabtai-zvi\/#primaryimage\"},\"datePublished\":\"2009-06-25T17:39:44+00:00\",\"dateModified\":\"2009-06-25T18:09:25+00:00\",\"author\":{\"@id\":\"https:\/\/www.visit-ulcinj.com\/blog\/#\/schema\/person\/dcab619c614d3038751c63bc2aadc06d\"},\"description\":\"Dy artist\u00eb ecin pas gjurm\u00ebve t\u00eb Shabtai Zvi, i cili p\u00ebr disa \u00ebsht\u00eb konsideruar si Mesi, e p\u00ebr disa t\u00eb tjer\u00eb si profet i rrem\u00eb. N\u00ebp\u00ebrmjet artit, Bloch dhe\",\"breadcrumb\":{\"@id\":\"https:\/\/www.visit-ulcinj.com\/blog\/2009\/06\/25\/pas-gjurmeve-te-shabtai-zvi\/#breadcrumb\"},\"inLanguage\":\"en-US\",\"potentialAction\":[{\"@type\":\"ReadAction\",\"target\":[\"https:\/\/www.visit-ulcinj.com\/blog\/2009\/06\/25\/pas-gjurmeve-te-shabtai-zvi\/\"]}]},{\"@type\":\"BreadcrumbList\",\"@id\":\"https:\/\/www.visit-ulcinj.com\/blog\/2009\/06\/25\/pas-gjurmeve-te-shabtai-zvi\/#breadcrumb\",\"itemListElement\":[{\"@type\":\"ListItem\",\"position\":1,\"name\":\"Pas Gjurm\u00ebve t\u00eb Shabtai Zvi\"}]},{\"@type\":\"Person\",\"@id\":\"https:\/\/www.visit-ulcinj.com\/blog\/#\/schema\/person\/dcab619c614d3038751c63bc2aadc06d\",\"name\":\"ulqini\",\"sameAs\":[\"http:\/\/www.visit-ulcinj.com\"],\"url\":\"https:\/\/www.visit-ulcinj.com\/blog\/author\/admin\/\"}]}<\/script>\n<!-- \/ Yoast SEO plugin. -->","yoast_head_json":{"title":"Pas Gjurm\u00ebve t\u00eb Shabtai Zvi - Lajme nga Ulqini","description":"Dy artist\u00eb ecin pas gjurm\u00ebve t\u00eb Shabtai Zvi, i cili p\u00ebr disa \u00ebsht\u00eb konsideruar si Mesi, e p\u00ebr disa t\u00eb tjer\u00eb si profet i rrem\u00eb. N\u00ebp\u00ebrmjet artit, Bloch dhe","robots":{"index":"index","follow":"follow","max-snippet":"max-snippet:-1","max-image-preview":"max-image-preview:large","max-video-preview":"max-video-preview:-1"},"canonical":"https:\/\/www.visit-ulcinj.com\/blog\/2009\/06\/25\/pas-gjurmeve-te-shabtai-zvi\/","og_locale":"en_US","og_type":"article","og_title":"Pas Gjurm\u00ebve t\u00eb Shabtai Zvi - Lajme nga Ulqini","og_description":"Dy artist\u00eb ecin pas gjurm\u00ebve t\u00eb Shabtai Zvi, i cili p\u00ebr disa \u00ebsht\u00eb konsideruar si Mesi, e p\u00ebr disa t\u00eb tjer\u00eb si profet i rrem\u00eb. N\u00ebp\u00ebrmjet artit, Bloch dhe","og_url":"https:\/\/www.visit-ulcinj.com\/blog\/2009\/06\/25\/pas-gjurmeve-te-shabtai-zvi\/","og_site_name":"Lajme nga Ulqini","article_published_time":"2009-06-25T17:39:44+00:00","article_modified_time":"2009-06-25T18:09:25+00:00","og_image":[{"url":"http:\/\/www.visit-ulcinj.com\/blog\/wp-content\/uploads\/2009\/06\/gjuhet-e-shenjave-te-Shabtai-Zvi.jpg"}],"twitter_misc":{"Written by":"ulqini","Est. reading time":"5 minutes"},"schema":{"@context":"https:\/\/schema.org","@graph":[{"@type":"WebSite","@id":"https:\/\/www.visit-ulcinj.com\/blog\/#website","url":"https:\/\/www.visit-ulcinj.com\/blog\/","name":"Lajme nga Ulqini","description":"Lajme,Vijesti,Ulqini,Ulqin,Crna Gora,Mali i Zi","potentialAction":[{"@type":"SearchAction","target":{"@type":"EntryPoint","urlTemplate":"https:\/\/www.visit-ulcinj.com\/blog\/?s={search_term_string}"},"query-input":"required name=search_term_string"}],"inLanguage":"en-US"},{"@type":"ImageObject","inLanguage":"en-US","@id":"https:\/\/www.visit-ulcinj.com\/blog\/2009\/06\/25\/pas-gjurmeve-te-shabtai-zvi\/#primaryimage","url":"https:\/\/www.visit-ulcinj.com\/blog\/wp-content\/uploads\/2009\/06\/gjuhet-e-shenjave-te-Shabtai-Zvi.jpg","contentUrl":"https:\/\/www.visit-ulcinj.com\/blog\/wp-content\/uploads\/2009\/06\/gjuhet-e-shenjave-te-Shabtai-Zvi.jpg","width":"550","height":"414"},{"@type":"WebPage","@id":"https:\/\/www.visit-ulcinj.com\/blog\/2009\/06\/25\/pas-gjurmeve-te-shabtai-zvi\/#webpage","url":"https:\/\/www.visit-ulcinj.com\/blog\/2009\/06\/25\/pas-gjurmeve-te-shabtai-zvi\/","name":"Pas Gjurm\u00ebve t\u00eb Shabtai Zvi - Lajme nga Ulqini","isPartOf":{"@id":"https:\/\/www.visit-ulcinj.com\/blog\/#website"},"primaryImageOfPage":{"@id":"https:\/\/www.visit-ulcinj.com\/blog\/2009\/06\/25\/pas-gjurmeve-te-shabtai-zvi\/#primaryimage"},"datePublished":"2009-06-25T17:39:44+00:00","dateModified":"2009-06-25T18:09:25+00:00","author":{"@id":"https:\/\/www.visit-ulcinj.com\/blog\/#\/schema\/person\/dcab619c614d3038751c63bc2aadc06d"},"description":"Dy artist\u00eb ecin pas gjurm\u00ebve t\u00eb Shabtai Zvi, i cili p\u00ebr disa \u00ebsht\u00eb konsideruar si Mesi, e p\u00ebr disa t\u00eb tjer\u00eb si profet i rrem\u00eb. N\u00ebp\u00ebrmjet artit, Bloch dhe","breadcrumb":{"@id":"https:\/\/www.visit-ulcinj.com\/blog\/2009\/06\/25\/pas-gjurmeve-te-shabtai-zvi\/#breadcrumb"},"inLanguage":"en-US","potentialAction":[{"@type":"ReadAction","target":["https:\/\/www.visit-ulcinj.com\/blog\/2009\/06\/25\/pas-gjurmeve-te-shabtai-zvi\/"]}]},{"@type":"BreadcrumbList","@id":"https:\/\/www.visit-ulcinj.com\/blog\/2009\/06\/25\/pas-gjurmeve-te-shabtai-zvi\/#breadcrumb","itemListElement":[{"@type":"ListItem","position":1,"name":"Pas Gjurm\u00ebve t\u00eb Shabtai Zvi"}]},{"@type":"Person","@id":"https:\/\/www.visit-ulcinj.com\/blog\/#\/schema\/person\/dcab619c614d3038751c63bc2aadc06d","name":"ulqini","sameAs":["http:\/\/www.visit-ulcinj.com"],"url":"https:\/\/www.visit-ulcinj.com\/blog\/author\/admin\/"}]}},"jetpack_featured_media_url":"","jetpack_sharing_enabled":true,"jetpack_shortlink":"https:\/\/wp.me\/pe6lTn-646","_links":{"self":[{"href":"https:\/\/www.visit-ulcinj.com\/blog\/wp-json\/wp\/v2\/posts\/23318"}],"collection":[{"href":"https:\/\/www.visit-ulcinj.com\/blog\/wp-json\/wp\/v2\/posts"}],"about":[{"href":"https:\/\/www.visit-ulcinj.com\/blog\/wp-json\/wp\/v2\/types\/post"}],"author":[{"embeddable":true,"href":"https:\/\/www.visit-ulcinj.com\/blog\/wp-json\/wp\/v2\/users\/1"}],"replies":[{"embeddable":true,"href":"https:\/\/www.visit-ulcinj.com\/blog\/wp-json\/wp\/v2\/comments?post=23318"}],"version-history":[{"count":0,"href":"https:\/\/www.visit-ulcinj.com\/blog\/wp-json\/wp\/v2\/posts\/23318\/revisions"}],"wp:attachment":[{"href":"https:\/\/www.visit-ulcinj.com\/blog\/wp-json\/wp\/v2\/media?parent=23318"}],"wp:term":[{"taxonomy":"category","embeddable":true,"href":"https:\/\/www.visit-ulcinj.com\/blog\/wp-json\/wp\/v2\/categories?post=23318"},{"taxonomy":"post_tag","embeddable":true,"href":"https:\/\/www.visit-ulcinj.com\/blog\/wp-json\/wp\/v2\/tags?post=23318"}],"curies":[{"name":"wp","href":"https:\/\/api.w.org\/{rel}","templated":true}]}}