{"id":23332,"date":"2009-06-26T15:25:51","date_gmt":"2009-06-26T13:25:51","guid":{"rendered":"http:\/\/www.visit-ulcinj.com\/blog\/?p=23332"},"modified":"2009-06-27T12:31:15","modified_gmt":"2009-06-27T10:31:15","slug":"odgovor-opstine-ulcinj-forci","status":"publish","type":"post","link":"https:\/\/www.visit-ulcinj.com\/blog\/2009\/06\/26\/odgovor-opstine-ulcinj-forci\/","title":{"rendered":"Odgovor op\u0161tine Ulcinj Forci"},"content":{"rendered":"<p><strong><a href=\"http:\/\/www.visit-ulcinj.com\/blog\/wp-content\/uploads\/2009\/06\/op\u0161tina-Ulcinj.jpg\"><img loading=\"lazy\" class=\"alignleft size-full wp-image-23333\" title=\"op\u0161tina Ulcinj\" src=\"http:\/\/www.visit-ulcinj.com\/blog\/wp-content\/uploads\/2009\/06\/op\u0161tina-Ulcinj.jpg\" alt=\"op\u0161tina Ulcinj\" width=\"322\" height=\"257\" \/><\/a>Nije sve tako crno<\/strong><br \/>\nUlcinj \u2013 \u201eUmjesto da nas na svakoj konferenciji za \u0161tampu neosnovano optu\u017euju za java\u0161luk i nesposobnost poku\u0161avaju?i da steknu jeftine politi?ke poene, ?elnici Force mogli bi da poka\u017eu makar malo dobre volje i konsultivnim predlozima pomognu da rije\u0161imo probleme kojih, ne krijemo, ima\u201d, navodi se u reagovanju ulcinjskog Sekretarijata za bud\u017eet i finansije na tekst \u201eNi centa u gradskoj kasi\u201c, objavljenom u prekju?era\u0161njim \u201eVijestima\u201c.<br \/>\nDadaje se da u Op\u0161tini znaju da stanje nije sjajno i poku\u0161avaju da probleme rije\u0161e na najbolji mogu?i na?in.<br \/>\n\u201cBilo bi iluzorno o?ekivati da je ulcinjska op\u0161tina bez problema, ako se zna da kriza trese dr\u017eavu i cijelu planetu. Krizu jedino ne vide, ni ne pominju ?elnici Force, ali mi dobro znamo iz kojih to razloga ne ?ine. Znamo tako?e da i oni osje?aju posljedice krize, a posebno njihovi radnici. No, po njihovoj pri?i, reklo bi se da im kriza odgovara i da tako u\u017eivaju u njoj\u201d, isti?e se u reagovanju.<br \/>\nOcjenjuje se da situacija, ipak, nije tako crna kako je vidi Forca.<br \/>\n\u201c?injenice govore ne\u0161to drugo, a samo daltonisti svijet vide u crno-bijeloj boji. Znamo da svijet nije crno-bijeli i da nije dobro kad ?ovjek javno ispri?a svoje snove\u201d, pi\u0161e u reagovanju u kome se tvrdi da ?e vlast ispuniti sva data obe?anja.<br \/>\n\u201cNeki su projekti zavr\u0161eni, po?inje realizacija drugih, a tre?i su u pripremi. Forci to ne ide u prilog i zbog toga je sva pri?a\u201d, zaklju?uje se u reagovanju<\/p>\n<p><strong>S.A.<br \/>\n<a href=\"http:\/\/www.vijesti.cg.yu\/index.php?id_pre=308544&amp;godina=2009\" target=\"_blank\">Vijesti<br \/>\n<a href=\"http:\/\/www.visit-ulcinj.com\/blog\/wp-content\/uploads\/2009\/06\/Radio-Televizja-Crne-Gore_logo1.png\"><img loading=\"lazy\" class=\"alignleft size-full wp-image-23372\" title=\"Radio Televizja Crne Gore_logo\" src=\"http:\/\/www.visit-ulcinj.com\/blog\/wp-content\/uploads\/2009\/06\/Radio-Televizja-Crne-Gore_logo1.png\" alt=\"Radio Televizja Crne Gore_logo\" width=\"200\" height=\"90\" \/><\/a><\/a><\/strong><\/p>\n<p><strong>[flv width=&#8221;580&#8243; height=&#8221;400&#8243;]http:\/\/www.rtcg.me\/images\/biblioteka\/audio_video_arhiva\/Otvoreno%20-%20Investicije.flv[\/flv]<br \/>\n<\/strong><\/p>\n<p><strong><br \/>\n<\/strong><\/p>\n","protected":false},"excerpt":{"rendered":"<p>Nije sve tako crno Ulcinj \u2013 \u201eUmjesto da nas na svakoj konferenciji za \u0161tampu neosnovano optu\u017euju za java\u0161luk i nesposobnost poku\u0161avaju?i da steknu jeftine politi?ke poene, ?elnici Force mogli bi da poka\u017eu makar malo dobre volje i konsultivnim predlozima pomognu da rije\u0161imo probleme kojih, ne krijemo, ima\u201d, navodi se u reagovanju ulcinjskog Sekretarijata za bud\u017eet [&hellip;]<\/p>\n","protected":false},"author":1,"featured_media":0,"comment_status":"open","ping_status":"closed","sticky":false,"template":"","format":"standard","meta":{"spay_email":"","jetpack_publicize_message":"","jetpack_is_tweetstorm":false,"jetpack_publicize_feature_enabled":true},"categories":[8337],"tags":[11431,264,11432],"jetpack_publicize_connections":[],"yoast_head":"<!-- This site is optimized with the Yoast SEO plugin v19.1 - https:\/\/yoast.com\/wordpress\/plugins\/seo\/ -->\n<title>Odgovor op\u0161tine Ulcinj Forci - Lajme nga Ulqini<\/title>\n<meta name=\"description\" content=\"Nije sve tako crno Ulcinj \u2013 \u201eUmjesto da nas na svakoj konferenciji za \u0161tampu neosnovano optu\u017euju za java\u0161luk i nesposobnost poku\u0161avaju?i da steknu jeftine\" \/>\n<meta name=\"robots\" content=\"index, follow, max-snippet:-1, max-image-preview:large, max-video-preview:-1\" \/>\n<link rel=\"canonical\" href=\"https:\/\/www.visit-ulcinj.com\/blog\/2009\/06\/26\/odgovor-opstine-ulcinj-forci\/\" \/>\n<meta property=\"og:locale\" content=\"en_US\" \/>\n<meta property=\"og:type\" content=\"article\" \/>\n<meta property=\"og:title\" content=\"Odgovor op\u0161tine Ulcinj Forci - Lajme nga Ulqini\" \/>\n<meta property=\"og:description\" content=\"Nije sve tako crno Ulcinj \u2013 \u201eUmjesto da nas na svakoj konferenciji za \u0161tampu neosnovano optu\u017euju za java\u0161luk i nesposobnost poku\u0161avaju?i da steknu jeftine\" \/>\n<meta property=\"og:url\" content=\"https:\/\/www.visit-ulcinj.com\/blog\/2009\/06\/26\/odgovor-opstine-ulcinj-forci\/\" \/>\n<meta property=\"og:site_name\" content=\"Lajme nga Ulqini\" \/>\n<meta property=\"article:published_time\" content=\"2009-06-26T13:25:51+00:00\" \/>\n<meta property=\"article:modified_time\" content=\"2009-06-27T10:31:15+00:00\" \/>\n<meta property=\"og:image\" content=\"http:\/\/www.visit-ulcinj.com\/blog\/wp-content\/uploads\/2009\/06\/Radio-Televizja-Crne-Gore_logo1.png\" \/>\n<meta name=\"twitter:label1\" content=\"Written by\" \/>\n\t<meta name=\"twitter:data1\" content=\"ulqini\" \/>\n\t<meta name=\"twitter:label2\" content=\"Est. reading time\" \/>\n\t<meta name=\"twitter:data2\" content=\"1 minute\" \/>\n<script type=\"application\/ld+json\" class=\"yoast-schema-graph\">{\"@context\":\"https:\/\/schema.org\",\"@graph\":[{\"@type\":\"WebSite\",\"@id\":\"https:\/\/www.visit-ulcinj.com\/blog\/#website\",\"url\":\"https:\/\/www.visit-ulcinj.com\/blog\/\",\"name\":\"Lajme nga Ulqini\",\"description\":\"Lajme,Vijesti,Ulqini,Ulqin,Crna Gora,Mali i Zi\",\"potentialAction\":[{\"@type\":\"SearchAction\",\"target\":{\"@type\":\"EntryPoint\",\"urlTemplate\":\"https:\/\/www.visit-ulcinj.com\/blog\/?s={search_term_string}\"},\"query-input\":\"required name=search_term_string\"}],\"inLanguage\":\"en-US\"},{\"@type\":\"ImageObject\",\"inLanguage\":\"en-US\",\"@id\":\"https:\/\/www.visit-ulcinj.com\/blog\/2009\/06\/26\/odgovor-opstine-ulcinj-forci\/#primaryimage\",\"url\":\"http:\/\/www.visit-ulcinj.com\/blog\/wp-content\/uploads\/2009\/06\/Radio-Televizja-Crne-Gore_logo1.png\",\"contentUrl\":\"http:\/\/www.visit-ulcinj.com\/blog\/wp-content\/uploads\/2009\/06\/Radio-Televizja-Crne-Gore_logo1.png\"},{\"@type\":\"WebPage\",\"@id\":\"https:\/\/www.visit-ulcinj.com\/blog\/2009\/06\/26\/odgovor-opstine-ulcinj-forci\/#webpage\",\"url\":\"https:\/\/www.visit-ulcinj.com\/blog\/2009\/06\/26\/odgovor-opstine-ulcinj-forci\/\",\"name\":\"Odgovor op\u0161tine Ulcinj Forci - Lajme nga Ulqini\",\"isPartOf\":{\"@id\":\"https:\/\/www.visit-ulcinj.com\/blog\/#website\"},\"primaryImageOfPage\":{\"@id\":\"https:\/\/www.visit-ulcinj.com\/blog\/2009\/06\/26\/odgovor-opstine-ulcinj-forci\/#primaryimage\"},\"datePublished\":\"2009-06-26T13:25:51+00:00\",\"dateModified\":\"2009-06-27T10:31:15+00:00\",\"author\":{\"@id\":\"https:\/\/www.visit-ulcinj.com\/blog\/#\/schema\/person\/dcab619c614d3038751c63bc2aadc06d\"},\"description\":\"Nije sve tako crno Ulcinj \u2013 \u201eUmjesto da nas na svakoj konferenciji za \u0161tampu neosnovano optu\u017euju za java\u0161luk i nesposobnost poku\u0161avaju?i da steknu jeftine\",\"breadcrumb\":{\"@id\":\"https:\/\/www.visit-ulcinj.com\/blog\/2009\/06\/26\/odgovor-opstine-ulcinj-forci\/#breadcrumb\"},\"inLanguage\":\"en-US\",\"potentialAction\":[{\"@type\":\"ReadAction\",\"target\":[\"https:\/\/www.visit-ulcinj.com\/blog\/2009\/06\/26\/odgovor-opstine-ulcinj-forci\/\"]}]},{\"@type\":\"BreadcrumbList\",\"@id\":\"https:\/\/www.visit-ulcinj.com\/blog\/2009\/06\/26\/odgovor-opstine-ulcinj-forci\/#breadcrumb\",\"itemListElement\":[{\"@type\":\"ListItem\",\"position\":1,\"name\":\"Odgovor op\u0161tine Ulcinj Forci\"}]},{\"@type\":\"Person\",\"@id\":\"https:\/\/www.visit-ulcinj.com\/blog\/#\/schema\/person\/dcab619c614d3038751c63bc2aadc06d\",\"name\":\"ulqini\",\"sameAs\":[\"http:\/\/www.visit-ulcinj.com\"],\"url\":\"https:\/\/www.visit-ulcinj.com\/blog\/author\/admin\/\"}]}<\/script>\n<!-- \/ Yoast SEO plugin. -->","yoast_head_json":{"title":"Odgovor op\u0161tine Ulcinj Forci - Lajme nga Ulqini","description":"Nije sve tako crno Ulcinj \u2013 \u201eUmjesto da nas na svakoj konferenciji za \u0161tampu neosnovano optu\u017euju za java\u0161luk i nesposobnost poku\u0161avaju?i da steknu jeftine","robots":{"index":"index","follow":"follow","max-snippet":"max-snippet:-1","max-image-preview":"max-image-preview:large","max-video-preview":"max-video-preview:-1"},"canonical":"https:\/\/www.visit-ulcinj.com\/blog\/2009\/06\/26\/odgovor-opstine-ulcinj-forci\/","og_locale":"en_US","og_type":"article","og_title":"Odgovor op\u0161tine Ulcinj Forci - Lajme nga Ulqini","og_description":"Nije sve tako crno Ulcinj \u2013 \u201eUmjesto da nas na svakoj konferenciji za \u0161tampu neosnovano optu\u017euju za java\u0161luk i nesposobnost poku\u0161avaju?i da steknu jeftine","og_url":"https:\/\/www.visit-ulcinj.com\/blog\/2009\/06\/26\/odgovor-opstine-ulcinj-forci\/","og_site_name":"Lajme nga Ulqini","article_published_time":"2009-06-26T13:25:51+00:00","article_modified_time":"2009-06-27T10:31:15+00:00","og_image":[{"url":"http:\/\/www.visit-ulcinj.com\/blog\/wp-content\/uploads\/2009\/06\/Radio-Televizja-Crne-Gore_logo1.png"}],"twitter_misc":{"Written by":"ulqini","Est. reading time":"1 minute"},"schema":{"@context":"https:\/\/schema.org","@graph":[{"@type":"WebSite","@id":"https:\/\/www.visit-ulcinj.com\/blog\/#website","url":"https:\/\/www.visit-ulcinj.com\/blog\/","name":"Lajme nga Ulqini","description":"Lajme,Vijesti,Ulqini,Ulqin,Crna Gora,Mali i Zi","potentialAction":[{"@type":"SearchAction","target":{"@type":"EntryPoint","urlTemplate":"https:\/\/www.visit-ulcinj.com\/blog\/?s={search_term_string}"},"query-input":"required name=search_term_string"}],"inLanguage":"en-US"},{"@type":"ImageObject","inLanguage":"en-US","@id":"https:\/\/www.visit-ulcinj.com\/blog\/2009\/06\/26\/odgovor-opstine-ulcinj-forci\/#primaryimage","url":"http:\/\/www.visit-ulcinj.com\/blog\/wp-content\/uploads\/2009\/06\/Radio-Televizja-Crne-Gore_logo1.png","contentUrl":"http:\/\/www.visit-ulcinj.com\/blog\/wp-content\/uploads\/2009\/06\/Radio-Televizja-Crne-Gore_logo1.png"},{"@type":"WebPage","@id":"https:\/\/www.visit-ulcinj.com\/blog\/2009\/06\/26\/odgovor-opstine-ulcinj-forci\/#webpage","url":"https:\/\/www.visit-ulcinj.com\/blog\/2009\/06\/26\/odgovor-opstine-ulcinj-forci\/","name":"Odgovor op\u0161tine Ulcinj Forci - Lajme nga Ulqini","isPartOf":{"@id":"https:\/\/www.visit-ulcinj.com\/blog\/#website"},"primaryImageOfPage":{"@id":"https:\/\/www.visit-ulcinj.com\/blog\/2009\/06\/26\/odgovor-opstine-ulcinj-forci\/#primaryimage"},"datePublished":"2009-06-26T13:25:51+00:00","dateModified":"2009-06-27T10:31:15+00:00","author":{"@id":"https:\/\/www.visit-ulcinj.com\/blog\/#\/schema\/person\/dcab619c614d3038751c63bc2aadc06d"},"description":"Nije sve tako crno Ulcinj \u2013 \u201eUmjesto da nas na svakoj konferenciji za \u0161tampu neosnovano optu\u017euju za java\u0161luk i nesposobnost poku\u0161avaju?i da steknu jeftine","breadcrumb":{"@id":"https:\/\/www.visit-ulcinj.com\/blog\/2009\/06\/26\/odgovor-opstine-ulcinj-forci\/#breadcrumb"},"inLanguage":"en-US","potentialAction":[{"@type":"ReadAction","target":["https:\/\/www.visit-ulcinj.com\/blog\/2009\/06\/26\/odgovor-opstine-ulcinj-forci\/"]}]},{"@type":"BreadcrumbList","@id":"https:\/\/www.visit-ulcinj.com\/blog\/2009\/06\/26\/odgovor-opstine-ulcinj-forci\/#breadcrumb","itemListElement":[{"@type":"ListItem","position":1,"name":"Odgovor op\u0161tine Ulcinj Forci"}]},{"@type":"Person","@id":"https:\/\/www.visit-ulcinj.com\/blog\/#\/schema\/person\/dcab619c614d3038751c63bc2aadc06d","name":"ulqini","sameAs":["http:\/\/www.visit-ulcinj.com"],"url":"https:\/\/www.visit-ulcinj.com\/blog\/author\/admin\/"}]}},"jetpack_featured_media_url":"","jetpack_sharing_enabled":true,"jetpack_shortlink":"https:\/\/wp.me\/pe6lTn-64k","_links":{"self":[{"href":"https:\/\/www.visit-ulcinj.com\/blog\/wp-json\/wp\/v2\/posts\/23332"}],"collection":[{"href":"https:\/\/www.visit-ulcinj.com\/blog\/wp-json\/wp\/v2\/posts"}],"about":[{"href":"https:\/\/www.visit-ulcinj.com\/blog\/wp-json\/wp\/v2\/types\/post"}],"author":[{"embeddable":true,"href":"https:\/\/www.visit-ulcinj.com\/blog\/wp-json\/wp\/v2\/users\/1"}],"replies":[{"embeddable":true,"href":"https:\/\/www.visit-ulcinj.com\/blog\/wp-json\/wp\/v2\/comments?post=23332"}],"version-history":[{"count":0,"href":"https:\/\/www.visit-ulcinj.com\/blog\/wp-json\/wp\/v2\/posts\/23332\/revisions"}],"wp:attachment":[{"href":"https:\/\/www.visit-ulcinj.com\/blog\/wp-json\/wp\/v2\/media?parent=23332"}],"wp:term":[{"taxonomy":"category","embeddable":true,"href":"https:\/\/www.visit-ulcinj.com\/blog\/wp-json\/wp\/v2\/categories?post=23332"},{"taxonomy":"post_tag","embeddable":true,"href":"https:\/\/www.visit-ulcinj.com\/blog\/wp-json\/wp\/v2\/tags?post=23332"}],"curies":[{"name":"wp","href":"https:\/\/api.w.org\/{rel}","templated":true}]}}