{"id":23338,"date":"2009-06-26T16:17:09","date_gmt":"2009-06-26T14:17:09","guid":{"rendered":"http:\/\/www.visit-ulcinj.com\/blog\/?p=23338"},"modified":"2009-06-28T08:49:56","modified_gmt":"2009-06-28T06:49:56","slug":"sve-vise-madara-ljetuje-u-crnoj-gori","status":"publish","type":"post","link":"https:\/\/www.visit-ulcinj.com\/blog\/2009\/06\/26\/sve-vise-madara-ljetuje-u-crnoj-gori\/","title":{"rendered":"Sve vi\u0161e Ma?ara ljetuje u Crnoj Gori"},"content":{"rendered":"<p><a href=\"http:\/\/www.visit-ulcinj.com\/blog\/wp-content\/uploads\/2009\/06\/velika-plaza_ulcinj_montenegro2.jpg\"><img loading=\"lazy\" class=\"alignleft size-full wp-image-23340\" title=\"velika plaza_ulcinj_montenegro\" src=\"http:\/\/www.visit-ulcinj.com\/blog\/wp-content\/uploads\/2009\/06\/velika-plaza_ulcinj_montenegro2.jpg\" alt=\"velika plaza_ulcinj_montenegro\" width=\"580\" height=\"352\" \/><\/a>PODGORICA &#8211; Turisti iz Ma?arske u sve ve?em broju odlu?uju da svoj odmor provedu u Crnoj Gori, saop\u0161tio je ambasador Crne Gore u Budimpe\u0161ti, Vanja Brailo.<br \/>\n\u201cNajve?i investitori u Crnoj Gori upravo su iz Ma?arske, me?u kojim su Telekom, OTP banka i Hunguest hoteli\u201d, naveo je Brailo na prezentaciji crnogorske turisti?ke ponude u Budimpe\u0161ti.<br \/>\nIz Nacionalne turisti?ke organizacije (NTO) saop\u0161teno je da je predstavljanju crnogorske ponude u turizmu, koja je organizovana u hotelu Hilton, prisustvovalo oko 40 zvanica, predstavnika turisti?kih agencija i medija. Direktor NTO CG, Sa\u0161a Radovi?, podsjetio je prisutne na pro\u0161logodi\u0161nje rezultate i predstavio diverzifikovanu turisti?ku ponudu Crne Gore, kako primorskog tako i planinskog dijela, za razli?ite ciljne grupe.<br \/>\n\u201eU Crnoj Gori se svake godine odr\u017eava veliki broj manifestacija, kao \u0161to su pu?ke sve?anosti, karnevali, muzi?ki i filmski festivali i koncerti poznatih svjetskih zvijezda, koji dodatno privla?e pa\u017enju turista\u201c, kazao je Radovi?.<br \/>\nOn je naveo da u Crnu Goru dolaze hotelski brendovi kao \u0161to su Aman resorts , Banian tree resort, Four seasons, Kempinski, Marriott i Hilton.<br \/>\nRadovi? je saop\u0161tio i da je u Crnoj Gori pobolj\u0161ana putna infrastruktura, snabdijevanje vodom, ali i cjenovna politika. Prema zvani?nim statisti?kim podacima, pro\u0161le godine je Crnu Goru posjetilo oko 30 hiljada turista iz Ma?arske, koji su ostvarili 188 hiljada no?enja.<\/p>\n<p><strong>Izvor \/ Mina-business<br \/>\n<\/strong><br \/>\n<strong>Link:  <a title=\"Accommodation Holiday House in Ulcinj-Montenegro,from 7\u20ac pers\" href=\"http:\/\/  www.visit-ulcinj.com\" target=\"_blank\"> www.visit-ulcinj.com<\/a><\/strong><\/p>\n<p><strong> <\/strong><\/p>\n<p><a title=\"Accommodation Holiday House in Ulcinj-Montenegro,from 7\u20ac pers\" href=\"http:\/\/www.visit-ulcinj.com\/ulcinj-ulqini-accommodation\/holiday-house-last-minute-ulcinj-ulqini-montenegro\/\" target=\"_blank\"><img loading=\"lazy\" title=\"ulcinj-info_holiday-in-montenegro,Ulcinj Holidays,montenegro Holidays,Simply,Holiday Rental Ulcinj, travel, Ulcinj,Ulqin,Long Beach,ada bojana, Holidays in montenegro, apartments, cottages, hotels, accommodation, information, maps, holiday, tour operators, car hire, winter,travel, holiday in ulcinj, book, flights in montenegro, booking ulcinj montenegro,holiday apartments in montenegro,beaches in montenegro,all inclusive montenegro,montenegro adriatic sea,Apartmani, Appartements, booking, buy, car, Cobi House, Estate, hire, holiday, Home, Hotel, House, Land, last minute, Montenegro, Plots, Properties, Property, Real, Realtor, rent, rental, room, Travel, Ulcinj, Ulqini, Vacation, \" src=\"http:\/\/www.visit-ulcinj.com\/blog\/wp-content\/uploads\/2009\/06\/ulcinj-info_holiday-in-montenegro.png\" alt=\"ulcinj-info_holiday-in-montenegro,Simply, travel, Ulcinj,Ulqin,Long Beach,ada bojana, Holidays in montenegro, apartments, cottages, hotels, accommodation, information, maps, holiday, tour operators, car hire, winter,travel, holiday in ulcinj, book, flights in montenegro, booking ulcinj montenegro,holiday apartments in montenegro,beaches in montenegro,all inclusive montenegro,montenegro adriatic sea,Apartmani, Appartements, booking, buy, car, Cobi House, Estate, hire, holiday, Home, Hotel, House, Land, last minute, Montenegro, Plots, Properties, Property, Real, Realtor, rent, rental, room, Travel, Ulcinj, Ulqini, Vacation, \" width=\"580\" height=\"125\" \/><\/a><\/p>\n<div><object classid=\"clsid:d27cdb6e-ae6d-11cf-96b8-444553540000\" width=\"580\" height=\"405\" codebase=\"http:\/\/download.macromedia.com\/pub\/shockwave\/cabs\/flash\/swflash.cab#version=6,0,40,0\"><param name=\"allowFullScreen\" value=\"true\" \/><param name=\"allowScriptAccess\" value=\"always\" \/><param name=\"src\" value=\"http:\/\/www.dailymotion.com\/swf\/x1yc78_copacabana-ulqiniulcinj_ads&amp;autoPlay=1&amp;related=1\" \/><param name=\"allowfullscreen\" value=\"true\" \/><\/object><\/div>\n<h3>Easyjet introduces new route from Liverpool to Dubrovnik<\/h3>\n<div>\n<div>Budget airline <strong><a href=\"http:\/\/www.easyjet.com.\/\">Easyjet<\/a><\/strong> are introducing flights from Liverpool to Dubrovnik this summer. The new route will operate three times a week &#8211; Tuesdays, Fridays and Sundays &#8211; from 2nd June to 15th September. One-way fares from \u00a326.99.<\/div>\n<\/div>\n","protected":false},"excerpt":{"rendered":"<p>PODGORICA &#8211; Turisti iz Ma?arske u sve ve?em broju odlu?uju da svoj odmor provedu u Crnoj Gori, saop\u0161tio je ambasador Crne Gore u Budimpe\u0161ti, Vanja Brailo. \u201cNajve?i investitori u Crnoj Gori upravo su iz Ma?arske, me?u kojim su Telekom, OTP banka i Hunguest hoteli\u201d, naveo je Brailo na prezentaciji crnogorske turisti?ke ponude u Budimpe\u0161ti. Iz [&hellip;]<\/p>\n","protected":false},"author":1,"featured_media":0,"comment_status":"open","ping_status":"closed","sticky":false,"template":"","format":"standard","meta":{"spay_email":"","jetpack_publicize_message":"","jetpack_is_tweetstorm":false,"jetpack_publicize_feature_enabled":true},"categories":[8337],"tags":[11439,11436,11437,11435,11433,79,11434,11438,19],"jetpack_publicize_connections":[],"yoast_head":"<!-- This site is optimized with the Yoast SEO plugin v19.1 - https:\/\/yoast.com\/wordpress\/plugins\/seo\/ -->\n<title>Sve vi\u0161e Ma?ara ljetuje u Crnoj Gori - Lajme nga Ulqini<\/title>\n<meta name=\"description\" content=\"PODGORICA - Turisti iz Ma?arske u sve ve?em broju odlu?uju da svoj odmor provedu u Crnoj Gori, saop\u0161tio je ambasador Crne Gore u Budimpe\u0161ti, Vanja Brailo.\" \/>\n<meta name=\"robots\" content=\"index, follow, max-snippet:-1, max-image-preview:large, max-video-preview:-1\" \/>\n<link rel=\"canonical\" href=\"https:\/\/www.visit-ulcinj.com\/blog\/2009\/06\/26\/sve-vise-madara-ljetuje-u-crnoj-gori\/\" \/>\n<meta property=\"og:locale\" content=\"en_US\" \/>\n<meta property=\"og:type\" content=\"article\" \/>\n<meta property=\"og:title\" content=\"Sve vi\u0161e Ma?ara ljetuje u Crnoj Gori - Lajme nga Ulqini\" \/>\n<meta property=\"og:description\" content=\"PODGORICA - Turisti iz Ma?arske u sve ve?em broju odlu?uju da svoj odmor provedu u Crnoj Gori, saop\u0161tio je ambasador Crne Gore u Budimpe\u0161ti, Vanja Brailo.\" \/>\n<meta property=\"og:url\" content=\"https:\/\/www.visit-ulcinj.com\/blog\/2009\/06\/26\/sve-vise-madara-ljetuje-u-crnoj-gori\/\" \/>\n<meta property=\"og:site_name\" content=\"Lajme nga Ulqini\" \/>\n<meta property=\"article:published_time\" content=\"2009-06-26T14:17:09+00:00\" \/>\n<meta property=\"article:modified_time\" content=\"2009-06-28T06:49:56+00:00\" \/>\n<meta property=\"og:image\" content=\"http:\/\/www.visit-ulcinj.com\/blog\/wp-content\/uploads\/2009\/06\/velika-plaza_ulcinj_montenegro2.jpg\" \/>\n<meta name=\"twitter:label1\" content=\"Written by\" \/>\n\t<meta name=\"twitter:data1\" content=\"ulqini\" \/>\n\t<meta name=\"twitter:label2\" content=\"Est. reading time\" \/>\n\t<meta name=\"twitter:data2\" content=\"1 minute\" \/>\n<script type=\"application\/ld+json\" class=\"yoast-schema-graph\">{\"@context\":\"https:\/\/schema.org\",\"@graph\":[{\"@type\":\"WebSite\",\"@id\":\"https:\/\/www.visit-ulcinj.com\/blog\/#website\",\"url\":\"https:\/\/www.visit-ulcinj.com\/blog\/\",\"name\":\"Lajme nga Ulqini\",\"description\":\"Lajme,Vijesti,Ulqini,Ulqin,Crna Gora,Mali i Zi\",\"potentialAction\":[{\"@type\":\"SearchAction\",\"target\":{\"@type\":\"EntryPoint\",\"urlTemplate\":\"https:\/\/www.visit-ulcinj.com\/blog\/?s={search_term_string}\"},\"query-input\":\"required name=search_term_string\"}],\"inLanguage\":\"en-US\"},{\"@type\":\"ImageObject\",\"inLanguage\":\"en-US\",\"@id\":\"https:\/\/www.visit-ulcinj.com\/blog\/2009\/06\/26\/sve-vise-madara-ljetuje-u-crnoj-gori\/#primaryimage\",\"url\":\"https:\/\/www.visit-ulcinj.com\/blog\/wp-content\/uploads\/2009\/06\/velika-plaza_ulcinj_montenegro2.jpg\",\"contentUrl\":\"https:\/\/www.visit-ulcinj.com\/blog\/wp-content\/uploads\/2009\/06\/velika-plaza_ulcinj_montenegro2.jpg\",\"width\":\"480\",\"height\":\"352\"},{\"@type\":\"WebPage\",\"@id\":\"https:\/\/www.visit-ulcinj.com\/blog\/2009\/06\/26\/sve-vise-madara-ljetuje-u-crnoj-gori\/#webpage\",\"url\":\"https:\/\/www.visit-ulcinj.com\/blog\/2009\/06\/26\/sve-vise-madara-ljetuje-u-crnoj-gori\/\",\"name\":\"Sve vi\u0161e Ma?ara ljetuje u Crnoj Gori - Lajme nga Ulqini\",\"isPartOf\":{\"@id\":\"https:\/\/www.visit-ulcinj.com\/blog\/#website\"},\"primaryImageOfPage\":{\"@id\":\"https:\/\/www.visit-ulcinj.com\/blog\/2009\/06\/26\/sve-vise-madara-ljetuje-u-crnoj-gori\/#primaryimage\"},\"datePublished\":\"2009-06-26T14:17:09+00:00\",\"dateModified\":\"2009-06-28T06:49:56+00:00\",\"author\":{\"@id\":\"https:\/\/www.visit-ulcinj.com\/blog\/#\/schema\/person\/dcab619c614d3038751c63bc2aadc06d\"},\"description\":\"PODGORICA - Turisti iz Ma?arske u sve ve?em broju odlu?uju da svoj odmor provedu u Crnoj Gori, saop\u0161tio je ambasador Crne Gore u Budimpe\u0161ti, Vanja Brailo.\",\"breadcrumb\":{\"@id\":\"https:\/\/www.visit-ulcinj.com\/blog\/2009\/06\/26\/sve-vise-madara-ljetuje-u-crnoj-gori\/#breadcrumb\"},\"inLanguage\":\"en-US\",\"potentialAction\":[{\"@type\":\"ReadAction\",\"target\":[\"https:\/\/www.visit-ulcinj.com\/blog\/2009\/06\/26\/sve-vise-madara-ljetuje-u-crnoj-gori\/\"]}]},{\"@type\":\"BreadcrumbList\",\"@id\":\"https:\/\/www.visit-ulcinj.com\/blog\/2009\/06\/26\/sve-vise-madara-ljetuje-u-crnoj-gori\/#breadcrumb\",\"itemListElement\":[{\"@type\":\"ListItem\",\"position\":1,\"name\":\"Sve vi\u0161e Ma?ara ljetuje u Crnoj Gori\"}]},{\"@type\":\"Person\",\"@id\":\"https:\/\/www.visit-ulcinj.com\/blog\/#\/schema\/person\/dcab619c614d3038751c63bc2aadc06d\",\"name\":\"ulqini\",\"sameAs\":[\"http:\/\/www.visit-ulcinj.com\"],\"url\":\"https:\/\/www.visit-ulcinj.com\/blog\/author\/admin\/\"}]}<\/script>\n<!-- \/ Yoast SEO plugin. -->","yoast_head_json":{"title":"Sve vi\u0161e Ma?ara ljetuje u Crnoj Gori - Lajme nga Ulqini","description":"PODGORICA - Turisti iz Ma?arske u sve ve?em broju odlu?uju da svoj odmor provedu u Crnoj Gori, saop\u0161tio je ambasador Crne Gore u Budimpe\u0161ti, Vanja Brailo.","robots":{"index":"index","follow":"follow","max-snippet":"max-snippet:-1","max-image-preview":"max-image-preview:large","max-video-preview":"max-video-preview:-1"},"canonical":"https:\/\/www.visit-ulcinj.com\/blog\/2009\/06\/26\/sve-vise-madara-ljetuje-u-crnoj-gori\/","og_locale":"en_US","og_type":"article","og_title":"Sve vi\u0161e Ma?ara ljetuje u Crnoj Gori - Lajme nga Ulqini","og_description":"PODGORICA - Turisti iz Ma?arske u sve ve?em broju odlu?uju da svoj odmor provedu u Crnoj Gori, saop\u0161tio je ambasador Crne Gore u Budimpe\u0161ti, Vanja Brailo.","og_url":"https:\/\/www.visit-ulcinj.com\/blog\/2009\/06\/26\/sve-vise-madara-ljetuje-u-crnoj-gori\/","og_site_name":"Lajme nga Ulqini","article_published_time":"2009-06-26T14:17:09+00:00","article_modified_time":"2009-06-28T06:49:56+00:00","og_image":[{"url":"http:\/\/www.visit-ulcinj.com\/blog\/wp-content\/uploads\/2009\/06\/velika-plaza_ulcinj_montenegro2.jpg"}],"twitter_misc":{"Written by":"ulqini","Est. reading time":"1 minute"},"schema":{"@context":"https:\/\/schema.org","@graph":[{"@type":"WebSite","@id":"https:\/\/www.visit-ulcinj.com\/blog\/#website","url":"https:\/\/www.visit-ulcinj.com\/blog\/","name":"Lajme nga Ulqini","description":"Lajme,Vijesti,Ulqini,Ulqin,Crna Gora,Mali i Zi","potentialAction":[{"@type":"SearchAction","target":{"@type":"EntryPoint","urlTemplate":"https:\/\/www.visit-ulcinj.com\/blog\/?s={search_term_string}"},"query-input":"required name=search_term_string"}],"inLanguage":"en-US"},{"@type":"ImageObject","inLanguage":"en-US","@id":"https:\/\/www.visit-ulcinj.com\/blog\/2009\/06\/26\/sve-vise-madara-ljetuje-u-crnoj-gori\/#primaryimage","url":"https:\/\/www.visit-ulcinj.com\/blog\/wp-content\/uploads\/2009\/06\/velika-plaza_ulcinj_montenegro2.jpg","contentUrl":"https:\/\/www.visit-ulcinj.com\/blog\/wp-content\/uploads\/2009\/06\/velika-plaza_ulcinj_montenegro2.jpg","width":"480","height":"352"},{"@type":"WebPage","@id":"https:\/\/www.visit-ulcinj.com\/blog\/2009\/06\/26\/sve-vise-madara-ljetuje-u-crnoj-gori\/#webpage","url":"https:\/\/www.visit-ulcinj.com\/blog\/2009\/06\/26\/sve-vise-madara-ljetuje-u-crnoj-gori\/","name":"Sve vi\u0161e Ma?ara ljetuje u Crnoj Gori - Lajme nga Ulqini","isPartOf":{"@id":"https:\/\/www.visit-ulcinj.com\/blog\/#website"},"primaryImageOfPage":{"@id":"https:\/\/www.visit-ulcinj.com\/blog\/2009\/06\/26\/sve-vise-madara-ljetuje-u-crnoj-gori\/#primaryimage"},"datePublished":"2009-06-26T14:17:09+00:00","dateModified":"2009-06-28T06:49:56+00:00","author":{"@id":"https:\/\/www.visit-ulcinj.com\/blog\/#\/schema\/person\/dcab619c614d3038751c63bc2aadc06d"},"description":"PODGORICA - Turisti iz Ma?arske u sve ve?em broju odlu?uju da svoj odmor provedu u Crnoj Gori, saop\u0161tio je ambasador Crne Gore u Budimpe\u0161ti, Vanja Brailo.","breadcrumb":{"@id":"https:\/\/www.visit-ulcinj.com\/blog\/2009\/06\/26\/sve-vise-madara-ljetuje-u-crnoj-gori\/#breadcrumb"},"inLanguage":"en-US","potentialAction":[{"@type":"ReadAction","target":["https:\/\/www.visit-ulcinj.com\/blog\/2009\/06\/26\/sve-vise-madara-ljetuje-u-crnoj-gori\/"]}]},{"@type":"BreadcrumbList","@id":"https:\/\/www.visit-ulcinj.com\/blog\/2009\/06\/26\/sve-vise-madara-ljetuje-u-crnoj-gori\/#breadcrumb","itemListElement":[{"@type":"ListItem","position":1,"name":"Sve vi\u0161e Ma?ara ljetuje u Crnoj Gori"}]},{"@type":"Person","@id":"https:\/\/www.visit-ulcinj.com\/blog\/#\/schema\/person\/dcab619c614d3038751c63bc2aadc06d","name":"ulqini","sameAs":["http:\/\/www.visit-ulcinj.com"],"url":"https:\/\/www.visit-ulcinj.com\/blog\/author\/admin\/"}]}},"jetpack_featured_media_url":"","jetpack_sharing_enabled":true,"jetpack_shortlink":"https:\/\/wp.me\/pe6lTn-64q","_links":{"self":[{"href":"https:\/\/www.visit-ulcinj.com\/blog\/wp-json\/wp\/v2\/posts\/23338"}],"collection":[{"href":"https:\/\/www.visit-ulcinj.com\/blog\/wp-json\/wp\/v2\/posts"}],"about":[{"href":"https:\/\/www.visit-ulcinj.com\/blog\/wp-json\/wp\/v2\/types\/post"}],"author":[{"embeddable":true,"href":"https:\/\/www.visit-ulcinj.com\/blog\/wp-json\/wp\/v2\/users\/1"}],"replies":[{"embeddable":true,"href":"https:\/\/www.visit-ulcinj.com\/blog\/wp-json\/wp\/v2\/comments?post=23338"}],"version-history":[{"count":0,"href":"https:\/\/www.visit-ulcinj.com\/blog\/wp-json\/wp\/v2\/posts\/23338\/revisions"}],"wp:attachment":[{"href":"https:\/\/www.visit-ulcinj.com\/blog\/wp-json\/wp\/v2\/media?parent=23338"}],"wp:term":[{"taxonomy":"category","embeddable":true,"href":"https:\/\/www.visit-ulcinj.com\/blog\/wp-json\/wp\/v2\/categories?post=23338"},{"taxonomy":"post_tag","embeddable":true,"href":"https:\/\/www.visit-ulcinj.com\/blog\/wp-json\/wp\/v2\/tags?post=23338"}],"curies":[{"name":"wp","href":"https:\/\/api.w.org\/{rel}","templated":true}]}}