{"id":2334,"date":"2008-08-11T14:12:45","date_gmt":"2008-08-11T19:12:45","guid":{"rendered":"http:\/\/www.visit-ulcinj.com\/blog\/?p=2334"},"modified":"2008-08-11T14:12:45","modified_gmt":"2008-08-11T19:12:45","slug":"denohen-me-mbi-50-vjet-burgim-te-akuzuarit-nga-malesia","status":"publish","type":"post","link":"https:\/\/www.visit-ulcinj.com\/blog\/2008\/08\/11\/denohen-me-mbi-50-vjet-burgim-te-akuzuarit-nga-malesia\/","title":{"rendered":"D\u00ebnohen me mbi 50 vjet burgim t\u00eb akuzuarit nga Mal\u00ebsia"},"content":{"rendered":"<p><a href=\"http:\/\/www.kohajavore.cg.yu\/slike\/1218441590.jpg\"><img loading=\"lazy\" class=\"alignleft\" title=\"D\u00ebnohen me mbi 50 vjet burgim t\u00eb akuzuarit nga Mal\u00ebsia\" src=\"http:\/\/www.kohajavore.cg.yu\/slike\/1218441590.jpg\" alt=\"\" width=\"290\" height=\"139\" \/><\/a>Podgoric\u00eb &#8211; Gjykata e Lart\u00eb e Podgoric\u00ebs d\u00ebnoi me mbi 50 vjet burg grupin prej 17 personash t\u00eb komunitetit shqiptar nga Mal\u00ebsia t\u00eb akuzuar p\u00ebr terroriz\u00ebm dhe krim t\u00eb organizuar. Trupi gjykues i kryesuar nga gjyqtari Ivica Stankoviq i shpalli fajtor\u00eb t\u00eb pandehurit p\u00ebr c\u00ebnimin e rendit kushtetues t\u00eb Malit t\u00eb Zi me akte terroriste.<br \/>\nShumica e t\u00eb pandehurve u d\u00ebnuan me 3 deri 6 vjet burg, kurse 5 prej tyre me gjasht\u00eb muaj, me akuz\u00ebn p\u00ebr arm\u00ebmbajtje pa leje.Trupi gjykues hoqi masat e paraburgimit dhe t\u00eb gjith\u00eb u liruan deri n\u00eb hyrjen n\u00eb fuqi t\u00eb vendimit p\u00ebrve\u00e7 t\u00eb pandehurit shqiptaro-amerikan Dod\u00eb Lucaj, i cili vazhdon t\u00eb mbahet n\u00eb arrest p\u00ebr shkaqe sigurie, si\u00e7 tha gjykata.<br \/>\nP\u00ebrfaq\u00ebsuesi i &#8220;Komisionit p\u00ebr t\u00eb drejtat e njeriut dhe mbrojtjen e pakicave&#8221;, Muhamed Gjokaj, i cili b\u00ebri monitorimin e procesit gjyq\u00ebsor i tha &#8220;Z\u00ebrit t\u00eb Amerik\u00ebs&#8221; se vendimi \u00ebsht\u00eb i nj\u00ebansh\u00ebm dhe politikisht i motivuar: &#8220;Jemi t\u00eb mendimit se q\u00eb nga fillimi procesi ishte politikisht i motivuar, ashtu edhe vendimi i gjykat\u00ebs, i cili ishte i p\u00ebrb\u00ebr\u00eb nga tre an\u00ebtar\u00eb q\u00eb do t\u00eb thot\u00eb se e shkel\u00eb vet rendin dhe rregulloren e gjyqit q\u00eb duhet t\u00eb ishin pes\u00eb, e ka marr\u00eb nj\u00eb vendim pothuajse t\u00ebr\u00ebsisht t\u00eb motivuar politikisht duke i shpall\u00eb t\u00eb gjith\u00eb t\u00eb akuzuarit fajtor\u00eb&#8221;.<br \/>\nEdhe deputeti nga radh\u00ebt e partive politike shqiptare n\u00eb parlamentin e Malit t\u00eb Zi,Vasel Sinishtaj, shpreh t\u00eb nj\u00ebjtin vler\u00ebsim duke theksuar se aktgjykimi nuk kishte mb\u00ebshtetje n\u00eb prova. &#8220;Aktgjykimi \u00ebsht\u00eb mb\u00ebshtetur n\u00eb ditarin e Anton Sinishtaj ,n\u00eb baz\u00eb t\u00eb raportit t\u00eb kalimeve legale t\u00eb pik\u00ebs kufitare dhe n\u00eb baz\u00eb t\u00eb p\u00ebrgjimeve telefonike.T\u00eb gjitha k\u00ebto jan\u00eb jasht\u00eb ligjit dhe kushtetut\u00ebs s\u00eb Malit t\u00eb Zi&#8221;, &#8211; tha z.Sinishtaj.<br \/>\nGrupi i personave n\u00eb fjal\u00eb, mes tyre edhe tre shtetas amerikan\u00eb me prejardhje shqiptare, u arrestuan m\u00eb 9 shtator 2006, nj\u00eb dit\u00eb para zgjedhjeve lokale dhe parlamentare n\u00eb Mal t\u00eb Zi. Ata u akuzuan p\u00ebr bashk\u00ebpunim me struktura t\u00eb U\u00c7K-s\u00eb p\u00ebr nxitje t\u00eb luft\u00ebs n\u00eb Mal\u00ebsi dhe n\u00eb Mal t\u00eb Zi.T\u00eb gjith\u00eb t\u00eb arrestuarit e mohuan akuz\u00ebn nd\u00ebrsa procesin gjyq\u00ebsor e cil\u00ebsuan si t\u00eb montuar dhe politikisht t\u00eb motivuar.<br \/>\n<strong>a.s.<br \/>\nBurimi \/ Koha Javore<\/strong><\/p>\n","protected":false},"excerpt":{"rendered":"<p><img loading=\"lazy\" class=\"alignleft\" title=\"D\u00ebnohen me mbi 50 vjet burgim t\u00eb akuzuarit nga Mal\u00ebsia\" src=\"http:\/\/www.kohajavore.cg.yu\/slike\/1218441590.jpg\" alt=\"\" width=\"140\" height=\"140\" \/><\/p>\n","protected":false},"author":1,"featured_media":0,"comment_status":"open","ping_status":"closed","sticky":false,"template":"","format":"standard","meta":{"spay_email":"","jetpack_publicize_message":"","jetpack_is_tweetstorm":false,"jetpack_publicize_feature_enabled":true},"categories":[1,12],"tags":[95],"jetpack_publicize_connections":[],"yoast_head":"<!-- This site is optimized with the Yoast SEO plugin v19.1 - https:\/\/yoast.com\/wordpress\/plugins\/seo\/ -->\n<title>D\u00ebnohen me mbi 50 vjet burgim t\u00eb akuzuarit nga Mal\u00ebsia - Lajme nga Ulqini<\/title>\n<meta name=\"robots\" content=\"index, follow, max-snippet:-1, max-image-preview:large, max-video-preview:-1\" \/>\n<link rel=\"canonical\" href=\"https:\/\/www.visit-ulcinj.com\/blog\/2008\/08\/11\/denohen-me-mbi-50-vjet-burgim-te-akuzuarit-nga-malesia\/\" \/>\n<meta property=\"og:locale\" content=\"en_US\" \/>\n<meta property=\"og:type\" content=\"article\" \/>\n<meta property=\"og:title\" content=\"D\u00ebnohen me mbi 50 vjet burgim t\u00eb akuzuarit nga Mal\u00ebsia - Lajme nga Ulqini\" \/>\n<meta property=\"og:url\" content=\"https:\/\/www.visit-ulcinj.com\/blog\/2008\/08\/11\/denohen-me-mbi-50-vjet-burgim-te-akuzuarit-nga-malesia\/\" \/>\n<meta property=\"og:site_name\" content=\"Lajme nga Ulqini\" \/>\n<meta property=\"article:published_time\" content=\"2008-08-11T19:12:45+00:00\" \/>\n<meta property=\"og:image\" content=\"http:\/\/www.kohajavore.cg.yu\/slike\/1218441590.jpg\" \/>\n<meta name=\"twitter:label1\" content=\"Written by\" \/>\n\t<meta name=\"twitter:data1\" content=\"ulqini\" \/>\n\t<meta name=\"twitter:label2\" content=\"Est. reading time\" \/>\n\t<meta name=\"twitter:data2\" content=\"2 minutes\" \/>\n<script type=\"application\/ld+json\" class=\"yoast-schema-graph\">{\"@context\":\"https:\/\/schema.org\",\"@graph\":[{\"@type\":\"WebSite\",\"@id\":\"https:\/\/www.visit-ulcinj.com\/blog\/#website\",\"url\":\"https:\/\/www.visit-ulcinj.com\/blog\/\",\"name\":\"Lajme nga Ulqini\",\"description\":\"Lajme,Vijesti,Ulqini,Ulqin,Crna Gora,Mali i Zi\",\"potentialAction\":[{\"@type\":\"SearchAction\",\"target\":{\"@type\":\"EntryPoint\",\"urlTemplate\":\"https:\/\/www.visit-ulcinj.com\/blog\/?s={search_term_string}\"},\"query-input\":\"required name=search_term_string\"}],\"inLanguage\":\"en-US\"},{\"@type\":\"ImageObject\",\"inLanguage\":\"en-US\",\"@id\":\"https:\/\/www.visit-ulcinj.com\/blog\/2008\/08\/11\/denohen-me-mbi-50-vjet-burgim-te-akuzuarit-nga-malesia\/#primaryimage\",\"url\":\"http:\/\/www.kohajavore.cg.yu\/slike\/1218441590.jpg\",\"contentUrl\":\"http:\/\/www.kohajavore.cg.yu\/slike\/1218441590.jpg\"},{\"@type\":\"WebPage\",\"@id\":\"https:\/\/www.visit-ulcinj.com\/blog\/2008\/08\/11\/denohen-me-mbi-50-vjet-burgim-te-akuzuarit-nga-malesia\/#webpage\",\"url\":\"https:\/\/www.visit-ulcinj.com\/blog\/2008\/08\/11\/denohen-me-mbi-50-vjet-burgim-te-akuzuarit-nga-malesia\/\",\"name\":\"D\u00ebnohen me mbi 50 vjet burgim t\u00eb akuzuarit nga Mal\u00ebsia - Lajme nga Ulqini\",\"isPartOf\":{\"@id\":\"https:\/\/www.visit-ulcinj.com\/blog\/#website\"},\"primaryImageOfPage\":{\"@id\":\"https:\/\/www.visit-ulcinj.com\/blog\/2008\/08\/11\/denohen-me-mbi-50-vjet-burgim-te-akuzuarit-nga-malesia\/#primaryimage\"},\"datePublished\":\"2008-08-11T19:12:45+00:00\",\"dateModified\":\"2008-08-11T19:12:45+00:00\",\"author\":{\"@id\":\"https:\/\/www.visit-ulcinj.com\/blog\/#\/schema\/person\/dcab619c614d3038751c63bc2aadc06d\"},\"breadcrumb\":{\"@id\":\"https:\/\/www.visit-ulcinj.com\/blog\/2008\/08\/11\/denohen-me-mbi-50-vjet-burgim-te-akuzuarit-nga-malesia\/#breadcrumb\"},\"inLanguage\":\"en-US\",\"potentialAction\":[{\"@type\":\"ReadAction\",\"target\":[\"https:\/\/www.visit-ulcinj.com\/blog\/2008\/08\/11\/denohen-me-mbi-50-vjet-burgim-te-akuzuarit-nga-malesia\/\"]}]},{\"@type\":\"BreadcrumbList\",\"@id\":\"https:\/\/www.visit-ulcinj.com\/blog\/2008\/08\/11\/denohen-me-mbi-50-vjet-burgim-te-akuzuarit-nga-malesia\/#breadcrumb\",\"itemListElement\":[{\"@type\":\"ListItem\",\"position\":1,\"name\":\"D\u00ebnohen me mbi 50 vjet burgim t\u00eb akuzuarit nga Mal\u00ebsia\"}]},{\"@type\":\"Person\",\"@id\":\"https:\/\/www.visit-ulcinj.com\/blog\/#\/schema\/person\/dcab619c614d3038751c63bc2aadc06d\",\"name\":\"ulqini\",\"sameAs\":[\"http:\/\/www.visit-ulcinj.com\"],\"url\":\"https:\/\/www.visit-ulcinj.com\/blog\/author\/admin\/\"}]}<\/script>\n<!-- \/ Yoast SEO plugin. -->","yoast_head_json":{"title":"D\u00ebnohen me mbi 50 vjet burgim t\u00eb akuzuarit nga Mal\u00ebsia - Lajme nga Ulqini","robots":{"index":"index","follow":"follow","max-snippet":"max-snippet:-1","max-image-preview":"max-image-preview:large","max-video-preview":"max-video-preview:-1"},"canonical":"https:\/\/www.visit-ulcinj.com\/blog\/2008\/08\/11\/denohen-me-mbi-50-vjet-burgim-te-akuzuarit-nga-malesia\/","og_locale":"en_US","og_type":"article","og_title":"D\u00ebnohen me mbi 50 vjet burgim t\u00eb akuzuarit nga Mal\u00ebsia - Lajme nga Ulqini","og_url":"https:\/\/www.visit-ulcinj.com\/blog\/2008\/08\/11\/denohen-me-mbi-50-vjet-burgim-te-akuzuarit-nga-malesia\/","og_site_name":"Lajme nga Ulqini","article_published_time":"2008-08-11T19:12:45+00:00","og_image":[{"url":"http:\/\/www.kohajavore.cg.yu\/slike\/1218441590.jpg"}],"twitter_misc":{"Written by":"ulqini","Est. reading time":"2 minutes"},"schema":{"@context":"https:\/\/schema.org","@graph":[{"@type":"WebSite","@id":"https:\/\/www.visit-ulcinj.com\/blog\/#website","url":"https:\/\/www.visit-ulcinj.com\/blog\/","name":"Lajme nga Ulqini","description":"Lajme,Vijesti,Ulqini,Ulqin,Crna Gora,Mali i Zi","potentialAction":[{"@type":"SearchAction","target":{"@type":"EntryPoint","urlTemplate":"https:\/\/www.visit-ulcinj.com\/blog\/?s={search_term_string}"},"query-input":"required name=search_term_string"}],"inLanguage":"en-US"},{"@type":"ImageObject","inLanguage":"en-US","@id":"https:\/\/www.visit-ulcinj.com\/blog\/2008\/08\/11\/denohen-me-mbi-50-vjet-burgim-te-akuzuarit-nga-malesia\/#primaryimage","url":"http:\/\/www.kohajavore.cg.yu\/slike\/1218441590.jpg","contentUrl":"http:\/\/www.kohajavore.cg.yu\/slike\/1218441590.jpg"},{"@type":"WebPage","@id":"https:\/\/www.visit-ulcinj.com\/blog\/2008\/08\/11\/denohen-me-mbi-50-vjet-burgim-te-akuzuarit-nga-malesia\/#webpage","url":"https:\/\/www.visit-ulcinj.com\/blog\/2008\/08\/11\/denohen-me-mbi-50-vjet-burgim-te-akuzuarit-nga-malesia\/","name":"D\u00ebnohen me mbi 50 vjet burgim t\u00eb akuzuarit nga Mal\u00ebsia - Lajme nga Ulqini","isPartOf":{"@id":"https:\/\/www.visit-ulcinj.com\/blog\/#website"},"primaryImageOfPage":{"@id":"https:\/\/www.visit-ulcinj.com\/blog\/2008\/08\/11\/denohen-me-mbi-50-vjet-burgim-te-akuzuarit-nga-malesia\/#primaryimage"},"datePublished":"2008-08-11T19:12:45+00:00","dateModified":"2008-08-11T19:12:45+00:00","author":{"@id":"https:\/\/www.visit-ulcinj.com\/blog\/#\/schema\/person\/dcab619c614d3038751c63bc2aadc06d"},"breadcrumb":{"@id":"https:\/\/www.visit-ulcinj.com\/blog\/2008\/08\/11\/denohen-me-mbi-50-vjet-burgim-te-akuzuarit-nga-malesia\/#breadcrumb"},"inLanguage":"en-US","potentialAction":[{"@type":"ReadAction","target":["https:\/\/www.visit-ulcinj.com\/blog\/2008\/08\/11\/denohen-me-mbi-50-vjet-burgim-te-akuzuarit-nga-malesia\/"]}]},{"@type":"BreadcrumbList","@id":"https:\/\/www.visit-ulcinj.com\/blog\/2008\/08\/11\/denohen-me-mbi-50-vjet-burgim-te-akuzuarit-nga-malesia\/#breadcrumb","itemListElement":[{"@type":"ListItem","position":1,"name":"D\u00ebnohen me mbi 50 vjet burgim t\u00eb akuzuarit nga Mal\u00ebsia"}]},{"@type":"Person","@id":"https:\/\/www.visit-ulcinj.com\/blog\/#\/schema\/person\/dcab619c614d3038751c63bc2aadc06d","name":"ulqini","sameAs":["http:\/\/www.visit-ulcinj.com"],"url":"https:\/\/www.visit-ulcinj.com\/blog\/author\/admin\/"}]}},"jetpack_featured_media_url":"","jetpack_sharing_enabled":true,"jetpack_shortlink":"https:\/\/wp.me\/pe6lTn-BE","_links":{"self":[{"href":"https:\/\/www.visit-ulcinj.com\/blog\/wp-json\/wp\/v2\/posts\/2334"}],"collection":[{"href":"https:\/\/www.visit-ulcinj.com\/blog\/wp-json\/wp\/v2\/posts"}],"about":[{"href":"https:\/\/www.visit-ulcinj.com\/blog\/wp-json\/wp\/v2\/types\/post"}],"author":[{"embeddable":true,"href":"https:\/\/www.visit-ulcinj.com\/blog\/wp-json\/wp\/v2\/users\/1"}],"replies":[{"embeddable":true,"href":"https:\/\/www.visit-ulcinj.com\/blog\/wp-json\/wp\/v2\/comments?post=2334"}],"version-history":[{"count":0,"href":"https:\/\/www.visit-ulcinj.com\/blog\/wp-json\/wp\/v2\/posts\/2334\/revisions"}],"wp:attachment":[{"href":"https:\/\/www.visit-ulcinj.com\/blog\/wp-json\/wp\/v2\/media?parent=2334"}],"wp:term":[{"taxonomy":"category","embeddable":true,"href":"https:\/\/www.visit-ulcinj.com\/blog\/wp-json\/wp\/v2\/categories?post=2334"},{"taxonomy":"post_tag","embeddable":true,"href":"https:\/\/www.visit-ulcinj.com\/blog\/wp-json\/wp\/v2\/tags?post=2334"}],"curies":[{"name":"wp","href":"https:\/\/api.w.org\/{rel}","templated":true}]}}