{"id":23344,"date":"2009-06-26T21:41:19","date_gmt":"2009-06-26T19:41:19","guid":{"rendered":"http:\/\/www.visit-ulcinj.com\/blog\/?p=23344"},"modified":"2022-06-13T13:45:58","modified_gmt":"2022-06-13T12:45:58","slug":"boende-rabatt-i-ulcinj-montenegro-pa-7-e","status":"publish","type":"post","link":"https:\/\/www.visit-ulcinj.com\/blog\/2009\/06\/26\/boende-rabatt-i-ulcinj-montenegro-pa-7-e\/","title":{"rendered":"Boende rabatt i Ulcinj-Montenegro p\u00e5 7\u20ac &#8211; 10 \u20ac"},"content":{"rendered":"<p><a href=\"http:\/\/www.visit-ulcinj.com\/blog\/wp-content\/uploads\/2009\/06\/Holiday-House-in-Ulcinj-Montenegro2.jpg\"><img loading=\"lazy\" class=\"alignleft size-full wp-image-33703\" title=\"Holiday House in Ulcinj-Montenegro\" src=\"http:\/\/www.visit-ulcinj.com\/blog\/wp-content\/uploads\/2009\/06\/Holiday-House-in-Ulcinj-Montenegro2.jpg\" alt=\"\" width=\"508\" height=\"400\" \/><\/a><a href=\"http:\/\/www.visit-ulcinj.com\/\" target=\"_blank\" rel=\"noopener\"><br \/>\n<\/a><a href=\"skype:ulqinaku1?call\"><img loading=\"lazy\" class=\"alignleft size-full wp-image-3933\" src=\"http:\/\/www.visit-ulcinj.com\/blog\/wp-content\/uploads\/2013\/07\/c70e_skype.jpg\" alt=\"skype\" width=\"121\" height=\"91\" \/><\/a><\/p>\n<p><strong>Email: Holiday House@gmail.com<\/strong><\/p>\n<p>Ulcinj \u00e4r en vacker kuststaden inom r\u00e4ckh\u00e5ll f\u00f6r Ada Bojana i s\u00f6der, Black Berg och kullar i \u00f6ster och fiskehamnar och City Beach &#8220;Mali Plaza&#8221; av Ulcinj i norr.<\/p>\n<p><a href=\"http:\/\/www.visit-ulcinj.com\/\" target=\"_blank\" rel=\"noopener\">En kort promenad tar i Velika Plaza du kommer till Bukuria e Ulqinit Strand, Safari Beach, Tropicana Beach, Copacabana Beach med sitt \u00f6verfl\u00f6d av vattensporter, restauranger och sandstr\u00e4nder.<\/a><\/p>\n<p><a href=\"http:\/\/www.visit-ulcinj.com\/\" target=\"_blank\" rel=\"noopener\">Detta pittoresk promenad tar dig genom marinan, under en g\u00e5ngbro som regelbundet \u00f6ppnas f\u00f6r b\u00e5tar att passera och l\u00e4ngs den vackra esplanade bredvid b\u00e5ten kanal till v\u00e4nster och den gamla staden till h\u00f6ger.<\/a><\/p>\n<p><a href=\"http:\/\/www.visit-ulcinj.com\/\" target=\"_blank\" rel=\"noopener\">Podgorica flygplats \u00e4r en l\u00e4tt-enheten i 60-70 minuter p\u00e5 den nya motorv\u00e4gen och kan \u00e4ven n\u00e5s med t\u00e5g fr\u00e5n stationen i Bar, som \u00e4r en 20 bilf\u00e4rd fr\u00e5n l\u00e4genheten. Gr\u00e4nsen till Albanien \u00e4r ocks\u00e5 ett l\u00e4tt fordon och kan n\u00e5s inom 25 minuter.<\/a><\/p>\n<p><a href=\"http:\/\/www.visit-ulcinj.com\/\" target=\"_blank\" rel=\"noopener\">Den pittoreska muromg\u00e4rdade staden Ulcinj sj\u00e4lv stupade i historien \u00e4nd\u00e5 beh\u00e5lla sitt gamla v\u00e4rlden charm och lokala or\u00f6rda str\u00e4nder och ber\u00f6mda grottos allt inom bekv\u00e4mt g\u00e5ngavst\u00e5nd.<\/a><\/p>\n<p><a href=\"http:\/\/www.visit-ulcinj.com\/\" target=\"_blank\" rel=\"noopener\">Den Holidey House \u00e4r bel\u00e4get i ett av de vackraste delarna av (Long Beach) i Ulcinj, Montenegro. Spendera en of\u00f6rgl\u00f6mlig stund p\u00e5 The Holidey kammare och v\u00e4rlden klass beach resort som Copacabana, Safari, Tropicana, Miami och den vackra stranden i Ulcinj.The gr\u00f6na marknaden p\u00e5 20 minuters promenad avst\u00e5nd och banker eller postkontor p\u00e5 10 minuters promenad avst\u00e5nd . Alla g\u00e4ster i v\u00e5ra hus kan anv\u00e4nda parkeringsplatser framf\u00f6r huset samt terrasser p\u00e5 tv\u00e5 niv\u00e5er. V\u00e4rdarna talar albanska, montenegrinska, franska, tyska och lite engelska ocks\u00e5. M\u00f6jlighet att ordna utflykter.<\/a><\/p>\n<p><a href=\"http:\/\/www.visit-ulcinj.com\/\" target=\"_blank\" rel=\"noopener\"><strong>Avst\u00e5nd fr\u00e5n Holiday House:<br \/>\n<\/strong><\/a><\/p>\n<p>&nbsp;<\/p>\n<ul>\n<li><a href=\"http:\/\/www.visit-ulcinj.com\/\" target=\"_blank\" rel=\"noopener\">*Till strand 800 m<\/a><\/li>\n<li><a href=\"http:\/\/www.visit-ulcinj.com\/\" target=\"_blank\" rel=\"noopener\"> * Gamla stan 4 km<\/a><\/li>\n<li><a href=\"http:\/\/www.visit-ulcinj.com\/\" target=\"_blank\" rel=\"noopener\"> * Supermarket 800m<\/a><\/li>\n<li><a href=\"http:\/\/www.visit-ulcinj.com\/\" target=\"_blank\" rel=\"noopener\"> * Airport Podgorica 80 km<\/a><\/li>\n<li><a href=\"http:\/\/www.visit-ulcinj.com\/\" target=\"_blank\" rel=\"noopener\"> * Airport Tivat 140 km<\/a><\/li>\n<li><a href=\"http:\/\/www.visit-ulcinj.com\/\" target=\"_blank\" rel=\"noopener\"> * Flygplats Dubrovnik 200 km<\/a><\/li>\n<li><a href=\"http:\/\/www.visit-ulcinj.com\/\" target=\"_blank\" rel=\"noopener\"> * Flygplats Tirana ca. 200 km<\/a><\/li>\n<\/ul>\n<p><strong>Bokningar och kontakter via telefon:<\/strong><\/p>\n<p><strong>Negativt \u00e4r endast tillg\u00e4ngligt under juni och september.<br \/>\n<\/strong><\/p>\n<p><strong>Link:<a href=\"ww.visit-ulcinj.com\"> www.visit-ulcinj.com<br \/>\n<\/a><\/strong><\/p>\n\n\t\t<style type=\"text\/css\">\n\t\t\t#gallery-1 {\n\t\t\t\tmargin: auto;\n\t\t\t}\n\t\t\t#gallery-1 .gallery-item {\n\t\t\t\tfloat: left;\n\t\t\t\tmargin-top: 10px;\n\t\t\t\ttext-align: center;\n\t\t\t\twidth: 33%;\n\t\t\t}\n\t\t\t#gallery-1 img {\n\t\t\t\tborder: 2px solid #cfcfcf;\n\t\t\t}\n\t\t\t#gallery-1 .gallery-caption {\n\t\t\t\tmargin-left: 0;\n\t\t\t}\n\t\t\t\/* see gallery_shortcode() in wp-includes\/media.php *\/\n\t\t<\/style>\n\t\t<div id='gallery-1' class='gallery galleryid-23344 gallery-columns-3 gallery-size-thumbnail'><dl class='gallery-item'>\n\t\t\t<dt class='gallery-icon landscape'>\n\t\t\t\t<a href='https:\/\/www.visit-ulcinj.com\/blog\/wp-content\/uploads\/2009\/06\/Long-Beach_Ulcinj_Montenegro.1.jpg'><img width=\"150\" height=\"150\" src=\"https:\/\/www.visit-ulcinj.com\/blog\/wp-content\/uploads\/2009\/06\/Long-Beach_Ulcinj_Montenegro.1-150x150.jpg\" class=\"attachment-thumbnail size-thumbnail\" alt=\"\" loading=\"lazy\" \/><\/a>\n\t\t\t<\/dt><\/dl><dl class='gallery-item'>\n\t\t\t<dt class='gallery-icon landscape'>\n\t\t\t\t<a href='https:\/\/www.visit-ulcinj.com\/blog\/wp-content\/uploads\/2009\/06\/Holiday-House-in-Ulcinj-Montenegro2.jpg'><img width=\"150\" height=\"150\" src=\"https:\/\/www.visit-ulcinj.com\/blog\/wp-content\/uploads\/2009\/06\/Holiday-House-in-Ulcinj-Montenegro2-150x150.jpg\" class=\"attachment-thumbnail size-thumbnail\" alt=\"\" loading=\"lazy\" \/><\/a>\n\t\t\t<\/dt><\/dl><dl class='gallery-item'>\n\t\t\t<dt class='gallery-icon landscape'>\n\t\t\t\t<a href='https:\/\/www.visit-ulcinj.com\/blog\/wp-content\/uploads\/2009\/06\/holiday-house-33.jpg'><img width=\"150\" height=\"150\" src=\"https:\/\/www.visit-ulcinj.com\/blog\/wp-content\/uploads\/2009\/06\/holiday-house-33-150x150.jpg\" class=\"attachment-thumbnail size-thumbnail\" alt=\"\" loading=\"lazy\" \/><\/a>\n\t\t\t<\/dt><\/dl><br style=\"clear: both\" \/>\n\t\t<\/div>\n\n<p>&nbsp;<\/p>\n<p>&nbsp;<\/p>\n<p>&nbsp;<\/p>\n<p>&nbsp;<\/p>\n<p><a title=\"Accommodation Holiday House in Ulcinj-Montenegro,from 7\u20ac pers\" href=\"http:\/\/www.visit-ulcinj.com\/\" target=\"_blank\" rel=\"noopener\"><img loading=\"lazy\" class=\"alignleft size-full wp-image-22793\" title=\"ulcinj-info_holiday-in-montenegro,Ulcinj Holidays,montenegro Holidays,Simply,Holiday Rental Ulcinj, travel, Ulcinj,Ulqin,Long Beach,ada bojana, Holidays in montenegro, apartments, cottages, hotels, accommodation, information, maps, holiday, tour operators, car hire, winter,travel, holiday in ulcinj, book, flights in montenegro, booking ulcinj montenegro,holiday apartments in montenegro,beaches in montenegro,all inclusive montenegro,montenegro adriatic sea,Apartmani, Appartements, booking, buy, car, Cobi House, Estate, hire, holiday, Home, Hotel, House, Land, last minute, Montenegro, Plots, Properties, Property, Real, Realtor, rent, rental, room, Travel, Ulcinj, Ulqini, Vacation,A Alvesta, \u00c4lvsj\u00f6, A Anderstorp, \u00c4ngelholm, \u00c5re, A Arlanda, \u00c5rsta, \u00c5rstadal, A Avesta, B Barkarby, B\u00e5stad, B\u00e5tsk\u00e4rsn\u00e4s, Billdal, Bolln\u00e4s, Bor\u00e5s, Borgholm, Borl\u00e4nge, Br\u00e4cke, Bromma, C Charlottenberg, D Dala Husby, Dala-Floda, Danderyd, Di\u00f6, Dv\u00e4rs\u00e4tt, E Eker\u00f6, Eksj\u00f6, Enk\u00f6ping, Enskede, Eskilstuna, Esl\u00f6v, F Falkenberg, Falun, F\u00e4rjestaden, Flen, G G\u00e4vle, Gimo, Gnarp, Gotenburg, Grang\u00e4rde, Gr\u00e4smark, H H\u00e4llefors, Halmstad, Handen, H\u00e4rn\u00f6sand, H\u00e4rsl\u00f6v, Helsingborg, H\u00f6gsb\u00f6le, Hudiksvall, J J\u00f6nk\u00f6ping, K Kalmar, Karlskrona, Karlstad, Karmansbo, Kiruna, Kista, Kolsva, K\u00f6ping, K\u00f6ping, Kosta, Kristianstad, Kristinehamn, Kung\u00e4lv, L Lerum, Liding\u00f6, Lidk\u00f6ping, Lilla Edet, Link\u00f6ping, Lule\u00e5, Lund, Lysekil, M Malm\u00f6, Malm\u00f6\/Sturup, Malung, Marieholm, Mariestad, M\u00e4rsta, M\u00f6lndal, N N\u00e4s\u00e5ker, Norberg, Norrk\u00f6ping, Norrt\u00e4lje, Nyk\u00f6ping, Nyn\u00e4shamn, O Olshammar, \u00d6rebro, O Oskarshamn, \u00d6stersund, \u00d6verkalix, O Oviken, Oxel\u00f6sund, P Pite\u00e5, R R\u00e4lla, R\u00e4ttvik, Ronneby, S S\u00e4fsbyn, Sala, Salbohed, S\u00e4len, S\u00e4len, Saltsj\u00f6baden, Sandviken, S\u00e4vsj\u00f6, Sigtuna, Simrishamn, Sjuntorp, Sk\u00e5lsj\u00f6, Skara, Skellefte\u00e5, Sk\u00f6vde, Smedjebacken, S\u00f6derb\u00e4rke, S\u00f6derfors, S\u00f6derhamn, S\u00f6derk\u00f6ping, S\u00f6dert\u00e4lje, Sollentuna, Solna, Sp\u00e5nga, Stenungsund, Stockholm, Storfors, Sundby, Sundbyberg, Sundsvall, Surte, T T\u00e4by, T\u00e4llberg, Tanumshede, Tofta, Trollh\u00e4ttan, Trosa, Tyringe, U Uddeholm, Uddevalla, Ume\u00e5, Unders\u00e5ker, Uppsala, V Vadsbro, V\u00e4nersborg, Varberg, Varg\u00f6n, V\u00e4ster\u00e5s, V\u00e4stervik, V\u00e4xj\u00f6, Vetlanda, Vimmerby, Visby, Visings\u00f6, Y Ystad ,Boende Holiday, Ada Bojana, all inclusive Montenegro, l\u00e4genheter str\u00e4nder i Montenegro, en bok, bokning Ulcinj Montenegro, biluthyrning, stugor, flygningar i Montenegro, fr\u00e5n 7 \u20ac pers, hotell, semester, semesterl\u00e4genheter i Montenegro, Holiday House, semester Ulcinj, Helgdagar i Montenegro, information, Long Beach, kartor, Montenegro, Montenegro Adriatiska havet, helt enkelt, researrang\u00f6rer, resor, Ulcinj, ulqin \" src=\"http:\/\/www.visit-ulcinj.com\/blog\/wp-content\/uploads\/2009\/06\/ulcinj-info_holiday-in-montenegro.png\" alt=\"ulcinj-info_holiday-in-montenegro,Simply, travel, Ulcinj,Ulqin,Long Beach,ada bojana, Holidays in montenegro, apartments, cottages, hotels, accommodation, information, maps, holiday, tour operators, car hire, winter,travel, holiday in ulcinj, book, flights in montenegro, booking ulcinj montenegro,holiday apartments in montenegro,beaches in montenegro,all inclusive montenegro,montenegro adriatic sea,Apartmani, Appartements, booking, buy, car, Cobi House, Estate, hire, holiday, Home, Hotel, House, Land, last minute, Montenegro, Plots, Properties, Property, Real, Realtor, rent, rental, room, Travel, Ulcinj, Ulqini, Vacation, \" width=\"580\" height=\"125\" \/><\/a><\/p>\n<div><object width=\"490\" height=\"405\" classid=\"clsid:d27cdb6e-ae6d-11cf-96b8-444553540000\" codebase=\"http:\/\/download.macromedia.com\/pub\/shockwave\/cabs\/flash\/swflash.cab#version=6,0,40,0\"><param name=\"allowFullScreen\" value=\"true\" \/><param name=\"allowScriptAccess\" value=\"always\" \/><param name=\"src\" value=\"http:\/\/www.dailymotion.com\/swf\/x1yc78_copacabana-ulqiniulcinj_ads&amp;autoPlay=1&amp;related=1\" \/><param name=\"allowfullscreen\" value=\"true\" \/><param name=\"allowscriptaccess\" value=\"always\" \/><\/object><\/div>\n","protected":false},"excerpt":{"rendered":"<p>Email: Holiday House@gmail.com Ulcinj \u00e4r en vacker kuststaden inom r\u00e4ckh\u00e5ll f\u00f6r Ada Bojana i s\u00f6der, Black Berg och kullar i \u00f6ster och fiskehamnar och City Beach &#8220;Mali Plaza&#8221; av Ulcinj i norr. En kort promenad tar i Velika Plaza du kommer till Bukuria e Ulqinit Strand, Safari Beach, Tropicana Beach, Copacabana Beach med sitt \u00f6verfl\u00f6d [&hellip;]<\/p>\n","protected":false},"author":1,"featured_media":0,"comment_status":"open","ping_status":"closed","sticky":false,"template":"","format":"standard","meta":{"spay_email":"","jetpack_publicize_message":"","jetpack_is_tweetstorm":false,"jetpack_publicize_feature_enabled":true},"categories":[7679],"tags":[138,11155,11460,11444,11440,11459,11443,11442,11446,11447,11458,11452,11455,11135,11448,11143,11453,11138,11441,79,11454,11456,11457,11449,11451,11450,11445,11461,19,200],"jetpack_publicize_connections":[],"yoast_head":"<!-- This site is optimized with the Yoast SEO plugin v19.1 - https:\/\/yoast.com\/wordpress\/plugins\/seo\/ -->\n<title>Boende rabatt i Ulcinj-Montenegro p\u00e5 7\u20ac - 10 \u20ac - Lajme nga Ulqini<\/title>\n<meta name=\"description\" content=\"Email: Holiday House@gmail.com Ulcinj \u00e4r en vacker kuststaden inom r\u00e4ckh\u00e5ll f\u00f6r Ada Bojana i s\u00f6der, Black Berg och kullar i \u00f6ster och fiskehamnar och City\" \/>\n<meta name=\"robots\" content=\"index, follow, max-snippet:-1, max-image-preview:large, max-video-preview:-1\" \/>\n<link rel=\"canonical\" href=\"https:\/\/www.visit-ulcinj.com\/blog\/2009\/06\/26\/boende-rabatt-i-ulcinj-montenegro-pa-7-e\/\" \/>\n<meta property=\"og:locale\" content=\"en_US\" \/>\n<meta property=\"og:type\" content=\"article\" \/>\n<meta property=\"og:title\" content=\"Boende rabatt i Ulcinj-Montenegro p\u00e5 7\u20ac - 10 \u20ac - Lajme nga Ulqini\" \/>\n<meta property=\"og:description\" content=\"Email: Holiday House@gmail.com Ulcinj \u00e4r en vacker kuststaden inom r\u00e4ckh\u00e5ll f\u00f6r Ada Bojana i s\u00f6der, Black Berg och kullar i \u00f6ster och fiskehamnar och City\" \/>\n<meta property=\"og:url\" content=\"https:\/\/www.visit-ulcinj.com\/blog\/2009\/06\/26\/boende-rabatt-i-ulcinj-montenegro-pa-7-e\/\" \/>\n<meta property=\"og:site_name\" content=\"Lajme nga Ulqini\" \/>\n<meta property=\"article:published_time\" content=\"2009-06-26T19:41:19+00:00\" \/>\n<meta property=\"article:modified_time\" content=\"2022-06-13T12:45:58+00:00\" \/>\n<meta property=\"og:image\" content=\"https:\/\/www.visit-ulcinj.com\/blog\/wp-content\/uploads\/2009\/06\/Long-Beach_Ulcinj_Montenegro.1-150x150.jpg\" \/>\n<meta name=\"twitter:label1\" content=\"Written by\" \/>\n\t<meta name=\"twitter:data1\" content=\"ulqini\" \/>\n\t<meta name=\"twitter:label2\" content=\"Est. reading time\" \/>\n\t<meta name=\"twitter:data2\" content=\"2 minutes\" \/>\n<script type=\"application\/ld+json\" class=\"yoast-schema-graph\">{\"@context\":\"https:\/\/schema.org\",\"@graph\":[{\"@type\":\"WebSite\",\"@id\":\"https:\/\/www.visit-ulcinj.com\/blog\/#website\",\"url\":\"https:\/\/www.visit-ulcinj.com\/blog\/\",\"name\":\"Lajme nga Ulqini\",\"description\":\"Lajme,Vijesti,Ulqini,Ulqin,Crna Gora,Mali i Zi\",\"potentialAction\":[{\"@type\":\"SearchAction\",\"target\":{\"@type\":\"EntryPoint\",\"urlTemplate\":\"https:\/\/www.visit-ulcinj.com\/blog\/?s={search_term_string}\"},\"query-input\":\"required name=search_term_string\"}],\"inLanguage\":\"en-US\"},{\"@type\":\"ImageObject\",\"inLanguage\":\"en-US\",\"@id\":\"https:\/\/www.visit-ulcinj.com\/blog\/2009\/06\/26\/boende-rabatt-i-ulcinj-montenegro-pa-7-e\/#primaryimage\",\"url\":\"https:\/\/www.visit-ulcinj.com\/blog\/wp-content\/uploads\/2009\/06\/Holiday-House-in-Ulcinj-Montenegro2.jpg\",\"contentUrl\":\"https:\/\/www.visit-ulcinj.com\/blog\/wp-content\/uploads\/2009\/06\/Holiday-House-in-Ulcinj-Montenegro2.jpg\",\"width\":\"640\",\"height\":\"400\"},{\"@type\":\"WebPage\",\"@id\":\"https:\/\/www.visit-ulcinj.com\/blog\/2009\/06\/26\/boende-rabatt-i-ulcinj-montenegro-pa-7-e\/#webpage\",\"url\":\"https:\/\/www.visit-ulcinj.com\/blog\/2009\/06\/26\/boende-rabatt-i-ulcinj-montenegro-pa-7-e\/\",\"name\":\"Boende rabatt i Ulcinj-Montenegro p\u00e5 7\u20ac - 10 \u20ac - Lajme nga Ulqini\",\"isPartOf\":{\"@id\":\"https:\/\/www.visit-ulcinj.com\/blog\/#website\"},\"primaryImageOfPage\":{\"@id\":\"https:\/\/www.visit-ulcinj.com\/blog\/2009\/06\/26\/boende-rabatt-i-ulcinj-montenegro-pa-7-e\/#primaryimage\"},\"datePublished\":\"2009-06-26T19:41:19+00:00\",\"dateModified\":\"2022-06-13T12:45:58+00:00\",\"author\":{\"@id\":\"https:\/\/www.visit-ulcinj.com\/blog\/#\/schema\/person\/dcab619c614d3038751c63bc2aadc06d\"},\"description\":\"Email: Holiday House@gmail.com Ulcinj \u00e4r en vacker kuststaden inom r\u00e4ckh\u00e5ll f\u00f6r Ada Bojana i s\u00f6der, Black Berg och kullar i \u00f6ster och fiskehamnar och City\",\"breadcrumb\":{\"@id\":\"https:\/\/www.visit-ulcinj.com\/blog\/2009\/06\/26\/boende-rabatt-i-ulcinj-montenegro-pa-7-e\/#breadcrumb\"},\"inLanguage\":\"en-US\",\"potentialAction\":[{\"@type\":\"ReadAction\",\"target\":[\"https:\/\/www.visit-ulcinj.com\/blog\/2009\/06\/26\/boende-rabatt-i-ulcinj-montenegro-pa-7-e\/\"]}]},{\"@type\":\"BreadcrumbList\",\"@id\":\"https:\/\/www.visit-ulcinj.com\/blog\/2009\/06\/26\/boende-rabatt-i-ulcinj-montenegro-pa-7-e\/#breadcrumb\",\"itemListElement\":[{\"@type\":\"ListItem\",\"position\":1,\"name\":\"Boende rabatt i Ulcinj-Montenegro p\u00e5 7\u20ac &#8211; 10 \u20ac\"}]},{\"@type\":\"Person\",\"@id\":\"https:\/\/www.visit-ulcinj.com\/blog\/#\/schema\/person\/dcab619c614d3038751c63bc2aadc06d\",\"name\":\"ulqini\",\"sameAs\":[\"http:\/\/www.visit-ulcinj.com\"],\"url\":\"https:\/\/www.visit-ulcinj.com\/blog\/author\/admin\/\"}]}<\/script>\n<!-- \/ Yoast SEO plugin. -->","yoast_head_json":{"title":"Boende rabatt i Ulcinj-Montenegro p\u00e5 7\u20ac - 10 \u20ac - Lajme nga Ulqini","description":"Email: Holiday House@gmail.com Ulcinj \u00e4r en vacker kuststaden inom r\u00e4ckh\u00e5ll f\u00f6r Ada Bojana i s\u00f6der, Black Berg och kullar i \u00f6ster och fiskehamnar och City","robots":{"index":"index","follow":"follow","max-snippet":"max-snippet:-1","max-image-preview":"max-image-preview:large","max-video-preview":"max-video-preview:-1"},"canonical":"https:\/\/www.visit-ulcinj.com\/blog\/2009\/06\/26\/boende-rabatt-i-ulcinj-montenegro-pa-7-e\/","og_locale":"en_US","og_type":"article","og_title":"Boende rabatt i Ulcinj-Montenegro p\u00e5 7\u20ac - 10 \u20ac - Lajme nga Ulqini","og_description":"Email: Holiday House@gmail.com Ulcinj \u00e4r en vacker kuststaden inom r\u00e4ckh\u00e5ll f\u00f6r Ada Bojana i s\u00f6der, Black Berg och kullar i \u00f6ster och fiskehamnar och City","og_url":"https:\/\/www.visit-ulcinj.com\/blog\/2009\/06\/26\/boende-rabatt-i-ulcinj-montenegro-pa-7-e\/","og_site_name":"Lajme nga Ulqini","article_published_time":"2009-06-26T19:41:19+00:00","article_modified_time":"2022-06-13T12:45:58+00:00","og_image":[{"url":"https:\/\/www.visit-ulcinj.com\/blog\/wp-content\/uploads\/2009\/06\/Long-Beach_Ulcinj_Montenegro.1-150x150.jpg"}],"twitter_misc":{"Written by":"ulqini","Est. reading time":"2 minutes"},"schema":{"@context":"https:\/\/schema.org","@graph":[{"@type":"WebSite","@id":"https:\/\/www.visit-ulcinj.com\/blog\/#website","url":"https:\/\/www.visit-ulcinj.com\/blog\/","name":"Lajme nga Ulqini","description":"Lajme,Vijesti,Ulqini,Ulqin,Crna Gora,Mali i Zi","potentialAction":[{"@type":"SearchAction","target":{"@type":"EntryPoint","urlTemplate":"https:\/\/www.visit-ulcinj.com\/blog\/?s={search_term_string}"},"query-input":"required name=search_term_string"}],"inLanguage":"en-US"},{"@type":"ImageObject","inLanguage":"en-US","@id":"https:\/\/www.visit-ulcinj.com\/blog\/2009\/06\/26\/boende-rabatt-i-ulcinj-montenegro-pa-7-e\/#primaryimage","url":"https:\/\/www.visit-ulcinj.com\/blog\/wp-content\/uploads\/2009\/06\/Holiday-House-in-Ulcinj-Montenegro2.jpg","contentUrl":"https:\/\/www.visit-ulcinj.com\/blog\/wp-content\/uploads\/2009\/06\/Holiday-House-in-Ulcinj-Montenegro2.jpg","width":"640","height":"400"},{"@type":"WebPage","@id":"https:\/\/www.visit-ulcinj.com\/blog\/2009\/06\/26\/boende-rabatt-i-ulcinj-montenegro-pa-7-e\/#webpage","url":"https:\/\/www.visit-ulcinj.com\/blog\/2009\/06\/26\/boende-rabatt-i-ulcinj-montenegro-pa-7-e\/","name":"Boende rabatt i Ulcinj-Montenegro p\u00e5 7\u20ac - 10 \u20ac - Lajme nga Ulqini","isPartOf":{"@id":"https:\/\/www.visit-ulcinj.com\/blog\/#website"},"primaryImageOfPage":{"@id":"https:\/\/www.visit-ulcinj.com\/blog\/2009\/06\/26\/boende-rabatt-i-ulcinj-montenegro-pa-7-e\/#primaryimage"},"datePublished":"2009-06-26T19:41:19+00:00","dateModified":"2022-06-13T12:45:58+00:00","author":{"@id":"https:\/\/www.visit-ulcinj.com\/blog\/#\/schema\/person\/dcab619c614d3038751c63bc2aadc06d"},"description":"Email: Holiday House@gmail.com Ulcinj \u00e4r en vacker kuststaden inom r\u00e4ckh\u00e5ll f\u00f6r Ada Bojana i s\u00f6der, Black Berg och kullar i \u00f6ster och fiskehamnar och City","breadcrumb":{"@id":"https:\/\/www.visit-ulcinj.com\/blog\/2009\/06\/26\/boende-rabatt-i-ulcinj-montenegro-pa-7-e\/#breadcrumb"},"inLanguage":"en-US","potentialAction":[{"@type":"ReadAction","target":["https:\/\/www.visit-ulcinj.com\/blog\/2009\/06\/26\/boende-rabatt-i-ulcinj-montenegro-pa-7-e\/"]}]},{"@type":"BreadcrumbList","@id":"https:\/\/www.visit-ulcinj.com\/blog\/2009\/06\/26\/boende-rabatt-i-ulcinj-montenegro-pa-7-e\/#breadcrumb","itemListElement":[{"@type":"ListItem","position":1,"name":"Boende rabatt i Ulcinj-Montenegro p\u00e5 7\u20ac &#8211; 10 \u20ac"}]},{"@type":"Person","@id":"https:\/\/www.visit-ulcinj.com\/blog\/#\/schema\/person\/dcab619c614d3038751c63bc2aadc06d","name":"ulqini","sameAs":["http:\/\/www.visit-ulcinj.com"],"url":"https:\/\/www.visit-ulcinj.com\/blog\/author\/admin\/"}]}},"jetpack_featured_media_url":"","jetpack_sharing_enabled":true,"jetpack_shortlink":"https:\/\/wp.me\/pe6lTn-64w","_links":{"self":[{"href":"https:\/\/www.visit-ulcinj.com\/blog\/wp-json\/wp\/v2\/posts\/23344"}],"collection":[{"href":"https:\/\/www.visit-ulcinj.com\/blog\/wp-json\/wp\/v2\/posts"}],"about":[{"href":"https:\/\/www.visit-ulcinj.com\/blog\/wp-json\/wp\/v2\/types\/post"}],"author":[{"embeddable":true,"href":"https:\/\/www.visit-ulcinj.com\/blog\/wp-json\/wp\/v2\/users\/1"}],"replies":[{"embeddable":true,"href":"https:\/\/www.visit-ulcinj.com\/blog\/wp-json\/wp\/v2\/comments?post=23344"}],"version-history":[{"count":9,"href":"https:\/\/www.visit-ulcinj.com\/blog\/wp-json\/wp\/v2\/posts\/23344\/revisions"}],"predecessor-version":[{"id":106712,"href":"https:\/\/www.visit-ulcinj.com\/blog\/wp-json\/wp\/v2\/posts\/23344\/revisions\/106712"}],"wp:attachment":[{"href":"https:\/\/www.visit-ulcinj.com\/blog\/wp-json\/wp\/v2\/media?parent=23344"}],"wp:term":[{"taxonomy":"category","embeddable":true,"href":"https:\/\/www.visit-ulcinj.com\/blog\/wp-json\/wp\/v2\/categories?post=23344"},{"taxonomy":"post_tag","embeddable":true,"href":"https:\/\/www.visit-ulcinj.com\/blog\/wp-json\/wp\/v2\/tags?post=23344"}],"curies":[{"name":"wp","href":"https:\/\/api.w.org\/{rel}","templated":true}]}}