{"id":23380,"date":"2009-06-27T13:52:45","date_gmt":"2009-06-27T11:52:45","guid":{"rendered":"http:\/\/www.visit-ulcinj.com\/blog\/?p=23380"},"modified":"2009-06-27T13:53:46","modified_gmt":"2009-06-27T11:53:46","slug":"dafina-zeqiri-e-kenaqur-me-klipin-e-ri","status":"publish","type":"post","link":"https:\/\/www.visit-ulcinj.com\/blog\/2009\/06\/27\/dafina-zeqiri-e-kenaqur-me-klipin-e-ri\/","title":{"rendered":"Dafina Zeqiri e k\u00ebnaqur me klipin e ri"},"content":{"rendered":"<p><strong><a href=\"http:\/\/www.visit-ulcinj.com\/blog\/wp-content\/uploads\/2009\/06\/Dafina-Zeqiri.jpg\"><img loading=\"lazy\" class=\"alignleft size-full wp-image-23381\" title=\"Dafina Zeqiri\" src=\"http:\/\/www.visit-ulcinj.com\/blog\/wp-content\/uploads\/2009\/06\/Dafina-Zeqiri.jpg\" alt=\"Dafina Zeqiri\" width=\"580\" height=\"902\" \/><\/a>Pas klipit, pushimi i pashmangsh\u00ebm<\/strong><\/p>\n<p>Edhe nj\u00eb k\u00ebng\u00eb tjet\u00ebr me ritme verore nga k\u00ebng\u00ebtarja e mir\u00ebnjohur Dafina Zeqiri. K\u00ebsaj radhe ajo ka provuar veten edhe n\u00eb krijimin e k\u00ebng\u00ebs,<br \/>\npor duke qen\u00eb e ndihmuar edhe nga profesionist\u00ebt. P\u00ebr \u201cInfopress\u201d, Dafina ka pohuar gjithashtu edhe arsyet pse nuk do t\u00eb kemi nj\u00eb album nga<br \/>\nk\u00ebng\u00ebtarja k\u00ebsaj vere<br \/>\nNj\u00eb k\u00ebng\u00eb ritmike, ashtu sikur edhe jemi m\u00ebsuar q\u00eb t\u2019i d\u00ebgjojm\u00eb nga kjo k\u00ebng\u00ebtare, i \u00ebsht\u00eb shtuar fondit t\u00eb Dafina Zeqirit. Ajo p\u00ebr \u201cInfopress\u201d ka pohuar se kjo \u00ebsht\u00eb nj\u00eb k\u00ebng\u00eb me t\u00eb cil\u00ebn \u00ebsht\u00eb ndar\u00eb shum\u00eb e k\u00ebnaqur si nga bashk\u00ebpun\u00ebtor\u00ebt, ashtu edhe nga pritja q\u00eb i \u00ebsht\u00eb b\u00ebr\u00eb nga publiku. \u201c\u00cbsht\u00eb nj\u00eb k\u00ebng\u00eb q\u00eb i referohet m\u00eb tep\u00ebr jet\u00ebs dhe k\u00ebnaq\u00ebsive q\u00eb nj\u00eb vajz\u00eb d\u00ebshiron t\u00eb arrij. Dua t\u00eb dal\u00eb t\u00eb k\u00ebnaqem dhe nuk m\u00eb b\u00ebhet von\u00eb p\u00ebr asgj\u00eb, kjo \u00ebsht\u00eb n\u00eb p\u00ebrgjith\u00ebsi esenca e k\u00ebng\u00ebs\u201d, &#8211; pohon Dafina. Aranzhmanin e k\u00ebsaj k\u00ebnge e ka b\u00ebr\u00eb Valon Fetiu q\u00eb nj\u00ebkoh\u00ebsisht \u00ebsht\u00eb edhe bashk\u00ebpun\u00ebtor n\u00eb realizimin e k\u00ebng\u00ebve hite si\u00e7 jan\u00eb \u201cRrall\u00eb e p\u00ebr mall\u201d, \u201cDua q\u00eb ta di\u201d, \u201cI pabes\u00eb\u201d dhe hite t\u00eb tjera. Nd\u00ebrsa, Dafin\u00ebn jemi m\u00ebsuar ta shohim vet\u00ebm n\u00eb rolin e nj\u00eb k\u00ebng\u00ebtareje, ajo ka filluar q\u00eb ta provoj\u00eb veten edhe n\u00eb krijimin e k\u00ebng\u00ebve. \u201cMuzik\u00ebn e kam kompozuar un\u00eb n\u00eb bashk\u00ebpunim me Valonin\u201d, &#8211; pohon ajo. Por, nuk jan\u00eb vet\u00ebm k\u00ebta emrat q\u00eb fshihen pas k\u00ebsaj k\u00ebnge. N\u00eb fakt n\u00eb gjith\u00eb realizimin e saj fshihen nj\u00eb duzin\u00eb njer\u00ebzish, por jan\u00eb t\u00eb r\u00ebnd\u00ebsish\u00ebm t\u00eb ceken edhe krijuesit e vargjeve e q\u00eb edhe k\u00ebtu jan\u00eb dy. \u201cTekstin e kan\u00eb shkruar \u20182po2\u2019 dhe \u2018Capital T\u2019 dhe d\u00ebshiroj t\u00eb them se jam ndar\u00eb e k\u00ebnaqur shum\u00eb edhe nga vargjet q\u00eb kan\u00eb krijuar ata\u201d, &#8211; shprehet k\u00ebng\u00ebtarja. Edhe pse Dafina ka krijuar nj\u00eb bagazh t\u00eb t\u00ebr\u00eb me k\u00ebng\u00eb nga m\u00eb t\u00eb ndryshmet, adhuruesit e saj duhet t\u00eb presin edhe pak koh\u00eb derisa ajo t\u00eb jet\u00eb e gatshme p\u00ebr ta edituar nj\u00eb album. \u201cDua ta b\u00ebj nj\u00eb album, por jo t\u00eb punuar shkel e shko. Dua q\u00eb albumi im t\u00eb p\u00ebrmbaj\u00eb shum\u00eb k\u00ebng\u00eb dhe t\u00eb punuara me shum\u00eb profesionaliz\u00ebm\u201d, &#8211; pohon k\u00ebng\u00ebtarja. P\u00ebr koh\u00ebn se kur adhuruesit e saj do t\u00eb mund ta ken\u00eb n\u00eb dor\u00eb albumin, ajo vet\u00ebm \u00ebsht\u00eb e sigurt se kjo nuk do t\u00eb ndodh\u00eb k\u00ebsaj vere. Sipas Dafin\u00ebs, albumi ose do t\u00eb jet\u00eb i gatsh\u00ebm gjat\u00eb dimrit ose n\u00eb ver\u00ebn e vitit t\u00eb ardhsh\u00ebm. Arsye tjet\u00ebr pse Dafina nuk do t\u00eb sjell\u00eb nj\u00eb album k\u00ebsaj vere, \u00ebsht\u00eb edhe angazhimi i saj me pun\u00eb n\u00eb dy shtete t\u00eb ndryshme. \u201cJam shum\u00eb e angazhuar si n\u00eb Suedi ashtu edhe n\u00eb Kosov\u00eb dhe nuk m\u00eb del koh\u00eb e mjaftueshme q\u00eb t\u00eb punoj rreth albumit aq sa dua un\u00eb\u201d, &#8211; pohon k\u00ebng\u00ebtarja. Me gjith\u00eb angazhimet q\u00eb ka dhe m\u00eb gjith\u00eb pun\u00ebt q\u00eb do t\u00eb p\u00ebrfundoj\u00eb gjat\u00eb ver\u00ebs, ajo nuk do t\u00eb mund t\u2019ia dilte pa i falur vetes disa dit\u00eb pushim. \u201cNuk mundem dhe as q\u00eb dua ta paramendoj se nuk do t\u00eb kem pushim. As q\u00eb b\u00ebhet fjal\u00eb\u201d, &#8211; pohon Dafina. Por p\u00ebr koh\u00ebn dhe vendin se ku do t\u00eb pushoj, ajo nuk ka finalizuar ende me planifikimin.<\/p>\n<p><strong>Doruntin\u00eb Demiri<br \/>\nInfopress<\/strong><\/p>\n<p><strong>\n\t\t<style type=\"text\/css\">\n\t\t\t#gallery-1 {\n\t\t\t\tmargin: auto;\n\t\t\t}\n\t\t\t#gallery-1 .gallery-item {\n\t\t\t\tfloat: left;\n\t\t\t\tmargin-top: 10px;\n\t\t\t\ttext-align: center;\n\t\t\t\twidth: 33%;\n\t\t\t}\n\t\t\t#gallery-1 img {\n\t\t\t\tborder: 2px solid #cfcfcf;\n\t\t\t}\n\t\t\t#gallery-1 .gallery-caption {\n\t\t\t\tmargin-left: 0;\n\t\t\t}\n\t\t\t\/* see gallery_shortcode() in wp-includes\/media.php *\/\n\t\t<\/style>\n\t\t<div id='gallery-1' class='gallery galleryid-23380 gallery-columns-3 gallery-size-thumbnail'><dl class='gallery-item'>\n\t\t\t<dt class='gallery-icon portrait'>\n\t\t\t\t<a href='https:\/\/www.visit-ulcinj.com\/blog\/wp-content\/uploads\/2009\/06\/Dafina-Zeqiri.3.jpg'><img width=\"150\" height=\"150\" src=\"https:\/\/www.visit-ulcinj.com\/blog\/wp-content\/uploads\/2009\/06\/Dafina-Zeqiri.3-150x150.jpg\" class=\"attachment-thumbnail size-thumbnail\" alt=\"\" loading=\"lazy\" \/><\/a>\n\t\t\t<\/dt><\/dl>\n\t\t\t<br style='clear: both' \/>\n\t\t<\/div>\n<br \/>\n<\/strong><\/p>\n<p><strong><!--YouTube Error: bad URL entered--><br \/>\n<\/strong><\/p>\n","protected":false},"excerpt":{"rendered":"<p>Pas klipit, pushimi i pashmangsh\u00ebm Edhe nj\u00eb k\u00ebng\u00eb tjet\u00ebr me ritme verore nga k\u00ebng\u00ebtarja e mir\u00ebnjohur Dafina Zeqiri. K\u00ebsaj radhe ajo ka provuar veten edhe n\u00eb krijimin e k\u00ebng\u00ebs, por duke qen\u00eb e ndihmuar edhe nga profesionist\u00ebt. P\u00ebr \u201cInfopress\u201d, Dafina ka pohuar gjithashtu edhe arsyet pse nuk do t\u00eb kemi nj\u00eb album nga k\u00ebng\u00ebtarja k\u00ebsaj [&hellip;]<\/p>\n","protected":false},"author":1,"featured_media":0,"comment_status":"open","ping_status":"closed","sticky":false,"template":"","format":"standard","meta":{"spay_email":"","jetpack_publicize_message":"","jetpack_is_tweetstorm":false,"jetpack_publicize_feature_enabled":true},"categories":[1],"tags":[4926,49,11522,2306,3797,200,18,4596],"jetpack_publicize_connections":[],"yoast_head":"<!-- This site is optimized with the Yoast SEO plugin v19.1 - https:\/\/yoast.com\/wordpress\/plugins\/seo\/ -->\n<title>Dafina Zeqiri e k\u00ebnaqur me klipin e ri - Lajme nga Ulqini<\/title>\n<meta name=\"description\" content=\"Pas klipit, pushimi i pashmangsh\u00ebm Edhe nj\u00eb k\u00ebng\u00eb tjet\u00ebr me ritme verore nga k\u00ebng\u00ebtarja e mir\u00ebnjohur Dafina Zeqiri. K\u00ebsaj radhe ajo ka provuar veten edhe\" \/>\n<meta name=\"robots\" content=\"index, follow, max-snippet:-1, max-image-preview:large, max-video-preview:-1\" \/>\n<link rel=\"canonical\" href=\"https:\/\/www.visit-ulcinj.com\/blog\/2009\/06\/27\/dafina-zeqiri-e-kenaqur-me-klipin-e-ri\/\" \/>\n<meta property=\"og:locale\" content=\"en_US\" \/>\n<meta property=\"og:type\" content=\"article\" \/>\n<meta property=\"og:title\" content=\"Dafina Zeqiri e k\u00ebnaqur me klipin e ri - Lajme nga Ulqini\" \/>\n<meta property=\"og:description\" content=\"Pas klipit, pushimi i pashmangsh\u00ebm Edhe nj\u00eb k\u00ebng\u00eb tjet\u00ebr me ritme verore nga k\u00ebng\u00ebtarja e mir\u00ebnjohur Dafina Zeqiri. K\u00ebsaj radhe ajo ka provuar veten edhe\" \/>\n<meta property=\"og:url\" content=\"https:\/\/www.visit-ulcinj.com\/blog\/2009\/06\/27\/dafina-zeqiri-e-kenaqur-me-klipin-e-ri\/\" \/>\n<meta property=\"og:site_name\" content=\"Lajme nga Ulqini\" \/>\n<meta property=\"article:published_time\" content=\"2009-06-27T11:52:45+00:00\" \/>\n<meta property=\"article:modified_time\" content=\"2009-06-27T11:53:46+00:00\" \/>\n<meta property=\"og:image\" content=\"https:\/\/www.visit-ulcinj.com\/blog\/wp-content\/uploads\/2009\/06\/Dafina-Zeqiri-150x150.jpg\" \/>\n<meta name=\"twitter:label1\" content=\"Written by\" \/>\n\t<meta name=\"twitter:data1\" content=\"ulqini\" \/>\n\t<meta name=\"twitter:label2\" content=\"Est. reading time\" \/>\n\t<meta name=\"twitter:data2\" content=\"3 minutes\" \/>\n<script type=\"application\/ld+json\" class=\"yoast-schema-graph\">{\"@context\":\"https:\/\/schema.org\",\"@graph\":[{\"@type\":\"WebSite\",\"@id\":\"https:\/\/www.visit-ulcinj.com\/blog\/#website\",\"url\":\"https:\/\/www.visit-ulcinj.com\/blog\/\",\"name\":\"Lajme nga Ulqini\",\"description\":\"Lajme,Vijesti,Ulqini,Ulqin,Crna Gora,Mali i Zi\",\"potentialAction\":[{\"@type\":\"SearchAction\",\"target\":{\"@type\":\"EntryPoint\",\"urlTemplate\":\"https:\/\/www.visit-ulcinj.com\/blog\/?s={search_term_string}\"},\"query-input\":\"required name=search_term_string\"}],\"inLanguage\":\"en-US\"},{\"@type\":\"ImageObject\",\"inLanguage\":\"en-US\",\"@id\":\"https:\/\/www.visit-ulcinj.com\/blog\/2009\/06\/27\/dafina-zeqiri-e-kenaqur-me-klipin-e-ri\/#primaryimage\",\"url\":\"http:\/\/www.visit-ulcinj.com\/blog\/wp-content\/uploads\/2009\/06\/Dafina-Zeqiri.jpg\",\"contentUrl\":\"http:\/\/www.visit-ulcinj.com\/blog\/wp-content\/uploads\/2009\/06\/Dafina-Zeqiri.jpg\"},{\"@type\":\"WebPage\",\"@id\":\"https:\/\/www.visit-ulcinj.com\/blog\/2009\/06\/27\/dafina-zeqiri-e-kenaqur-me-klipin-e-ri\/#webpage\",\"url\":\"https:\/\/www.visit-ulcinj.com\/blog\/2009\/06\/27\/dafina-zeqiri-e-kenaqur-me-klipin-e-ri\/\",\"name\":\"Dafina Zeqiri e k\u00ebnaqur me klipin e ri - Lajme nga Ulqini\",\"isPartOf\":{\"@id\":\"https:\/\/www.visit-ulcinj.com\/blog\/#website\"},\"primaryImageOfPage\":{\"@id\":\"https:\/\/www.visit-ulcinj.com\/blog\/2009\/06\/27\/dafina-zeqiri-e-kenaqur-me-klipin-e-ri\/#primaryimage\"},\"datePublished\":\"2009-06-27T11:52:45+00:00\",\"dateModified\":\"2009-06-27T11:53:46+00:00\",\"author\":{\"@id\":\"https:\/\/www.visit-ulcinj.com\/blog\/#\/schema\/person\/dcab619c614d3038751c63bc2aadc06d\"},\"description\":\"Pas klipit, pushimi i pashmangsh\u00ebm Edhe nj\u00eb k\u00ebng\u00eb tjet\u00ebr me ritme verore nga k\u00ebng\u00ebtarja e mir\u00ebnjohur Dafina Zeqiri. K\u00ebsaj radhe ajo ka provuar veten edhe\",\"breadcrumb\":{\"@id\":\"https:\/\/www.visit-ulcinj.com\/blog\/2009\/06\/27\/dafina-zeqiri-e-kenaqur-me-klipin-e-ri\/#breadcrumb\"},\"inLanguage\":\"en-US\",\"potentialAction\":[{\"@type\":\"ReadAction\",\"target\":[\"https:\/\/www.visit-ulcinj.com\/blog\/2009\/06\/27\/dafina-zeqiri-e-kenaqur-me-klipin-e-ri\/\"]}]},{\"@type\":\"BreadcrumbList\",\"@id\":\"https:\/\/www.visit-ulcinj.com\/blog\/2009\/06\/27\/dafina-zeqiri-e-kenaqur-me-klipin-e-ri\/#breadcrumb\",\"itemListElement\":[{\"@type\":\"ListItem\",\"position\":1,\"name\":\"Dafina Zeqiri e k\u00ebnaqur me klipin e ri\"}]},{\"@type\":\"Person\",\"@id\":\"https:\/\/www.visit-ulcinj.com\/blog\/#\/schema\/person\/dcab619c614d3038751c63bc2aadc06d\",\"name\":\"ulqini\",\"sameAs\":[\"http:\/\/www.visit-ulcinj.com\"],\"url\":\"https:\/\/www.visit-ulcinj.com\/blog\/author\/admin\/\"}]}<\/script>\n<!-- \/ Yoast SEO plugin. -->","yoast_head_json":{"title":"Dafina Zeqiri e k\u00ebnaqur me klipin e ri - Lajme nga Ulqini","description":"Pas klipit, pushimi i pashmangsh\u00ebm Edhe nj\u00eb k\u00ebng\u00eb tjet\u00ebr me ritme verore nga k\u00ebng\u00ebtarja e mir\u00ebnjohur Dafina Zeqiri. K\u00ebsaj radhe ajo ka provuar veten edhe","robots":{"index":"index","follow":"follow","max-snippet":"max-snippet:-1","max-image-preview":"max-image-preview:large","max-video-preview":"max-video-preview:-1"},"canonical":"https:\/\/www.visit-ulcinj.com\/blog\/2009\/06\/27\/dafina-zeqiri-e-kenaqur-me-klipin-e-ri\/","og_locale":"en_US","og_type":"article","og_title":"Dafina Zeqiri e k\u00ebnaqur me klipin e ri - Lajme nga Ulqini","og_description":"Pas klipit, pushimi i pashmangsh\u00ebm Edhe nj\u00eb k\u00ebng\u00eb tjet\u00ebr me ritme verore nga k\u00ebng\u00ebtarja e mir\u00ebnjohur Dafina Zeqiri. K\u00ebsaj radhe ajo ka provuar veten edhe","og_url":"https:\/\/www.visit-ulcinj.com\/blog\/2009\/06\/27\/dafina-zeqiri-e-kenaqur-me-klipin-e-ri\/","og_site_name":"Lajme nga Ulqini","article_published_time":"2009-06-27T11:52:45+00:00","article_modified_time":"2009-06-27T11:53:46+00:00","og_image":[{"url":"https:\/\/www.visit-ulcinj.com\/blog\/wp-content\/uploads\/2009\/06\/Dafina-Zeqiri-150x150.jpg"}],"twitter_misc":{"Written by":"ulqini","Est. reading time":"3 minutes"},"schema":{"@context":"https:\/\/schema.org","@graph":[{"@type":"WebSite","@id":"https:\/\/www.visit-ulcinj.com\/blog\/#website","url":"https:\/\/www.visit-ulcinj.com\/blog\/","name":"Lajme nga Ulqini","description":"Lajme,Vijesti,Ulqini,Ulqin,Crna Gora,Mali i Zi","potentialAction":[{"@type":"SearchAction","target":{"@type":"EntryPoint","urlTemplate":"https:\/\/www.visit-ulcinj.com\/blog\/?s={search_term_string}"},"query-input":"required name=search_term_string"}],"inLanguage":"en-US"},{"@type":"ImageObject","inLanguage":"en-US","@id":"https:\/\/www.visit-ulcinj.com\/blog\/2009\/06\/27\/dafina-zeqiri-e-kenaqur-me-klipin-e-ri\/#primaryimage","url":"http:\/\/www.visit-ulcinj.com\/blog\/wp-content\/uploads\/2009\/06\/Dafina-Zeqiri.jpg","contentUrl":"http:\/\/www.visit-ulcinj.com\/blog\/wp-content\/uploads\/2009\/06\/Dafina-Zeqiri.jpg"},{"@type":"WebPage","@id":"https:\/\/www.visit-ulcinj.com\/blog\/2009\/06\/27\/dafina-zeqiri-e-kenaqur-me-klipin-e-ri\/#webpage","url":"https:\/\/www.visit-ulcinj.com\/blog\/2009\/06\/27\/dafina-zeqiri-e-kenaqur-me-klipin-e-ri\/","name":"Dafina Zeqiri e k\u00ebnaqur me klipin e ri - Lajme nga Ulqini","isPartOf":{"@id":"https:\/\/www.visit-ulcinj.com\/blog\/#website"},"primaryImageOfPage":{"@id":"https:\/\/www.visit-ulcinj.com\/blog\/2009\/06\/27\/dafina-zeqiri-e-kenaqur-me-klipin-e-ri\/#primaryimage"},"datePublished":"2009-06-27T11:52:45+00:00","dateModified":"2009-06-27T11:53:46+00:00","author":{"@id":"https:\/\/www.visit-ulcinj.com\/blog\/#\/schema\/person\/dcab619c614d3038751c63bc2aadc06d"},"description":"Pas klipit, pushimi i pashmangsh\u00ebm Edhe nj\u00eb k\u00ebng\u00eb tjet\u00ebr me ritme verore nga k\u00ebng\u00ebtarja e mir\u00ebnjohur Dafina Zeqiri. K\u00ebsaj radhe ajo ka provuar veten edhe","breadcrumb":{"@id":"https:\/\/www.visit-ulcinj.com\/blog\/2009\/06\/27\/dafina-zeqiri-e-kenaqur-me-klipin-e-ri\/#breadcrumb"},"inLanguage":"en-US","potentialAction":[{"@type":"ReadAction","target":["https:\/\/www.visit-ulcinj.com\/blog\/2009\/06\/27\/dafina-zeqiri-e-kenaqur-me-klipin-e-ri\/"]}]},{"@type":"BreadcrumbList","@id":"https:\/\/www.visit-ulcinj.com\/blog\/2009\/06\/27\/dafina-zeqiri-e-kenaqur-me-klipin-e-ri\/#breadcrumb","itemListElement":[{"@type":"ListItem","position":1,"name":"Dafina Zeqiri e k\u00ebnaqur me klipin e ri"}]},{"@type":"Person","@id":"https:\/\/www.visit-ulcinj.com\/blog\/#\/schema\/person\/dcab619c614d3038751c63bc2aadc06d","name":"ulqini","sameAs":["http:\/\/www.visit-ulcinj.com"],"url":"https:\/\/www.visit-ulcinj.com\/blog\/author\/admin\/"}]}},"jetpack_featured_media_url":"","jetpack_sharing_enabled":true,"jetpack_shortlink":"https:\/\/wp.me\/pe6lTn-656","_links":{"self":[{"href":"https:\/\/www.visit-ulcinj.com\/blog\/wp-json\/wp\/v2\/posts\/23380"}],"collection":[{"href":"https:\/\/www.visit-ulcinj.com\/blog\/wp-json\/wp\/v2\/posts"}],"about":[{"href":"https:\/\/www.visit-ulcinj.com\/blog\/wp-json\/wp\/v2\/types\/post"}],"author":[{"embeddable":true,"href":"https:\/\/www.visit-ulcinj.com\/blog\/wp-json\/wp\/v2\/users\/1"}],"replies":[{"embeddable":true,"href":"https:\/\/www.visit-ulcinj.com\/blog\/wp-json\/wp\/v2\/comments?post=23380"}],"version-history":[{"count":0,"href":"https:\/\/www.visit-ulcinj.com\/blog\/wp-json\/wp\/v2\/posts\/23380\/revisions"}],"wp:attachment":[{"href":"https:\/\/www.visit-ulcinj.com\/blog\/wp-json\/wp\/v2\/media?parent=23380"}],"wp:term":[{"taxonomy":"category","embeddable":true,"href":"https:\/\/www.visit-ulcinj.com\/blog\/wp-json\/wp\/v2\/categories?post=23380"},{"taxonomy":"post_tag","embeddable":true,"href":"https:\/\/www.visit-ulcinj.com\/blog\/wp-json\/wp\/v2\/tags?post=23380"}],"curies":[{"name":"wp","href":"https:\/\/api.w.org\/{rel}","templated":true}]}}