{"id":23393,"date":"2009-06-27T14:22:21","date_gmt":"2009-06-27T12:22:21","guid":{"rendered":"http:\/\/www.visit-ulcinj.com\/blog\/?p=23393"},"modified":"2009-06-27T14:23:48","modified_gmt":"2009-06-27T12:23:48","slug":"zanfina-ismaili-vjen-me-nje-kenge-tipike-verore","status":"publish","type":"post","link":"https:\/\/www.visit-ulcinj.com\/blog\/2009\/06\/27\/zanfina-ismaili-vjen-me-nje-kenge-tipike-verore\/","title":{"rendered":"Zanfina Ismaili vjen me nj\u00eb k\u00ebng\u00eb tipike verore"},"content":{"rendered":"<p><strong><a href=\"http:\/\/www.visit-ulcinj.com\/blog\/wp-content\/uploads\/2009\/06\/Zanfina-Ismaili.4.jpg\"><img loading=\"lazy\" class=\"alignleft size-full wp-image-23397\" title=\"Zanfina Ismaili.4\" src=\"http:\/\/www.visit-ulcinj.com\/blog\/wp-content\/uploads\/2009\/06\/Zanfina-Ismaili.4.jpg\" alt=\"Zanfina Ismaili.4\" width=\"580\" height=\"380\" \/><\/a>Me rit\u00ebm p\u00ebr dy t\u00eb dashuruar marr\u00ebzisht<\/strong><\/p>\n<p>Nd\u00ebrsa xhirimet e fundit, p\u00ebr klipin m\u00eb t\u00eb ri t\u00eb k\u00ebng\u00ebtares Zanfina Ismaili kan\u00eb p\u00ebrfunduar t\u00eb m\u00ebrkur\u00ebn mbr\u00ebma, duke finalizuar k\u00ebshtu t\u00eb gjasht\u00eb skenat e parapara p\u00ebr k\u00ebt\u00eb klip, k\u00ebng\u00ebtarja \u00ebsht\u00eb n\u00eb pritje t\u00eb plasimit t\u00eb k\u00ebsaj k\u00ebnge n\u00ebp\u00ebr televizione, i cili do t\u00eb publikohet shum\u00eb shpejt. \u00cbsht\u00eb kjo k\u00ebnga &#8220;Le t\u00eb vdes n\u00eb buz\u00ebt tua&#8221;, e cila rikthen Zanfin\u00ebn n\u00eb sken\u00eb, s\u00ebrish me shum\u00eb rit\u00ebm dhe gjall\u00ebri, sikund\u00ebr ka ndodhur edhe me shum\u00eb k\u00ebng\u00eb tjera t\u00eb saj. &#8220;\u00cbsht\u00eb nj\u00eb k\u00ebng\u00eb tipike verore me nj\u00eb tekst dashurie. Protagonist\u00eb jan\u00eb dy t\u00eb rinj t\u00eb cil\u00ebt jan\u00eb t\u00eb dashuruar marr\u00ebzisht n\u00eb nj\u00ebri-tjetrin, e t\u00eb cil\u00ebt do t\u00eb sakrifikonin \u00e7do gj\u00eb vet\u00ebm q\u00eb t\u00eb jen\u00eb bashk\u00eb. \u00cbsht\u00eb nj\u00eb tekst q\u00eb nuk p\u00ebrcakton vet\u00ebm nj\u00ebrin nga dy gjinit\u00eb, por edhe meshkujt edhe femrat&#8221;, tregon k\u00ebng\u00ebtarja duke sqaruar k\u00ebshtu brend\u00ebsin\u00eb e tekstit.<br \/>\nTekstin dhe muzik\u00ebn p\u00ebr k\u00ebt\u00eb k\u00ebng\u00eb e ka realizuar kompozitori dhe tekst-shkruesi Arsim Bunjaku, nd\u00ebrsa p\u00ebr orkestrimin \u00ebsht\u00eb kujdesur Valon Fetiu.<\/p>\n<p><strong>Jam munduar q\u00eb mos t&#8217;i p\u00ebrs\u00ebris gj\u00ebrat e nj\u00ebjta<\/strong><\/p>\n<p>&#8220;Deri sa n\u00eb k\u00ebt\u00eb tekst flitet p\u00ebr dy t\u00eb dashuruar, kam menduar se do t\u00eb ishte nj\u00eb plot\u00ebsim i mir\u00eb n\u00eb klip q\u00eb n\u00eb t\u00eb mos t\u00eb jem vet\u00ebm un\u00eb e pranishme, por t\u00eb ket\u00eb edhe freski m\u00eb di\u00e7ka tjet\u00ebr. \u00cbsht\u00eb hera e dyt\u00eb q\u00eb n\u00eb klipet e mia ka edhe statist, p\u00ebr arsye se plot\u00ebson sadopak figur\u00ebn mashkullore n\u00eb klip dhe n\u00eb k\u00ebng\u00eb&#8221;, &#8211; rr\u00ebfen k\u00ebng\u00ebtarja duke shpresuar se k\u00ebnga dhe klipi do t\u00eb p\u00eblqehen nga publiku.<br \/>\nXhirimet p\u00ebr klipin jan\u00eb b\u00ebr\u00eb n\u00eb Shkup nga nj\u00eb video-produksion i atjesh\u00ebm. Ata jan\u00eb kujdesur edhe p\u00ebr regjin\u00eb e klipit, gjithmon\u00eb n\u00eb nd\u00ebrthurje t\u00eb ideve t\u00eb k\u00ebng\u00ebtares dhe regjisorit.<br \/>\nP\u00ebr \u00e7do detaj t\u00eb pamjes s\u00eb Zanfin\u00ebs \u00ebsht\u00eb kujdesur ajo vet dhe nj\u00eb grup njer\u00ebzisht profesionist\u00eb nga Prishtina, nd\u00ebrsa ka qen\u00eb nj\u00eb angazhim mjaft\u00eb i madh n\u00eb k\u00ebt\u00eb drejtim, duke pas parasysh se n\u00eb klip jan\u00eb gjithsej gjasht\u00eb prezantime me pamje t\u00eb ndrysh\u00ebm t\u00eb k\u00ebng\u00ebtares.<br \/>\nSynimi kryesor i Zanfin\u00ebs ka qen\u00eb q\u00eb t\u00eb mos p\u00ebrs\u00ebriten skenat e nj\u00ebjta, duke pas parasysh se koh\u00ebs s\u00eb fundit klipet t\u00eb cilat po realizohen n\u00eb Shkup, sikur po ngjasojn\u00eb nj\u00ebra me tjetr\u00ebn, p\u00ebr shkak t\u00eb lokacioneve t\u00eb p\u00ebrs\u00ebritura. &#8220;N\u00eb prapavij\u00eb t\u00eb klipit shihen skena t\u00eb ndryshme. N\u00eb nj\u00eb pjes\u00eb t\u00eb xhirimeve kam marr\u00eb edhe dy valltar\u00ebt e mi, n\u00eb m\u00ebnyr\u00eb q\u00eb ta freskoj sadopak klipin&#8221;, &#8211; potencon ajo.<\/p>\n<p><strong>N\u00eb fund t\u00eb k\u00ebsaj jave, n\u00eb studio p\u00ebr k\u00ebng\u00ebn e re<\/strong><\/p>\n<p>Nd\u00ebrsa vazhdojn\u00eb pun\u00ebt rreth duetit t\u00eb Zanfin\u00ebs dhe DJ Blunt, k\u00ebng\u00eb kjo e cila \u00ebsht\u00eb n\u00eb realizim e sip\u00ebr. Fundi i k\u00ebsaj jave do t\u00eb rikthej\u00eb Zanfin\u00ebn n\u00eb studion e incizimeve, ku do t\u00eb incizohet k\u00ebnga e radh\u00ebs. &#8220;P\u00ebrve\u00e7 angazhimeve tjera n\u00eb fund t\u00eb k\u00ebsaj jave do t\u00eb incizoj edhe k\u00ebng\u00ebn e radh\u00ebs. Kam marr\u00eb tekstin dhe muzik\u00ebn dhe ka mbetur vet\u00ebm incizimi i z\u00ebrit dhe gjith\u00e7ka do t\u00eb finalizohet. Tekstin p\u00ebr k\u00ebt\u00eb k\u00ebng\u00eb e ka shkruar Ilir Berani dhe n\u00ebse kjo k\u00ebng\u00eb do t\u00eb pritet mir\u00eb nga publiku do ta plot\u00ebsoj edhe me klip. Besoj se do t\u00eb dal nj\u00eb k\u00ebng\u00eb e mir\u00eb. Tema n\u00eb tekst m\u00eb ka p\u00eblqyer shum\u00eb dhe me sa di, \u00ebsht\u00eb nj\u00eb tem\u00eb e paprekur deri m\u00eb tash&#8221;, &#8211; tregon k\u00ebng\u00ebtarja, duke mos dh\u00ebn\u00eb m\u00eb shum\u00eb detaje rreth tekstit, p\u00ebr arsyeje se \u00e7do gj\u00eb do t\u00eb publikohet me koh\u00eb.<br \/>\nNdryshe Zanfina qysh n\u00eb fillim t\u00eb korrikut fillon me mbr\u00ebmjet e ndryshme n\u00ebp\u00ebr pishina dhe diskoteka t\u00eb ndryshme n\u00ebp\u00ebr Kosov\u00eb. Nj\u00eb ftes\u00eb e &#8216;Top Channel&#8217; do ta transferoj\u00eb Zanfin\u00ebn n\u00eb sken\u00ebn muzikore n\u00eb Shqip\u00ebri, ku k\u00ebng\u00ebtarja do t\u00eb k\u00ebndoj\u00eb p\u00ebr nder t\u00eb pes\u00eb vjetorit t\u00eb Top Medias, nd\u00ebrsa do pasojn\u00eb mbr\u00ebmjet e ndryshme muzikore n\u00ebp\u00ebr Kosov\u00eb.<\/p>\n<p><strong>Melihate Gashi<br \/>\nInfopress<\/strong><\/p>\n<p><strong><\/p>\n<p><\/strong><\/p>\n<p><strong> <\/strong><\/p>\n<p><strong><!--YouTube Error: bad URL entered--><br \/>\n<\/strong><\/p>\n","protected":false},"excerpt":{"rendered":"<p>Me rit\u00ebm p\u00ebr dy t\u00eb dashuruar marr\u00ebzisht Nd\u00ebrsa xhirimet e fundit, p\u00ebr klipin m\u00eb t\u00eb ri t\u00eb k\u00ebng\u00ebtares Zanfina Ismaili kan\u00eb p\u00ebrfunduar t\u00eb m\u00ebrkur\u00ebn mbr\u00ebma, duke finalizuar k\u00ebshtu t\u00eb gjasht\u00eb skenat e parapara p\u00ebr k\u00ebt\u00eb klip, k\u00ebng\u00ebtarja \u00ebsht\u00eb n\u00eb pritje t\u00eb plasimit t\u00eb k\u00ebsaj k\u00ebnge n\u00ebp\u00ebr televizione, i cili do t\u00eb publikohet shum\u00eb shpejt. \u00cbsht\u00eb [&hellip;]<\/p>\n","protected":false},"author":1,"featured_media":0,"comment_status":"open","ping_status":"closed","sticky":false,"template":"","format":"standard","meta":{"spay_email":"","jetpack_publicize_message":"","jetpack_is_tweetstorm":false,"jetpack_publicize_feature_enabled":true},"categories":[1],"tags":[11523,49,11522,40,200,18,225,4596],"jetpack_publicize_connections":[],"yoast_head":"<!-- This site is optimized with the Yoast SEO plugin v19.1 - https:\/\/yoast.com\/wordpress\/plugins\/seo\/ -->\n<title>Zanfina Ismaili vjen me nj\u00eb k\u00ebng\u00eb tipike verore - Lajme nga Ulqini<\/title>\n<meta name=\"description\" content=\"Me rit\u00ebm p\u00ebr dy t\u00eb dashuruar marr\u00ebzisht Nd\u00ebrsa xhirimet e fundit, p\u00ebr klipin m\u00eb t\u00eb ri t\u00eb k\u00ebng\u00ebtares Zanfina Ismaili kan\u00eb p\u00ebrfunduar t\u00eb m\u00ebrkur\u00ebn mbr\u00ebma,\" \/>\n<meta name=\"robots\" content=\"index, follow, max-snippet:-1, max-image-preview:large, max-video-preview:-1\" \/>\n<link rel=\"canonical\" href=\"https:\/\/www.visit-ulcinj.com\/blog\/2009\/06\/27\/zanfina-ismaili-vjen-me-nje-kenge-tipike-verore\/\" \/>\n<meta property=\"og:locale\" content=\"en_US\" \/>\n<meta property=\"og:type\" content=\"article\" \/>\n<meta property=\"og:title\" content=\"Zanfina Ismaili vjen me nj\u00eb k\u00ebng\u00eb tipike verore - Lajme nga Ulqini\" \/>\n<meta property=\"og:description\" content=\"Me rit\u00ebm p\u00ebr dy t\u00eb dashuruar marr\u00ebzisht Nd\u00ebrsa xhirimet e fundit, p\u00ebr klipin m\u00eb t\u00eb ri t\u00eb k\u00ebng\u00ebtares Zanfina Ismaili kan\u00eb p\u00ebrfunduar t\u00eb m\u00ebrkur\u00ebn mbr\u00ebma,\" \/>\n<meta property=\"og:url\" content=\"https:\/\/www.visit-ulcinj.com\/blog\/2009\/06\/27\/zanfina-ismaili-vjen-me-nje-kenge-tipike-verore\/\" \/>\n<meta property=\"og:site_name\" content=\"Lajme nga Ulqini\" \/>\n<meta property=\"article:published_time\" content=\"2009-06-27T12:22:21+00:00\" \/>\n<meta property=\"article:modified_time\" content=\"2009-06-27T12:23:48+00:00\" \/>\n<meta property=\"og:image\" content=\"https:\/\/www.visit-ulcinj.com\/blog\/wp-content\/uploads\/2009\/06\/Zanfina-Ismaili.1-150x150.jpg\" \/>\n<meta name=\"twitter:label1\" content=\"Written by\" \/>\n\t<meta name=\"twitter:data1\" content=\"ulqini\" \/>\n\t<meta name=\"twitter:label2\" content=\"Est. reading time\" \/>\n\t<meta name=\"twitter:data2\" content=\"4 minutes\" \/>\n<script type=\"application\/ld+json\" class=\"yoast-schema-graph\">{\"@context\":\"https:\/\/schema.org\",\"@graph\":[{\"@type\":\"WebSite\",\"@id\":\"https:\/\/www.visit-ulcinj.com\/blog\/#website\",\"url\":\"https:\/\/www.visit-ulcinj.com\/blog\/\",\"name\":\"Lajme nga Ulqini\",\"description\":\"Lajme,Vijesti,Ulqini,Ulqin,Crna Gora,Mali i Zi\",\"potentialAction\":[{\"@type\":\"SearchAction\",\"target\":{\"@type\":\"EntryPoint\",\"urlTemplate\":\"https:\/\/www.visit-ulcinj.com\/blog\/?s={search_term_string}\"},\"query-input\":\"required name=search_term_string\"}],\"inLanguage\":\"en-US\"},{\"@type\":\"ImageObject\",\"inLanguage\":\"en-US\",\"@id\":\"https:\/\/www.visit-ulcinj.com\/blog\/2009\/06\/27\/zanfina-ismaili-vjen-me-nje-kenge-tipike-verore\/#primaryimage\",\"url\":\"http:\/\/www.visit-ulcinj.com\/blog\/wp-content\/uploads\/2009\/06\/Zanfina-Ismaili.4.jpg\",\"contentUrl\":\"http:\/\/www.visit-ulcinj.com\/blog\/wp-content\/uploads\/2009\/06\/Zanfina-Ismaili.4.jpg\"},{\"@type\":\"WebPage\",\"@id\":\"https:\/\/www.visit-ulcinj.com\/blog\/2009\/06\/27\/zanfina-ismaili-vjen-me-nje-kenge-tipike-verore\/#webpage\",\"url\":\"https:\/\/www.visit-ulcinj.com\/blog\/2009\/06\/27\/zanfina-ismaili-vjen-me-nje-kenge-tipike-verore\/\",\"name\":\"Zanfina Ismaili vjen me nj\u00eb k\u00ebng\u00eb tipike verore - Lajme nga Ulqini\",\"isPartOf\":{\"@id\":\"https:\/\/www.visit-ulcinj.com\/blog\/#website\"},\"primaryImageOfPage\":{\"@id\":\"https:\/\/www.visit-ulcinj.com\/blog\/2009\/06\/27\/zanfina-ismaili-vjen-me-nje-kenge-tipike-verore\/#primaryimage\"},\"datePublished\":\"2009-06-27T12:22:21+00:00\",\"dateModified\":\"2009-06-27T12:23:48+00:00\",\"author\":{\"@id\":\"https:\/\/www.visit-ulcinj.com\/blog\/#\/schema\/person\/dcab619c614d3038751c63bc2aadc06d\"},\"description\":\"Me rit\u00ebm p\u00ebr dy t\u00eb dashuruar marr\u00ebzisht Nd\u00ebrsa xhirimet e fundit, p\u00ebr klipin m\u00eb t\u00eb ri t\u00eb k\u00ebng\u00ebtares Zanfina Ismaili kan\u00eb p\u00ebrfunduar t\u00eb m\u00ebrkur\u00ebn mbr\u00ebma,\",\"breadcrumb\":{\"@id\":\"https:\/\/www.visit-ulcinj.com\/blog\/2009\/06\/27\/zanfina-ismaili-vjen-me-nje-kenge-tipike-verore\/#breadcrumb\"},\"inLanguage\":\"en-US\",\"potentialAction\":[{\"@type\":\"ReadAction\",\"target\":[\"https:\/\/www.visit-ulcinj.com\/blog\/2009\/06\/27\/zanfina-ismaili-vjen-me-nje-kenge-tipike-verore\/\"]}]},{\"@type\":\"BreadcrumbList\",\"@id\":\"https:\/\/www.visit-ulcinj.com\/blog\/2009\/06\/27\/zanfina-ismaili-vjen-me-nje-kenge-tipike-verore\/#breadcrumb\",\"itemListElement\":[{\"@type\":\"ListItem\",\"position\":1,\"name\":\"Zanfina Ismaili vjen me nj\u00eb k\u00ebng\u00eb tipike verore\"}]},{\"@type\":\"Person\",\"@id\":\"https:\/\/www.visit-ulcinj.com\/blog\/#\/schema\/person\/dcab619c614d3038751c63bc2aadc06d\",\"name\":\"ulqini\",\"sameAs\":[\"http:\/\/www.visit-ulcinj.com\"],\"url\":\"https:\/\/www.visit-ulcinj.com\/blog\/author\/admin\/\"}]}<\/script>\n<!-- \/ Yoast SEO plugin. -->","yoast_head_json":{"title":"Zanfina Ismaili vjen me nj\u00eb k\u00ebng\u00eb tipike verore - Lajme nga Ulqini","description":"Me rit\u00ebm p\u00ebr dy t\u00eb dashuruar marr\u00ebzisht Nd\u00ebrsa xhirimet e fundit, p\u00ebr klipin m\u00eb t\u00eb ri t\u00eb k\u00ebng\u00ebtares Zanfina Ismaili kan\u00eb p\u00ebrfunduar t\u00eb m\u00ebrkur\u00ebn mbr\u00ebma,","robots":{"index":"index","follow":"follow","max-snippet":"max-snippet:-1","max-image-preview":"max-image-preview:large","max-video-preview":"max-video-preview:-1"},"canonical":"https:\/\/www.visit-ulcinj.com\/blog\/2009\/06\/27\/zanfina-ismaili-vjen-me-nje-kenge-tipike-verore\/","og_locale":"en_US","og_type":"article","og_title":"Zanfina Ismaili vjen me nj\u00eb k\u00ebng\u00eb tipike verore - Lajme nga Ulqini","og_description":"Me rit\u00ebm p\u00ebr dy t\u00eb dashuruar marr\u00ebzisht Nd\u00ebrsa xhirimet e fundit, p\u00ebr klipin m\u00eb t\u00eb ri t\u00eb k\u00ebng\u00ebtares Zanfina Ismaili kan\u00eb p\u00ebrfunduar t\u00eb m\u00ebrkur\u00ebn mbr\u00ebma,","og_url":"https:\/\/www.visit-ulcinj.com\/blog\/2009\/06\/27\/zanfina-ismaili-vjen-me-nje-kenge-tipike-verore\/","og_site_name":"Lajme nga Ulqini","article_published_time":"2009-06-27T12:22:21+00:00","article_modified_time":"2009-06-27T12:23:48+00:00","og_image":[{"url":"https:\/\/www.visit-ulcinj.com\/blog\/wp-content\/uploads\/2009\/06\/Zanfina-Ismaili.1-150x150.jpg"}],"twitter_misc":{"Written by":"ulqini","Est. reading time":"4 minutes"},"schema":{"@context":"https:\/\/schema.org","@graph":[{"@type":"WebSite","@id":"https:\/\/www.visit-ulcinj.com\/blog\/#website","url":"https:\/\/www.visit-ulcinj.com\/blog\/","name":"Lajme nga Ulqini","description":"Lajme,Vijesti,Ulqini,Ulqin,Crna Gora,Mali i Zi","potentialAction":[{"@type":"SearchAction","target":{"@type":"EntryPoint","urlTemplate":"https:\/\/www.visit-ulcinj.com\/blog\/?s={search_term_string}"},"query-input":"required name=search_term_string"}],"inLanguage":"en-US"},{"@type":"ImageObject","inLanguage":"en-US","@id":"https:\/\/www.visit-ulcinj.com\/blog\/2009\/06\/27\/zanfina-ismaili-vjen-me-nje-kenge-tipike-verore\/#primaryimage","url":"http:\/\/www.visit-ulcinj.com\/blog\/wp-content\/uploads\/2009\/06\/Zanfina-Ismaili.4.jpg","contentUrl":"http:\/\/www.visit-ulcinj.com\/blog\/wp-content\/uploads\/2009\/06\/Zanfina-Ismaili.4.jpg"},{"@type":"WebPage","@id":"https:\/\/www.visit-ulcinj.com\/blog\/2009\/06\/27\/zanfina-ismaili-vjen-me-nje-kenge-tipike-verore\/#webpage","url":"https:\/\/www.visit-ulcinj.com\/blog\/2009\/06\/27\/zanfina-ismaili-vjen-me-nje-kenge-tipike-verore\/","name":"Zanfina Ismaili vjen me nj\u00eb k\u00ebng\u00eb tipike verore - Lajme nga Ulqini","isPartOf":{"@id":"https:\/\/www.visit-ulcinj.com\/blog\/#website"},"primaryImageOfPage":{"@id":"https:\/\/www.visit-ulcinj.com\/blog\/2009\/06\/27\/zanfina-ismaili-vjen-me-nje-kenge-tipike-verore\/#primaryimage"},"datePublished":"2009-06-27T12:22:21+00:00","dateModified":"2009-06-27T12:23:48+00:00","author":{"@id":"https:\/\/www.visit-ulcinj.com\/blog\/#\/schema\/person\/dcab619c614d3038751c63bc2aadc06d"},"description":"Me rit\u00ebm p\u00ebr dy t\u00eb dashuruar marr\u00ebzisht Nd\u00ebrsa xhirimet e fundit, p\u00ebr klipin m\u00eb t\u00eb ri t\u00eb k\u00ebng\u00ebtares Zanfina Ismaili kan\u00eb p\u00ebrfunduar t\u00eb m\u00ebrkur\u00ebn mbr\u00ebma,","breadcrumb":{"@id":"https:\/\/www.visit-ulcinj.com\/blog\/2009\/06\/27\/zanfina-ismaili-vjen-me-nje-kenge-tipike-verore\/#breadcrumb"},"inLanguage":"en-US","potentialAction":[{"@type":"ReadAction","target":["https:\/\/www.visit-ulcinj.com\/blog\/2009\/06\/27\/zanfina-ismaili-vjen-me-nje-kenge-tipike-verore\/"]}]},{"@type":"BreadcrumbList","@id":"https:\/\/www.visit-ulcinj.com\/blog\/2009\/06\/27\/zanfina-ismaili-vjen-me-nje-kenge-tipike-verore\/#breadcrumb","itemListElement":[{"@type":"ListItem","position":1,"name":"Zanfina Ismaili vjen me nj\u00eb k\u00ebng\u00eb tipike verore"}]},{"@type":"Person","@id":"https:\/\/www.visit-ulcinj.com\/blog\/#\/schema\/person\/dcab619c614d3038751c63bc2aadc06d","name":"ulqini","sameAs":["http:\/\/www.visit-ulcinj.com"],"url":"https:\/\/www.visit-ulcinj.com\/blog\/author\/admin\/"}]}},"jetpack_featured_media_url":"","jetpack_sharing_enabled":true,"jetpack_shortlink":"https:\/\/wp.me\/pe6lTn-65j","_links":{"self":[{"href":"https:\/\/www.visit-ulcinj.com\/blog\/wp-json\/wp\/v2\/posts\/23393"}],"collection":[{"href":"https:\/\/www.visit-ulcinj.com\/blog\/wp-json\/wp\/v2\/posts"}],"about":[{"href":"https:\/\/www.visit-ulcinj.com\/blog\/wp-json\/wp\/v2\/types\/post"}],"author":[{"embeddable":true,"href":"https:\/\/www.visit-ulcinj.com\/blog\/wp-json\/wp\/v2\/users\/1"}],"replies":[{"embeddable":true,"href":"https:\/\/www.visit-ulcinj.com\/blog\/wp-json\/wp\/v2\/comments?post=23393"}],"version-history":[{"count":0,"href":"https:\/\/www.visit-ulcinj.com\/blog\/wp-json\/wp\/v2\/posts\/23393\/revisions"}],"wp:attachment":[{"href":"https:\/\/www.visit-ulcinj.com\/blog\/wp-json\/wp\/v2\/media?parent=23393"}],"wp:term":[{"taxonomy":"category","embeddable":true,"href":"https:\/\/www.visit-ulcinj.com\/blog\/wp-json\/wp\/v2\/categories?post=23393"},{"taxonomy":"post_tag","embeddable":true,"href":"https:\/\/www.visit-ulcinj.com\/blog\/wp-json\/wp\/v2\/tags?post=23393"}],"curies":[{"name":"wp","href":"https:\/\/api.w.org\/{rel}","templated":true}]}}