{"id":234,"date":"2008-01-22T13:40:33","date_gmt":"2008-01-22T18:40:33","guid":{"rendered":"http:\/\/www.visit-ulcinj.com\/blog\/2008\/01\/22\/shqiptaret-nuk-dine-ke-ta-mbeshtesin-per-president-ne-mal-te-zi\/"},"modified":"2008-02-12T19:33:11","modified_gmt":"2008-02-13T00:33:11","slug":"shqiptaret-nuk-dine-ke-ta-mbeshtesin-per-president-ne-mal-te-zi","status":"publish","type":"post","link":"https:\/\/www.visit-ulcinj.com\/blog\/2008\/01\/22\/shqiptaret-nuk-dine-ke-ta-mbeshtesin-per-president-ne-mal-te-zi\/","title":{"rendered":"Shqiptar\u00ebt nuk din\u00eb k\u00eb ta mb\u00ebshtesin p\u00ebr president n\u00eb Mal t\u00eb Zi"},"content":{"rendered":"<p><a href=\"http:\/\/www.visit-ulcinj.com\/blog\/2008\/01\/14\/me-rastin-e-krishtlindjes-ortodokse-kryetari-i-ld-ne-mal-te-zi-mehmet-bardhi-uron-kryepeshkopin-e-kishes-malazeze-z-mihaillo\/kryetari-i-ld-ne-mz-mehmet-bardhiulqin\/\" rel=\"attachment wp-att-155\" title=\"Kryetari i LD n\u00eb MZ, Mehmet Bardhi,Ulqin\"><img loading=\"lazy\" src=\"http:\/\/www.visit-ulcinj.com\/blog\/wp-content\/uploads\/2008\/01\/kryetari-i-ld-ne-mz-mehmet-bardhi.jpg\" alt=\"Kryetari i LD n\u00eb MZ, Mehmet Bardhi,Ulqin\" align=\"left\" height=\"126\" hspace=\"2\" vspace=\"2\" width=\"114\" \/><\/a>Ulqin, 21 janar \u2014Megjith\u00ebse disa nga udh\u00ebheq\u00ebsit e partive politike t\u00eb shqiptar\u00ebve n\u00eb Mal t\u00eb Zi, shprehin haptas mb\u00ebshtetjen ndaj kandidatur\u00ebs s\u00eb kryetarit aktual Filip Vujanovic, shqiptar\u00ebt ende nuk kan\u00eb nj\u00eb q\u00ebndrim unik dhe as p\u00ebrfundimtar se cilin nga kandidat\u00ebt p\u00ebr kryetar t\u00eb ri t\u00eb Malit t\u00eb Zi do ta mb\u00ebshtesin m\u00eb 6 prill.<!--more--> Kryetari dhe deputeti i Lidhjes Demokratike n\u00eb Mal t\u00eb Zi (LDMZ), Mehmet Bardhi, tha p\u00ebr KosovaLive se kjo parti nacionale parlamentare shqiptare, n\u00eb zgjedhjet e ardhshme presidenciale malazeze q\u00eb do t\u00eb mbahen m\u00eb 6 prill t\u00eb k\u00ebtij viti do t\u00eb p\u00ebrkrah kandidatin e socialist\u00ebve n\u00eb pushtet, p\u00ebrkat\u00ebsisht kryetarin aktual malazias, Filip Vujanovic.&#8221;N\u00eb t\u00eb v\u00ebrtet\u00eb, ky \u00ebsht\u00eb mendimi im, meq\u00eb strukturat e partis\u00eb ende nuk kan\u00eb marr\u00eb vendim p\u00ebrfundimtar, edhe pse mendoj se Vujanovic si kryetar shteti n\u00eb mandatin e kaluar kat\u00ebrvje\u00e7ar nuk ka b\u00ebr\u00eb sa duhet&#8221;, tha Bardhi.<a href=\"http:\/\/www.visit-ulcinj.com\/blog\/wp-content\/uploads\/2008\/01\/vasel-sinishtaj.jpg\" title=\"Vasel Sinishtaj\"><img loading=\"lazy\" src=\"http:\/\/www.visit-ulcinj.com\/blog\/wp-content\/uploads\/2008\/01\/vasel-sinishtaj.thumbnail.jpg\" alt=\"Vasel Sinishtaj\" align=\"right\" height=\"110\" hspace=\"2\" vspace=\"2\" width=\"87\" \/><\/a><br \/>\nNd\u00ebrkaq, homologu i tij, Vasel Sinishtaj, lider e deputet i Alternativ\u00ebs Shqiptare (ASH), i tha KosovaLive se ky subjekt politik shqiptar, nuk e ndryshon q\u00ebndrimin e tij dhe do t\u00eb p\u00ebrkrah at\u00eb kandidat presidencial q\u00eb premton lirimin e t\u00eb arrestuarve n\u00eb aksionin fam\u00ebkeq t\u00eb policis\u00eb, &#8220;Fluturimi i shqiponj\u00ebs&#8221;.<\/p>\n<p><strong>Gazeta express<\/strong><\/p>\n","protected":false},"excerpt":{"rendered":"<p><img loading=\"lazy\" src=\"http:\/\/www.visit-ulcinj.com\/blog\/wp-content\/uploads\/2008\/01\/kryetari-i-ld-ne-mz-mehmet-bardhi.jpg\" alt=\"Kryetari i LD n\u00eb MZ, Mehmet Bardhi,Ulqin\" height=\"140\" width=\"140\" \/><\/p>\n","protected":false},"author":1,"featured_media":0,"comment_status":"open","ping_status":"closed","sticky":false,"template":"","format":"standard","meta":{"spay_email":"","jetpack_publicize_message":"","jetpack_is_tweetstorm":false,"jetpack_publicize_feature_enabled":true},"categories":[1],"tags":[1218,691,690,689,93,196,688,687,95,347,496,200,348],"jetpack_publicize_connections":[],"yoast_head":"<!-- This site is optimized with the Yoast SEO plugin v19.1 - https:\/\/yoast.com\/wordpress\/plugins\/seo\/ -->\n<title>Shqiptar\u00ebt nuk din\u00eb k\u00eb ta mb\u00ebshtesin p\u00ebr president n\u00eb Mal t\u00eb Zi - Lajme nga Ulqini<\/title>\n<meta name=\"robots\" content=\"index, follow, max-snippet:-1, max-image-preview:large, max-video-preview:-1\" \/>\n<link rel=\"canonical\" href=\"https:\/\/www.visit-ulcinj.com\/blog\/2008\/01\/22\/shqiptaret-nuk-dine-ke-ta-mbeshtesin-per-president-ne-mal-te-zi\/\" \/>\n<meta property=\"og:locale\" content=\"en_US\" \/>\n<meta property=\"og:type\" content=\"article\" \/>\n<meta property=\"og:title\" content=\"Shqiptar\u00ebt nuk din\u00eb k\u00eb ta mb\u00ebshtesin p\u00ebr president n\u00eb Mal t\u00eb Zi - Lajme nga Ulqini\" \/>\n<meta property=\"og:url\" content=\"https:\/\/www.visit-ulcinj.com\/blog\/2008\/01\/22\/shqiptaret-nuk-dine-ke-ta-mbeshtesin-per-president-ne-mal-te-zi\/\" \/>\n<meta property=\"og:site_name\" content=\"Lajme nga Ulqini\" \/>\n<meta property=\"article:published_time\" content=\"2008-01-22T18:40:33+00:00\" \/>\n<meta property=\"article:modified_time\" content=\"2008-02-13T00:33:11+00:00\" \/>\n<meta property=\"og:image\" content=\"http:\/\/www.visit-ulcinj.com\/blog\/wp-content\/uploads\/2008\/01\/kryetari-i-ld-ne-mz-mehmet-bardhi.jpg\" \/>\n<meta name=\"twitter:label1\" content=\"Written by\" \/>\n\t<meta name=\"twitter:data1\" content=\"ulqini\" \/>\n\t<meta name=\"twitter:label2\" content=\"Est. reading time\" \/>\n\t<meta name=\"twitter:data2\" content=\"1 minute\" \/>\n<script type=\"application\/ld+json\" class=\"yoast-schema-graph\">{\"@context\":\"https:\/\/schema.org\",\"@graph\":[{\"@type\":\"WebSite\",\"@id\":\"https:\/\/www.visit-ulcinj.com\/blog\/#website\",\"url\":\"https:\/\/www.visit-ulcinj.com\/blog\/\",\"name\":\"Lajme nga Ulqini\",\"description\":\"Lajme,Vijesti,Ulqini,Ulqin,Crna Gora,Mali i Zi\",\"potentialAction\":[{\"@type\":\"SearchAction\",\"target\":{\"@type\":\"EntryPoint\",\"urlTemplate\":\"https:\/\/www.visit-ulcinj.com\/blog\/?s={search_term_string}\"},\"query-input\":\"required name=search_term_string\"}],\"inLanguage\":\"en-US\"},{\"@type\":\"ImageObject\",\"inLanguage\":\"en-US\",\"@id\":\"https:\/\/www.visit-ulcinj.com\/blog\/2008\/01\/22\/shqiptaret-nuk-dine-ke-ta-mbeshtesin-per-president-ne-mal-te-zi\/#primaryimage\",\"url\":\"http:\/\/www.visit-ulcinj.com\/blog\/wp-content\/uploads\/2008\/01\/kryetari-i-ld-ne-mz-mehmet-bardhi.jpg\",\"contentUrl\":\"http:\/\/www.visit-ulcinj.com\/blog\/wp-content\/uploads\/2008\/01\/kryetari-i-ld-ne-mz-mehmet-bardhi.jpg\"},{\"@type\":\"WebPage\",\"@id\":\"https:\/\/www.visit-ulcinj.com\/blog\/2008\/01\/22\/shqiptaret-nuk-dine-ke-ta-mbeshtesin-per-president-ne-mal-te-zi\/#webpage\",\"url\":\"https:\/\/www.visit-ulcinj.com\/blog\/2008\/01\/22\/shqiptaret-nuk-dine-ke-ta-mbeshtesin-per-president-ne-mal-te-zi\/\",\"name\":\"Shqiptar\u00ebt nuk din\u00eb k\u00eb ta mb\u00ebshtesin p\u00ebr president n\u00eb Mal t\u00eb Zi - Lajme nga Ulqini\",\"isPartOf\":{\"@id\":\"https:\/\/www.visit-ulcinj.com\/blog\/#website\"},\"primaryImageOfPage\":{\"@id\":\"https:\/\/www.visit-ulcinj.com\/blog\/2008\/01\/22\/shqiptaret-nuk-dine-ke-ta-mbeshtesin-per-president-ne-mal-te-zi\/#primaryimage\"},\"datePublished\":\"2008-01-22T18:40:33+00:00\",\"dateModified\":\"2008-02-13T00:33:11+00:00\",\"author\":{\"@id\":\"https:\/\/www.visit-ulcinj.com\/blog\/#\/schema\/person\/dcab619c614d3038751c63bc2aadc06d\"},\"breadcrumb\":{\"@id\":\"https:\/\/www.visit-ulcinj.com\/blog\/2008\/01\/22\/shqiptaret-nuk-dine-ke-ta-mbeshtesin-per-president-ne-mal-te-zi\/#breadcrumb\"},\"inLanguage\":\"en-US\",\"potentialAction\":[{\"@type\":\"ReadAction\",\"target\":[\"https:\/\/www.visit-ulcinj.com\/blog\/2008\/01\/22\/shqiptaret-nuk-dine-ke-ta-mbeshtesin-per-president-ne-mal-te-zi\/\"]}]},{\"@type\":\"BreadcrumbList\",\"@id\":\"https:\/\/www.visit-ulcinj.com\/blog\/2008\/01\/22\/shqiptaret-nuk-dine-ke-ta-mbeshtesin-per-president-ne-mal-te-zi\/#breadcrumb\",\"itemListElement\":[{\"@type\":\"ListItem\",\"position\":1,\"name\":\"Shqiptar\u00ebt nuk din\u00eb k\u00eb ta mb\u00ebshtesin p\u00ebr president n\u00eb Mal t\u00eb Zi\"}]},{\"@type\":\"Person\",\"@id\":\"https:\/\/www.visit-ulcinj.com\/blog\/#\/schema\/person\/dcab619c614d3038751c63bc2aadc06d\",\"name\":\"ulqini\",\"sameAs\":[\"http:\/\/www.visit-ulcinj.com\"],\"url\":\"https:\/\/www.visit-ulcinj.com\/blog\/author\/admin\/\"}]}<\/script>\n<!-- \/ Yoast SEO plugin. -->","yoast_head_json":{"title":"Shqiptar\u00ebt nuk din\u00eb k\u00eb ta mb\u00ebshtesin p\u00ebr president n\u00eb Mal t\u00eb Zi - Lajme nga Ulqini","robots":{"index":"index","follow":"follow","max-snippet":"max-snippet:-1","max-image-preview":"max-image-preview:large","max-video-preview":"max-video-preview:-1"},"canonical":"https:\/\/www.visit-ulcinj.com\/blog\/2008\/01\/22\/shqiptaret-nuk-dine-ke-ta-mbeshtesin-per-president-ne-mal-te-zi\/","og_locale":"en_US","og_type":"article","og_title":"Shqiptar\u00ebt nuk din\u00eb k\u00eb ta mb\u00ebshtesin p\u00ebr president n\u00eb Mal t\u00eb Zi - Lajme nga Ulqini","og_url":"https:\/\/www.visit-ulcinj.com\/blog\/2008\/01\/22\/shqiptaret-nuk-dine-ke-ta-mbeshtesin-per-president-ne-mal-te-zi\/","og_site_name":"Lajme nga Ulqini","article_published_time":"2008-01-22T18:40:33+00:00","article_modified_time":"2008-02-13T00:33:11+00:00","og_image":[{"url":"http:\/\/www.visit-ulcinj.com\/blog\/wp-content\/uploads\/2008\/01\/kryetari-i-ld-ne-mz-mehmet-bardhi.jpg"}],"twitter_misc":{"Written by":"ulqini","Est. reading time":"1 minute"},"schema":{"@context":"https:\/\/schema.org","@graph":[{"@type":"WebSite","@id":"https:\/\/www.visit-ulcinj.com\/blog\/#website","url":"https:\/\/www.visit-ulcinj.com\/blog\/","name":"Lajme nga Ulqini","description":"Lajme,Vijesti,Ulqini,Ulqin,Crna Gora,Mali i Zi","potentialAction":[{"@type":"SearchAction","target":{"@type":"EntryPoint","urlTemplate":"https:\/\/www.visit-ulcinj.com\/blog\/?s={search_term_string}"},"query-input":"required name=search_term_string"}],"inLanguage":"en-US"},{"@type":"ImageObject","inLanguage":"en-US","@id":"https:\/\/www.visit-ulcinj.com\/blog\/2008\/01\/22\/shqiptaret-nuk-dine-ke-ta-mbeshtesin-per-president-ne-mal-te-zi\/#primaryimage","url":"http:\/\/www.visit-ulcinj.com\/blog\/wp-content\/uploads\/2008\/01\/kryetari-i-ld-ne-mz-mehmet-bardhi.jpg","contentUrl":"http:\/\/www.visit-ulcinj.com\/blog\/wp-content\/uploads\/2008\/01\/kryetari-i-ld-ne-mz-mehmet-bardhi.jpg"},{"@type":"WebPage","@id":"https:\/\/www.visit-ulcinj.com\/blog\/2008\/01\/22\/shqiptaret-nuk-dine-ke-ta-mbeshtesin-per-president-ne-mal-te-zi\/#webpage","url":"https:\/\/www.visit-ulcinj.com\/blog\/2008\/01\/22\/shqiptaret-nuk-dine-ke-ta-mbeshtesin-per-president-ne-mal-te-zi\/","name":"Shqiptar\u00ebt nuk din\u00eb k\u00eb ta mb\u00ebshtesin p\u00ebr president n\u00eb Mal t\u00eb Zi - Lajme nga Ulqini","isPartOf":{"@id":"https:\/\/www.visit-ulcinj.com\/blog\/#website"},"primaryImageOfPage":{"@id":"https:\/\/www.visit-ulcinj.com\/blog\/2008\/01\/22\/shqiptaret-nuk-dine-ke-ta-mbeshtesin-per-president-ne-mal-te-zi\/#primaryimage"},"datePublished":"2008-01-22T18:40:33+00:00","dateModified":"2008-02-13T00:33:11+00:00","author":{"@id":"https:\/\/www.visit-ulcinj.com\/blog\/#\/schema\/person\/dcab619c614d3038751c63bc2aadc06d"},"breadcrumb":{"@id":"https:\/\/www.visit-ulcinj.com\/blog\/2008\/01\/22\/shqiptaret-nuk-dine-ke-ta-mbeshtesin-per-president-ne-mal-te-zi\/#breadcrumb"},"inLanguage":"en-US","potentialAction":[{"@type":"ReadAction","target":["https:\/\/www.visit-ulcinj.com\/blog\/2008\/01\/22\/shqiptaret-nuk-dine-ke-ta-mbeshtesin-per-president-ne-mal-te-zi\/"]}]},{"@type":"BreadcrumbList","@id":"https:\/\/www.visit-ulcinj.com\/blog\/2008\/01\/22\/shqiptaret-nuk-dine-ke-ta-mbeshtesin-per-president-ne-mal-te-zi\/#breadcrumb","itemListElement":[{"@type":"ListItem","position":1,"name":"Shqiptar\u00ebt nuk din\u00eb k\u00eb ta mb\u00ebshtesin p\u00ebr president n\u00eb Mal t\u00eb Zi"}]},{"@type":"Person","@id":"https:\/\/www.visit-ulcinj.com\/blog\/#\/schema\/person\/dcab619c614d3038751c63bc2aadc06d","name":"ulqini","sameAs":["http:\/\/www.visit-ulcinj.com"],"url":"https:\/\/www.visit-ulcinj.com\/blog\/author\/admin\/"}]}},"jetpack_featured_media_url":"","jetpack_sharing_enabled":true,"jetpack_shortlink":"https:\/\/wp.me\/pe6lTn-3M","_links":{"self":[{"href":"https:\/\/www.visit-ulcinj.com\/blog\/wp-json\/wp\/v2\/posts\/234"}],"collection":[{"href":"https:\/\/www.visit-ulcinj.com\/blog\/wp-json\/wp\/v2\/posts"}],"about":[{"href":"https:\/\/www.visit-ulcinj.com\/blog\/wp-json\/wp\/v2\/types\/post"}],"author":[{"embeddable":true,"href":"https:\/\/www.visit-ulcinj.com\/blog\/wp-json\/wp\/v2\/users\/1"}],"replies":[{"embeddable":true,"href":"https:\/\/www.visit-ulcinj.com\/blog\/wp-json\/wp\/v2\/comments?post=234"}],"version-history":[{"count":0,"href":"https:\/\/www.visit-ulcinj.com\/blog\/wp-json\/wp\/v2\/posts\/234\/revisions"}],"wp:attachment":[{"href":"https:\/\/www.visit-ulcinj.com\/blog\/wp-json\/wp\/v2\/media?parent=234"}],"wp:term":[{"taxonomy":"category","embeddable":true,"href":"https:\/\/www.visit-ulcinj.com\/blog\/wp-json\/wp\/v2\/categories?post=234"},{"taxonomy":"post_tag","embeddable":true,"href":"https:\/\/www.visit-ulcinj.com\/blog\/wp-json\/wp\/v2\/tags?post=234"}],"curies":[{"name":"wp","href":"https:\/\/api.w.org\/{rel}","templated":true}]}}