{"id":23428,"date":"2009-06-27T22:31:28","date_gmt":"2009-06-27T20:31:28","guid":{"rendered":"http:\/\/www.visit-ulcinj.com\/blog\/?p=23428"},"modified":"2009-06-27T22:32:30","modified_gmt":"2009-06-27T20:32:30","slug":"grupa-ulcinjskih-nvo-i-intelektualaca-negira-navode-piperovica","status":"publish","type":"post","link":"https:\/\/www.visit-ulcinj.com\/blog\/2009\/06\/27\/grupa-ulcinjskih-nvo-i-intelektualaca-negira-navode-piperovica\/","title":{"rendered":"Grupa Ulcinjskih NVO i intelektualaca negira navode Piperovi?a"},"content":{"rendered":"<p><strong><a href=\"http:\/\/www.visit-ulcinj.com\/blog\/wp-content\/uploads\/2009\/06\/NVO-MOGUL-ULCINJ.jpg\"><img loading=\"lazy\" class=\"alignleft size-full wp-image-23429\" title=\"NVO MOGUL ULCINJ\" src=\"http:\/\/www.visit-ulcinj.com\/blog\/wp-content\/uploads\/2009\/06\/NVO-MOGUL-ULCINJ.jpg\" alt=\"NVO MOGUL ULCINJ\" width=\"366\" height=\"557\" \/><\/a>Deklaracija je klju?na<\/strong><\/p>\n<p>Ulcinj &#8211; Grupa NVO i ulcinjskih intelektualaca ocijenila je da advokat Zoran Piperovi? u tekstu \u201eBavio sam se samo pravnim pitanjima\u201c, objavljenom u ju?era\u0161njim \u201eVijestima\u201c, nije uspio da odbrani ni Vladu \u201ekoja raspisuje \u0161tetne tendere, ni lokalnu vlast koja se o tim pitanjima jo\u0161 ne izja\u0161njava\u201c.<br \/>\nOni su naglasili da su \u201csvi mogli da vide poziciju Piperovi?a, te da ?e Ulcinjani to znati da cijene\u201d. Na konstataciju Piperovi?a \u201eda se zala\u017ee da se tenderi raspi\u0161u u zakonitom postupku\u201d, te da bi \u201co tome svakako trebalo da se razgovara i u op\u0161tinskom parlamentu\u201d, oni isti?u \u201cda je to upravo sr\u017e predlo\u017eene deklaracije\u201d.<br \/>\n\u201cZato pozovite Vladu da po\u0161tuje zakonske procedure ove zemlje, me?unarodne standarde i dobre obi?aje\u201d, navodi se u reagovanju.<br \/>\nDodaje se da je razumljivo \u0161to advokat ne odgovara ni na pitanje da li je zakonita odluka Vlade o raspisivanju tendera za Veliku pla\u017eu i Adu na 90 godina, budu?i \u201cda u Zakonu o dr\u017eavnoj imovini jasno stoji da ona to mo\u017ee da u?ini samo nakon odluke Skup\u0161tine, koja o tome nikad nije raspravljala\u201d.<\/p>\n<p>\u201cNe odgovara tako?e i kako svi ti tenderi mogu biti zakoniti, kada je, u tome smo se slo\u017eili, nezakonita linija o morskom dobru u ulcinjskoj op\u0161tini. JP za upravljanje morskim dobrom, sa sjedi\u0161tem u Budvi, gazduje sa ?ak 13 odsto najvrednije teritorije op\u0161tine Ulcinj. U Budvi je to 0,05 odsto teritorije te op\u0161tine. I ne samo \u0161to gazduje tom teritorijom i \u0161to ve? 16 godina nelegalno uzima novac lokalne samouprave, ve? se ta imovina prikazuje kao dr\u017eavna. Slikovito govore?i, Vlada je na\u0161im parama otvorila banku i sada \u017eeli ne da nas zaposli barem kao \u0161alterskog radnika, ve? ba\u0161tovana\u201d, pi\u0161e u reagovanju.<br \/>\n\u201cKada Kotor prodaje Trsteno, pare idu toj op\u0161tini, kada Bar proda Maljevik, pare idu u op\u0161tinsku kasu, kada Budva proda Zavalu, novac ostaje Budvi. A ?itav Ulcinj na tenderu, sve po 15 centi, a ni centa Ulcinju. Nije valjda da svi zbog toga treba da budemo sretni i zadovoljni. Ljudsko dostojanstvo i prostor nemaju cijene. To su svojim potpisima potvrdili i svi vjerski velikodostojnici u Ulcinju, koji nijesu ostali po strani. Zato mi \u017eelimo da i odbornici, ljudi izabrani na izborima, hrabro preuzmu odgovornost za sudbinu Ulcinja jer istorija nikome ne?e oprostiti. Oni kao odbornici i mi kao gra?ani ostavi?emo istorijsko svjedo?anstvo da potpisivanjem i izglasavanjem tog i takvog dokumenta sebe legitimi\u0161emo kao osobe koje ne pristaju na ?ere?enje na\u0161e op\u0161tine\u201d, ocjenjuje u reagovanju.<\/p>\n<p>Isti?e se da je to od sudbinskog zna?aja, bez obzira na to kako bude reagovala crnogorska vlast, \u201ekoja ?e, ipak, morati malo da priko?i\u201c.<br \/>\n\u201cNama je srce puno kada vidimo odu\u0161evljenje sa kojim su gra?ani Ulcinja potpisivali deklaraciju. Pokazali su da postoji solidarnost i da su svjesni i odgovorni gra?ani. U toj povorci dostojanstva i ljubavi ima mjesta za sve, pa i za vas. Nakon \u0161to ste se okliznuli na deklaraciji, pa i na pravu, nemojte na demografiji. Ulcinjani jesu mirni, tolerantni i marljivi, ali dobro pamte, posebno sramne devedesete\u201d, ka\u017ee se u reagovanju.<br \/>\n\u201cVijesti\u201d ovim tekstom zavr\u0161avaju polemiku.<\/p>\n<p><strong>S.A.<br \/>\n<a href=\"http:\/\/www.vijesti.cg.yu\/index.php?id_pre=308728&amp;godina=2009\" target=\"_blank\">Vijesti<\/a><\/strong><\/p>\n<p><strong><!--YouTube Error: bad URL entered--><br \/>\n<\/strong><\/p>\n","protected":false},"excerpt":{"rendered":"<p>Deklaracija je klju?na Ulcinj &#8211; Grupa NVO i ulcinjskih intelektualaca ocijenila je da advokat Zoran Piperovi? u tekstu \u201eBavio sam se samo pravnim pitanjima\u201c, objavljenom u ju?era\u0161njim \u201eVijestima\u201c, nije uspio da odbrani ni Vladu \u201ekoja raspisuje \u0161tetne tendere, ni lokalnu vlast koja se o tim pitanjima jo\u0161 ne izja\u0161njava\u201c. Oni su naglasili da su \u201csvi [&hellip;]<\/p>\n","protected":false},"author":1,"featured_media":0,"comment_status":"open","ping_status":"closed","sticky":false,"template":"","format":"standard","meta":{"spay_email":"","jetpack_publicize_message":"","jetpack_is_tweetstorm":false,"jetpack_publicize_feature_enabled":true},"categories":[8337],"tags":[2793,20,11532,19,10461],"jetpack_publicize_connections":[],"yoast_head":"<!-- This site is optimized with the Yoast SEO plugin v19.1 - https:\/\/yoast.com\/wordpress\/plugins\/seo\/ -->\n<title>Grupa Ulcinjskih NVO i intelektualaca negira navode Piperovi?a - Lajme nga Ulqini<\/title>\n<meta name=\"description\" content=\"Deklaracija je klju?na Ulcinj - Grupa NVO i ulcinjskih intelektualaca ocijenila je da advokat Zoran Piperovi? u tekstu \u201eBavio sam se samo pravnim\" \/>\n<meta name=\"robots\" content=\"index, follow, max-snippet:-1, max-image-preview:large, max-video-preview:-1\" \/>\n<link rel=\"canonical\" href=\"https:\/\/www.visit-ulcinj.com\/blog\/2009\/06\/27\/grupa-ulcinjskih-nvo-i-intelektualaca-negira-navode-piperovica\/\" \/>\n<meta property=\"og:locale\" content=\"en_US\" \/>\n<meta property=\"og:type\" content=\"article\" \/>\n<meta property=\"og:title\" content=\"Grupa Ulcinjskih NVO i intelektualaca negira navode Piperovi?a - Lajme nga Ulqini\" \/>\n<meta property=\"og:description\" content=\"Deklaracija je klju?na Ulcinj - Grupa NVO i ulcinjskih intelektualaca ocijenila je da advokat Zoran Piperovi? u tekstu \u201eBavio sam se samo pravnim\" \/>\n<meta property=\"og:url\" content=\"https:\/\/www.visit-ulcinj.com\/blog\/2009\/06\/27\/grupa-ulcinjskih-nvo-i-intelektualaca-negira-navode-piperovica\/\" \/>\n<meta property=\"og:site_name\" content=\"Lajme nga Ulqini\" \/>\n<meta property=\"article:published_time\" content=\"2009-06-27T20:31:28+00:00\" \/>\n<meta property=\"article:modified_time\" content=\"2009-06-27T20:32:30+00:00\" \/>\n<meta property=\"og:image\" content=\"http:\/\/www.visit-ulcinj.com\/blog\/wp-content\/uploads\/2009\/06\/NVO-MOGUL-ULCINJ.jpg\" \/>\n<meta name=\"twitter:label1\" content=\"Written by\" \/>\n\t<meta name=\"twitter:data1\" content=\"ulqini\" \/>\n\t<meta name=\"twitter:label2\" content=\"Est. reading time\" \/>\n\t<meta name=\"twitter:data2\" content=\"3 minutes\" \/>\n<script type=\"application\/ld+json\" class=\"yoast-schema-graph\">{\"@context\":\"https:\/\/schema.org\",\"@graph\":[{\"@type\":\"WebSite\",\"@id\":\"https:\/\/www.visit-ulcinj.com\/blog\/#website\",\"url\":\"https:\/\/www.visit-ulcinj.com\/blog\/\",\"name\":\"Lajme nga Ulqini\",\"description\":\"Lajme,Vijesti,Ulqini,Ulqin,Crna Gora,Mali i Zi\",\"potentialAction\":[{\"@type\":\"SearchAction\",\"target\":{\"@type\":\"EntryPoint\",\"urlTemplate\":\"https:\/\/www.visit-ulcinj.com\/blog\/?s={search_term_string}\"},\"query-input\":\"required name=search_term_string\"}],\"inLanguage\":\"en-US\"},{\"@type\":\"ImageObject\",\"inLanguage\":\"en-US\",\"@id\":\"https:\/\/www.visit-ulcinj.com\/blog\/2009\/06\/27\/grupa-ulcinjskih-nvo-i-intelektualaca-negira-navode-piperovica\/#primaryimage\",\"url\":\"https:\/\/www.visit-ulcinj.com\/blog\/wp-content\/uploads\/2009\/06\/NVO-MOGUL-ULCINJ.jpg\",\"contentUrl\":\"https:\/\/www.visit-ulcinj.com\/blog\/wp-content\/uploads\/2009\/06\/NVO-MOGUL-ULCINJ.jpg\",\"width\":\"540\",\"height\":\"758\"},{\"@type\":\"WebPage\",\"@id\":\"https:\/\/www.visit-ulcinj.com\/blog\/2009\/06\/27\/grupa-ulcinjskih-nvo-i-intelektualaca-negira-navode-piperovica\/#webpage\",\"url\":\"https:\/\/www.visit-ulcinj.com\/blog\/2009\/06\/27\/grupa-ulcinjskih-nvo-i-intelektualaca-negira-navode-piperovica\/\",\"name\":\"Grupa Ulcinjskih NVO i intelektualaca negira navode Piperovi?a - Lajme nga Ulqini\",\"isPartOf\":{\"@id\":\"https:\/\/www.visit-ulcinj.com\/blog\/#website\"},\"primaryImageOfPage\":{\"@id\":\"https:\/\/www.visit-ulcinj.com\/blog\/2009\/06\/27\/grupa-ulcinjskih-nvo-i-intelektualaca-negira-navode-piperovica\/#primaryimage\"},\"datePublished\":\"2009-06-27T20:31:28+00:00\",\"dateModified\":\"2009-06-27T20:32:30+00:00\",\"author\":{\"@id\":\"https:\/\/www.visit-ulcinj.com\/blog\/#\/schema\/person\/dcab619c614d3038751c63bc2aadc06d\"},\"description\":\"Deklaracija je klju?na Ulcinj - Grupa NVO i ulcinjskih intelektualaca ocijenila je da advokat Zoran Piperovi? u tekstu \u201eBavio sam se samo pravnim\",\"breadcrumb\":{\"@id\":\"https:\/\/www.visit-ulcinj.com\/blog\/2009\/06\/27\/grupa-ulcinjskih-nvo-i-intelektualaca-negira-navode-piperovica\/#breadcrumb\"},\"inLanguage\":\"en-US\",\"potentialAction\":[{\"@type\":\"ReadAction\",\"target\":[\"https:\/\/www.visit-ulcinj.com\/blog\/2009\/06\/27\/grupa-ulcinjskih-nvo-i-intelektualaca-negira-navode-piperovica\/\"]}]},{\"@type\":\"BreadcrumbList\",\"@id\":\"https:\/\/www.visit-ulcinj.com\/blog\/2009\/06\/27\/grupa-ulcinjskih-nvo-i-intelektualaca-negira-navode-piperovica\/#breadcrumb\",\"itemListElement\":[{\"@type\":\"ListItem\",\"position\":1,\"name\":\"Grupa Ulcinjskih NVO i intelektualaca negira navode Piperovi?a\"}]},{\"@type\":\"Person\",\"@id\":\"https:\/\/www.visit-ulcinj.com\/blog\/#\/schema\/person\/dcab619c614d3038751c63bc2aadc06d\",\"name\":\"ulqini\",\"sameAs\":[\"http:\/\/www.visit-ulcinj.com\"],\"url\":\"https:\/\/www.visit-ulcinj.com\/blog\/author\/admin\/\"}]}<\/script>\n<!-- \/ Yoast SEO plugin. -->","yoast_head_json":{"title":"Grupa Ulcinjskih NVO i intelektualaca negira navode Piperovi?a - Lajme nga Ulqini","description":"Deklaracija je klju?na Ulcinj - Grupa NVO i ulcinjskih intelektualaca ocijenila je da advokat Zoran Piperovi? u tekstu \u201eBavio sam se samo pravnim","robots":{"index":"index","follow":"follow","max-snippet":"max-snippet:-1","max-image-preview":"max-image-preview:large","max-video-preview":"max-video-preview:-1"},"canonical":"https:\/\/www.visit-ulcinj.com\/blog\/2009\/06\/27\/grupa-ulcinjskih-nvo-i-intelektualaca-negira-navode-piperovica\/","og_locale":"en_US","og_type":"article","og_title":"Grupa Ulcinjskih NVO i intelektualaca negira navode Piperovi?a - Lajme nga Ulqini","og_description":"Deklaracija je klju?na Ulcinj - Grupa NVO i ulcinjskih intelektualaca ocijenila je da advokat Zoran Piperovi? u tekstu \u201eBavio sam se samo pravnim","og_url":"https:\/\/www.visit-ulcinj.com\/blog\/2009\/06\/27\/grupa-ulcinjskih-nvo-i-intelektualaca-negira-navode-piperovica\/","og_site_name":"Lajme nga Ulqini","article_published_time":"2009-06-27T20:31:28+00:00","article_modified_time":"2009-06-27T20:32:30+00:00","og_image":[{"url":"http:\/\/www.visit-ulcinj.com\/blog\/wp-content\/uploads\/2009\/06\/NVO-MOGUL-ULCINJ.jpg"}],"twitter_misc":{"Written by":"ulqini","Est. reading time":"3 minutes"},"schema":{"@context":"https:\/\/schema.org","@graph":[{"@type":"WebSite","@id":"https:\/\/www.visit-ulcinj.com\/blog\/#website","url":"https:\/\/www.visit-ulcinj.com\/blog\/","name":"Lajme nga Ulqini","description":"Lajme,Vijesti,Ulqini,Ulqin,Crna Gora,Mali i Zi","potentialAction":[{"@type":"SearchAction","target":{"@type":"EntryPoint","urlTemplate":"https:\/\/www.visit-ulcinj.com\/blog\/?s={search_term_string}"},"query-input":"required name=search_term_string"}],"inLanguage":"en-US"},{"@type":"ImageObject","inLanguage":"en-US","@id":"https:\/\/www.visit-ulcinj.com\/blog\/2009\/06\/27\/grupa-ulcinjskih-nvo-i-intelektualaca-negira-navode-piperovica\/#primaryimage","url":"https:\/\/www.visit-ulcinj.com\/blog\/wp-content\/uploads\/2009\/06\/NVO-MOGUL-ULCINJ.jpg","contentUrl":"https:\/\/www.visit-ulcinj.com\/blog\/wp-content\/uploads\/2009\/06\/NVO-MOGUL-ULCINJ.jpg","width":"540","height":"758"},{"@type":"WebPage","@id":"https:\/\/www.visit-ulcinj.com\/blog\/2009\/06\/27\/grupa-ulcinjskih-nvo-i-intelektualaca-negira-navode-piperovica\/#webpage","url":"https:\/\/www.visit-ulcinj.com\/blog\/2009\/06\/27\/grupa-ulcinjskih-nvo-i-intelektualaca-negira-navode-piperovica\/","name":"Grupa Ulcinjskih NVO i intelektualaca negira navode Piperovi?a - Lajme nga Ulqini","isPartOf":{"@id":"https:\/\/www.visit-ulcinj.com\/blog\/#website"},"primaryImageOfPage":{"@id":"https:\/\/www.visit-ulcinj.com\/blog\/2009\/06\/27\/grupa-ulcinjskih-nvo-i-intelektualaca-negira-navode-piperovica\/#primaryimage"},"datePublished":"2009-06-27T20:31:28+00:00","dateModified":"2009-06-27T20:32:30+00:00","author":{"@id":"https:\/\/www.visit-ulcinj.com\/blog\/#\/schema\/person\/dcab619c614d3038751c63bc2aadc06d"},"description":"Deklaracija je klju?na Ulcinj - Grupa NVO i ulcinjskih intelektualaca ocijenila je da advokat Zoran Piperovi? u tekstu \u201eBavio sam se samo pravnim","breadcrumb":{"@id":"https:\/\/www.visit-ulcinj.com\/blog\/2009\/06\/27\/grupa-ulcinjskih-nvo-i-intelektualaca-negira-navode-piperovica\/#breadcrumb"},"inLanguage":"en-US","potentialAction":[{"@type":"ReadAction","target":["https:\/\/www.visit-ulcinj.com\/blog\/2009\/06\/27\/grupa-ulcinjskih-nvo-i-intelektualaca-negira-navode-piperovica\/"]}]},{"@type":"BreadcrumbList","@id":"https:\/\/www.visit-ulcinj.com\/blog\/2009\/06\/27\/grupa-ulcinjskih-nvo-i-intelektualaca-negira-navode-piperovica\/#breadcrumb","itemListElement":[{"@type":"ListItem","position":1,"name":"Grupa Ulcinjskih NVO i intelektualaca negira navode Piperovi?a"}]},{"@type":"Person","@id":"https:\/\/www.visit-ulcinj.com\/blog\/#\/schema\/person\/dcab619c614d3038751c63bc2aadc06d","name":"ulqini","sameAs":["http:\/\/www.visit-ulcinj.com"],"url":"https:\/\/www.visit-ulcinj.com\/blog\/author\/admin\/"}]}},"jetpack_featured_media_url":"","jetpack_sharing_enabled":true,"jetpack_shortlink":"https:\/\/wp.me\/pe6lTn-65S","_links":{"self":[{"href":"https:\/\/www.visit-ulcinj.com\/blog\/wp-json\/wp\/v2\/posts\/23428"}],"collection":[{"href":"https:\/\/www.visit-ulcinj.com\/blog\/wp-json\/wp\/v2\/posts"}],"about":[{"href":"https:\/\/www.visit-ulcinj.com\/blog\/wp-json\/wp\/v2\/types\/post"}],"author":[{"embeddable":true,"href":"https:\/\/www.visit-ulcinj.com\/blog\/wp-json\/wp\/v2\/users\/1"}],"replies":[{"embeddable":true,"href":"https:\/\/www.visit-ulcinj.com\/blog\/wp-json\/wp\/v2\/comments?post=23428"}],"version-history":[{"count":0,"href":"https:\/\/www.visit-ulcinj.com\/blog\/wp-json\/wp\/v2\/posts\/23428\/revisions"}],"wp:attachment":[{"href":"https:\/\/www.visit-ulcinj.com\/blog\/wp-json\/wp\/v2\/media?parent=23428"}],"wp:term":[{"taxonomy":"category","embeddable":true,"href":"https:\/\/www.visit-ulcinj.com\/blog\/wp-json\/wp\/v2\/categories?post=23428"},{"taxonomy":"post_tag","embeddable":true,"href":"https:\/\/www.visit-ulcinj.com\/blog\/wp-json\/wp\/v2\/tags?post=23428"}],"curies":[{"name":"wp","href":"https:\/\/api.w.org\/{rel}","templated":true}]}}