{"id":23476,"date":"2009-06-28T12:53:11","date_gmt":"2009-06-28T10:53:11","guid":{"rendered":"http:\/\/www.visit-ulcinj.com\/blog\/?p=23476"},"modified":"2009-06-28T12:56:48","modified_gmt":"2009-06-28T10:56:48","slug":"studijske-grupe-medija-iz-bosne-i-hercegovine-u-crnoj-gori","status":"publish","type":"post","link":"https:\/\/www.visit-ulcinj.com\/blog\/2009\/06\/28\/studijske-grupe-medija-iz-bosne-i-hercegovine-u-crnoj-gori\/","title":{"rendered":"Studijske grupe medija iz Bosne i Hercegovine u Crnoj Gori"},"content":{"rendered":"<p><a href=\"http:\/\/www.visit-ulcinj.com\/blog\/wp-content\/uploads\/2009\/06\/grupe-medija-iz-Bosne-i-Hercegovine-u-Crnoj-Gori.jpg\"><img loading=\"lazy\" class=\"alignleft size-full wp-image-23477\" title=\"grupe medija iz Bosne i Hercegovine u Crnoj Gori,montenegro, crna, gora, letovanje, zimovanje, turizam, more, odmor, bar, budva, be?i?i, sveti, stefan, kotor, tivat, milo?er, risan, igalo, boka, kotorska, herceg, novi, tara, \u017eabljak, durmitor, kola\u0161in, bjelasica,Predstavnika medijskih ku?a Bosne i Hercegovine. \u201eTV Hayat\u201c, \u201ePink BiH\u201c, \u201eDnevni Avaz\u201c, \u201eGracija\u201c, \u201eBH Dani\u201c, \u201eSlobodna Bosna\u201c, \u201eMagazin\u201c i \u201eCity Review\u201c ,TV ATV   (Banja Luka),NP Glas Trebinja   (Trebinje),NP Nezavisne Novine   (Banja Luka), Dani,      Dnevni Avaz   (Sarajevo) ,     Dnevni List   (Mostar)  ,    Hrvatska Rijec   (Sarajevo)   ,     Jutarnje   (Sarajevo)  ,       IN Me?ugorje online   (Me?ugorje) ,        TV NTV Hayat   (Sarajevo) ,         Oslobo?enje   (Sarajevo) ,          Pitam Sam Tebe   (Mostar),          Slobodna Bosna   (Sarajevo) ,  Svjetlo Rije?i (Sarajevo),     IN Derventski List       ,  AG FENA    ,      Monitor   (Mostar) ,          Most   (Mostar),        ONASA,          TV PBS BiH    , Start   (Sarajevo),\" src=\"http:\/\/www.visit-ulcinj.com\/blog\/wp-content\/uploads\/2009\/06\/grupe-medija-iz-Bosne-i-Hercegovine-u-Crnoj-Gori.jpg\" alt=\"grupe medija iz Bosne i Hercegovine u Crnoj Gori\" width=\"580\" height=\"400\" \/><\/a>Danas se zavr\u0161ava boravak studijske grupe medija iz Bosne i Hercegovine koji su, zajedno sa direktorom predstavni\u0161tva Crne Gore u BiH, gospodinom Farukom ?alukom obilazili Crnu Goru tokom proteklih dana u cilju promocije njenih potencijala i turisti?ke ponude na prostoru Bosne i Hercegovine.<br \/>\nOve godine je po prvi put organizovano studijsko putovanje predstavnika medijskih ku?a \u201eTV Hayat\u201c, \u201ePink BiH\u201c, \u201eDnevni Avaz\u201c, \u201eGracija\u201c, \u201eBH Dani\u201c, \u201eSlobodna Bosna\u201c, \u201eMagazin\u201c i \u201eCity Review\u201c od 15. do 18. juna.<br \/>\nJu?e je u kompleksu Plavnica organizovan radni ru?ak na kojem je prisustvovao direktor NTO-a, gospodin Sasa Radovi? sa svojim saradnicima. Tom prilikom on je upoznao medije sa turisti?kom ponudom Crne Gore, aktuelnoj situaciji i novinama u ovoj godini i pozvao turiste sa ovog tr\u017ei\u0161ta da provedu svoj odmor u na\u0161oj zemlji. U sklopu programa posjete novinari su obi\u0161li Budvu, Cetinje, Kotor, Perast, Nacionalni park Skadarsko jezero, Kola\u0161in, dok je za poslednji dan boraka organizovan obilazak Nacionalnog parka Biogradska gora, \u017dabljaka i Nacionalnog parka Durmitor.<br \/>\nPredstavni\u0161tvo Crne Gore u Sarajevu otvoreno je 5. maja ove godine \u0161to ukazuje na konkretne korake za obuhvatnijim i kvalitetnijim upoznavanjem tamo\u0161nje javnosti sa turisti?kom ponudom Crne Gore.<br \/>\nPro\u0161le godine Crnu Goru je posjetilo oko 100.000 turista sa tr\u017ei\u0161ta BiH. U ukupnoj strukturi turista BiH u?estvuje sa procentom od 11,57%.<br \/>\n<a href=\"http:\/\/www.vlada.cg.yu\/mintur\/index.php?akcija=vijesti&amp;id=174356\" target=\"_blank\"><br \/>\n<strong>PR slu\u017eba Nacionalne turisti?ke organizacije Crne Gore<br \/>\n<\/strong><\/a><strong>[flv width=&#8221;580&#8243; height=&#8221;380&#8243;]http:\/\/www.videooglasi.net\/video-file-280.m4v[\/flv]<\/strong><br \/>\n<strong> Link:  <a href=\"http:\/\/www.visit-ulcinj.com\" target=\"_blank\">http:\/\/www.visit-ulcinj.com<\/a><\/strong><br \/>\n<a title=\"Accommodation Holiday House in Ulcinj-Montenegro,from 7\u20ac pers\" href=\"http:\/\/www.visit-ulcinj.com\/ulcinj-ulqini-accommodation\/holiday-house-last-minute-ulcinj-ulqini-montenegro\/\" target=\"_blank\"><img loading=\"lazy\" class=\"alignleft size-full wp-image-22793\" title=\"Travel, Ulcinj, Vacation, apartmani, aran\u017enmani, ulcinj, cene, Crna-Gora, Bosna i Hercegovina,B&amp;H,BIH, hotel, hoteli, izlasci, klubovi, Leto, leto-2009, letovanje, Montenegro, more, odmor, pla\u017ee, prevoz, putovanja, putovanje, restorani, sme\u0161taj, soba, sobe za izdavanje, ville, ada bojana, budva, gradona?elnik Gzim Hajdinaga,Maksut Sadikovi?,Sarajevo,u Bosni,Stari grad Sarajevo,Ibrahim Had\u017eibajri?,bratimlje,turizam,more, odmor, pla\u017ee, prevoz, putovanja, putovanje, restorani, sme\u0161taj, soba, surf, kitsurfing, kuhinja, smjestaj, riba,turisti?ka-ponuda,banjski-turizam, garsonjere, izdavanje, Ku?e, odmor, pansioni, privatni-sme\u0161taj, sobe, ulcinj-apartmani, ulcinj-smestaj, stanovi, ulcinj turizam,luksuzni-apartmani, odmor, planina,Jadran, Jadransko-more, Ulcinj-na-moru, ulcinj-na-moru-sme\u0161taj, ulcinj turisti?ka-ponuda,eko-turizam,pla\u017ea Safari, pla\u017ea Tony Grill, Tropicana, Miami, Copacabana, apartmani,Privatni smje\u0161taj,rezervacija smje\u0161taja,apartmani,sobe,ku?e,odmor,sobe za odmor ulcinj,Pretra\u017eivanje privatnog smje\u0161taja,\u017eelite rezervirati privatni smje\u0161taj,Smje\u0161taj ulcinj,godi\u0161nji odmor u ulcinj,odmor u ulcinj,Ku?a za odmor,kuda na odmor,ljetovanje u ulcinj,slobodne sobe,ku?a uz more,turisti?ka ponuda,odmor i zabava,povolne cene,sobe,usluge,Mjesto za Va\u0161 odmor ,Odmor portal,putovanaja,Iznajmljivanje soba ulcinj,odmor ulcinj info,Va\u0161e mjesto za odmor ulcinj,nudisticka plaza ada bojana,smje\u0161taj ponuda ulcinj,    * Banovi?i,     * Banja Luka,     * Berkovi?i,     * Biha?,     * Bile?a,     * Bijeljina,     * Blagaj,     * Bosanska Dubica,     * Bosanska Gradi\u0161ka,     * Bosansko Grahovo,     * Bosanska Krupa,     * Bosanska Kostajnica,     * Bosanski Brod,     * Bosanski Novi,     * Bosanski Petrovac,     * Bosanski \u0160amac,     * Bratunac,     * Br?ko,     * Breza,     * Bugojno,     * Busova?a,     * Bu\u017eim,?ajni?e,     * ?apljina,     * ?eli?,     * ?itluk,     * ?elinac,  * Doboj,     * Dobreti?i,     * Domaljevac,     * Donji Vakuf,     * Drvar,     * Derventa,    * Fo?a ,    * Fojnica,* Glamo?,     * Gra?anica,     * Grada?ac,     * Grude,     * Gora\u017ede,     * Gornji Vakuf,    * Jablanica  ,   * Jajce,* Kakanj,     * Kalesija,     * Kalinovik,     * Kiseljak,     * Kladanj,     * Klju?,     * Konjic,     * Kotor Varo\u0161,     * Kre\u0161evo,     * Kupres, Livno,     * Lukavac, * Lopare,Maglaj,     * Mili?i,     * Modri?a,     * Mostar,     * Mrkonji? Grad,Neum,     * Nevesinje,     * Novi Travnik,Od\u017eak,     * Olovo,     * Ora\u0161je,* Pale,     * Posu\u0161je,     * Prozor,     * Pra?a,     * Prijedor,Sanski Most,     * Sapna,     * Sarajevo,     * Skender Vakuf,     * Sokolac,     * Srbac,     * Srebrenica,     * Srebrenik,     * Stolac,Teo?ak,     * Tesli?,     * Te\u0161anj,     * Tomislavgrad,     * Travnik,     * Trebinje,     * Tuzla,Vare\u0161,     * Velika Kladu\u0161a,     * Visoko,     * Vi\u0161egrad,     * Vitez,     * Vogo\u0161?a,Zavidovi?i,     * Zenica,     * Zvornik,\u017dep?e,     * \u017divinice,\" src=\"http:\/\/www.visit-ulcinj.com\/blog\/wp-content\/uploads\/2009\/06\/ulcinj-info_holiday-in-montenegro.png\" alt=\"ulcinj-info_holiday-in-montenegro,Simply, travel, Ulcinj,Ulqin,Long Beach,ada bojana, Holidays in montenegro, apartments, cottages, hotels, accommodation, information, maps, holiday, tour operators, car hire, winter,travel, holiday in ulcinj, book, flights in montenegro, booking ulcinj montenegro,holiday apartments in montenegro,beaches in montenegro,all inclusive montenegro,montenegro adriatic sea,Apartmani, Appartements, booking, buy, car, Cobi House, Estate, hire, holiday, Home, Hotel, House, Land, last minute, Montenegro, Plots, Properties, Property, Real, Realtor, rent, rental, room, Travel, Ulcinj, Ulqini, Vacation, \" width=\"580\" height=\"125\" \/><\/a><br \/>\n<object classid=\"clsid:d27cdb6e-ae6d-11cf-96b8-444553540000\" width=\"580\" height=\"400\" codebase=\"http:\/\/download.macromedia.com\/pub\/shockwave\/cabs\/flash\/swflash.cab#version=6,0,40,0\"><param name=\"allowfullscreen\" value=\"true\" \/><param name=\"allowscriptaccess\" value=\"always\" \/><param name=\"src\" value=\"http:\/\/vimeo.com\/moogaloop.swf?clip_id=603706&amp;server=vimeo.com&amp;show_title=0&amp;show_byline=0&amp;show_portrait=1&amp;color=&amp;fullscreen=1\" \/><\/object><\/p>\n","protected":false},"excerpt":{"rendered":"<p>Danas se zavr\u0161ava boravak studijske grupe medija iz Bosne i Hercegovine koji su, zajedno sa direktorom predstavni\u0161tva Crne Gore u BiH, gospodinom Farukom ?alukom obilazili Crnu Goru tokom proteklih dana u cilju promocije njenih potencijala i turisti?ke ponude na prostoru Bosne i Hercegovine. Ove godine je po prvi put organizovano studijsko putovanje predstavnika medijskih ku?a [&hellip;]<\/p>\n","protected":false},"author":1,"featured_media":0,"comment_status":"open","ping_status":"closed","sticky":false,"template":"","format":"standard","meta":{"spay_email":"","jetpack_publicize_message":"","jetpack_is_tweetstorm":false,"jetpack_publicize_feature_enabled":true},"categories":[8337],"tags":[4032,138,1015,11560,1860,11249,11252,11275,748,11576,3520,11571,2862,1613,10353,10349,11251,21,11250,11577,2105,10342,20,11548,11549,11550,1789,11290,11276,11568,11040,3967,10351,11575,5673,11253,11551,10348,11574,11559,11553,11277,11254,11053,432,11286,11570,11552,11272,11255,1924,2440,10350,11046,11042,11035,11043,11273,11256,11257,10343,11044,11572,11284,2108,3523,11050,11561,79,11562,11569,10352,11056,10345,11047,11051,11041,11054,11582,11563,11555,11578,11278,11556,11285,4281,11291,11258,11048,11542,11037,11259,11032,11279,11052,1642,11260,11261,11033,11274,3527,11579,11573,2281,2690,11557,11045,11262,11580,3936,11057,11039,11263,11034,11264,11036,1433,2477,11282,1511,11268,11565,10347,11271,10346,11558,9581,1334,2104,10107,3696,11567,11554,11564,11267,19,11289,11283,11280,11287,11288,11281,849,11049,11055,11581,11265,1437,4620,1923,11038,10344,11546,11544,11545,11566,11543,11547],"jetpack_publicize_connections":[],"yoast_head":"<!-- This site is optimized with the Yoast SEO plugin v19.1 - https:\/\/yoast.com\/wordpress\/plugins\/seo\/ -->\n<title>Studijske grupe medija iz Bosne i Hercegovine u Crnoj Gori - Lajme nga Ulqini<\/title>\n<meta name=\"description\" content=\"Danas se zavr\u0161ava boravak studijske grupe medija iz Bosne i Hercegovine koji su, zajedno sa direktorom predstavni\u0161tva Crne Gore u BiH, gospodinom Farukom\" \/>\n<meta name=\"robots\" content=\"index, follow, max-snippet:-1, max-image-preview:large, max-video-preview:-1\" \/>\n<link rel=\"canonical\" href=\"https:\/\/www.visit-ulcinj.com\/blog\/2009\/06\/28\/studijske-grupe-medija-iz-bosne-i-hercegovine-u-crnoj-gori\/\" \/>\n<meta property=\"og:locale\" content=\"en_US\" \/>\n<meta property=\"og:type\" content=\"article\" \/>\n<meta property=\"og:title\" content=\"Studijske grupe medija iz Bosne i Hercegovine u Crnoj Gori - Lajme nga Ulqini\" \/>\n<meta property=\"og:description\" content=\"Danas se zavr\u0161ava boravak studijske grupe medija iz Bosne i Hercegovine koji su, zajedno sa direktorom predstavni\u0161tva Crne Gore u BiH, gospodinom Farukom\" \/>\n<meta property=\"og:url\" content=\"https:\/\/www.visit-ulcinj.com\/blog\/2009\/06\/28\/studijske-grupe-medija-iz-bosne-i-hercegovine-u-crnoj-gori\/\" \/>\n<meta property=\"og:site_name\" content=\"Lajme nga Ulqini\" \/>\n<meta property=\"article:published_time\" content=\"2009-06-28T10:53:11+00:00\" \/>\n<meta property=\"article:modified_time\" content=\"2009-06-28T10:56:48+00:00\" \/>\n<meta property=\"og:image\" content=\"http:\/\/www.visit-ulcinj.com\/blog\/wp-content\/uploads\/2009\/06\/grupe-medija-iz-Bosne-i-Hercegovine-u-Crnoj-Gori.jpg\" \/>\n<meta name=\"twitter:label1\" content=\"Written by\" \/>\n\t<meta name=\"twitter:data1\" content=\"ulqini\" \/>\n\t<meta name=\"twitter:label2\" content=\"Est. reading time\" \/>\n\t<meta name=\"twitter:data2\" content=\"1 minute\" \/>\n<script type=\"application\/ld+json\" class=\"yoast-schema-graph\">{\"@context\":\"https:\/\/schema.org\",\"@graph\":[{\"@type\":\"WebSite\",\"@id\":\"https:\/\/www.visit-ulcinj.com\/blog\/#website\",\"url\":\"https:\/\/www.visit-ulcinj.com\/blog\/\",\"name\":\"Lajme nga Ulqini\",\"description\":\"Lajme,Vijesti,Ulqini,Ulqin,Crna Gora,Mali i Zi\",\"potentialAction\":[{\"@type\":\"SearchAction\",\"target\":{\"@type\":\"EntryPoint\",\"urlTemplate\":\"https:\/\/www.visit-ulcinj.com\/blog\/?s={search_term_string}\"},\"query-input\":\"required name=search_term_string\"}],\"inLanguage\":\"en-US\"},{\"@type\":\"ImageObject\",\"inLanguage\":\"en-US\",\"@id\":\"https:\/\/www.visit-ulcinj.com\/blog\/2009\/06\/28\/studijske-grupe-medija-iz-bosne-i-hercegovine-u-crnoj-gori\/#primaryimage\",\"url\":\"https:\/\/www.visit-ulcinj.com\/blog\/wp-content\/uploads\/2009\/06\/grupe-medija-iz-Bosne-i-Hercegovine-u-Crnoj-Gori.jpg\",\"contentUrl\":\"https:\/\/www.visit-ulcinj.com\/blog\/wp-content\/uploads\/2009\/06\/grupe-medija-iz-Bosne-i-Hercegovine-u-Crnoj-Gori.jpg\",\"width\":\"1024\",\"height\":\"680\"},{\"@type\":\"WebPage\",\"@id\":\"https:\/\/www.visit-ulcinj.com\/blog\/2009\/06\/28\/studijske-grupe-medija-iz-bosne-i-hercegovine-u-crnoj-gori\/#webpage\",\"url\":\"https:\/\/www.visit-ulcinj.com\/blog\/2009\/06\/28\/studijske-grupe-medija-iz-bosne-i-hercegovine-u-crnoj-gori\/\",\"name\":\"Studijske grupe medija iz Bosne i Hercegovine u Crnoj Gori - Lajme nga Ulqini\",\"isPartOf\":{\"@id\":\"https:\/\/www.visit-ulcinj.com\/blog\/#website\"},\"primaryImageOfPage\":{\"@id\":\"https:\/\/www.visit-ulcinj.com\/blog\/2009\/06\/28\/studijske-grupe-medija-iz-bosne-i-hercegovine-u-crnoj-gori\/#primaryimage\"},\"datePublished\":\"2009-06-28T10:53:11+00:00\",\"dateModified\":\"2009-06-28T10:56:48+00:00\",\"author\":{\"@id\":\"https:\/\/www.visit-ulcinj.com\/blog\/#\/schema\/person\/dcab619c614d3038751c63bc2aadc06d\"},\"description\":\"Danas se zavr\u0161ava boravak studijske grupe medija iz Bosne i Hercegovine koji su, zajedno sa direktorom predstavni\u0161tva Crne Gore u BiH, gospodinom Farukom\",\"breadcrumb\":{\"@id\":\"https:\/\/www.visit-ulcinj.com\/blog\/2009\/06\/28\/studijske-grupe-medija-iz-bosne-i-hercegovine-u-crnoj-gori\/#breadcrumb\"},\"inLanguage\":\"en-US\",\"potentialAction\":[{\"@type\":\"ReadAction\",\"target\":[\"https:\/\/www.visit-ulcinj.com\/blog\/2009\/06\/28\/studijske-grupe-medija-iz-bosne-i-hercegovine-u-crnoj-gori\/\"]}]},{\"@type\":\"BreadcrumbList\",\"@id\":\"https:\/\/www.visit-ulcinj.com\/blog\/2009\/06\/28\/studijske-grupe-medija-iz-bosne-i-hercegovine-u-crnoj-gori\/#breadcrumb\",\"itemListElement\":[{\"@type\":\"ListItem\",\"position\":1,\"name\":\"Studijske grupe medija iz Bosne i Hercegovine u Crnoj Gori\"}]},{\"@type\":\"Person\",\"@id\":\"https:\/\/www.visit-ulcinj.com\/blog\/#\/schema\/person\/dcab619c614d3038751c63bc2aadc06d\",\"name\":\"ulqini\",\"sameAs\":[\"http:\/\/www.visit-ulcinj.com\"],\"url\":\"https:\/\/www.visit-ulcinj.com\/blog\/author\/admin\/\"}]}<\/script>\n<!-- \/ Yoast SEO plugin. -->","yoast_head_json":{"title":"Studijske grupe medija iz Bosne i Hercegovine u Crnoj Gori - Lajme nga Ulqini","description":"Danas se zavr\u0161ava boravak studijske grupe medija iz Bosne i Hercegovine koji su, zajedno sa direktorom predstavni\u0161tva Crne Gore u BiH, gospodinom Farukom","robots":{"index":"index","follow":"follow","max-snippet":"max-snippet:-1","max-image-preview":"max-image-preview:large","max-video-preview":"max-video-preview:-1"},"canonical":"https:\/\/www.visit-ulcinj.com\/blog\/2009\/06\/28\/studijske-grupe-medija-iz-bosne-i-hercegovine-u-crnoj-gori\/","og_locale":"en_US","og_type":"article","og_title":"Studijske grupe medija iz Bosne i Hercegovine u Crnoj Gori - Lajme nga Ulqini","og_description":"Danas se zavr\u0161ava boravak studijske grupe medija iz Bosne i Hercegovine koji su, zajedno sa direktorom predstavni\u0161tva Crne Gore u BiH, gospodinom Farukom","og_url":"https:\/\/www.visit-ulcinj.com\/blog\/2009\/06\/28\/studijske-grupe-medija-iz-bosne-i-hercegovine-u-crnoj-gori\/","og_site_name":"Lajme nga Ulqini","article_published_time":"2009-06-28T10:53:11+00:00","article_modified_time":"2009-06-28T10:56:48+00:00","og_image":[{"url":"http:\/\/www.visit-ulcinj.com\/blog\/wp-content\/uploads\/2009\/06\/grupe-medija-iz-Bosne-i-Hercegovine-u-Crnoj-Gori.jpg"}],"twitter_misc":{"Written by":"ulqini","Est. reading time":"1 minute"},"schema":{"@context":"https:\/\/schema.org","@graph":[{"@type":"WebSite","@id":"https:\/\/www.visit-ulcinj.com\/blog\/#website","url":"https:\/\/www.visit-ulcinj.com\/blog\/","name":"Lajme nga Ulqini","description":"Lajme,Vijesti,Ulqini,Ulqin,Crna Gora,Mali i Zi","potentialAction":[{"@type":"SearchAction","target":{"@type":"EntryPoint","urlTemplate":"https:\/\/www.visit-ulcinj.com\/blog\/?s={search_term_string}"},"query-input":"required name=search_term_string"}],"inLanguage":"en-US"},{"@type":"ImageObject","inLanguage":"en-US","@id":"https:\/\/www.visit-ulcinj.com\/blog\/2009\/06\/28\/studijske-grupe-medija-iz-bosne-i-hercegovine-u-crnoj-gori\/#primaryimage","url":"https:\/\/www.visit-ulcinj.com\/blog\/wp-content\/uploads\/2009\/06\/grupe-medija-iz-Bosne-i-Hercegovine-u-Crnoj-Gori.jpg","contentUrl":"https:\/\/www.visit-ulcinj.com\/blog\/wp-content\/uploads\/2009\/06\/grupe-medija-iz-Bosne-i-Hercegovine-u-Crnoj-Gori.jpg","width":"1024","height":"680"},{"@type":"WebPage","@id":"https:\/\/www.visit-ulcinj.com\/blog\/2009\/06\/28\/studijske-grupe-medija-iz-bosne-i-hercegovine-u-crnoj-gori\/#webpage","url":"https:\/\/www.visit-ulcinj.com\/blog\/2009\/06\/28\/studijske-grupe-medija-iz-bosne-i-hercegovine-u-crnoj-gori\/","name":"Studijske grupe medija iz Bosne i Hercegovine u Crnoj Gori - Lajme nga Ulqini","isPartOf":{"@id":"https:\/\/www.visit-ulcinj.com\/blog\/#website"},"primaryImageOfPage":{"@id":"https:\/\/www.visit-ulcinj.com\/blog\/2009\/06\/28\/studijske-grupe-medija-iz-bosne-i-hercegovine-u-crnoj-gori\/#primaryimage"},"datePublished":"2009-06-28T10:53:11+00:00","dateModified":"2009-06-28T10:56:48+00:00","author":{"@id":"https:\/\/www.visit-ulcinj.com\/blog\/#\/schema\/person\/dcab619c614d3038751c63bc2aadc06d"},"description":"Danas se zavr\u0161ava boravak studijske grupe medija iz Bosne i Hercegovine koji su, zajedno sa direktorom predstavni\u0161tva Crne Gore u BiH, gospodinom Farukom","breadcrumb":{"@id":"https:\/\/www.visit-ulcinj.com\/blog\/2009\/06\/28\/studijske-grupe-medija-iz-bosne-i-hercegovine-u-crnoj-gori\/#breadcrumb"},"inLanguage":"en-US","potentialAction":[{"@type":"ReadAction","target":["https:\/\/www.visit-ulcinj.com\/blog\/2009\/06\/28\/studijske-grupe-medija-iz-bosne-i-hercegovine-u-crnoj-gori\/"]}]},{"@type":"BreadcrumbList","@id":"https:\/\/www.visit-ulcinj.com\/blog\/2009\/06\/28\/studijske-grupe-medija-iz-bosne-i-hercegovine-u-crnoj-gori\/#breadcrumb","itemListElement":[{"@type":"ListItem","position":1,"name":"Studijske grupe medija iz Bosne i Hercegovine u Crnoj Gori"}]},{"@type":"Person","@id":"https:\/\/www.visit-ulcinj.com\/blog\/#\/schema\/person\/dcab619c614d3038751c63bc2aadc06d","name":"ulqini","sameAs":["http:\/\/www.visit-ulcinj.com"],"url":"https:\/\/www.visit-ulcinj.com\/blog\/author\/admin\/"}]}},"jetpack_featured_media_url":"","jetpack_sharing_enabled":true,"jetpack_shortlink":"https:\/\/wp.me\/pe6lTn-66E","_links":{"self":[{"href":"https:\/\/www.visit-ulcinj.com\/blog\/wp-json\/wp\/v2\/posts\/23476"}],"collection":[{"href":"https:\/\/www.visit-ulcinj.com\/blog\/wp-json\/wp\/v2\/posts"}],"about":[{"href":"https:\/\/www.visit-ulcinj.com\/blog\/wp-json\/wp\/v2\/types\/post"}],"author":[{"embeddable":true,"href":"https:\/\/www.visit-ulcinj.com\/blog\/wp-json\/wp\/v2\/users\/1"}],"replies":[{"embeddable":true,"href":"https:\/\/www.visit-ulcinj.com\/blog\/wp-json\/wp\/v2\/comments?post=23476"}],"version-history":[{"count":0,"href":"https:\/\/www.visit-ulcinj.com\/blog\/wp-json\/wp\/v2\/posts\/23476\/revisions"}],"wp:attachment":[{"href":"https:\/\/www.visit-ulcinj.com\/blog\/wp-json\/wp\/v2\/media?parent=23476"}],"wp:term":[{"taxonomy":"category","embeddable":true,"href":"https:\/\/www.visit-ulcinj.com\/blog\/wp-json\/wp\/v2\/categories?post=23476"},{"taxonomy":"post_tag","embeddable":true,"href":"https:\/\/www.visit-ulcinj.com\/blog\/wp-json\/wp\/v2\/tags?post=23476"}],"curies":[{"name":"wp","href":"https:\/\/api.w.org\/{rel}","templated":true}]}}