{"id":23512,"date":"2009-06-29T17:11:05","date_gmt":"2009-06-29T15:11:05","guid":{"rendered":"http:\/\/www.visit-ulcinj.com\/blog\/?p=23512"},"modified":"2009-06-29T17:11:05","modified_gmt":"2009-06-29T15:11:05","slug":"kumtes-e-forces-se-re-demokratike","status":"publish","type":"post","link":"https:\/\/www.visit-ulcinj.com\/blog\/2009\/06\/29\/kumtes-e-forces-se-re-demokratike\/","title":{"rendered":"Kumtes e Forc\u00ebs s\u00eb re demokratike"},"content":{"rendered":"<p><strong><a href=\"http:\/\/www.visit-ulcinj.com\/blog\/wp-content\/uploads\/2009\/06\/Nazif-Cungu_Kryetar-i-Forcaes-se-Re-Demokratike.jpg\"><img loading=\"lazy\" class=\"alignleft size-full wp-image-23513\" title=\"Nazif Cungu_Kryetar i Forcaes se Re Demokratike\" src=\"http:\/\/www.visit-ulcinj.com\/blog\/wp-content\/uploads\/2009\/06\/Nazif-Cungu_Kryetar-i-Forcaes-se-Re-Demokratike.jpg\" alt=\"Nazif Cungu_Kryetar i Forcaes se Re Demokratike\" width=\"580\" height=\"400\" \/><\/a>Kasaforta e komun\u00ebs ka mbetur bosh<\/strong><br \/>\nS\u00eb shpejti do t\u00eb b\u00ebhen tre vite nga zgjedhjet e fundit lokale n\u00eb Komun\u00ebn e Ulqinit dhe sigurisht edhe ju pyeteni se kur definitivisht do t\u00eb filloj\u00eb realizimi i premtimeve t\u00eb dh\u00ebna n\u00eb vitin 2006.<br \/>\nJan\u00eb shp\u00ebrndar\u00eb funksionet, jan\u00eb em\u00ebruar sekretar\u00ebt, jan\u00eb zgjedhur drejtor\u00ebt e nd\u00ebrmarrjeve publike, jan\u00eb hapur mbi 100 vende pune t\u00eb reja q\u00eb jan\u00eb t\u00eb lidhura me buxhet komunal, pra rrogat i marrin prej taksave dhe tatimeve q\u00eb ne t\u00eb gjith\u00eb paguajm\u00eb, por deri tash rezultate nuk ka dhe me keqardhje mund t\u00eb konstatojm\u00eb q\u00eb nuk \u00ebsht\u00eb reale edhe t\u00eb presim di\u00e7ka m\u00eb pozitive.<br \/>\nK\u00ebto dit\u00eb gati secil\u00ebn sht\u00ebpi dhe nd\u00ebrmarrje i vizitojn\u00eb n\u00ebpun\u00ebsit komunal\u00eb dhe i dor\u00ebzojn\u00eb vendimet p\u00ebr taksa dhe tatime p\u00ebr vitet e kaluar si dhe p\u00ebr vitin 2009.<br \/>\nP\u00ebr gati tre vite, pushteti lokal nuk ka arritur t\u00eb b\u00ebj\u00eb as evidenc\u00ebn e taksa-paguesve e jo q\u00eb n\u00eb koh\u00eb t\u00eb dor\u00ebzoj\u00eb vendimet.<br \/>\nTash e kan\u00eb t\u00eb gjith\u00eb t\u00eb qart\u00eb se kasaforta e Komun\u00ebs s\u00eb Ulqinit ka mbetur bosh dhe q\u00eb kjo sjellje e deritashme jonikoqire do t\u00eb na kushtoj\u00eb shtrenjt.<br \/>\nQytetar\u00ebve dhe afarist\u00ebve k\u00ebto dit\u00eb u dor\u00ebzohen vendimet p\u00ebr vitin 2009. Lart\u00ebsia e taksave \u00ebsht\u00eb e llogaritur n\u00eb m\u00ebnyr\u00eb kund\u00ebrligjore dhe ajo b\u00ebhet sipas vendimit t\u00eb vitit 2008 kur taksat ishin shum\u00eb t\u00eb larta.<br \/>\nRrogat nuk u paguhen n\u00ebpun\u00ebsve n\u00eb Komun\u00eb, t\u00eb pun\u00ebsuarve n\u00eb Nd\u00ebrmarrjen Publike Komunale, Qendr\u00ebn p\u00ebr Kultur\u00eb, n\u00eb Radio Ulqin, UPIN, Nd\u00ebrmarrjen publike p\u00ebr eg\u00ebrsira, sh\u00ebrbimit p\u00ebr mbrojtje \u2013 zjarrfik\u00ebsve dhe natyrisht q\u00eb kjo gjendje nuk do t\u00eb kap\u00ebrcehet.<br \/>\nForca e Re Demokratike nuk \u00ebsht\u00eb subjekti i vet\u00ebm q\u00eb ka t\u00ebrhequr v\u00ebrejtjen p\u00ebr k\u00ebt\u00eb gjendje alarmante.<br \/>\nV\u00ebrejtjen ia kan\u00eb t\u00ebrhequr, para nj\u00eb viti, edhe inspektor\u00ebt e Revizionit Shtet\u00ebror t\u00eb cil\u00ebt kan\u00eb njoftuar edhe Agjencin\u00eb p\u00ebr luft\u00eb kund\u00ebr korrupsionit dhe krimit t\u00eb organizuar.<br \/>\nKonferenc\u00ebn e sotme e kemi organizuar, q\u00eb n\u00eb mes tjerash, t\u2019i japim mb\u00ebshtetje t\u00eb hapur Kryetarit t\u00eb Kuvendit, zot\u00ebri Muhamet Nik\u00ebs, q\u00eb t\u00eb vazhdoj\u00eb pun\u00ebn e Kuvendit,q\u00eb t\u00eb realizoi funksionin e vet n\u00eb p\u00ebrputhshm\u00ebri me Kushtetut\u00eb, me ligj dhe me statut.<br \/>\nDisa pika t\u00eb propozuara n\u00eb rend t\u00eb dit\u00ebs duhet q\u00eb t\u00eb aprovohen sa m\u00eb par\u00eb q\u00eb t\u2019u mund\u00ebsohet organeve p\u00ebrkat\u00ebse t\u00eb zbatojn\u00eb vendimet si dhe qytetar\u00ebve t\u2019u garantohet siguri dhe realizimi i t\u00eb drejtave qytetare.<br \/>\nSezoni turistik ka filluar dhe shum\u00eb shpejt do t\u00eb kaloj\u00eb dhe \u00ebsht\u00eb koha p\u00ebr pun\u00eb serioze e jo p\u00ebr grindje dhe shamata, thuhet n\u00eb kumtes\u00ebn p\u00ebr opinion t\u00eb Forc\u00ebs s\u00eb Re Demokratike.<br \/>\n<strong><br \/>\nKohapress<br \/>\n<!--YouTube Error: bad URL entered--><\/strong><\/p>\n","protected":false},"excerpt":{"rendered":"<p>Kasaforta e komun\u00ebs ka mbetur bosh S\u00eb shpejti do t\u00eb b\u00ebhen tre vite nga zgjedhjet e fundit lokale n\u00eb Komun\u00ebn e Ulqinit dhe sigurisht edhe ju pyeteni se kur definitivisht do t\u00eb filloj\u00eb realizimi i premtimeve t\u00eb dh\u00ebna n\u00eb vitin 2006. Jan\u00eb shp\u00ebrndar\u00eb funksionet, jan\u00eb em\u00ebruar sekretar\u00ebt, jan\u00eb zgjedhur drejtor\u00ebt e nd\u00ebrmarrjeve publike, jan\u00eb hapur [&hellip;]<\/p>\n","protected":false},"author":1,"featured_media":0,"comment_status":"open","ping_status":"closed","sticky":false,"template":"","format":"standard","meta":{"spay_email":"","jetpack_publicize_message":"","jetpack_is_tweetstorm":false,"jetpack_publicize_feature_enabled":true},"categories":[6],"tags":[11646,11647,874,118,11642,11644,11643,11645],"jetpack_publicize_connections":[],"yoast_head":"<!-- This site is optimized with the Yoast SEO plugin v19.1 - https:\/\/yoast.com\/wordpress\/plugins\/seo\/ -->\n<title>Kumtes e Forc\u00ebs s\u00eb re demokratike - Lajme nga Ulqini<\/title>\n<meta name=\"description\" content=\"Kasaforta e komun\u00ebs ka mbetur bosh S\u00eb shpejti do t\u00eb b\u00ebhen tre vite nga zgjedhjet e fundit lokale n\u00eb Komun\u00ebn e Ulqinit dhe sigurisht edhe ju pyeteni se kur\" \/>\n<meta name=\"robots\" content=\"index, follow, max-snippet:-1, max-image-preview:large, max-video-preview:-1\" \/>\n<link rel=\"canonical\" href=\"https:\/\/www.visit-ulcinj.com\/blog\/2009\/06\/29\/kumtes-e-forces-se-re-demokratike\/\" \/>\n<meta property=\"og:locale\" content=\"en_US\" \/>\n<meta property=\"og:type\" content=\"article\" \/>\n<meta property=\"og:title\" content=\"Kumtes e Forc\u00ebs s\u00eb re demokratike - Lajme nga Ulqini\" \/>\n<meta property=\"og:description\" content=\"Kasaforta e komun\u00ebs ka mbetur bosh S\u00eb shpejti do t\u00eb b\u00ebhen tre vite nga zgjedhjet e fundit lokale n\u00eb Komun\u00ebn e Ulqinit dhe sigurisht edhe ju pyeteni se kur\" \/>\n<meta property=\"og:url\" content=\"https:\/\/www.visit-ulcinj.com\/blog\/2009\/06\/29\/kumtes-e-forces-se-re-demokratike\/\" \/>\n<meta property=\"og:site_name\" content=\"Lajme nga Ulqini\" \/>\n<meta property=\"article:published_time\" content=\"2009-06-29T15:11:05+00:00\" \/>\n<meta property=\"og:image\" content=\"http:\/\/www.visit-ulcinj.com\/blog\/wp-content\/uploads\/2009\/06\/Nazif-Cungu_Kryetar-i-Forcaes-se-Re-Demokratike.jpg\" \/>\n<meta name=\"twitter:label1\" content=\"Written by\" \/>\n\t<meta name=\"twitter:data1\" content=\"ulqini\" \/>\n\t<meta name=\"twitter:label2\" content=\"Est. reading time\" \/>\n\t<meta name=\"twitter:data2\" content=\"2 minutes\" \/>\n<script type=\"application\/ld+json\" class=\"yoast-schema-graph\">{\"@context\":\"https:\/\/schema.org\",\"@graph\":[{\"@type\":\"WebSite\",\"@id\":\"https:\/\/www.visit-ulcinj.com\/blog\/#website\",\"url\":\"https:\/\/www.visit-ulcinj.com\/blog\/\",\"name\":\"Lajme nga Ulqini\",\"description\":\"Lajme,Vijesti,Ulqini,Ulqin,Crna Gora,Mali i Zi\",\"potentialAction\":[{\"@type\":\"SearchAction\",\"target\":{\"@type\":\"EntryPoint\",\"urlTemplate\":\"https:\/\/www.visit-ulcinj.com\/blog\/?s={search_term_string}\"},\"query-input\":\"required name=search_term_string\"}],\"inLanguage\":\"en-US\"},{\"@type\":\"ImageObject\",\"inLanguage\":\"en-US\",\"@id\":\"https:\/\/www.visit-ulcinj.com\/blog\/2009\/06\/29\/kumtes-e-forces-se-re-demokratike\/#primaryimage\",\"url\":\"https:\/\/www.visit-ulcinj.com\/blog\/wp-content\/uploads\/2009\/06\/Nazif-Cungu_Kryetar-i-Forcaes-se-Re-Demokratike.jpg\",\"contentUrl\":\"https:\/\/www.visit-ulcinj.com\/blog\/wp-content\/uploads\/2009\/06\/Nazif-Cungu_Kryetar-i-Forcaes-se-Re-Demokratike.jpg\",\"width\":\"587\",\"height\":\"556\"},{\"@type\":\"WebPage\",\"@id\":\"https:\/\/www.visit-ulcinj.com\/blog\/2009\/06\/29\/kumtes-e-forces-se-re-demokratike\/#webpage\",\"url\":\"https:\/\/www.visit-ulcinj.com\/blog\/2009\/06\/29\/kumtes-e-forces-se-re-demokratike\/\",\"name\":\"Kumtes e Forc\u00ebs s\u00eb re demokratike - Lajme nga Ulqini\",\"isPartOf\":{\"@id\":\"https:\/\/www.visit-ulcinj.com\/blog\/#website\"},\"primaryImageOfPage\":{\"@id\":\"https:\/\/www.visit-ulcinj.com\/blog\/2009\/06\/29\/kumtes-e-forces-se-re-demokratike\/#primaryimage\"},\"datePublished\":\"2009-06-29T15:11:05+00:00\",\"dateModified\":\"2009-06-29T15:11:05+00:00\",\"author\":{\"@id\":\"https:\/\/www.visit-ulcinj.com\/blog\/#\/schema\/person\/dcab619c614d3038751c63bc2aadc06d\"},\"description\":\"Kasaforta e komun\u00ebs ka mbetur bosh S\u00eb shpejti do t\u00eb b\u00ebhen tre vite nga zgjedhjet e fundit lokale n\u00eb Komun\u00ebn e Ulqinit dhe sigurisht edhe ju pyeteni se kur\",\"breadcrumb\":{\"@id\":\"https:\/\/www.visit-ulcinj.com\/blog\/2009\/06\/29\/kumtes-e-forces-se-re-demokratike\/#breadcrumb\"},\"inLanguage\":\"en-US\",\"potentialAction\":[{\"@type\":\"ReadAction\",\"target\":[\"https:\/\/www.visit-ulcinj.com\/blog\/2009\/06\/29\/kumtes-e-forces-se-re-demokratike\/\"]}]},{\"@type\":\"BreadcrumbList\",\"@id\":\"https:\/\/www.visit-ulcinj.com\/blog\/2009\/06\/29\/kumtes-e-forces-se-re-demokratike\/#breadcrumb\",\"itemListElement\":[{\"@type\":\"ListItem\",\"position\":1,\"name\":\"Kumtes e Forc\u00ebs s\u00eb re demokratike\"}]},{\"@type\":\"Person\",\"@id\":\"https:\/\/www.visit-ulcinj.com\/blog\/#\/schema\/person\/dcab619c614d3038751c63bc2aadc06d\",\"name\":\"ulqini\",\"sameAs\":[\"http:\/\/www.visit-ulcinj.com\"],\"url\":\"https:\/\/www.visit-ulcinj.com\/blog\/author\/admin\/\"}]}<\/script>\n<!-- \/ Yoast SEO plugin. -->","yoast_head_json":{"title":"Kumtes e Forc\u00ebs s\u00eb re demokratike - Lajme nga Ulqini","description":"Kasaforta e komun\u00ebs ka mbetur bosh S\u00eb shpejti do t\u00eb b\u00ebhen tre vite nga zgjedhjet e fundit lokale n\u00eb Komun\u00ebn e Ulqinit dhe sigurisht edhe ju pyeteni se kur","robots":{"index":"index","follow":"follow","max-snippet":"max-snippet:-1","max-image-preview":"max-image-preview:large","max-video-preview":"max-video-preview:-1"},"canonical":"https:\/\/www.visit-ulcinj.com\/blog\/2009\/06\/29\/kumtes-e-forces-se-re-demokratike\/","og_locale":"en_US","og_type":"article","og_title":"Kumtes e Forc\u00ebs s\u00eb re demokratike - Lajme nga Ulqini","og_description":"Kasaforta e komun\u00ebs ka mbetur bosh S\u00eb shpejti do t\u00eb b\u00ebhen tre vite nga zgjedhjet e fundit lokale n\u00eb Komun\u00ebn e Ulqinit dhe sigurisht edhe ju pyeteni se kur","og_url":"https:\/\/www.visit-ulcinj.com\/blog\/2009\/06\/29\/kumtes-e-forces-se-re-demokratike\/","og_site_name":"Lajme nga Ulqini","article_published_time":"2009-06-29T15:11:05+00:00","og_image":[{"url":"http:\/\/www.visit-ulcinj.com\/blog\/wp-content\/uploads\/2009\/06\/Nazif-Cungu_Kryetar-i-Forcaes-se-Re-Demokratike.jpg"}],"twitter_misc":{"Written by":"ulqini","Est. reading time":"2 minutes"},"schema":{"@context":"https:\/\/schema.org","@graph":[{"@type":"WebSite","@id":"https:\/\/www.visit-ulcinj.com\/blog\/#website","url":"https:\/\/www.visit-ulcinj.com\/blog\/","name":"Lajme nga Ulqini","description":"Lajme,Vijesti,Ulqini,Ulqin,Crna Gora,Mali i Zi","potentialAction":[{"@type":"SearchAction","target":{"@type":"EntryPoint","urlTemplate":"https:\/\/www.visit-ulcinj.com\/blog\/?s={search_term_string}"},"query-input":"required name=search_term_string"}],"inLanguage":"en-US"},{"@type":"ImageObject","inLanguage":"en-US","@id":"https:\/\/www.visit-ulcinj.com\/blog\/2009\/06\/29\/kumtes-e-forces-se-re-demokratike\/#primaryimage","url":"https:\/\/www.visit-ulcinj.com\/blog\/wp-content\/uploads\/2009\/06\/Nazif-Cungu_Kryetar-i-Forcaes-se-Re-Demokratike.jpg","contentUrl":"https:\/\/www.visit-ulcinj.com\/blog\/wp-content\/uploads\/2009\/06\/Nazif-Cungu_Kryetar-i-Forcaes-se-Re-Demokratike.jpg","width":"587","height":"556"},{"@type":"WebPage","@id":"https:\/\/www.visit-ulcinj.com\/blog\/2009\/06\/29\/kumtes-e-forces-se-re-demokratike\/#webpage","url":"https:\/\/www.visit-ulcinj.com\/blog\/2009\/06\/29\/kumtes-e-forces-se-re-demokratike\/","name":"Kumtes e Forc\u00ebs s\u00eb re demokratike - Lajme nga Ulqini","isPartOf":{"@id":"https:\/\/www.visit-ulcinj.com\/blog\/#website"},"primaryImageOfPage":{"@id":"https:\/\/www.visit-ulcinj.com\/blog\/2009\/06\/29\/kumtes-e-forces-se-re-demokratike\/#primaryimage"},"datePublished":"2009-06-29T15:11:05+00:00","dateModified":"2009-06-29T15:11:05+00:00","author":{"@id":"https:\/\/www.visit-ulcinj.com\/blog\/#\/schema\/person\/dcab619c614d3038751c63bc2aadc06d"},"description":"Kasaforta e komun\u00ebs ka mbetur bosh S\u00eb shpejti do t\u00eb b\u00ebhen tre vite nga zgjedhjet e fundit lokale n\u00eb Komun\u00ebn e Ulqinit dhe sigurisht edhe ju pyeteni se kur","breadcrumb":{"@id":"https:\/\/www.visit-ulcinj.com\/blog\/2009\/06\/29\/kumtes-e-forces-se-re-demokratike\/#breadcrumb"},"inLanguage":"en-US","potentialAction":[{"@type":"ReadAction","target":["https:\/\/www.visit-ulcinj.com\/blog\/2009\/06\/29\/kumtes-e-forces-se-re-demokratike\/"]}]},{"@type":"BreadcrumbList","@id":"https:\/\/www.visit-ulcinj.com\/blog\/2009\/06\/29\/kumtes-e-forces-se-re-demokratike\/#breadcrumb","itemListElement":[{"@type":"ListItem","position":1,"name":"Kumtes e Forc\u00ebs s\u00eb re demokratike"}]},{"@type":"Person","@id":"https:\/\/www.visit-ulcinj.com\/blog\/#\/schema\/person\/dcab619c614d3038751c63bc2aadc06d","name":"ulqini","sameAs":["http:\/\/www.visit-ulcinj.com"],"url":"https:\/\/www.visit-ulcinj.com\/blog\/author\/admin\/"}]}},"jetpack_featured_media_url":"","jetpack_sharing_enabled":true,"jetpack_shortlink":"https:\/\/wp.me\/pe6lTn-67e","_links":{"self":[{"href":"https:\/\/www.visit-ulcinj.com\/blog\/wp-json\/wp\/v2\/posts\/23512"}],"collection":[{"href":"https:\/\/www.visit-ulcinj.com\/blog\/wp-json\/wp\/v2\/posts"}],"about":[{"href":"https:\/\/www.visit-ulcinj.com\/blog\/wp-json\/wp\/v2\/types\/post"}],"author":[{"embeddable":true,"href":"https:\/\/www.visit-ulcinj.com\/blog\/wp-json\/wp\/v2\/users\/1"}],"replies":[{"embeddable":true,"href":"https:\/\/www.visit-ulcinj.com\/blog\/wp-json\/wp\/v2\/comments?post=23512"}],"version-history":[{"count":0,"href":"https:\/\/www.visit-ulcinj.com\/blog\/wp-json\/wp\/v2\/posts\/23512\/revisions"}],"wp:attachment":[{"href":"https:\/\/www.visit-ulcinj.com\/blog\/wp-json\/wp\/v2\/media?parent=23512"}],"wp:term":[{"taxonomy":"category","embeddable":true,"href":"https:\/\/www.visit-ulcinj.com\/blog\/wp-json\/wp\/v2\/categories?post=23512"},{"taxonomy":"post_tag","embeddable":true,"href":"https:\/\/www.visit-ulcinj.com\/blog\/wp-json\/wp\/v2\/tags?post=23512"}],"curies":[{"name":"wp","href":"https:\/\/api.w.org\/{rel}","templated":true}]}}