{"id":23515,"date":"2009-06-29T17:14:49","date_gmt":"2009-06-29T15:14:49","guid":{"rendered":"http:\/\/www.visit-ulcinj.com\/blog\/?p=23515"},"modified":"2009-06-29T17:15:52","modified_gmt":"2009-06-29T15:15:52","slug":"reagim-i-sekretarit-per-buxhet-dhe-financa-te-komunes-se-ulqinit-ndaj-kumteses-se-forces-2","status":"publish","type":"post","link":"https:\/\/www.visit-ulcinj.com\/blog\/2009\/06\/29\/reagim-i-sekretarit-per-buxhet-dhe-financa-te-komunes-se-ulqinit-ndaj-kumteses-se-forces-2\/","title":{"rendered":"Reagim i sekretarit p\u00ebr buxhet dhe financa t\u00eb komun\u00ebs s\u00eb Ulqinit ndaj kumtes\u00ebs s\u00eb Forc\u00ebs"},"content":{"rendered":"<p><strong><a href=\"http:\/\/www.visit-ulcinj.com\/blog\/wp-content\/uploads\/2009\/06\/Fatmir-Gjeka-sekretar-p\u00ebr-buxhet-dhe-financa-i-Komun\u00ebs-s\u00eb-Ulqinit.jpg\"><img loading=\"lazy\" class=\"alignleft size-full wp-image-23509\" title=\"Fatmir Gjeka, sekretar p\u00ebr buxhet dhe financa i Komun\u00ebs s\u00eb Ulqinit\" src=\"http:\/\/www.visit-ulcinj.com\/blog\/wp-content\/uploads\/2009\/06\/Fatmir-Gjeka-sekretar-p\u00ebr-buxhet-dhe-financa-i-Komun\u00ebs-s\u00eb-Ulqinit.jpg\" alt=\"Fatmir Gjeka, sekretar p\u00ebr buxhet dhe financa i Komun\u00ebs s\u00eb Ulqinit\" width=\"328\" height=\"364\" \/><\/a>Mllef dhe urrejtje ndaj pushtetit aktual<\/strong><\/p>\n<p>Duke lexuar kumtes\u00ebn e Forc\u00ebs edhe njeriu m\u00eb i thjesht\u00eb v\u00eb re nj\u00eb mllef (p\u00ebr t\u00eb mos th\u00ebn\u00eb urrejtje) t\u00eb kumtes\u00ebshkruesit ndaj pushtetit aktual n\u00eb Ulqin. Kumtes\u00ebshkruesi aspak nuk e ka hallin te faktet, shifrat, realiteti, por nxiton t\u00eb thot\u00eb at\u00eb q\u00eb nuk ekziston, se mbase edhe duke shpifur mbledh ndonj\u00eb kredi politike. Nuk \u00ebsht\u00eb asgj\u00eb e re e as e men\u00e7ur t\u00eb thuash se buxheti nuk do t\u00eb realizohet ashtu si\u00e7 \u00ebsht\u00eb miratuar. Madje gjat\u00eb diskutimit publik e kemi th\u00ebn\u00eb se me siguri pjesa e t\u00eb ardhurave nga shitja e tok\u00ebs nuk do t\u00eb realizohet, sepse nuk e kemi at\u00eb mandat e as guxim q\u00eb pasurin\u00eb e k\u00ebtij qyteti ta falim. E kemi th\u00ebn\u00eb dhe e themi se p\u00ebr k\u00ebt\u00eb arsye kjo pjes\u00eb e t\u00eb ardhurave nuk do t\u00eb realizohet. Zot\u00ebrinj t\u00eb Forc\u00ebs ua them me bindje t\u00eb plot\u00eb se ky pushtet do t\u00eb funksionoj\u00eb, se nuk do t\u00eb ndodh\u00eb ashtu si thoni ju: \u201c&#8230;n\u00eb m\u00ebnyr\u00eb q\u00eb t\u00eb parandalohet bllokimi i plot\u00eb i pun\u00ebs s\u00eb pushtetit ekzekutiv.\u201d Kam p\u00ebrshtypjen q\u00eb ju e d\u00ebshironi nj\u00eb gj\u00eb t\u00eb till\u00eb, q\u00eb ju do t\u00eb k\u00ebnaqeshit sikur t\u00eb ndodhte ashtu, t\u00eb \u201cbllokohej pushteti ekzekutiv\u201d. K\u00ebt\u00eb k\u00ebnaq\u00ebsi nuk do tua japim.<br \/>\nMendoj se me shifrat q\u00eb sh\u00ebrbehet kumtes\u00eb shkruesi nuk ia vlen te merrem, por dua t\u2019i them kumtes\u00eb shkruesit se shumica e investimeve t\u00eb parapara do t\u00eb realizohen, e p\u00ebr k\u00ebt\u00eb edhe ju vet\u00eb mund t\u00eb jeni d\u00ebshmitar\u00eb, por si\u00e7 duket ju edhe politik\u00ebn edhe kumtesat i b\u00ebni n\u00eb zyra, pa shikuar aspak realitetin i cili \u00ebsht\u00eb nj\u00eb \u00e7ik\u00eb m\u00eb ndryshe nga ai i kolltuk\u00ebve t\u00eb zyrave tuaja. Dua t\u2019u them edhe k\u00ebt\u00eb se nuk q\u00ebndron aspak konstatimi juaj se \u201c&#8230;nuk funksionon thesari i Komun\u00ebs s\u00eb Ulqinit.\u201d Pra thesari funksionon dhe funksionon sipas, si\u00e7 thoni ju: \u201c&#8230;Ligjit p\u00ebr vendimin mbi Thesarin&#8230;\u201d.<br \/>\nDi\u00e7ka tjet\u00ebr q\u00eb dua t\u00eb p\u00ebrmendi \u00ebsht\u00eb edhe fakti se e gjith\u00eb Bota e pranon se ekziston nj\u00eb kriz\u00eb globale. K\u00ebt\u00eb e kan\u00eb pranuar edhe zyrtar\u00ebt m\u00eb t\u00eb lart\u00eb t\u00eb Malit t\u00eb Zi. E kemi pranuar, por edhe po e ndjejm\u00eb edhe ne dhe qytetar\u00ebt tan\u00eb. K\u00ebt\u00eb nuk e pranojn\u00eb vet\u00ebm n\u00eb Forc\u00ebn e Re Demokratike. P\u00ebr ta kriza nuk ekziston. P\u00ebr ta fajtor\u00ebt kryesor\u00eb jemi ne n\u00eb pushtet, e nd\u00ebr m\u00eb fajtor\u00ebt ne n\u00eb Sekretariatin p\u00ebr Financa t\u00eb Komun\u00ebs s\u00eb Ulqinit. N\u00eb fakt ju, zot\u00ebrinj sikur k\u00ebnaqeni kur mendoni se ne kemi kriz\u00eb. Mund t\u2019u them vet\u00ebm k\u00ebt\u00eb se ne kemi kriz\u00eb, por ajo \u00ebsht\u00eb si pasoj\u00eb e kriz\u00ebs globale, e jo si\u00e7 do t\u00eb donit ju t\u00eb ishte dhe si\u00e7 e parashtroni ju, kriz\u00eb e keqmenaxhimit. Nga e gjith\u00eb kriza q\u00eb edhe ne e kemi parashikuar dhe paralajm\u00ebruar mund t\u00eb vij\u00eb vet\u00ebm deri te ndonj\u00eb shkurtim i vog\u00ebl i investimeve, por n\u00eb asnj\u00eb m\u00ebnyr\u00eb e ndonj\u00eb \u201cbllokimi t\u00eb plot\u00eb t\u00eb pushtetit ekzekutiv\u201d. Ju ndoshta k\u00ebt\u00eb do t\u00eb d\u00ebshironit, por kjo nuk do t\u00eb ndodh\u00eb. Nga kumtesa juaj, por edhe nga sjellja juaj n\u00eb Parlamentin lokal v\u00ebrehet se na p\u00ebrjetoni si kund\u00ebrshtar\u00eb. Ne, megjithat\u00eb ju shohim opozit\u00eb e cila duhet t\u00eb jet\u00eb konstruktive dhe presim propozimet tuaja konkrete dhe konstruktive p\u00ebr zgjidhjen e problemeve t\u00eb pushtetit dhe qytetar\u00ebve. Pra, zot\u00ebrinj problemet nuk zgjidhen me konferenca p\u00ebr gazetar\u00eb, me kritika jokonstruktive e me fjal\u00eb t\u00eb m\u00ebdha, por me pun\u00eb konkrete. P\u00ebrkundrazi, keni qen\u00eb dhe mbeteni jo vet\u00ebm opozit\u00eb e koalicionit \u201cP\u00ebr Ulqinin Europian\u201d, por edhe opozit\u00eb e vet\u00eb qytetit, zhvillimit dhe qytetar\u00ebve.<\/p>\n<p><strong>Fatmir Gjeka, sekretar p\u00ebr buxhet dhe financa i Komun\u00ebs s\u00eb Ulqinit<\/strong><\/p>\n<p><strong>Koha Javore<br \/>\n<!--YouTube Error: bad URL entered--><\/strong><\/p>\n","protected":false},"excerpt":{"rendered":"<p>Mllef dhe urrejtje ndaj pushtetit aktual Duke lexuar kumtes\u00ebn e Forc\u00ebs edhe njeriu m\u00eb i thjesht\u00eb v\u00eb re nj\u00eb mllef (p\u00ebr t\u00eb mos th\u00ebn\u00eb urrejtje) t\u00eb kumtes\u00ebshkruesit ndaj pushtetit aktual n\u00eb Ulqin. Kumtes\u00ebshkruesi aspak nuk e ka hallin te faktet, shifrat, realiteti, por nxiton t\u00eb thot\u00eb at\u00eb q\u00eb nuk ekziston, se mbase edhe duke shpifur [&hellip;]<\/p>\n","protected":false},"author":1,"featured_media":0,"comment_status":"open","ping_status":"closed","sticky":false,"template":"","format":"standard","meta":{"spay_email":"","jetpack_publicize_message":"","jetpack_is_tweetstorm":false,"jetpack_publicize_feature_enabled":true},"categories":[6],"tags":[4607,95,11641,2219,200,18],"jetpack_publicize_connections":[],"yoast_head":"<!-- This site is optimized with the Yoast SEO plugin v19.1 - https:\/\/yoast.com\/wordpress\/plugins\/seo\/ -->\n<title>Reagim i sekretarit p\u00ebr buxhet dhe financa t\u00eb komun\u00ebs s\u00eb Ulqinit ndaj kumtes\u00ebs s\u00eb Forc\u00ebs - Lajme nga Ulqini<\/title>\n<meta name=\"description\" content=\"Mllef dhe urrejtje ndaj pushtetit aktual Duke lexuar kumtes\u00ebn e Forc\u00ebs edhe njeriu m\u00eb i thjesht\u00eb v\u00eb re nj\u00eb mllef (p\u00ebr t\u00eb mos th\u00ebn\u00eb urrejtje) t\u00eb\" \/>\n<meta name=\"robots\" content=\"index, follow, max-snippet:-1, max-image-preview:large, max-video-preview:-1\" \/>\n<link rel=\"canonical\" href=\"https:\/\/www.visit-ulcinj.com\/blog\/2009\/06\/29\/reagim-i-sekretarit-per-buxhet-dhe-financa-te-komunes-se-ulqinit-ndaj-kumteses-se-forces-2\/\" \/>\n<meta property=\"og:locale\" content=\"en_US\" \/>\n<meta property=\"og:type\" content=\"article\" \/>\n<meta property=\"og:title\" content=\"Reagim i sekretarit p\u00ebr buxhet dhe financa t\u00eb komun\u00ebs s\u00eb Ulqinit ndaj kumtes\u00ebs s\u00eb Forc\u00ebs - Lajme nga Ulqini\" \/>\n<meta property=\"og:description\" content=\"Mllef dhe urrejtje ndaj pushtetit aktual Duke lexuar kumtes\u00ebn e Forc\u00ebs edhe njeriu m\u00eb i thjesht\u00eb v\u00eb re nj\u00eb mllef (p\u00ebr t\u00eb mos th\u00ebn\u00eb urrejtje) t\u00eb\" \/>\n<meta property=\"og:url\" content=\"https:\/\/www.visit-ulcinj.com\/blog\/2009\/06\/29\/reagim-i-sekretarit-per-buxhet-dhe-financa-te-komunes-se-ulqinit-ndaj-kumteses-se-forces-2\/\" \/>\n<meta property=\"og:site_name\" content=\"Lajme nga Ulqini\" \/>\n<meta property=\"article:published_time\" content=\"2009-06-29T15:14:49+00:00\" \/>\n<meta property=\"article:modified_time\" content=\"2009-06-29T15:15:52+00:00\" \/>\n<meta name=\"twitter:label1\" content=\"Written by\" \/>\n\t<meta name=\"twitter:data1\" content=\"ulqini\" \/>\n\t<meta name=\"twitter:label2\" content=\"Est. reading time\" \/>\n\t<meta name=\"twitter:data2\" content=\"3 minutes\" \/>\n<script type=\"application\/ld+json\" class=\"yoast-schema-graph\">{\"@context\":\"https:\/\/schema.org\",\"@graph\":[{\"@type\":\"WebSite\",\"@id\":\"https:\/\/www.visit-ulcinj.com\/blog\/#website\",\"url\":\"https:\/\/www.visit-ulcinj.com\/blog\/\",\"name\":\"Lajme nga Ulqini\",\"description\":\"Lajme,Vijesti,Ulqini,Ulqin,Crna Gora,Mali i Zi\",\"potentialAction\":[{\"@type\":\"SearchAction\",\"target\":{\"@type\":\"EntryPoint\",\"urlTemplate\":\"https:\/\/www.visit-ulcinj.com\/blog\/?s={search_term_string}\"},\"query-input\":\"required name=search_term_string\"}],\"inLanguage\":\"en-US\"},{\"@type\":\"WebPage\",\"@id\":\"https:\/\/www.visit-ulcinj.com\/blog\/2009\/06\/29\/reagim-i-sekretarit-per-buxhet-dhe-financa-te-komunes-se-ulqinit-ndaj-kumteses-se-forces-2\/#webpage\",\"url\":\"https:\/\/www.visit-ulcinj.com\/blog\/2009\/06\/29\/reagim-i-sekretarit-per-buxhet-dhe-financa-te-komunes-se-ulqinit-ndaj-kumteses-se-forces-2\/\",\"name\":\"Reagim i sekretarit p\u00ebr buxhet dhe financa t\u00eb komun\u00ebs s\u00eb Ulqinit ndaj kumtes\u00ebs s\u00eb Forc\u00ebs - Lajme nga Ulqini\",\"isPartOf\":{\"@id\":\"https:\/\/www.visit-ulcinj.com\/blog\/#website\"},\"datePublished\":\"2009-06-29T15:14:49+00:00\",\"dateModified\":\"2009-06-29T15:15:52+00:00\",\"author\":{\"@id\":\"https:\/\/www.visit-ulcinj.com\/blog\/#\/schema\/person\/dcab619c614d3038751c63bc2aadc06d\"},\"description\":\"Mllef dhe urrejtje ndaj pushtetit aktual Duke lexuar kumtes\u00ebn e Forc\u00ebs edhe njeriu m\u00eb i thjesht\u00eb v\u00eb re nj\u00eb mllef (p\u00ebr t\u00eb mos th\u00ebn\u00eb urrejtje) t\u00eb\",\"breadcrumb\":{\"@id\":\"https:\/\/www.visit-ulcinj.com\/blog\/2009\/06\/29\/reagim-i-sekretarit-per-buxhet-dhe-financa-te-komunes-se-ulqinit-ndaj-kumteses-se-forces-2\/#breadcrumb\"},\"inLanguage\":\"en-US\",\"potentialAction\":[{\"@type\":\"ReadAction\",\"target\":[\"https:\/\/www.visit-ulcinj.com\/blog\/2009\/06\/29\/reagim-i-sekretarit-per-buxhet-dhe-financa-te-komunes-se-ulqinit-ndaj-kumteses-se-forces-2\/\"]}]},{\"@type\":\"BreadcrumbList\",\"@id\":\"https:\/\/www.visit-ulcinj.com\/blog\/2009\/06\/29\/reagim-i-sekretarit-per-buxhet-dhe-financa-te-komunes-se-ulqinit-ndaj-kumteses-se-forces-2\/#breadcrumb\",\"itemListElement\":[{\"@type\":\"ListItem\",\"position\":1,\"name\":\"Reagim i sekretarit p\u00ebr buxhet dhe financa t\u00eb komun\u00ebs s\u00eb Ulqinit ndaj kumtes\u00ebs s\u00eb Forc\u00ebs\"}]},{\"@type\":\"Person\",\"@id\":\"https:\/\/www.visit-ulcinj.com\/blog\/#\/schema\/person\/dcab619c614d3038751c63bc2aadc06d\",\"name\":\"ulqini\",\"sameAs\":[\"http:\/\/www.visit-ulcinj.com\"],\"url\":\"https:\/\/www.visit-ulcinj.com\/blog\/author\/admin\/\"}]}<\/script>\n<!-- \/ Yoast SEO plugin. -->","yoast_head_json":{"title":"Reagim i sekretarit p\u00ebr buxhet dhe financa t\u00eb komun\u00ebs s\u00eb Ulqinit ndaj kumtes\u00ebs s\u00eb Forc\u00ebs - Lajme nga Ulqini","description":"Mllef dhe urrejtje ndaj pushtetit aktual Duke lexuar kumtes\u00ebn e Forc\u00ebs edhe njeriu m\u00eb i thjesht\u00eb v\u00eb re nj\u00eb mllef (p\u00ebr t\u00eb mos th\u00ebn\u00eb urrejtje) t\u00eb","robots":{"index":"index","follow":"follow","max-snippet":"max-snippet:-1","max-image-preview":"max-image-preview:large","max-video-preview":"max-video-preview:-1"},"canonical":"https:\/\/www.visit-ulcinj.com\/blog\/2009\/06\/29\/reagim-i-sekretarit-per-buxhet-dhe-financa-te-komunes-se-ulqinit-ndaj-kumteses-se-forces-2\/","og_locale":"en_US","og_type":"article","og_title":"Reagim i sekretarit p\u00ebr buxhet dhe financa t\u00eb komun\u00ebs s\u00eb Ulqinit ndaj kumtes\u00ebs s\u00eb Forc\u00ebs - Lajme nga Ulqini","og_description":"Mllef dhe urrejtje ndaj pushtetit aktual Duke lexuar kumtes\u00ebn e Forc\u00ebs edhe njeriu m\u00eb i thjesht\u00eb v\u00eb re nj\u00eb mllef (p\u00ebr t\u00eb mos th\u00ebn\u00eb urrejtje) t\u00eb","og_url":"https:\/\/www.visit-ulcinj.com\/blog\/2009\/06\/29\/reagim-i-sekretarit-per-buxhet-dhe-financa-te-komunes-se-ulqinit-ndaj-kumteses-se-forces-2\/","og_site_name":"Lajme nga Ulqini","article_published_time":"2009-06-29T15:14:49+00:00","article_modified_time":"2009-06-29T15:15:52+00:00","twitter_misc":{"Written by":"ulqini","Est. reading time":"3 minutes"},"schema":{"@context":"https:\/\/schema.org","@graph":[{"@type":"WebSite","@id":"https:\/\/www.visit-ulcinj.com\/blog\/#website","url":"https:\/\/www.visit-ulcinj.com\/blog\/","name":"Lajme nga Ulqini","description":"Lajme,Vijesti,Ulqini,Ulqin,Crna Gora,Mali i Zi","potentialAction":[{"@type":"SearchAction","target":{"@type":"EntryPoint","urlTemplate":"https:\/\/www.visit-ulcinj.com\/blog\/?s={search_term_string}"},"query-input":"required name=search_term_string"}],"inLanguage":"en-US"},{"@type":"WebPage","@id":"https:\/\/www.visit-ulcinj.com\/blog\/2009\/06\/29\/reagim-i-sekretarit-per-buxhet-dhe-financa-te-komunes-se-ulqinit-ndaj-kumteses-se-forces-2\/#webpage","url":"https:\/\/www.visit-ulcinj.com\/blog\/2009\/06\/29\/reagim-i-sekretarit-per-buxhet-dhe-financa-te-komunes-se-ulqinit-ndaj-kumteses-se-forces-2\/","name":"Reagim i sekretarit p\u00ebr buxhet dhe financa t\u00eb komun\u00ebs s\u00eb Ulqinit ndaj kumtes\u00ebs s\u00eb Forc\u00ebs - Lajme nga Ulqini","isPartOf":{"@id":"https:\/\/www.visit-ulcinj.com\/blog\/#website"},"datePublished":"2009-06-29T15:14:49+00:00","dateModified":"2009-06-29T15:15:52+00:00","author":{"@id":"https:\/\/www.visit-ulcinj.com\/blog\/#\/schema\/person\/dcab619c614d3038751c63bc2aadc06d"},"description":"Mllef dhe urrejtje ndaj pushtetit aktual Duke lexuar kumtes\u00ebn e Forc\u00ebs edhe njeriu m\u00eb i thjesht\u00eb v\u00eb re nj\u00eb mllef (p\u00ebr t\u00eb mos th\u00ebn\u00eb urrejtje) t\u00eb","breadcrumb":{"@id":"https:\/\/www.visit-ulcinj.com\/blog\/2009\/06\/29\/reagim-i-sekretarit-per-buxhet-dhe-financa-te-komunes-se-ulqinit-ndaj-kumteses-se-forces-2\/#breadcrumb"},"inLanguage":"en-US","potentialAction":[{"@type":"ReadAction","target":["https:\/\/www.visit-ulcinj.com\/blog\/2009\/06\/29\/reagim-i-sekretarit-per-buxhet-dhe-financa-te-komunes-se-ulqinit-ndaj-kumteses-se-forces-2\/"]}]},{"@type":"BreadcrumbList","@id":"https:\/\/www.visit-ulcinj.com\/blog\/2009\/06\/29\/reagim-i-sekretarit-per-buxhet-dhe-financa-te-komunes-se-ulqinit-ndaj-kumteses-se-forces-2\/#breadcrumb","itemListElement":[{"@type":"ListItem","position":1,"name":"Reagim i sekretarit p\u00ebr buxhet dhe financa t\u00eb komun\u00ebs s\u00eb Ulqinit ndaj kumtes\u00ebs s\u00eb Forc\u00ebs"}]},{"@type":"Person","@id":"https:\/\/www.visit-ulcinj.com\/blog\/#\/schema\/person\/dcab619c614d3038751c63bc2aadc06d","name":"ulqini","sameAs":["http:\/\/www.visit-ulcinj.com"],"url":"https:\/\/www.visit-ulcinj.com\/blog\/author\/admin\/"}]}},"jetpack_featured_media_url":"","jetpack_sharing_enabled":true,"jetpack_shortlink":"https:\/\/wp.me\/pe6lTn-67h","_links":{"self":[{"href":"https:\/\/www.visit-ulcinj.com\/blog\/wp-json\/wp\/v2\/posts\/23515"}],"collection":[{"href":"https:\/\/www.visit-ulcinj.com\/blog\/wp-json\/wp\/v2\/posts"}],"about":[{"href":"https:\/\/www.visit-ulcinj.com\/blog\/wp-json\/wp\/v2\/types\/post"}],"author":[{"embeddable":true,"href":"https:\/\/www.visit-ulcinj.com\/blog\/wp-json\/wp\/v2\/users\/1"}],"replies":[{"embeddable":true,"href":"https:\/\/www.visit-ulcinj.com\/blog\/wp-json\/wp\/v2\/comments?post=23515"}],"version-history":[{"count":0,"href":"https:\/\/www.visit-ulcinj.com\/blog\/wp-json\/wp\/v2\/posts\/23515\/revisions"}],"wp:attachment":[{"href":"https:\/\/www.visit-ulcinj.com\/blog\/wp-json\/wp\/v2\/media?parent=23515"}],"wp:term":[{"taxonomy":"category","embeddable":true,"href":"https:\/\/www.visit-ulcinj.com\/blog\/wp-json\/wp\/v2\/categories?post=23515"},{"taxonomy":"post_tag","embeddable":true,"href":"https:\/\/www.visit-ulcinj.com\/blog\/wp-json\/wp\/v2\/tags?post=23515"}],"curies":[{"name":"wp","href":"https:\/\/api.w.org\/{rel}","templated":true}]}}