{"id":23524,"date":"2009-06-29T19:11:08","date_gmt":"2009-06-29T17:11:08","guid":{"rendered":"http:\/\/www.visit-ulcinj.com\/blog\/?p=23524"},"modified":"2009-06-30T16:40:43","modified_gmt":"2009-06-30T14:40:43","slug":"lumi-buna-%e2%80%93-mrekulli-e-natyres","status":"publish","type":"post","link":"https:\/\/www.visit-ulcinj.com\/blog\/2009\/06\/29\/lumi-buna-%e2%80%93-mrekulli-e-natyres\/","title":{"rendered":"Lumi Buna \u2013 mrekulli e natyr\u00ebs"},"content":{"rendered":"<p><strong><a href=\"http:\/\/www.visit-ulcinj.com\/blog\/wp-content\/uploads\/2009\/06\/Grykederdhja-e-Bunes-ne-det.jpg\"><img loading=\"lazy\" class=\"alignleft size-full wp-image-23525\" title=\"Grykederdhja e Bunes ne det\" src=\"http:\/\/www.visit-ulcinj.com\/blog\/wp-content\/uploads\/2009\/06\/Grykederdhja-e-Bunes-ne-det.jpg\" alt=\"Grykederdhja e Bunes ne det\" width=\"580\" height=\"400\" \/><\/a>Margaritar i Ulqinit dhe rajonit<\/strong><br \/>\nNga fillimi i viteve t\u00eb n\u00ebnt\u00ebdhjeta, sidomos pas kontrabandimit t\u00eb naft\u00ebs dhe derivateve t\u00eb naft\u00ebs nga Shqip\u00ebria, Buna \u00ebsht\u00eb lum\u00eb i plagosur. P\u00ebr shkak t\u00eb pakujdesis\u00eb s\u00eb trafikant\u00ebve, mazuti disa her\u00eb u derdh n\u00eb lum\u00eb e kur ai p\u00ebrzihet me ujin e ftoht\u00eb, pasojat p\u00ebr ekosistemin mbesin vite me radh\u00eb, pohojn\u00eb ekspert\u00ebt.<br \/>\nSi rrjedim i k\u00ebsaj, nga Buna u zhduk ngjala e kristalt\u00eb, peshk ky jasht\u00ebzakonisht i rrall\u00eb dhe i bukur, i cili k\u00ebrkon uj\u00eb t\u00eb past\u00ebr si kristali. Nj\u00eb kilogram i ngjal\u00ebs s\u00eb kristalt\u00eb n\u00eb tregjet europiane kushton disa qindra euro.<br \/>\nP\u00ebr shkak t\u00eb dysis\u00eb s\u00eb vet lumi Buna \u00ebsht\u00eb mrekulli e v\u00ebrtet\u00eb e natyr\u00ebs, thot\u00eb prof.dr. Mihajllo Buriq. K\u00ebsisoji, fundi i shtratit t\u00eb lumit, para derdhjes s\u00eb tij n\u00eb det, dy metra n\u00ebn nivelin e detit, diku diku \u00ebsht\u00eb edhe deri pes\u00eb metra n\u00ebn nivelin e detit.<br \/>\nPor, vetia gjith\u00ebsesi m\u00eb e theksuar e lumit Buna \u00ebsht\u00eb se fundi i shtratit t\u00eb saj, duke filluar nga gryk\u00ebderdhja, ndodhet n\u00ebn nivelin e detit n\u00ebp\u00ebr t\u00ebr\u00eb gjer\u00ebsin\u00eb prej 36 km. teposht\u00eb lumit!<br \/>\nKjo k\u00ebt\u00eb lum\u00eb e b\u00ebn fenomen natyror t\u00eb jasht\u00ebzakonsh\u00ebm sidomos kur kihet parasysh prurja e tij e madhe. Megjithat\u00eb, me gjith\u00eb prurjen e madhe, uji i detit dep\u00ebrton thell\u00eb lumit p\u00ebrpjet\u00eb n\u00ebp\u00ebr shtratin e tij. N\u00eb k\u00ebt\u00eb m\u00ebnyr\u00eb lind dysia e par\u00eb karakteristike e lumit Buna. Mbase, n\u00eb shtratin e tij ndodhet edhe uji i njelm\u00ebt i detit dhe uji i \u00ebmb\u00ebl i lumit. Uji i detit, si m\u00eb i r\u00ebnd\u00eb, rrjedh n\u00ebp\u00ebr fundin e shtratit t\u00eb lumit Buna gjithnj\u00eb deri af\u00ebr Sh\u00ebn Gjergjit.<br \/>\nDysia e dyt\u00eb shfaqet n\u00eb rrjedh\u00ebn n\u00ebntok\u00ebsore t\u00eb Lumit. K\u00ebsisoji shtrati i dikursh\u00ebm i Bun\u00ebs ka qen\u00eb rreth 40 metra m\u00eb lart se terreni i sot\u00ebm i shk\u00ebmbinjve t\u00eb Fraskanjelit. Lumi Buna e shtroi shtratin e vet me zhavor. Mbi zhavor jan\u00eb sedimentuar sedimente uj\u00ebmbajt\u00ebse nga deltina n\u00eb t\u00eb cilat \u00ebsht\u00eb formuar shtrati i sot\u00ebm i lumit Buna. K\u00ebshtu sot, n\u00eb t\u00eb nj\u00ebjtin drejtim, nj\u00ebra mbi tjetr\u00ebn n\u00eb drejtim t\u00eb detit rrjedhin rrjedha sip\u00ebrfaq\u00ebsore e lumit Buna, kurse n\u00eb thell\u00ebsin\u00eb prej 10 \u2013 15 metra rrjedha n\u00ebntok\u00ebsore e lumit Buna.<br \/>\nRrjedha n\u00ebntok\u00ebsore gjithashtu l\u00ebviz nga veriu n\u00eb drejtim t\u00eb jugut dhe mund t\u00eb paraqitet si rrjedhje e ujit n\u00ebp\u00ebr tubin n\u00ebntok\u00ebsor t\u00eb mbushur me zhavor. Rrjedha n\u00ebntok\u00ebsore \u00ebsht\u00eb e njohur sipas vendburimit Lisna-Bori.<br \/>\nDysia e tret\u00eb realizohet n\u00eb delt\u00ebn e Bun\u00ebs \u2013 ky lum\u00eb ndahet n\u00eb dy pjes\u00eb t\u00eb cilat si rrjedha t\u00eb posa\u00e7me derdhen n\u00eb det, kurse dysia e kat\u00ebrt e lumit Buna manifestohet n\u00eb l\u00ebkundjet e dyfishta t\u00eb nivelit t\u00eb saj. Dysia e karakteristikave nuk duhet gjith\u00ebher\u00eb t\u00eb p\u00ebrmir\u00ebsoj\u00eb cil\u00ebsin\u00eb e fenomenit natyror\u00eb, mir\u00ebpo karakteristikat dysore t\u00eb lumit Buna shtojn\u00eb begatin\u00eb e struktur\u00ebs s\u00eb karakteristikave t\u00eb saj, madje edhe vler\u00ebn e saj t\u00eb t\u00ebr\u00ebsishme si fenomen natyror, shton prof. Buriqi.<br \/>\nSpecialist\u00eb t\u00eb huaj dhe t\u00eb vendit regjistruan n\u00eb k\u00ebt\u00eb lokalitet jo m\u00eb pak se 143 lloje dhe n\u00ebnlloje t\u00eb peshqve. P\u00ebr k\u00ebt\u00eb arsye e t\u00ebr\u00eb kjo hap\u00ebsir\u00eb e gryk\u00ebderdhjes s\u00eb Bun\u00ebs n\u00eb Detin Adriatik formalisht \u00ebsht\u00eb n\u00ebn mbrojtje t\u00eb posa\u00e7me t\u00eb shtetit. Ky \u00ebsht\u00eb detyrim i tij kur dihet se ky lum\u00eb ka r\u00ebnd\u00ebsi nd\u00ebrkomb\u00ebtare dhe se \u00ebsht\u00eb rrug\u00eb e migrimit t\u00eb peshqve nga Deti Adriatik n\u00eb Liqenin e Shkodr\u00ebs, por si duket, ka qen\u00eb vendimtar presioni i investitor\u00ebve t\u00eb huaj t\u00eb fuqish\u00ebm, t\u00eb cil\u00ebt s\u00eb shpejti do ta zot\u00ebrojn\u00eb k\u00ebt\u00eb hap\u00ebsir\u00eb.<br \/>\nShteti ka treguar munges\u00eb t\u00eb jasht\u00ebzakonshme efektiviteti q\u00eb t\u00eb parandaloj\u00eb p\u00ebrhapjen e \u201ctumorit\u201d n\u00eb Bun\u00eb, me \u00e7ka u \u00ebsht\u00eb dh\u00ebn\u00eb kurajo plot\u00ebsuese nd\u00ebrtuesve informal\u00eb. E n\u00eb brigjet e Bun\u00ebs jan\u00eb mbi 400 sish! Tani ka m\u00eb s\u00eb paku vendas, edhe pse ata mbajn\u00eb p\u00ebrgjegj\u00ebsin\u00eb m\u00eb t\u00eb madhe p\u00ebr kaosin n\u00eb k\u00ebt\u00eb lum\u00eb. Natyrisht, bashk\u00eb me Nd\u00ebrmarrjen Publike p\u00ebr Qeverisjen e t\u00eb Mirave Detare nga Budva, q\u00eb menaxhon k\u00ebt\u00eb hap\u00ebsir\u00eb tashm\u00eb 17 vite dhe rregullisht mbledh tatime nga pronar\u00ebt e sht\u00ebpizave. Pra, n\u00eb Ulqin ndodhen t\u00eb mirat detare dhe bregu i lumit!<br \/>\nMjerisht, p\u00ebr Bun\u00ebn s\u00eb shpejti nuk do t\u00eb mund t\u00eb flitet ajo q\u00eb Mahatma Gandi ka th\u00ebn\u00eb p\u00ebr lumin e shenjt\u00eb Gang: \u201cUji n\u00eb Gang \u00ebsht\u00eb gjith\u00ebher\u00eb tjet\u00ebrfare, por Gangu \u00ebsht\u00eb gjith\u00ebher\u00eb i nj\u00ebjti\u201d.<\/p>\n<p><strong><br \/>\nKoha Javore<\/strong><\/p>\n<p><strong>\n\t\t<style type=\"text\/css\">\n\t\t\t#gallery-1 {\n\t\t\t\tmargin: auto;\n\t\t\t}\n\t\t\t#gallery-1 .gallery-item {\n\t\t\t\tfloat: left;\n\t\t\t\tmargin-top: 10px;\n\t\t\t\ttext-align: center;\n\t\t\t\twidth: 33%;\n\t\t\t}\n\t\t\t#gallery-1 img {\n\t\t\t\tborder: 2px solid #cfcfcf;\n\t\t\t}\n\t\t\t#gallery-1 .gallery-caption {\n\t\t\t\tmargin-left: 0;\n\t\t\t}\n\t\t\t\/* see gallery_shortcode() in wp-includes\/media.php *\/\n\t\t<\/style>\n\t\t<div id='gallery-1' class='gallery galleryid-23524 gallery-columns-3 gallery-size-thumbnail'><dl class='gallery-item'>\n\t\t\t<dt class='gallery-icon landscape'>\n\t\t\t\t<a href='https:\/\/www.visit-ulcinj.com\/blog\/wp-content\/uploads\/2009\/06\/Grykederdhja-e-Bunes-ne-det.jpg'><img width=\"150\" height=\"150\" src=\"https:\/\/www.visit-ulcinj.com\/blog\/wp-content\/uploads\/2009\/06\/Grykederdhja-e-Bunes-ne-det-150x150.jpg\" class=\"attachment-thumbnail size-thumbnail\" alt=\"\" loading=\"lazy\" \/><\/a>\n\t\t\t<\/dt><\/dl><dl class='gallery-item'>\n\t\t\t<dt class='gallery-icon landscape'>\n\t\t\t\t<a href='https:\/\/www.visit-ulcinj.com\/blog\/wp-content\/uploads\/2009\/06\/liqeni-shkodres_Lumi-Buna.jpg'><img width=\"150\" height=\"150\" src=\"https:\/\/www.visit-ulcinj.com\/blog\/wp-content\/uploads\/2009\/06\/liqeni-shkodres_Lumi-Buna-150x150.jpg\" class=\"attachment-thumbnail size-thumbnail\" alt=\"\" loading=\"lazy\" \/><\/a>\n\t\t\t<\/dt><\/dl><dl class='gallery-item'>\n\t\t\t<dt class='gallery-icon landscape'>\n\t\t\t\t<a href='https:\/\/www.visit-ulcinj.com\/blog\/wp-content\/uploads\/2009\/06\/liqeni-shkodres_Lumi-Buna_1.jpg'><img width=\"150\" height=\"150\" src=\"https:\/\/www.visit-ulcinj.com\/blog\/wp-content\/uploads\/2009\/06\/liqeni-shkodres_Lumi-Buna_1-150x150.jpg\" class=\"attachment-thumbnail size-thumbnail\" alt=\"\" loading=\"lazy\" \/><\/a>\n\t\t\t<\/dt><\/dl><br style=\"clear: both\" \/><dl class='gallery-item'>\n\t\t\t<dt class='gallery-icon landscape'>\n\t\t\t\t<a href='https:\/\/www.visit-ulcinj.com\/blog\/wp-content\/uploads\/2009\/06\/Lumi-Buna_1.jpg'><img width=\"150\" height=\"150\" src=\"https:\/\/www.visit-ulcinj.com\/blog\/wp-content\/uploads\/2009\/06\/Lumi-Buna_1-150x150.jpg\" class=\"attachment-thumbnail size-thumbnail\" alt=\"\" loading=\"lazy\" srcset=\"https:\/\/www.visit-ulcinj.com\/blog\/wp-content\/uploads\/2009\/06\/Lumi-Buna_1-150x150.jpg 150w, https:\/\/www.visit-ulcinj.com\/blog\/wp-content\/uploads\/2009\/06\/Lumi-Buna_1-300x299.jpg 300w, https:\/\/www.visit-ulcinj.com\/blog\/wp-content\/uploads\/2009\/06\/Lumi-Buna_1.jpg 601w\" sizes=\"(max-width: 150px) 100vw, 150px\" \/><\/a>\n\t\t\t<\/dt><\/dl><dl class='gallery-item'>\n\t\t\t<dt class='gallery-icon landscape'>\n\t\t\t\t<a href='https:\/\/www.visit-ulcinj.com\/blog\/wp-content\/uploads\/2009\/06\/Lumi-Buna_2.jpg'><img width=\"150\" height=\"150\" src=\"https:\/\/www.visit-ulcinj.com\/blog\/wp-content\/uploads\/2009\/06\/Lumi-Buna_2-150x150.jpg\" class=\"attachment-thumbnail size-thumbnail\" alt=\"\" loading=\"lazy\" \/><\/a>\n\t\t\t<\/dt><\/dl><dl class='gallery-item'>\n\t\t\t<dt class='gallery-icon landscape'>\n\t\t\t\t<a href='https:\/\/www.visit-ulcinj.com\/blog\/wp-content\/uploads\/2009\/06\/Lumi-Buna_3.jpg'><img width=\"150\" height=\"150\" src=\"https:\/\/www.visit-ulcinj.com\/blog\/wp-content\/uploads\/2009\/06\/Lumi-Buna_3-150x150.jpg\" class=\"attachment-thumbnail size-thumbnail\" alt=\"\" loading=\"lazy\" \/><\/a>\n\t\t\t<\/dt><\/dl><br style=\"clear: both\" \/><dl class='gallery-item'>\n\t\t\t<dt class='gallery-icon landscape'>\n\t\t\t\t<a href='https:\/\/www.visit-ulcinj.com\/blog\/wp-content\/uploads\/2009\/06\/lumi-buna_4.jpg'><img width=\"150\" height=\"150\" src=\"https:\/\/www.visit-ulcinj.com\/blog\/wp-content\/uploads\/2009\/06\/lumi-buna_4-150x150.jpg\" class=\"attachment-thumbnail size-thumbnail\" alt=\"\" loading=\"lazy\" \/><\/a>\n\t\t\t<\/dt><\/dl><dl class='gallery-item'>\n\t\t\t<dt class='gallery-icon landscape'>\n\t\t\t\t<a href='https:\/\/www.visit-ulcinj.com\/blog\/wp-content\/uploads\/2009\/06\/lumi-buna_5.JPG'><img width=\"150\" height=\"150\" src=\"https:\/\/www.visit-ulcinj.com\/blog\/wp-content\/uploads\/2009\/06\/lumi-buna_5-150x150.jpg\" class=\"attachment-thumbnail size-thumbnail\" alt=\"\" loading=\"lazy\" \/><\/a>\n\t\t\t<\/dt><\/dl><dl class='gallery-item'>\n\t\t\t<dt class='gallery-icon landscape'>\n\t\t\t\t<a href='https:\/\/www.visit-ulcinj.com\/blog\/wp-content\/uploads\/2009\/06\/Lumi_Buna_11.jpg'><img width=\"150\" height=\"150\" src=\"https:\/\/www.visit-ulcinj.com\/blog\/wp-content\/uploads\/2009\/06\/Lumi_Buna_11-150x150.jpg\" class=\"attachment-thumbnail size-thumbnail\" alt=\"\" loading=\"lazy\" \/><\/a>\n\t\t\t<\/dt><\/dl><br style=\"clear: both\" \/>\n\t\t<\/div>\n<\/p>\n<p><\/strong><\/p>\n<p><strong> <\/strong><\/p>\n<p><strong><!--YouTube Error: bad URL entered--><br \/>\n<\/strong><\/p>\n","protected":false},"excerpt":{"rendered":"<p>Margaritar i Ulqinit dhe rajonit Nga fillimi i viteve t\u00eb n\u00ebnt\u00ebdhjeta, sidomos pas kontrabandimit t\u00eb naft\u00ebs dhe derivateve t\u00eb naft\u00ebs nga Shqip\u00ebria, Buna \u00ebsht\u00eb lum\u00eb i plagosur. P\u00ebr shkak t\u00eb pakujdesis\u00eb s\u00eb trafikant\u00ebve, mazuti disa her\u00eb u derdh n\u00eb lum\u00eb e kur ai p\u00ebrzihet me ujin e ftoht\u00eb, pasojat p\u00ebr ekosistemin mbesin vite me radh\u00eb, [&hellip;]<\/p>\n","protected":false},"author":1,"featured_media":0,"comment_status":"open","ping_status":"closed","sticky":false,"template":"","format":"standard","meta":{"spay_email":"","jetpack_publicize_message":"","jetpack_is_tweetstorm":false,"jetpack_publicize_feature_enabled":true},"categories":[5],"tags":[138,509,3504,4855,11648,4245],"jetpack_publicize_connections":[],"yoast_head":"<!-- This site is optimized with the Yoast SEO plugin v19.1 - https:\/\/yoast.com\/wordpress\/plugins\/seo\/ -->\n<title>Lumi Buna \u2013 mrekulli e natyr\u00ebs - Lajme nga Ulqini<\/title>\n<meta name=\"description\" content=\"Margaritar i Ulqinit dhe rajonit Nga fillimi i viteve t\u00eb n\u00ebnt\u00ebdhjeta, sidomos pas kontrabandimit t\u00eb naft\u00ebs dhe derivateve t\u00eb naft\u00ebs nga Shqip\u00ebria, Buna\" \/>\n<meta name=\"robots\" content=\"index, follow, max-snippet:-1, max-image-preview:large, max-video-preview:-1\" \/>\n<link rel=\"canonical\" href=\"https:\/\/www.visit-ulcinj.com\/blog\/2009\/06\/29\/lumi-buna-\u2013-mrekulli-e-natyres\/\" \/>\n<meta property=\"og:locale\" content=\"en_US\" \/>\n<meta property=\"og:type\" content=\"article\" \/>\n<meta property=\"og:title\" content=\"Lumi Buna \u2013 mrekulli e natyr\u00ebs - Lajme nga Ulqini\" \/>\n<meta property=\"og:description\" content=\"Margaritar i Ulqinit dhe rajonit Nga fillimi i viteve t\u00eb n\u00ebnt\u00ebdhjeta, sidomos pas kontrabandimit t\u00eb naft\u00ebs dhe derivateve t\u00eb naft\u00ebs nga Shqip\u00ebria, Buna\" \/>\n<meta property=\"og:url\" content=\"https:\/\/www.visit-ulcinj.com\/blog\/2009\/06\/29\/lumi-buna-\u2013-mrekulli-e-natyres\/\" \/>\n<meta property=\"og:site_name\" content=\"Lajme nga Ulqini\" \/>\n<meta property=\"article:published_time\" content=\"2009-06-29T17:11:08+00:00\" \/>\n<meta property=\"article:modified_time\" content=\"2009-06-30T14:40:43+00:00\" \/>\n<meta property=\"og:image\" content=\"https:\/\/www.visit-ulcinj.com\/blog\/wp-content\/uploads\/2009\/06\/Grykederdhja-e-Bunes-ne-det-150x150.jpg\" \/>\n<meta name=\"twitter:label1\" content=\"Written by\" \/>\n\t<meta name=\"twitter:data1\" content=\"ulqini\" \/>\n\t<meta name=\"twitter:label2\" content=\"Est. reading time\" \/>\n\t<meta name=\"twitter:data2\" content=\"4 minutes\" \/>\n<script type=\"application\/ld+json\" class=\"yoast-schema-graph\">{\"@context\":\"https:\/\/schema.org\",\"@graph\":[{\"@type\":\"WebSite\",\"@id\":\"https:\/\/www.visit-ulcinj.com\/blog\/#website\",\"url\":\"https:\/\/www.visit-ulcinj.com\/blog\/\",\"name\":\"Lajme nga Ulqini\",\"description\":\"Lajme,Vijesti,Ulqini,Ulqin,Crna Gora,Mali i Zi\",\"potentialAction\":[{\"@type\":\"SearchAction\",\"target\":{\"@type\":\"EntryPoint\",\"urlTemplate\":\"https:\/\/www.visit-ulcinj.com\/blog\/?s={search_term_string}\"},\"query-input\":\"required name=search_term_string\"}],\"inLanguage\":\"en-US\"},{\"@type\":\"ImageObject\",\"inLanguage\":\"en-US\",\"@id\":\"https:\/\/www.visit-ulcinj.com\/blog\/2009\/06\/29\/lumi-buna-%e2%80%93-mrekulli-e-natyres\/#primaryimage\",\"url\":\"https:\/\/www.visit-ulcinj.com\/blog\/wp-content\/uploads\/2009\/06\/Grykederdhja-e-Bunes-ne-det.jpg\",\"contentUrl\":\"https:\/\/www.visit-ulcinj.com\/blog\/wp-content\/uploads\/2009\/06\/Grykederdhja-e-Bunes-ne-det.jpg\",\"width\":\"1067\",\"height\":\"800\"},{\"@type\":\"WebPage\",\"@id\":\"https:\/\/www.visit-ulcinj.com\/blog\/2009\/06\/29\/lumi-buna-%e2%80%93-mrekulli-e-natyres\/#webpage\",\"url\":\"https:\/\/www.visit-ulcinj.com\/blog\/2009\/06\/29\/lumi-buna-%e2%80%93-mrekulli-e-natyres\/\",\"name\":\"Lumi Buna \u2013 mrekulli e natyr\u00ebs - Lajme nga Ulqini\",\"isPartOf\":{\"@id\":\"https:\/\/www.visit-ulcinj.com\/blog\/#website\"},\"primaryImageOfPage\":{\"@id\":\"https:\/\/www.visit-ulcinj.com\/blog\/2009\/06\/29\/lumi-buna-%e2%80%93-mrekulli-e-natyres\/#primaryimage\"},\"datePublished\":\"2009-06-29T17:11:08+00:00\",\"dateModified\":\"2009-06-30T14:40:43+00:00\",\"author\":{\"@id\":\"https:\/\/www.visit-ulcinj.com\/blog\/#\/schema\/person\/dcab619c614d3038751c63bc2aadc06d\"},\"description\":\"Margaritar i Ulqinit dhe rajonit Nga fillimi i viteve t\u00eb n\u00ebnt\u00ebdhjeta, sidomos pas kontrabandimit t\u00eb naft\u00ebs dhe derivateve t\u00eb naft\u00ebs nga Shqip\u00ebria, Buna\",\"breadcrumb\":{\"@id\":\"https:\/\/www.visit-ulcinj.com\/blog\/2009\/06\/29\/lumi-buna-%e2%80%93-mrekulli-e-natyres\/#breadcrumb\"},\"inLanguage\":\"en-US\",\"potentialAction\":[{\"@type\":\"ReadAction\",\"target\":[\"https:\/\/www.visit-ulcinj.com\/blog\/2009\/06\/29\/lumi-buna-%e2%80%93-mrekulli-e-natyres\/\"]}]},{\"@type\":\"BreadcrumbList\",\"@id\":\"https:\/\/www.visit-ulcinj.com\/blog\/2009\/06\/29\/lumi-buna-%e2%80%93-mrekulli-e-natyres\/#breadcrumb\",\"itemListElement\":[{\"@type\":\"ListItem\",\"position\":1,\"name\":\"Lumi Buna \u2013 mrekulli e natyr\u00ebs\"}]},{\"@type\":\"Person\",\"@id\":\"https:\/\/www.visit-ulcinj.com\/blog\/#\/schema\/person\/dcab619c614d3038751c63bc2aadc06d\",\"name\":\"ulqini\",\"sameAs\":[\"http:\/\/www.visit-ulcinj.com\"],\"url\":\"https:\/\/www.visit-ulcinj.com\/blog\/author\/admin\/\"}]}<\/script>\n<!-- \/ Yoast SEO plugin. -->","yoast_head_json":{"title":"Lumi Buna \u2013 mrekulli e natyr\u00ebs - Lajme nga Ulqini","description":"Margaritar i Ulqinit dhe rajonit Nga fillimi i viteve t\u00eb n\u00ebnt\u00ebdhjeta, sidomos pas kontrabandimit t\u00eb naft\u00ebs dhe derivateve t\u00eb naft\u00ebs nga Shqip\u00ebria, Buna","robots":{"index":"index","follow":"follow","max-snippet":"max-snippet:-1","max-image-preview":"max-image-preview:large","max-video-preview":"max-video-preview:-1"},"canonical":"https:\/\/www.visit-ulcinj.com\/blog\/2009\/06\/29\/lumi-buna-\u2013-mrekulli-e-natyres\/","og_locale":"en_US","og_type":"article","og_title":"Lumi Buna \u2013 mrekulli e natyr\u00ebs - Lajme nga Ulqini","og_description":"Margaritar i Ulqinit dhe rajonit Nga fillimi i viteve t\u00eb n\u00ebnt\u00ebdhjeta, sidomos pas kontrabandimit t\u00eb naft\u00ebs dhe derivateve t\u00eb naft\u00ebs nga Shqip\u00ebria, Buna","og_url":"https:\/\/www.visit-ulcinj.com\/blog\/2009\/06\/29\/lumi-buna-\u2013-mrekulli-e-natyres\/","og_site_name":"Lajme nga Ulqini","article_published_time":"2009-06-29T17:11:08+00:00","article_modified_time":"2009-06-30T14:40:43+00:00","og_image":[{"url":"https:\/\/www.visit-ulcinj.com\/blog\/wp-content\/uploads\/2009\/06\/Grykederdhja-e-Bunes-ne-det-150x150.jpg"}],"twitter_misc":{"Written by":"ulqini","Est. reading time":"4 minutes"},"schema":{"@context":"https:\/\/schema.org","@graph":[{"@type":"WebSite","@id":"https:\/\/www.visit-ulcinj.com\/blog\/#website","url":"https:\/\/www.visit-ulcinj.com\/blog\/","name":"Lajme nga Ulqini","description":"Lajme,Vijesti,Ulqini,Ulqin,Crna Gora,Mali i Zi","potentialAction":[{"@type":"SearchAction","target":{"@type":"EntryPoint","urlTemplate":"https:\/\/www.visit-ulcinj.com\/blog\/?s={search_term_string}"},"query-input":"required name=search_term_string"}],"inLanguage":"en-US"},{"@type":"ImageObject","inLanguage":"en-US","@id":"https:\/\/www.visit-ulcinj.com\/blog\/2009\/06\/29\/lumi-buna-%e2%80%93-mrekulli-e-natyres\/#primaryimage","url":"https:\/\/www.visit-ulcinj.com\/blog\/wp-content\/uploads\/2009\/06\/Grykederdhja-e-Bunes-ne-det.jpg","contentUrl":"https:\/\/www.visit-ulcinj.com\/blog\/wp-content\/uploads\/2009\/06\/Grykederdhja-e-Bunes-ne-det.jpg","width":"1067","height":"800"},{"@type":"WebPage","@id":"https:\/\/www.visit-ulcinj.com\/blog\/2009\/06\/29\/lumi-buna-%e2%80%93-mrekulli-e-natyres\/#webpage","url":"https:\/\/www.visit-ulcinj.com\/blog\/2009\/06\/29\/lumi-buna-%e2%80%93-mrekulli-e-natyres\/","name":"Lumi Buna \u2013 mrekulli e natyr\u00ebs - Lajme nga Ulqini","isPartOf":{"@id":"https:\/\/www.visit-ulcinj.com\/blog\/#website"},"primaryImageOfPage":{"@id":"https:\/\/www.visit-ulcinj.com\/blog\/2009\/06\/29\/lumi-buna-%e2%80%93-mrekulli-e-natyres\/#primaryimage"},"datePublished":"2009-06-29T17:11:08+00:00","dateModified":"2009-06-30T14:40:43+00:00","author":{"@id":"https:\/\/www.visit-ulcinj.com\/blog\/#\/schema\/person\/dcab619c614d3038751c63bc2aadc06d"},"description":"Margaritar i Ulqinit dhe rajonit Nga fillimi i viteve t\u00eb n\u00ebnt\u00ebdhjeta, sidomos pas kontrabandimit t\u00eb naft\u00ebs dhe derivateve t\u00eb naft\u00ebs nga Shqip\u00ebria, Buna","breadcrumb":{"@id":"https:\/\/www.visit-ulcinj.com\/blog\/2009\/06\/29\/lumi-buna-%e2%80%93-mrekulli-e-natyres\/#breadcrumb"},"inLanguage":"en-US","potentialAction":[{"@type":"ReadAction","target":["https:\/\/www.visit-ulcinj.com\/blog\/2009\/06\/29\/lumi-buna-%e2%80%93-mrekulli-e-natyres\/"]}]},{"@type":"BreadcrumbList","@id":"https:\/\/www.visit-ulcinj.com\/blog\/2009\/06\/29\/lumi-buna-%e2%80%93-mrekulli-e-natyres\/#breadcrumb","itemListElement":[{"@type":"ListItem","position":1,"name":"Lumi Buna \u2013 mrekulli e natyr\u00ebs"}]},{"@type":"Person","@id":"https:\/\/www.visit-ulcinj.com\/blog\/#\/schema\/person\/dcab619c614d3038751c63bc2aadc06d","name":"ulqini","sameAs":["http:\/\/www.visit-ulcinj.com"],"url":"https:\/\/www.visit-ulcinj.com\/blog\/author\/admin\/"}]}},"jetpack_featured_media_url":"","jetpack_sharing_enabled":true,"jetpack_shortlink":"https:\/\/wp.me\/pe6lTn-67q","_links":{"self":[{"href":"https:\/\/www.visit-ulcinj.com\/blog\/wp-json\/wp\/v2\/posts\/23524"}],"collection":[{"href":"https:\/\/www.visit-ulcinj.com\/blog\/wp-json\/wp\/v2\/posts"}],"about":[{"href":"https:\/\/www.visit-ulcinj.com\/blog\/wp-json\/wp\/v2\/types\/post"}],"author":[{"embeddable":true,"href":"https:\/\/www.visit-ulcinj.com\/blog\/wp-json\/wp\/v2\/users\/1"}],"replies":[{"embeddable":true,"href":"https:\/\/www.visit-ulcinj.com\/blog\/wp-json\/wp\/v2\/comments?post=23524"}],"version-history":[{"count":0,"href":"https:\/\/www.visit-ulcinj.com\/blog\/wp-json\/wp\/v2\/posts\/23524\/revisions"}],"wp:attachment":[{"href":"https:\/\/www.visit-ulcinj.com\/blog\/wp-json\/wp\/v2\/media?parent=23524"}],"wp:term":[{"taxonomy":"category","embeddable":true,"href":"https:\/\/www.visit-ulcinj.com\/blog\/wp-json\/wp\/v2\/categories?post=23524"},{"taxonomy":"post_tag","embeddable":true,"href":"https:\/\/www.visit-ulcinj.com\/blog\/wp-json\/wp\/v2\/tags?post=23524"}],"curies":[{"name":"wp","href":"https:\/\/api.w.org\/{rel}","templated":true}]}}