{"id":23537,"date":"2009-06-29T20:12:29","date_gmt":"2009-06-29T18:12:29","guid":{"rendered":"http:\/\/www.visit-ulcinj.com\/blog\/?p=23537"},"modified":"2009-06-30T16:15:41","modified_gmt":"2009-06-30T14:15:41","slug":"ulqinit-ia-marrin-valdanozin","status":"publish","type":"post","link":"https:\/\/www.visit-ulcinj.com\/blog\/2009\/06\/29\/ulqinit-ia-marrin-valdanozin\/","title":{"rendered":"Ulqinit ia marrin Valdanozin"},"content":{"rendered":"<p><strong><a href=\"http:\/\/www.visit-ulcinj.com\/blog\/wp-content\/uploads\/2009\/06\/valdanos_ulqin..JPG\"><img loading=\"lazy\" class=\"alignleft size-full wp-image-23538\" title=\"valdanos_ulqin.\" src=\"http:\/\/www.visit-ulcinj.com\/blog\/wp-content\/uploads\/2009\/06\/valdanos_ulqin..JPG\" alt=\"valdanos_ulqin.\" width=\"580\" height=\"400\" \/><\/a>Gjiri i Valdanozit, perla e Mesdheut, dikur ishte pron\u00eb private, pastaj pushimore p\u00ebr ushtrin\u00eb e ish-Jugosllavis\u00eb, tani do t&#8217;u jepet n\u00eb shfryt\u00ebzim biznesmen\u00ebve nga Rusia e Kroacia. Aty thuhet se do t&#8217;i nd\u00ebrtojn\u00eb vilat miliarderi rus, Roman Ambramoviq, e kryeministri i Italis\u00eb, Silvio Berluskoni. Bashk\u00eb me gjirin do t\u00eb shkojn\u00eb edhe 18 mij\u00eb rr\u00ebnj\u00eb ullinj. <\/strong><br \/>\nUlqin,28 qershor &#8211; Rreth kat\u00ebr kilometra n\u00eb veri t\u00eb qytetit t\u00eb Ulqinit, rrug\u00ebs p\u00ebr n\u00eb Tivar, shtrihet gjiri i Valdanozit, i rrethuar me ullinj 500-vje\u00e7ar\u00eb. N\u00eb nj\u00eb sip\u00ebrfaqe prej 346 hektar\u00ebsh, t\u00eb rrethuar me tela, pjes\u00eb-pjes\u00eb gjembor\u00eb, gjendet pushimorja e ushtris\u00eb skaj plazhit 342 metra t\u00eb gjat\u00eb. Mir\u00ebpo, ky gji, asnj\u00ebher\u00eb nuk \u00ebsht\u00eb p\u00ebrdorur si objekt ushtarak, sado q\u00eb p\u00ebr k\u00ebt\u00eb q\u00ebllim ishte shpron\u00ebsuar me dekret n\u00eb vitin 1978. At\u00ebher\u00eb pronar\u00ebve privat\u00eb shteti u kishte marr\u00eb edhe 18 mij\u00eb rr\u00ebnj\u00eb ullinj. Ata kurr\u00eb nuk kan\u00eb marr\u00eb asnj\u00eb lloj t\u00eb kompensimit, me argumentimin se aty ushtria jugosllave do t\u00eb nd\u00ebrtonte nj\u00eb baz\u00eb t\u00eb madhe detare. Tani, q\u00eb ushtria ka ikur, por qytetar\u00ebt ende nuk i kan\u00eb marr\u00eb pronat e tyre, kurse ullinjt\u00eb q\u00eb para 30 vitesh i kishin punuar, i ndan teli gjembor. Porta kryesore n\u00eb hyrje t\u00eb k\u00ebtij kompleksi ka nj\u00eb vit q\u00eb \u00ebsht\u00eb mbyllur p\u00ebr vizitor\u00eb. Askujt s&#8217;i lejohet hyrja. K\u00ebtu thuhet se do t&#8217;i nd\u00ebrtojn\u00eb vilat miliarderi rus, Roman Ambramoviq e kryeministri i Italis\u00eb, Silvio Berluskoni. Edhe koordinatorit t\u00eb organizatave joqeveritare t\u00eb Ulqinit, Xhemal Peroviq, i duhet t\u00eb kaloj\u00eb p\u00ebrmes rrug\u00ebs malore q\u00eb t\u00eb na tregoj\u00eb gjirin e Valdanozit. &#8220;Po e privatizojn\u00eb pjes\u00ebn m\u00eb t\u00eb bukur t\u00eb vendit. E kan\u00eb hapur tenderin dhe ka mbetur vet\u00ebm p\u00ebrzgjedhja e fituesit&#8221;, tregon Peroviq p\u00ebr tenderin q\u00eb ka hapur Qeveria e Malit t\u00eb Zi, p\u00ebrkat\u00ebsisht Agjencia e Privatizimit, p\u00ebr dh\u00ebnien me koncesion t\u00eb Valdanozit. Ai thot\u00eb se edhe n\u00eb Valdanoz do t\u00eb p\u00ebrs\u00ebritet privatizimi shkat\u00ebrrues p\u00ebr turizmin n\u00eb komun\u00ebn e Ulqinit. Objektet m\u00eb t\u00eb r\u00ebnd\u00ebsishme dhe m\u00eb atraktive po uzurpohen nga njer\u00ebz q\u00eb ato i marrin me q\u00ebllim t\u00eb st\u00ebrshitjes eventuale. &#8220;Qeveria an\u00ebn formale t\u00eb privatizimit e b\u00ebn n\u00eb m\u00ebnyr\u00eb t\u00eb shk\u00eblqyeshme. Por kushtet ua p\u00ebrshtat kompanive q\u00eb i preferon&#8221;, pohon Peroviq. Megjithat\u00eb, halli i tij m\u00eb i madh \u00ebsht\u00eb si t&#8217;u kthehen pronat 202 pronar\u00ebve t\u00eb ullishtave, t\u00eb cilat do t&#8217;u jepen me koncesion sikurse edhe plazhi. &#8220;T\u00eb gjith\u00eb ata q\u00eb kan\u00eb nd\u00ebrmend ta marrin Valdanozin, gjirin m\u00eb t\u00eb bukur t\u00eb Mesdheut, duhet ta din\u00eb se nj\u00eb pjes\u00eb e k\u00ebsaj pasurie \u00ebsht\u00eb n\u00eb kontest&#8221;, thot\u00eb Peroviq. Por, kjo nuk duket problem i madh p\u00ebr kryetarin e Komun\u00ebs s\u00eb Ulqinit, G\u00ebzim Hajdinag\u00ebn. Si\u00e7 tregojn\u00eb banor\u00ebt lokal\u00eb, ai i kishte fituar votat me premtimin se do ta kthente ullisht\u00ebn, por tani thon\u00eb se e ka harruar at\u00eb. &#8220;Valdanozi do t\u00eb jepet n\u00eb shfryt\u00ebzim dhe aty do t\u00eb rregullohet nj\u00eb kompleks modern&#8221;, shprehet Hajdinaga. Ai nuk p\u00ebrmend \u00e7\u00ebshtjen e ullisht\u00ebs, duke anashkaluar k\u00ebt\u00eb tem\u00eb si problem i cili duhet t\u00eb zgjidhet n\u00eb gjykat\u00eb. N\u00eb vitin 2007, Komuna kishte aprovuar vendimin p\u00ebr kthimin e pronave, por n\u00eb prag t\u00eb koncesionimit t\u00eb k\u00ebtij vendi, Qeveria e Malit t\u00eb Zi u ka propozuar pronar\u00ebve q\u00eb tokat e tyre t&#8217;i marrin tokat me qira. N\u00eb tenderi p\u00ebr Valdanozin, q\u00eb ka p\u00ebrfunduar tashm\u00eb, pas dy zgjatjeve t\u00eb afatit, p\u00ebr qiramarrjen 30- vje\u00e7are ka ofertuar kompania ruse &#8220;Mos City Group&#8221; dhe kompania britanike &#8220;Cubus Lux&#8221;. Rus\u00ebt nuk jan\u00eb kualifikuar, nd\u00ebrsa britanik\u00ebt, t\u00eb cil\u00ebt jan\u00eb shum\u00eb t\u00eb pranish\u00ebm n\u00eb bregdetin e Kroacis\u00eb, jan\u00eb ftuar p\u00ebr negociata. Por, asnj\u00ebra prej tyre nuk jan\u00eb pranuar nga organizatat joqeveritare p\u00ebr shkak se nuk kan\u00eb eksperienc\u00eb n\u00eb hoteleri. &#8220;Mos Scity Group, n\u00eb Mal t\u00eb Zi ka formuar firm\u00ebn nd\u00ebrtimore &#8220;MCG Montenegro&#8221;, q\u00eb nga viti 2000. Konzorciumi ruso-malazias, ka ofruar 15 cent\u00eb p\u00ebr nj\u00eb met\u00ebr katror dhe investime n\u00eb shum\u00ebn 644 milion\u00eb euro, p\u00ebr Valdanozin. Kompania britanike &#8220;Cubus Lux&#8221; kryesisht \u00ebsht\u00eb e p\u00ebrqendruar n\u00eb investime n\u00eb Kroaci. Ajo drejton dy kazino n\u00eb pushimore turistike n\u00eb Pula dhe n\u00eb Selc dhe t\u00eb ashtuquajtur\u00ebn Marin\u00eb t\u00eb ishujve t\u00eb ullinjve &#8220;Olive Island Marina&#8221;. Ajo ka ofruar 18 cent\u00eb p\u00ebr met\u00ebr katror dhe t\u00eb investoj\u00eb 223 milion\u00eb euro. Sipas llogaritjeve t\u00eb Xhemal Peroviqit, renta vjetore p\u00ebr 346 hektar\u00eb do t\u00eb jet\u00eb 650 mij\u00eb euro. Me kaq pak p\u00ebrfitime p\u00ebr Ulqinin, ai thot\u00eb se nuk ia vlen t\u00eb jepet n\u00eb shfryt\u00ebzim p\u00ebr 30 vjet nj\u00eb perl\u00eb si Valdanozi. Ai shton se kompania q\u00eb e merr n\u00eb shfryt\u00ebzim, brenda vitit m\u00eb shum\u00eb do t\u00eb fitoj\u00eb nga pagesa e hyrjes p\u00ebr ata q\u00eb d\u00ebshirojn\u00eb t\u00eb shijojn\u00eb bukurit\u00eb e k\u00ebtij plazhi.<\/p>\n<p><strong>Zekirja Shabani.<br \/>\nGazeta Express<\/strong><\/p>\n<p><strong><!--YouTube Error: bad URL entered--><br \/>\n<\/strong><\/p>\n","protected":false},"excerpt":{"rendered":"<p>Gjiri i Valdanozit, perla e Mesdheut, dikur ishte pron\u00eb private, pastaj pushimore p\u00ebr ushtrin\u00eb e ish-Jugosllavis\u00eb, tani do t&#8217;u jepet n\u00eb shfryt\u00ebzim biznesmen\u00ebve nga Rusia e Kroacia. Aty thuhet se do t&#8217;i nd\u00ebrtojn\u00eb vilat miliarderi rus, Roman Ambramoviq, e kryeministri i Italis\u00eb, Silvio Berluskoni. Bashk\u00eb me gjirin do t\u00eb shkojn\u00eb edhe 18 mij\u00eb rr\u00ebnj\u00eb ullinj. [&hellip;]<\/p>\n","protected":false},"author":1,"featured_media":0,"comment_status":"open","ping_status":"closed","sticky":false,"template":"","format":"standard","meta":{"spay_email":"","jetpack_publicize_message":"","jetpack_is_tweetstorm":false,"jetpack_publicize_feature_enabled":true},"categories":[5],"tags":[222,11651,2515,95,11650,1813,18,11649,2441],"jetpack_publicize_connections":[],"yoast_head":"<!-- This site is optimized with the Yoast SEO plugin v19.1 - https:\/\/yoast.com\/wordpress\/plugins\/seo\/ -->\n<title>Ulqinit ia marrin Valdanozin - Lajme nga Ulqini<\/title>\n<meta name=\"description\" content=\"Gjiri i Valdanozit, perla e Mesdheut, dikur ishte pron\u00eb private, pastaj pushimore p\u00ebr ushtrin\u00eb e ish-Jugosllavis\u00eb, tani do t&#039;u jepet n\u00eb shfryt\u00ebzim\" \/>\n<meta name=\"robots\" content=\"index, follow, max-snippet:-1, max-image-preview:large, max-video-preview:-1\" \/>\n<link rel=\"canonical\" href=\"https:\/\/www.visit-ulcinj.com\/blog\/2009\/06\/29\/ulqinit-ia-marrin-valdanozin\/\" \/>\n<meta property=\"og:locale\" content=\"en_US\" \/>\n<meta property=\"og:type\" content=\"article\" \/>\n<meta property=\"og:title\" content=\"Ulqinit ia marrin Valdanozin - Lajme nga Ulqini\" \/>\n<meta property=\"og:description\" content=\"Gjiri i Valdanozit, perla e Mesdheut, dikur ishte pron\u00eb private, pastaj pushimore p\u00ebr ushtrin\u00eb e ish-Jugosllavis\u00eb, tani do t&#039;u jepet n\u00eb shfryt\u00ebzim\" \/>\n<meta property=\"og:url\" content=\"https:\/\/www.visit-ulcinj.com\/blog\/2009\/06\/29\/ulqinit-ia-marrin-valdanozin\/\" \/>\n<meta property=\"og:site_name\" content=\"Lajme nga Ulqini\" \/>\n<meta property=\"article:published_time\" content=\"2009-06-29T18:12:29+00:00\" \/>\n<meta property=\"article:modified_time\" content=\"2009-06-30T14:15:41+00:00\" \/>\n<meta property=\"og:image\" content=\"http:\/\/www.visit-ulcinj.com\/blog\/wp-content\/uploads\/2009\/06\/valdanos_ulqin..JPG\" \/>\n<meta name=\"twitter:label1\" content=\"Written by\" \/>\n\t<meta name=\"twitter:data1\" content=\"ulqini\" \/>\n\t<meta name=\"twitter:label2\" content=\"Est. reading time\" \/>\n\t<meta name=\"twitter:data2\" content=\"4 minutes\" \/>\n<script type=\"application\/ld+json\" class=\"yoast-schema-graph\">{\"@context\":\"https:\/\/schema.org\",\"@graph\":[{\"@type\":\"WebSite\",\"@id\":\"https:\/\/www.visit-ulcinj.com\/blog\/#website\",\"url\":\"https:\/\/www.visit-ulcinj.com\/blog\/\",\"name\":\"Lajme nga Ulqini\",\"description\":\"Lajme,Vijesti,Ulqini,Ulqin,Crna Gora,Mali i Zi\",\"potentialAction\":[{\"@type\":\"SearchAction\",\"target\":{\"@type\":\"EntryPoint\",\"urlTemplate\":\"https:\/\/www.visit-ulcinj.com\/blog\/?s={search_term_string}\"},\"query-input\":\"required name=search_term_string\"}],\"inLanguage\":\"en-US\"},{\"@type\":\"ImageObject\",\"inLanguage\":\"en-US\",\"@id\":\"https:\/\/www.visit-ulcinj.com\/blog\/2009\/06\/29\/ulqinit-ia-marrin-valdanozin\/#primaryimage\",\"url\":\"https:\/\/www.visit-ulcinj.com\/blog\/wp-content\/uploads\/2009\/06\/valdanos_ulqin..JPG\",\"contentUrl\":\"https:\/\/www.visit-ulcinj.com\/blog\/wp-content\/uploads\/2009\/06\/valdanos_ulqin..JPG\",\"width\":\"640\",\"height\":\"427\"},{\"@type\":\"WebPage\",\"@id\":\"https:\/\/www.visit-ulcinj.com\/blog\/2009\/06\/29\/ulqinit-ia-marrin-valdanozin\/#webpage\",\"url\":\"https:\/\/www.visit-ulcinj.com\/blog\/2009\/06\/29\/ulqinit-ia-marrin-valdanozin\/\",\"name\":\"Ulqinit ia marrin Valdanozin - Lajme nga Ulqini\",\"isPartOf\":{\"@id\":\"https:\/\/www.visit-ulcinj.com\/blog\/#website\"},\"primaryImageOfPage\":{\"@id\":\"https:\/\/www.visit-ulcinj.com\/blog\/2009\/06\/29\/ulqinit-ia-marrin-valdanozin\/#primaryimage\"},\"datePublished\":\"2009-06-29T18:12:29+00:00\",\"dateModified\":\"2009-06-30T14:15:41+00:00\",\"author\":{\"@id\":\"https:\/\/www.visit-ulcinj.com\/blog\/#\/schema\/person\/dcab619c614d3038751c63bc2aadc06d\"},\"description\":\"Gjiri i Valdanozit, perla e Mesdheut, dikur ishte pron\u00eb private, pastaj pushimore p\u00ebr ushtrin\u00eb e ish-Jugosllavis\u00eb, tani do t'u jepet n\u00eb shfryt\u00ebzim\",\"breadcrumb\":{\"@id\":\"https:\/\/www.visit-ulcinj.com\/blog\/2009\/06\/29\/ulqinit-ia-marrin-valdanozin\/#breadcrumb\"},\"inLanguage\":\"en-US\",\"potentialAction\":[{\"@type\":\"ReadAction\",\"target\":[\"https:\/\/www.visit-ulcinj.com\/blog\/2009\/06\/29\/ulqinit-ia-marrin-valdanozin\/\"]}]},{\"@type\":\"BreadcrumbList\",\"@id\":\"https:\/\/www.visit-ulcinj.com\/blog\/2009\/06\/29\/ulqinit-ia-marrin-valdanozin\/#breadcrumb\",\"itemListElement\":[{\"@type\":\"ListItem\",\"position\":1,\"name\":\"Ulqinit ia marrin Valdanozin\"}]},{\"@type\":\"Person\",\"@id\":\"https:\/\/www.visit-ulcinj.com\/blog\/#\/schema\/person\/dcab619c614d3038751c63bc2aadc06d\",\"name\":\"ulqini\",\"sameAs\":[\"http:\/\/www.visit-ulcinj.com\"],\"url\":\"https:\/\/www.visit-ulcinj.com\/blog\/author\/admin\/\"}]}<\/script>\n<!-- \/ Yoast SEO plugin. -->","yoast_head_json":{"title":"Ulqinit ia marrin Valdanozin - Lajme nga Ulqini","description":"Gjiri i Valdanozit, perla e Mesdheut, dikur ishte pron\u00eb private, pastaj pushimore p\u00ebr ushtrin\u00eb e ish-Jugosllavis\u00eb, tani do t'u jepet n\u00eb shfryt\u00ebzim","robots":{"index":"index","follow":"follow","max-snippet":"max-snippet:-1","max-image-preview":"max-image-preview:large","max-video-preview":"max-video-preview:-1"},"canonical":"https:\/\/www.visit-ulcinj.com\/blog\/2009\/06\/29\/ulqinit-ia-marrin-valdanozin\/","og_locale":"en_US","og_type":"article","og_title":"Ulqinit ia marrin Valdanozin - Lajme nga Ulqini","og_description":"Gjiri i Valdanozit, perla e Mesdheut, dikur ishte pron\u00eb private, pastaj pushimore p\u00ebr ushtrin\u00eb e ish-Jugosllavis\u00eb, tani do t'u jepet n\u00eb shfryt\u00ebzim","og_url":"https:\/\/www.visit-ulcinj.com\/blog\/2009\/06\/29\/ulqinit-ia-marrin-valdanozin\/","og_site_name":"Lajme nga Ulqini","article_published_time":"2009-06-29T18:12:29+00:00","article_modified_time":"2009-06-30T14:15:41+00:00","og_image":[{"url":"http:\/\/www.visit-ulcinj.com\/blog\/wp-content\/uploads\/2009\/06\/valdanos_ulqin..JPG"}],"twitter_misc":{"Written by":"ulqini","Est. reading time":"4 minutes"},"schema":{"@context":"https:\/\/schema.org","@graph":[{"@type":"WebSite","@id":"https:\/\/www.visit-ulcinj.com\/blog\/#website","url":"https:\/\/www.visit-ulcinj.com\/blog\/","name":"Lajme nga Ulqini","description":"Lajme,Vijesti,Ulqini,Ulqin,Crna Gora,Mali i Zi","potentialAction":[{"@type":"SearchAction","target":{"@type":"EntryPoint","urlTemplate":"https:\/\/www.visit-ulcinj.com\/blog\/?s={search_term_string}"},"query-input":"required name=search_term_string"}],"inLanguage":"en-US"},{"@type":"ImageObject","inLanguage":"en-US","@id":"https:\/\/www.visit-ulcinj.com\/blog\/2009\/06\/29\/ulqinit-ia-marrin-valdanozin\/#primaryimage","url":"https:\/\/www.visit-ulcinj.com\/blog\/wp-content\/uploads\/2009\/06\/valdanos_ulqin..JPG","contentUrl":"https:\/\/www.visit-ulcinj.com\/blog\/wp-content\/uploads\/2009\/06\/valdanos_ulqin..JPG","width":"640","height":"427"},{"@type":"WebPage","@id":"https:\/\/www.visit-ulcinj.com\/blog\/2009\/06\/29\/ulqinit-ia-marrin-valdanozin\/#webpage","url":"https:\/\/www.visit-ulcinj.com\/blog\/2009\/06\/29\/ulqinit-ia-marrin-valdanozin\/","name":"Ulqinit ia marrin Valdanozin - Lajme nga Ulqini","isPartOf":{"@id":"https:\/\/www.visit-ulcinj.com\/blog\/#website"},"primaryImageOfPage":{"@id":"https:\/\/www.visit-ulcinj.com\/blog\/2009\/06\/29\/ulqinit-ia-marrin-valdanozin\/#primaryimage"},"datePublished":"2009-06-29T18:12:29+00:00","dateModified":"2009-06-30T14:15:41+00:00","author":{"@id":"https:\/\/www.visit-ulcinj.com\/blog\/#\/schema\/person\/dcab619c614d3038751c63bc2aadc06d"},"description":"Gjiri i Valdanozit, perla e Mesdheut, dikur ishte pron\u00eb private, pastaj pushimore p\u00ebr ushtrin\u00eb e ish-Jugosllavis\u00eb, tani do t'u jepet n\u00eb shfryt\u00ebzim","breadcrumb":{"@id":"https:\/\/www.visit-ulcinj.com\/blog\/2009\/06\/29\/ulqinit-ia-marrin-valdanozin\/#breadcrumb"},"inLanguage":"en-US","potentialAction":[{"@type":"ReadAction","target":["https:\/\/www.visit-ulcinj.com\/blog\/2009\/06\/29\/ulqinit-ia-marrin-valdanozin\/"]}]},{"@type":"BreadcrumbList","@id":"https:\/\/www.visit-ulcinj.com\/blog\/2009\/06\/29\/ulqinit-ia-marrin-valdanozin\/#breadcrumb","itemListElement":[{"@type":"ListItem","position":1,"name":"Ulqinit ia marrin Valdanozin"}]},{"@type":"Person","@id":"https:\/\/www.visit-ulcinj.com\/blog\/#\/schema\/person\/dcab619c614d3038751c63bc2aadc06d","name":"ulqini","sameAs":["http:\/\/www.visit-ulcinj.com"],"url":"https:\/\/www.visit-ulcinj.com\/blog\/author\/admin\/"}]}},"jetpack_featured_media_url":"","jetpack_sharing_enabled":true,"jetpack_shortlink":"https:\/\/wp.me\/pe6lTn-67D","_links":{"self":[{"href":"https:\/\/www.visit-ulcinj.com\/blog\/wp-json\/wp\/v2\/posts\/23537"}],"collection":[{"href":"https:\/\/www.visit-ulcinj.com\/blog\/wp-json\/wp\/v2\/posts"}],"about":[{"href":"https:\/\/www.visit-ulcinj.com\/blog\/wp-json\/wp\/v2\/types\/post"}],"author":[{"embeddable":true,"href":"https:\/\/www.visit-ulcinj.com\/blog\/wp-json\/wp\/v2\/users\/1"}],"replies":[{"embeddable":true,"href":"https:\/\/www.visit-ulcinj.com\/blog\/wp-json\/wp\/v2\/comments?post=23537"}],"version-history":[{"count":0,"href":"https:\/\/www.visit-ulcinj.com\/blog\/wp-json\/wp\/v2\/posts\/23537\/revisions"}],"wp:attachment":[{"href":"https:\/\/www.visit-ulcinj.com\/blog\/wp-json\/wp\/v2\/media?parent=23537"}],"wp:term":[{"taxonomy":"category","embeddable":true,"href":"https:\/\/www.visit-ulcinj.com\/blog\/wp-json\/wp\/v2\/categories?post=23537"},{"taxonomy":"post_tag","embeddable":true,"href":"https:\/\/www.visit-ulcinj.com\/blog\/wp-json\/wp\/v2\/tags?post=23537"}],"curies":[{"name":"wp","href":"https:\/\/api.w.org\/{rel}","templated":true}]}}