{"id":2354,"date":"2008-08-11T17:23:45","date_gmt":"2008-08-11T22:23:45","guid":{"rendered":"http:\/\/www.visit-ulcinj.com\/blog\/?p=2354"},"modified":"2009-08-23T16:01:31","modified_gmt":"2009-08-23T14:01:31","slug":"dilema-malazeze-bashkimi-evropian-apo-off-shore","status":"publish","type":"post","link":"https:\/\/www.visit-ulcinj.com\/blog\/2008\/08\/11\/dilema-malazeze-bashkimi-evropian-apo-off-shore\/","title":{"rendered":"Dilema Malazeze :Bashkimi Evropian apo &#8220;off-shore&#8221;"},"content":{"rendered":"<p><a href=\"http:\/\/www.visit-ulcinj.com\/blog\/wp-content\/uploads\/2008\/08\/stratfor-banner_pewter.jpg\"><img loading=\"lazy\" class=\"alignleft size-medium wp-image-2355\" title=\"stratfor-banner_pewter\" src=\"http:\/\/www.visit-ulcinj.com\/blog\/wp-content\/uploads\/2008\/08\/stratfor-banner_pewter-300x101.jpg\" alt=\"\" width=\"300\" height=\"101\" \/><\/a><strong>Reagime t\u00eb ndryshme vijn\u00eb pas vler\u00ebsimi t\u00eb STRATFOR, se Mali i Zi do t\u00eb mund t\u00eb hiqte dor\u00eb nga an\u00ebtar\u00ebsimi n\u00eb Bashkimin Evropian duke ruajtur statusin e \u201ckandidatit t\u00eb p\u00ebrjetsh\u00ebm\u201d, n\u00eb m\u00ebnyr\u00eb q\u00eb mos zvog\u00eblohet prurja e parave t\u00eb atyre q\u00eb shtetin malazez e d\u00ebshirojn\u00eb vet\u00ebm si nj\u00eb \u2018Off-shore\u2019 destinacion.<br \/>\n<\/strong> Podgoric\u00eb, 9 gusht \u2014 An\u00ebtar\u00ebsimi n\u00eb Bashkimin Evropian dhe n\u00eb NATO nuk i konvenojn\u00eb Malit t\u00eb Zi, vler\u00ebson agjencia amerikane STRATFOR. Elita qeveritare n\u00eb Mal t\u00eb Zi, kur b\u00ebhet fjal\u00eb p\u00ebr rrug\u00ebn drejt Bashkimit Evropian, sillet ashtu si\u00e7 n\u00eb nj\u00ebfar\u00eb m\u00ebnyre k\u00ebrkojn\u00eb lobit e caktuara dhe t\u00eb fuqishme politike dhe ekonomike,komentoi t\u00eb premten p\u00ebr mediat malazeze Srdjan Vukadinovic,analist politik dhe profesor n\u00eb fakultetin e Shkencave Politike n\u00eb Podgoric\u00eb.<\/p>\n<div style=\"width: 235px\" class=\"wp-caption alignright\"><a href=\"http:\/\/www.dan.cg.yu\/gfx_bb\/politika10082008.jpg\"><img loading=\"lazy\" title=\"Srdjan Vukadinovic\" src=\"http:\/\/www.dan.cg.yu\/gfx_bb\/politika10082008.jpg\" alt=\"Srdjan Vukadinovic\" width=\"225\" height=\"167\" \/><\/a><p class=\"wp-caption-text\">Srdjan Vukadinovic<\/p><\/div>\n<p>\u201cNuk \u00ebsht\u00eb me r\u00ebnd\u00ebsi n\u00ebse k\u00ebta lobi ndodhen brenda qendr\u00ebs s\u00eb administrat\u00ebs s\u00eb Brukselit, dhe as n\u00ebse k\u00ebtu b\u00ebhet fjal\u00eb p\u00ebr lobe politike apo ekonomike, por ata po tentojn\u00eb q\u00eb Malin e Zi ta nd\u00ebrtojn\u00eb si nj\u00eb Monaco t\u00eb ri\u201d, vler\u00ebsoi Vukadinovic.Vler\u00ebsimi i Vukadinovic pasi q\u00eb qendra analitike amerikane, STRATFOR, vler\u00ebsoi se Mali i Zi do t\u00eb mund t\u00eb hiqte dor\u00eb nga an\u00ebtar\u00ebsimi n\u00eb BE, por duke e ruajtur statusin e \u201ckandidatit t\u00eb p\u00ebrjasht\u00ebm\u201d,duke e arsyetuar k\u00ebt\u00eb hap t\u00eb Malit t\u00eb Zi me faktin se hyrja n\u00eb BE do ta zvog\u00eblonte prurjen e parave t\u00eb atyre q\u00eb Malin e Zi e d\u00ebshirojn\u00eb vet\u00ebm si nj\u00eb \u2018Off-shore\u2019 destinacion t\u00eb ri.Agjencia amerikane p\u00ebrkujton se Milo Djukanovic m\u00eb 2 gusht tha se vendi i tij planifikon q\u00eb t\u00eb k\u00ebrkoj\u00eb an\u00ebtar\u00ebsim n\u00eb BE deri n\u00eb fund t\u00eb vitit 2008, por edhe vler\u00ebson se, p\u00ebr dallim nga shumica e fqinj\u00ebve ballkanik\u00eb, \u201cMali i Zi ka mund\u00ebsi t\u00eb mbijetes\u00ebs s\u00eb mir\u00eb ekonomike, t\u00eb cilat an\u00ebtar\u00ebsimi n\u00eb BE do t\u2019i shnd\u00ebrronte n\u00eb m\u00eb pak shtyt\u00ebse, se sa q\u00eb do t\u00eb ishte rasti me shtetet tjera\u201d.STRATFOR konsideron se nj\u00ebfar\u00eb lloj statusi i an\u00ebtarit special n\u00eb NATO po ashtu do t\u00eb mund t\u00eb shqyrtohej, n\u00ebse p\u00ebr asgj\u00eb tjet\u00ebr, at\u00ebher\u00eb p\u00ebr shkak se n\u00eb fqinj\u00ebsin\u00eb p\u00ebrreth malit t\u00eb Zi ende nuk jan\u00eb eliminuar plot\u00ebsisht problemet e siguris\u00eb.\u201cEdhe pse, an\u00ebtar\u00ebsimi i plot\u00eb n\u00eb NATO do t\u00eb mund t\u00eb ishte obligim m\u00eb i madh se sa q\u00eb Mali i Zi gatsh\u00ebm ta pranoj\u00eb\u201d, mendojn\u00eb analist\u00ebt amerikan\u00eb.<br \/>\n<a href=\"http:\/\/pixhost.eu\/avaxhome\/avaxhome\/2007-09-30\/whyandhow.jpg\"><img loading=\"lazy\" class=\"alignleft\" src=\"http:\/\/pixhost.eu\/avaxhome\/avaxhome\/2007-09-30\/whyandhow.jpg\" alt=\"\" width=\"300\" height=\"300\" \/><\/a> Vukadinovic thekson se analizat e STRATFOR e v\u00ebrtetojn\u00eb se an\u00ebtar\u00ebsimi n\u00eb BE, por edhe n\u00eb NATO, nuk i konvenojn\u00eb Mali t\u00eb Zi,\u201csepse ky vend duhet ta nd\u00ebrtoj\u00eb rrug\u00ebn e vet\u201d. \u201cK\u00ebt\u00eb e d\u00ebshmon edhe heqja dor\u00eb e paradokohshme nga aplikimi p\u00ebr an\u00ebtar\u00ebsim n\u00eb BE, megjith\u00ebse asnj\u00eb shtet nuk ka hequr dor\u00eb nga kjo gj\u00eb, ose t\u00eb pakt\u00ebn k\u00ebt\u00eb s\u2019e ka b\u00ebr\u00eb publikisht\u201d, thot\u00eb ai.\u201cN\u00eb Mal t\u00eb Zi ligjet jan\u00eb evropiane, por praktika \u00ebsht\u00eb ballkanike,ngase n\u00eb praktik\u00eb, n\u00eb ligje k\u00ebrkohen zbraz\u00ebti t\u00eb cilat do t\u2019i p\u00ebrgjigjeshin ndonj\u00eb situate t\u00eb caktuar\u201d.Vukadinovic mendon se kapitali q\u00eb hyn n\u00eb Mal t\u00eb Zi zakonisht nuk i p\u00ebrfaq\u00ebson investimet e planifikuara, n\u00eb kuptimin strategjik.\u201cElitat qeveritare n\u00eb mal t\u00eb Zi do t\u00eb sillen sipas diktatit t\u00eb Brukselit, sepse nj\u00eb num\u00ebr i madh i an\u00ebtar\u00ebve t\u00eb atyre elitave kan\u00eb mang\u00ebsi p\u00ebr shkak t\u00eb periudh\u00ebs s\u00eb luft\u00ebrave mes viteve 1992-1995\u201d, pohon Vukadinovic.\u201cEvropian\u00ebt e fuqish\u00ebm i kan\u00eb n\u00eb dor\u00eb nj\u00eb pjes\u00eb t\u00eb madhe t\u00eb elitave qeveritare malazeze, t\u00eb cilat do t\u00eb sillen ashtu si\u00e7 do t\u00eb k\u00ebrkohet prej tyre. Paralajm\u00ebrimet se Mali i Zi, sa i p\u00ebrket turizmit, nuk do t\u00eb zhvilloj\u00eb masivitet, tregojn\u00eb shum\u00eb qart\u00eb se vendi do t\u00eb synoj\u00eb t\u00eb gjej\u00eb nj\u00eb rrug\u00eb t\u00eb veten. K\u00ebshtu ai do t\u00eb nxis v\u00ebmendjen e atyre q\u00eb k\u00ebrkojn\u00eb ekskluzivitet dhe do t\u00eb krijohen kushtet q\u00eb vendi t\u00eb mbetet jasht\u00eb qasjes s\u00eb institucioneve dhe politik\u00ebs evropiane\u201d, sqaron ai.Z\u00ebvend\u00ebskryeministrja e qeveris\u00eb malazeze, e cila nj\u00ebkoh\u00ebsisht \u00ebsht\u00eb p\u00ebrgjegj\u00ebse edhe p\u00ebr integrime evropiane, Gordana Djurovic, pohon se perspektiva evropiane e Malit t\u00eb Zi \u00ebsht\u00eb e qart\u00eb,dhe se \u201caskush nuk do t\u00eb duhej ta d\u00ebshironte at\u00eb si nj\u00eb \u2018off-shore, por si nj\u00eb destinacion brenda Bashkimit Evropian\u201d.\u201cPerspektiva evropiane e Malit t\u00eb Zi \u00ebsht\u00eb e qart\u00eb, dhe aplikimi \u00ebsht\u00eb paralajm\u00ebruar p\u00ebr fund t\u00eb vitit. Kjo, vetvetiu, paraqet nj\u00eb fakt q\u00eb e mohon pohimin e agjencis\u00eb prestigjioze STRATFOR, se Mali i Zi do ta ruaj statusin e kandidatit t\u00eb p\u00ebrjetsh\u00ebm p\u00ebr an\u00ebtar\u00ebsim n\u00eb BE\u201d, theksoi Djurovic.\u201cShteti jo q\u00eb po k\u00ebrkon, por e ka nj\u00eb rrug\u00eb t\u00eb qart\u00eb dhe t\u00eb planifikuar t\u00eb rritjes ekonomike dhe t\u00eb prosperitetit, e q\u00eb \u00ebsht\u00eb shnd\u00ebrrimi n\u00eb destinacionin m\u00eb t\u00eb preferuar p\u00ebr t\u00eb investitor\u00ebt m\u00eb kualitativ dhe m\u00eb me renome nga Evropa dhe bota\u201d, shtoi ajo.<br \/>\n<strong>Burimi \/ Gazeta Express<\/strong><\/p>\n","protected":false},"excerpt":{"rendered":"<p><img loading=\"lazy\" class=\"alignleft size-medium wp-image-2355\" title=\"stratfor-banner_pewter\" src=\"http:\/\/www.visit-ulcinj.com\/blog\/wp-content\/uploads\/2008\/08\/stratfor-banner_pewter-300x101.jpg\" alt=\"\" width=\"140\" height=\"140\" \/><\/p>\n","protected":false},"author":1,"featured_media":0,"comment_status":"open","ping_status":"closed","sticky":false,"template":"","format":"standard","meta":{"spay_email":"","jetpack_publicize_message":"","jetpack_is_tweetstorm":false,"jetpack_publicize_feature_enabled":true},"categories":[10,6,12],"tags":[4282],"jetpack_publicize_connections":[],"yoast_head":"<!-- This site is optimized with the Yoast SEO plugin v19.1 - https:\/\/yoast.com\/wordpress\/plugins\/seo\/ -->\n<title>Dilema Malazeze :Bashkimi Evropian apo &quot;off-shore&quot; - Lajme nga Ulqini<\/title>\n<meta name=\"robots\" content=\"index, follow, max-snippet:-1, max-image-preview:large, max-video-preview:-1\" \/>\n<link rel=\"canonical\" href=\"https:\/\/www.visit-ulcinj.com\/blog\/2008\/08\/11\/dilema-malazeze-bashkimi-evropian-apo-off-shore\/\" \/>\n<meta property=\"og:locale\" content=\"en_US\" \/>\n<meta property=\"og:type\" content=\"article\" \/>\n<meta property=\"og:title\" content=\"Dilema Malazeze :Bashkimi Evropian apo &quot;off-shore&quot; - Lajme nga Ulqini\" \/>\n<meta property=\"og:url\" content=\"https:\/\/www.visit-ulcinj.com\/blog\/2008\/08\/11\/dilema-malazeze-bashkimi-evropian-apo-off-shore\/\" \/>\n<meta property=\"og:site_name\" content=\"Lajme nga Ulqini\" \/>\n<meta property=\"article:published_time\" content=\"2008-08-11T22:23:45+00:00\" \/>\n<meta property=\"article:modified_time\" content=\"2009-08-23T14:01:31+00:00\" \/>\n<meta property=\"og:image\" content=\"http:\/\/www.visit-ulcinj.com\/blog\/wp-content\/uploads\/2008\/08\/stratfor-banner_pewter-300x101.jpg\" \/>\n<meta name=\"twitter:label1\" content=\"Written by\" \/>\n\t<meta name=\"twitter:data1\" content=\"ulqini\" \/>\n\t<meta name=\"twitter:label2\" content=\"Est. reading time\" \/>\n\t<meta name=\"twitter:data2\" content=\"4 minutes\" \/>\n<script type=\"application\/ld+json\" class=\"yoast-schema-graph\">{\"@context\":\"https:\/\/schema.org\",\"@graph\":[{\"@type\":\"WebSite\",\"@id\":\"https:\/\/www.visit-ulcinj.com\/blog\/#website\",\"url\":\"https:\/\/www.visit-ulcinj.com\/blog\/\",\"name\":\"Lajme nga Ulqini\",\"description\":\"Lajme,Vijesti,Ulqini,Ulqin,Crna Gora,Mali i Zi\",\"potentialAction\":[{\"@type\":\"SearchAction\",\"target\":{\"@type\":\"EntryPoint\",\"urlTemplate\":\"https:\/\/www.visit-ulcinj.com\/blog\/?s={search_term_string}\"},\"query-input\":\"required name=search_term_string\"}],\"inLanguage\":\"en-US\"},{\"@type\":\"ImageObject\",\"inLanguage\":\"en-US\",\"@id\":\"https:\/\/www.visit-ulcinj.com\/blog\/2008\/08\/11\/dilema-malazeze-bashkimi-evropian-apo-off-shore\/#primaryimage\",\"url\":\"http:\/\/www.visit-ulcinj.com\/blog\/wp-content\/uploads\/2008\/08\/stratfor-banner_pewter-300x101.jpg\",\"contentUrl\":\"http:\/\/www.visit-ulcinj.com\/blog\/wp-content\/uploads\/2008\/08\/stratfor-banner_pewter-300x101.jpg\"},{\"@type\":\"WebPage\",\"@id\":\"https:\/\/www.visit-ulcinj.com\/blog\/2008\/08\/11\/dilema-malazeze-bashkimi-evropian-apo-off-shore\/#webpage\",\"url\":\"https:\/\/www.visit-ulcinj.com\/blog\/2008\/08\/11\/dilema-malazeze-bashkimi-evropian-apo-off-shore\/\",\"name\":\"Dilema Malazeze :Bashkimi Evropian apo \\\"off-shore\\\" - Lajme nga Ulqini\",\"isPartOf\":{\"@id\":\"https:\/\/www.visit-ulcinj.com\/blog\/#website\"},\"primaryImageOfPage\":{\"@id\":\"https:\/\/www.visit-ulcinj.com\/blog\/2008\/08\/11\/dilema-malazeze-bashkimi-evropian-apo-off-shore\/#primaryimage\"},\"datePublished\":\"2008-08-11T22:23:45+00:00\",\"dateModified\":\"2009-08-23T14:01:31+00:00\",\"author\":{\"@id\":\"https:\/\/www.visit-ulcinj.com\/blog\/#\/schema\/person\/dcab619c614d3038751c63bc2aadc06d\"},\"breadcrumb\":{\"@id\":\"https:\/\/www.visit-ulcinj.com\/blog\/2008\/08\/11\/dilema-malazeze-bashkimi-evropian-apo-off-shore\/#breadcrumb\"},\"inLanguage\":\"en-US\",\"potentialAction\":[{\"@type\":\"ReadAction\",\"target\":[\"https:\/\/www.visit-ulcinj.com\/blog\/2008\/08\/11\/dilema-malazeze-bashkimi-evropian-apo-off-shore\/\"]}]},{\"@type\":\"BreadcrumbList\",\"@id\":\"https:\/\/www.visit-ulcinj.com\/blog\/2008\/08\/11\/dilema-malazeze-bashkimi-evropian-apo-off-shore\/#breadcrumb\",\"itemListElement\":[{\"@type\":\"ListItem\",\"position\":1,\"name\":\"Dilema Malazeze :Bashkimi Evropian apo &#8220;off-shore&#8221;\"}]},{\"@type\":\"Person\",\"@id\":\"https:\/\/www.visit-ulcinj.com\/blog\/#\/schema\/person\/dcab619c614d3038751c63bc2aadc06d\",\"name\":\"ulqini\",\"sameAs\":[\"http:\/\/www.visit-ulcinj.com\"],\"url\":\"https:\/\/www.visit-ulcinj.com\/blog\/author\/admin\/\"}]}<\/script>\n<!-- \/ Yoast SEO plugin. -->","yoast_head_json":{"title":"Dilema Malazeze :Bashkimi Evropian apo \"off-shore\" - Lajme nga Ulqini","robots":{"index":"index","follow":"follow","max-snippet":"max-snippet:-1","max-image-preview":"max-image-preview:large","max-video-preview":"max-video-preview:-1"},"canonical":"https:\/\/www.visit-ulcinj.com\/blog\/2008\/08\/11\/dilema-malazeze-bashkimi-evropian-apo-off-shore\/","og_locale":"en_US","og_type":"article","og_title":"Dilema Malazeze :Bashkimi Evropian apo \"off-shore\" - Lajme nga Ulqini","og_url":"https:\/\/www.visit-ulcinj.com\/blog\/2008\/08\/11\/dilema-malazeze-bashkimi-evropian-apo-off-shore\/","og_site_name":"Lajme nga Ulqini","article_published_time":"2008-08-11T22:23:45+00:00","article_modified_time":"2009-08-23T14:01:31+00:00","og_image":[{"url":"http:\/\/www.visit-ulcinj.com\/blog\/wp-content\/uploads\/2008\/08\/stratfor-banner_pewter-300x101.jpg"}],"twitter_misc":{"Written by":"ulqini","Est. reading time":"4 minutes"},"schema":{"@context":"https:\/\/schema.org","@graph":[{"@type":"WebSite","@id":"https:\/\/www.visit-ulcinj.com\/blog\/#website","url":"https:\/\/www.visit-ulcinj.com\/blog\/","name":"Lajme nga Ulqini","description":"Lajme,Vijesti,Ulqini,Ulqin,Crna Gora,Mali i Zi","potentialAction":[{"@type":"SearchAction","target":{"@type":"EntryPoint","urlTemplate":"https:\/\/www.visit-ulcinj.com\/blog\/?s={search_term_string}"},"query-input":"required name=search_term_string"}],"inLanguage":"en-US"},{"@type":"ImageObject","inLanguage":"en-US","@id":"https:\/\/www.visit-ulcinj.com\/blog\/2008\/08\/11\/dilema-malazeze-bashkimi-evropian-apo-off-shore\/#primaryimage","url":"http:\/\/www.visit-ulcinj.com\/blog\/wp-content\/uploads\/2008\/08\/stratfor-banner_pewter-300x101.jpg","contentUrl":"http:\/\/www.visit-ulcinj.com\/blog\/wp-content\/uploads\/2008\/08\/stratfor-banner_pewter-300x101.jpg"},{"@type":"WebPage","@id":"https:\/\/www.visit-ulcinj.com\/blog\/2008\/08\/11\/dilema-malazeze-bashkimi-evropian-apo-off-shore\/#webpage","url":"https:\/\/www.visit-ulcinj.com\/blog\/2008\/08\/11\/dilema-malazeze-bashkimi-evropian-apo-off-shore\/","name":"Dilema Malazeze :Bashkimi Evropian apo \"off-shore\" - Lajme nga Ulqini","isPartOf":{"@id":"https:\/\/www.visit-ulcinj.com\/blog\/#website"},"primaryImageOfPage":{"@id":"https:\/\/www.visit-ulcinj.com\/blog\/2008\/08\/11\/dilema-malazeze-bashkimi-evropian-apo-off-shore\/#primaryimage"},"datePublished":"2008-08-11T22:23:45+00:00","dateModified":"2009-08-23T14:01:31+00:00","author":{"@id":"https:\/\/www.visit-ulcinj.com\/blog\/#\/schema\/person\/dcab619c614d3038751c63bc2aadc06d"},"breadcrumb":{"@id":"https:\/\/www.visit-ulcinj.com\/blog\/2008\/08\/11\/dilema-malazeze-bashkimi-evropian-apo-off-shore\/#breadcrumb"},"inLanguage":"en-US","potentialAction":[{"@type":"ReadAction","target":["https:\/\/www.visit-ulcinj.com\/blog\/2008\/08\/11\/dilema-malazeze-bashkimi-evropian-apo-off-shore\/"]}]},{"@type":"BreadcrumbList","@id":"https:\/\/www.visit-ulcinj.com\/blog\/2008\/08\/11\/dilema-malazeze-bashkimi-evropian-apo-off-shore\/#breadcrumb","itemListElement":[{"@type":"ListItem","position":1,"name":"Dilema Malazeze :Bashkimi Evropian apo &#8220;off-shore&#8221;"}]},{"@type":"Person","@id":"https:\/\/www.visit-ulcinj.com\/blog\/#\/schema\/person\/dcab619c614d3038751c63bc2aadc06d","name":"ulqini","sameAs":["http:\/\/www.visit-ulcinj.com"],"url":"https:\/\/www.visit-ulcinj.com\/blog\/author\/admin\/"}]}},"jetpack_featured_media_url":"","jetpack_sharing_enabled":true,"jetpack_shortlink":"https:\/\/wp.me\/pe6lTn-BY","_links":{"self":[{"href":"https:\/\/www.visit-ulcinj.com\/blog\/wp-json\/wp\/v2\/posts\/2354"}],"collection":[{"href":"https:\/\/www.visit-ulcinj.com\/blog\/wp-json\/wp\/v2\/posts"}],"about":[{"href":"https:\/\/www.visit-ulcinj.com\/blog\/wp-json\/wp\/v2\/types\/post"}],"author":[{"embeddable":true,"href":"https:\/\/www.visit-ulcinj.com\/blog\/wp-json\/wp\/v2\/users\/1"}],"replies":[{"embeddable":true,"href":"https:\/\/www.visit-ulcinj.com\/blog\/wp-json\/wp\/v2\/comments?post=2354"}],"version-history":[{"count":0,"href":"https:\/\/www.visit-ulcinj.com\/blog\/wp-json\/wp\/v2\/posts\/2354\/revisions"}],"wp:attachment":[{"href":"https:\/\/www.visit-ulcinj.com\/blog\/wp-json\/wp\/v2\/media?parent=2354"}],"wp:term":[{"taxonomy":"category","embeddable":true,"href":"https:\/\/www.visit-ulcinj.com\/blog\/wp-json\/wp\/v2\/categories?post=2354"},{"taxonomy":"post_tag","embeddable":true,"href":"https:\/\/www.visit-ulcinj.com\/blog\/wp-json\/wp\/v2\/tags?post=2354"}],"curies":[{"name":"wp","href":"https:\/\/api.w.org\/{rel}","templated":true}]}}