{"id":23543,"date":"2009-06-30T16:12:41","date_gmt":"2009-06-30T14:12:41","guid":{"rendered":"http:\/\/www.visit-ulcinj.com\/blog\/?p=23543"},"modified":"2009-07-02T15:03:51","modified_gmt":"2009-07-02T13:03:51","slug":"mali-i-zi-ne-integrimet-evropiane","status":"publish","type":"post","link":"https:\/\/www.visit-ulcinj.com\/blog\/2009\/06\/30\/mali-i-zi-ne-integrimet-evropiane\/","title":{"rendered":"Mali i Zi n\u00eb integrimet Evropiane"},"content":{"rendered":"<p><a href=\"http:\/\/www.visit-ulcinj.com\/blog\/wp-content\/uploads\/2009\/06\/Mali-i-Zi-ne-integrimet-Evropiane.2.jpg\"><img loading=\"lazy\" class=\"alignleft size-full wp-image-23544\" title=\"Mali i Zi ne integrimet Evropiane.2\" src=\"http:\/\/www.visit-ulcinj.com\/blog\/wp-content\/uploads\/2009\/06\/Mali-i-Zi-ne-integrimet-Evropiane.2.jpg\" alt=\"Mali i Zi ne integrimet Evropiane.2\" width=\"580\" height=\"408\" \/><\/a>Ndon\u00ebse edhe n\u00eb koh\u00ebn e RSF t\u00eb Jugosllavis\u00eb Mali i Zi ka qen\u00eb pjes\u00eb e procesit t\u00eb bashk\u00ebpunimit me Bashk\u00ad\u00ebsin\u00eb Evropiane, marr\u00ebdh\u00ebniet e ngushta midis Malit t\u00eb Zi dhe Bashkimit Evropian fillojn\u00eb pas referendumit mbi pavar\u00ebsin\u00eb e Malit t\u00eb Zi t\u00eb dat\u00ebs 21 maj 2006.<br \/>\nSubjektiviteti juridik nd\u00ebrkomb\u00ebtar i Malit t\u00eb Zi t\u00eb pavarur u konfirmua me an\u00ebtar\u00ebsimin n\u00eb Kombet e Bashkuara m\u00eb 28 qershor 2006, nj\u00eb muaj pas referendumit. Nd\u00ebrkoh\u00eb, mbi baz\u00ebn dypal\u00ebshe, Malin e Zi e njoh\u00ebn nj\u00eb num\u00ebr i madh vendesh, me shumic\u00ebn e t\u00eb cilave jan\u00eb vendosur marr\u00ebdh\u00ebnie diplomatike.<br \/>\nQysh n\u00eb fillim t\u00eb qershorit t\u00eb vitit 2007, Bashkimi Evropian dhe vendet e tij an\u00ebtare vendos\u00ebn t\u00eb zhvillojn\u00eb marr\u00ebdh\u00ebnie me Malin e Zi. Ky \u00ebsht\u00eb nj\u00eb hap historik i 25 shteteve an\u00ebtare t\u00eb at\u00ebhershme, ngase Bashkimi Evropian mori p\u00ebr her\u00eb t\u00eb par\u00eb nj\u00eb vendim kolektiv t\u00eb k\u00ebtij lloji.<br \/>\nN\u00eb korrik t\u00eb vitit 2007 Komisioni Evropian p\u00ebrgatiti propozimin e direktiv\u00ebs negociatore ndaj K\u00ebshillit t\u00eb Evrop\u00ebs, i cili e miratoi me procedur\u00eb t\u00eb shkurt\u00ebr n\u00eb seanc\u00ebn e dat\u00ebs 24 korrik 2007 dhe autorizoi Komisionin Evropian q\u00eb t\u00eb hap\u00eb, gjegj\u00ebsisht t\u00eb vazhdoj\u00eb negociatat mbi Marr\u00ebveshjen e stabilizim-asociimit me Malin e Zi.<br \/>\nK\u00ebto bisedime filluan n\u00eb tetor t\u00eb vitit 2005, derisa Mali i Zi ishte pjes\u00eb e bashk\u00ebsis\u00eb shtet\u00ebrore Serbia dhe Mali i Zi.<br \/>\nPas disa runde bisedimesh politike dhe teknike, Marr\u00ebveshja e stabilizim-asociimit t\u00eb Malit t\u00eb Zi n\u00eb Bashkimin Evropian u n\u00ebnshkrua m\u00eb 15 mars 2007 n\u00eb Podgoric\u00eb.<br \/>\nPas n\u00ebnshkrimit t\u00eb Marr\u00ebveshjes mbi stabilizim-asociimin m\u00eb 15 tetor 2007 n\u00eb Luksemburg, si dhe pas n\u00ebnshkrimit t\u00eb Marr\u00ebveshjes s\u00eb p\u00ebrkohshme mbi tregtin\u00eb dhe \u00e7\u00ebshtjet e ngjashme, Mali i Zi u ky\u00e7 thell\u00ebsisht n\u00eb procesin stabilizim-asociimit n\u00eb Bashkimin Evropian.<br \/>\nMarr\u00ebveshja e stabilizim &#8211; asociimit u mb\u00ebshtet nj\u00ebz\u00ebri nga t\u00eb gjitha partit\u00eb parlamentare dhe u ratifikua n\u00eb Kuvendin e Malit t\u00eb Zi m\u00eb 13 n\u00ebntor 2007, kurse Parlamenti Evropian dha p\u00eblqimin m\u00eb 13 dhjetor 2007.<br \/>\nMarr\u00ebveshja e p\u00ebrkohshme filloi t\u00eb zbatohet nga data 1 janar 2008.<br \/>\nU themelua K\u00ebshilli i p\u00ebrkohsh\u00ebm, i cili n\u00eb mbledhjen e par\u00eb m\u00eb 22 janar 2008 miratoi Rregulloren e pun\u00ebs dhe rregullat p\u00ebr pun\u00ebn e n\u00ebnk\u00ebshillave.<br \/>\nN\u00ebnk\u00ebshilli i par\u00eb, p\u00ebr tregun e brendsh\u00ebm dhe konkurrenc\u00eb, u mbajt m\u00eb 10 mars 2008, kurse gjat\u00eb vitit 2008 u mbajt\u00ebn edhe mbledhjet e kat\u00ebr n\u00ebnk\u00ebshillave t\u00eb tjer\u00eb p\u00ebr ndjekjen e implementimit t\u00eb Marr\u00ebveshjes.<br \/>\nPo ashtu, me Vendimin e K\u00ebshillit t\u00eb Ministrave t\u00eb Bashkimit Evropian t\u00eb dat\u00ebs 15 shtator 2006 \u00ebsht\u00eb vendosur dialogu i rregullt politik midis Qeveris\u00eb s\u00eb Malit t\u00eb Zi dhe p\u00ebrfaq\u00ebsuesve t\u00eb institucioneve t\u00eb BE-s\u00eb n\u00eb rangun e ministrave, kurse dialogu i par\u00eb politik \u00ebsht\u00eb zhvilluar m\u00eb 22 janar 2007, e pastaj m\u00eb 18 shkurt 2008.<br \/>\nK\u00ebshilli i BE-s\u00eb m\u00eb 22 janar 2007 mori vendim p\u00ebr miratimin e Partneritetit t\u00eb ri Evropian p\u00ebr Paqe me Malin e Zi, n\u00eb t\u00eb cilin jan\u00eb p\u00ebrkufizuar objektivat afatmesme dhe afatshkurtra q\u00eb duhet t`i p\u00ebrmbush\u00eb Mali i Zi p\u00ebr t\u00eb qen\u00eb eventualisht pjes\u00eb e BE-s\u00eb.<br \/>\nNga qershori i vitit 2005, kur u miratua Deklarata e Kuvendit t\u00eb Malit t\u00eb Zi mbi integrimet evropiane, e deri n\u00eb fund t\u00eb vitit 2007, Qeveria e Malit t\u00eb Zi d\u00ebrgoi dhjet\u00eb raporte tremujore gjith\u00ebp\u00ebrfshir\u00ebse mbi aktivitetet e realizuara n\u00eb procesin e integrimeve evropiane.<br \/>\nKuvendi i Malit t\u00eb Zi m\u00eb 27 dhjetor 2007 miratoi dokumentin e ri, Rezolut\u00ebn mbi p\u00ebrmbushjen e detyrimeve t\u00eb Malit t\u00eb Zi n\u00eb kuad\u00ebr t\u00eb Marr\u00ebveshjes mbi stabilizim &#8211; asociimin.<br \/>\nMali i Zi paraqiti k\u00ebrkes\u00ebn p\u00ebr an\u00ebtar\u00ebsim n\u00eb Bashkimin Evropian m\u00eb 15 dhjetor t\u00eb vitit 2008. K\u00ebrkesa e n\u00ebnshkruar nga zyrtar\u00ebt m\u00eb t\u00eb lart\u00eb shtet\u00ebror\u00eb t\u00eb Malit t\u00eb Zi iu dor\u00ebzua presidentit te Franc\u00ebs, Nicolas Sarkozy, vendi i te cilit mban kryesin\u00eb e radh\u00ebs te Bashkimit Evropian.<br \/>\nM\u00eb 23 prill 2009, Bashkimi Evropian, n\u00eb nivelin e k\u00ebshillit t\u00eb ministrave t\u00eb bujq\u00ebsis\u00eb dhe peshkimit t\u00eb mbledhur n\u00eb Luksemburg, pranoi n\u00eb parim k\u00ebrkes\u00ebn e Malit t\u00eb Zi p\u00ebr statusin kandidat. Marr\u00ebveshja e arritur disa jav\u00eb m\u00eb par\u00eb n\u00eb nivelin e p\u00ebrfaq\u00ebsuesve t\u00eb p\u00ebrhersh\u00ebm t\u00eb vendeve an\u00ebtare t\u00eb BE-s\u00eb n\u00eb Bruksel u miratua n\u00eb k\u00ebshillin e par\u00eb, pa pritur k\u00ebshillin e ministrave t\u00eb jasht\u00ebm q\u00eb mblidhet n\u00eb fillim t\u00eb jav\u00ebs q\u00eb vjen.<br \/>\nSipas procedur\u00ebs, vendet an\u00ebtare i k\u00ebrkuan Komisionit t\u00eb nis\u00eb hartimin e opinionit p\u00ebr gatishm\u00ebrin\u00eb e vendit p\u00ebr t\u00eb fituar statusin kandidat. Procesi i cili mesatarisht zgjat rreth nj\u00eb vit, n\u00eb rastin e Kroacis\u00eb dhe Maqedonis\u00eb, vendet e fundit q\u00eb kan\u00eb fituar k\u00ebt\u00eb status, ka marr\u00eb disa muaj m\u00eb shum\u00eb. N\u00ebse gjith\u00e7ka shkon mir\u00eb p\u00ebr Malin e Zi, si\u00e7 deklaroi Komisioneri evropian p\u00ebr zgjerimin Olli Rehn para pak koh\u00ebsh, procesi pritet t\u00eb p\u00ebrmbyllet nga mesi i vitit 2010. N\u00eb komunikat\u00ebn p\u00ebr shtyp t\u00eb l\u00ebshuar nga Presidenca \u00e7eke e BE-s\u00eb, pas vendimit n\u00eb k\u00ebshillin e ministrave t\u00eb bujq\u00ebsis\u00eb dhe t\u00eb peshkimit, p\u00ebrs\u00ebritet se ky akt konfirmon perspektiv\u00ebn evropiane t\u00eb rajonit t\u00eb Ballkanit.<br \/>\nMarrja e statusit realizohet vet\u00ebm pasi Komisioni Evropian t\u00eb hartoj\u00eb nj\u00eb opinion pozitiv, n\u00eb baz\u00eb t\u00eb t\u00eb cilit vendet an\u00ebtare kan\u00eb s\u00ebrish t\u00eb drejt\u00ebn e vot\u00ebs. D\u00ebshmit\u00eb e qarta t\u00eb zbatimit t\u00eb detyrimeve n\u00eb kuad\u00ebr t\u00eb Marr\u00ebveshjes s\u00eb Stabilizim-Asociimit, p\u00ebrfshir\u00eb pjes\u00ebn tregtare t\u00eb saj, jan\u00eb elementi kryesor p\u00ebr marrjen n\u00eb konsiderat\u00eb t\u00eb aplikimit p\u00ebr an\u00ebtar\u00ebsim t\u00eb nj\u00eb vendi.<\/p>\n<p><strong>P\u00ebrgatitur p\u00ebr botim nga Horizonti i Ri<\/strong><\/p>\n<p><strong>Link:<\/strong> <a href=\"http:\/\/www.ngo-horizonti.org\/index.php?option=com_content&amp;task=view&amp;id=46&amp;Itemid=1&amp;lang=hr\" target=\"_blank\"><strong>http:\/\/www.ngo-horizonti.org\/<\/strong><\/a><br \/>\n<a href=\"http:\/\/docs.google.com\/gview?a=v&amp;pid=gmail&amp;attid=0.1&amp;thid=1223b6fb28c2e727&amp;mt=application%2Fpdf\" target=\"_blank\"><strong>EVROPA PER TE GJITHE.pdf<\/strong><\/a><\/p>\n<p><strong>\n\t\t<style type=\"text\/css\">\n\t\t\t#gallery-1 {\n\t\t\t\tmargin: auto;\n\t\t\t}\n\t\t\t#gallery-1 .gallery-item {\n\t\t\t\tfloat: left;\n\t\t\t\tmargin-top: 10px;\n\t\t\t\ttext-align: center;\n\t\t\t\twidth: 33%;\n\t\t\t}\n\t\t\t#gallery-1 img {\n\t\t\t\tborder: 2px solid #cfcfcf;\n\t\t\t}\n\t\t\t#gallery-1 .gallery-caption {\n\t\t\t\tmargin-left: 0;\n\t\t\t}\n\t\t\t\/* see gallery_shortcode() in wp-includes\/media.php *\/\n\t\t<\/style>\n\t\t<div id='gallery-1' class='gallery galleryid-23543 gallery-columns-3 gallery-size-thumbnail'><dl class='gallery-item'>\n\t\t\t<dt class='gallery-icon landscape'>\n\t\t\t\t<a href='https:\/\/www.visit-ulcinj.com\/blog\/wp-content\/uploads\/2009\/06\/Mali-i-Zi-ne-integrimet-Evropiane.2.jpg'><img width=\"150\" height=\"150\" src=\"https:\/\/www.visit-ulcinj.com\/blog\/wp-content\/uploads\/2009\/06\/Mali-i-Zi-ne-integrimet-Evropiane.2-150x150.jpg\" class=\"attachment-thumbnail size-thumbnail\" alt=\"\" loading=\"lazy\" \/><\/a>\n\t\t\t<\/dt><\/dl><dl class='gallery-item'>\n\t\t\t<dt class='gallery-icon landscape'>\n\t\t\t\t<a href='https:\/\/www.visit-ulcinj.com\/blog\/wp-content\/uploads\/2009\/06\/Mali-i-Zi-ne-integrimet-Evropiane.jpg'><img width=\"150\" height=\"150\" src=\"https:\/\/www.visit-ulcinj.com\/blog\/wp-content\/uploads\/2009\/06\/Mali-i-Zi-ne-integrimet-Evropiane-150x150.jpg\" class=\"attachment-thumbnail size-thumbnail\" alt=\"\" loading=\"lazy\" \/><\/a>\n\t\t\t<\/dt><\/dl><dl class='gallery-item'>\n\t\t\t<dt class='gallery-icon landscape'>\n\t\t\t\t<a href='https:\/\/www.visit-ulcinj.com\/blog\/wp-content\/uploads\/2009\/06\/Mali-i-Zi-ne-integrimet-Evropiane.1.jpg'><img width=\"150\" height=\"150\" src=\"https:\/\/www.visit-ulcinj.com\/blog\/wp-content\/uploads\/2009\/06\/Mali-i-Zi-ne-integrimet-Evropiane.1-150x150.jpg\" class=\"attachment-thumbnail size-thumbnail\" alt=\"\" loading=\"lazy\" \/><\/a>\n\t\t\t<\/dt><\/dl><br style=\"clear: both\" \/><dl class='gallery-item'>\n\t\t\t<dt class='gallery-icon landscape'>\n\t\t\t\t<a href='https:\/\/www.visit-ulcinj.com\/blog\/wp-content\/uploads\/2009\/06\/Mali-i-Zi-ne-integrimet-Evropiane.3.jpg'><img width=\"150\" height=\"150\" src=\"https:\/\/www.visit-ulcinj.com\/blog\/wp-content\/uploads\/2009\/06\/Mali-i-Zi-ne-integrimet-Evropiane.3-150x150.jpg\" class=\"attachment-thumbnail size-thumbnail\" alt=\"\" loading=\"lazy\" \/><\/a>\n\t\t\t<\/dt><\/dl><dl class='gallery-item'>\n\t\t\t<dt class='gallery-icon landscape'>\n\t\t\t\t<a href='https:\/\/www.visit-ulcinj.com\/blog\/wp-content\/uploads\/2009\/06\/Mali-i-Zi-ne-integrimet-Evropiane.4.jpg'><img width=\"150\" height=\"150\" src=\"https:\/\/www.visit-ulcinj.com\/blog\/wp-content\/uploads\/2009\/06\/Mali-i-Zi-ne-integrimet-Evropiane.4-150x150.jpg\" class=\"attachment-thumbnail size-thumbnail\" alt=\"\" loading=\"lazy\" \/><\/a>\n\t\t\t<\/dt><\/dl><dl class='gallery-item'>\n\t\t\t<dt class='gallery-icon landscape'>\n\t\t\t\t<a href='https:\/\/www.visit-ulcinj.com\/blog\/wp-content\/uploads\/2009\/06\/Mali-i-Zi-ne-integrimet-Evropiane1.jpg'><img width=\"150\" height=\"150\" src=\"https:\/\/www.visit-ulcinj.com\/blog\/wp-content\/uploads\/2009\/06\/Mali-i-Zi-ne-integrimet-Evropiane1-150x150.jpg\" class=\"attachment-thumbnail size-thumbnail\" alt=\"\" loading=\"lazy\" \/><\/a>\n\t\t\t<\/dt><\/dl><br style=\"clear: both\" \/>\n\t\t<\/div>\n<\/p>\n<p><\/strong><\/p>\n<p><strong> <\/strong><\/p>\n<!--YouTube Error: bad URL entered-->\n<p><strong><br \/>\n<\/strong><\/p>\n","protected":false},"excerpt":{"rendered":"<p>Ndon\u00ebse edhe n\u00eb koh\u00ebn e RSF t\u00eb Jugosllavis\u00eb Mali i Zi ka qen\u00eb pjes\u00eb e procesit t\u00eb bashk\u00ebpunimit me Bashk\u00ad\u00ebsin\u00eb Evropiane, marr\u00ebdh\u00ebniet e ngushta midis Malit t\u00eb Zi dhe Bashkimit Evropian fillojn\u00eb pas referendumit mbi pavar\u00ebsin\u00eb e Malit t\u00eb Zi t\u00eb dat\u00ebs 21 maj 2006. Subjektiviteti juridik nd\u00ebrkomb\u00ebtar i Malit t\u00eb Zi t\u00eb pavarur u [&hellip;]<\/p>\n","protected":false},"author":1,"featured_media":0,"comment_status":"open","ping_status":"closed","sticky":false,"template":"","format":"standard","meta":{"spay_email":"","jetpack_publicize_message":"","jetpack_is_tweetstorm":false,"jetpack_publicize_feature_enabled":true},"categories":[11],"tags":[20,95,11652,11330,19,200],"jetpack_publicize_connections":[],"yoast_head":"<!-- This site is optimized with the Yoast SEO plugin v19.1 - https:\/\/yoast.com\/wordpress\/plugins\/seo\/ -->\n<title>Mali i Zi n\u00eb integrimet Evropiane - Lajme nga Ulqini<\/title>\n<meta name=\"description\" content=\"Ndon\u00ebse edhe n\u00eb koh\u00ebn e RSF t\u00eb Jugosllavis\u00eb Mali i Zi ka qen\u00eb pjes\u00eb e procesit t\u00eb bashk\u00ebpunimit me Bashk\u00ad\u00ebsin\u00eb Evropiane, marr\u00ebdh\u00ebniet e ngushta midis\" \/>\n<meta name=\"robots\" content=\"index, follow, max-snippet:-1, max-image-preview:large, max-video-preview:-1\" \/>\n<link rel=\"canonical\" href=\"https:\/\/www.visit-ulcinj.com\/blog\/2009\/06\/30\/mali-i-zi-ne-integrimet-evropiane\/\" \/>\n<meta property=\"og:locale\" content=\"en_US\" \/>\n<meta property=\"og:type\" content=\"article\" \/>\n<meta property=\"og:title\" content=\"Mali i Zi n\u00eb integrimet Evropiane - Lajme nga Ulqini\" \/>\n<meta property=\"og:description\" content=\"Ndon\u00ebse edhe n\u00eb koh\u00ebn e RSF t\u00eb Jugosllavis\u00eb Mali i Zi ka qen\u00eb pjes\u00eb e procesit t\u00eb bashk\u00ebpunimit me Bashk\u00ad\u00ebsin\u00eb Evropiane, marr\u00ebdh\u00ebniet e ngushta midis\" \/>\n<meta property=\"og:url\" content=\"https:\/\/www.visit-ulcinj.com\/blog\/2009\/06\/30\/mali-i-zi-ne-integrimet-evropiane\/\" \/>\n<meta property=\"og:site_name\" content=\"Lajme nga Ulqini\" \/>\n<meta property=\"article:published_time\" content=\"2009-06-30T14:12:41+00:00\" \/>\n<meta property=\"article:modified_time\" content=\"2009-07-02T13:03:51+00:00\" \/>\n<meta property=\"og:image\" content=\"https:\/\/www.visit-ulcinj.com\/blog\/wp-content\/uploads\/2009\/06\/Mali-i-Zi-ne-integrimet-Evropiane.2-150x150.jpg\" \/>\n<meta name=\"twitter:label1\" content=\"Written by\" \/>\n\t<meta name=\"twitter:data1\" content=\"ulqini\" \/>\n\t<meta name=\"twitter:label2\" content=\"Est. reading time\" \/>\n\t<meta name=\"twitter:data2\" content=\"5 minutes\" \/>\n<script type=\"application\/ld+json\" class=\"yoast-schema-graph\">{\"@context\":\"https:\/\/schema.org\",\"@graph\":[{\"@type\":\"WebSite\",\"@id\":\"https:\/\/www.visit-ulcinj.com\/blog\/#website\",\"url\":\"https:\/\/www.visit-ulcinj.com\/blog\/\",\"name\":\"Lajme nga Ulqini\",\"description\":\"Lajme,Vijesti,Ulqini,Ulqin,Crna Gora,Mali i Zi\",\"potentialAction\":[{\"@type\":\"SearchAction\",\"target\":{\"@type\":\"EntryPoint\",\"urlTemplate\":\"https:\/\/www.visit-ulcinj.com\/blog\/?s={search_term_string}\"},\"query-input\":\"required name=search_term_string\"}],\"inLanguage\":\"en-US\"},{\"@type\":\"ImageObject\",\"inLanguage\":\"en-US\",\"@id\":\"https:\/\/www.visit-ulcinj.com\/blog\/2009\/06\/30\/mali-i-zi-ne-integrimet-evropiane\/#primaryimage\",\"url\":\"https:\/\/www.visit-ulcinj.com\/blog\/wp-content\/uploads\/2009\/06\/Mali-i-Zi-ne-integrimet-Evropiane.2.jpg\",\"contentUrl\":\"https:\/\/www.visit-ulcinj.com\/blog\/wp-content\/uploads\/2009\/06\/Mali-i-Zi-ne-integrimet-Evropiane.2.jpg\",\"width\":\"640\",\"height\":\"408\"},{\"@type\":\"WebPage\",\"@id\":\"https:\/\/www.visit-ulcinj.com\/blog\/2009\/06\/30\/mali-i-zi-ne-integrimet-evropiane\/#webpage\",\"url\":\"https:\/\/www.visit-ulcinj.com\/blog\/2009\/06\/30\/mali-i-zi-ne-integrimet-evropiane\/\",\"name\":\"Mali i Zi n\u00eb integrimet Evropiane - Lajme nga Ulqini\",\"isPartOf\":{\"@id\":\"https:\/\/www.visit-ulcinj.com\/blog\/#website\"},\"primaryImageOfPage\":{\"@id\":\"https:\/\/www.visit-ulcinj.com\/blog\/2009\/06\/30\/mali-i-zi-ne-integrimet-evropiane\/#primaryimage\"},\"datePublished\":\"2009-06-30T14:12:41+00:00\",\"dateModified\":\"2009-07-02T13:03:51+00:00\",\"author\":{\"@id\":\"https:\/\/www.visit-ulcinj.com\/blog\/#\/schema\/person\/dcab619c614d3038751c63bc2aadc06d\"},\"description\":\"Ndon\u00ebse edhe n\u00eb koh\u00ebn e RSF t\u00eb Jugosllavis\u00eb Mali i Zi ka qen\u00eb pjes\u00eb e procesit t\u00eb bashk\u00ebpunimit me Bashk\u00ad\u00ebsin\u00eb Evropiane, marr\u00ebdh\u00ebniet e ngushta midis\",\"breadcrumb\":{\"@id\":\"https:\/\/www.visit-ulcinj.com\/blog\/2009\/06\/30\/mali-i-zi-ne-integrimet-evropiane\/#breadcrumb\"},\"inLanguage\":\"en-US\",\"potentialAction\":[{\"@type\":\"ReadAction\",\"target\":[\"https:\/\/www.visit-ulcinj.com\/blog\/2009\/06\/30\/mali-i-zi-ne-integrimet-evropiane\/\"]}]},{\"@type\":\"BreadcrumbList\",\"@id\":\"https:\/\/www.visit-ulcinj.com\/blog\/2009\/06\/30\/mali-i-zi-ne-integrimet-evropiane\/#breadcrumb\",\"itemListElement\":[{\"@type\":\"ListItem\",\"position\":1,\"name\":\"Mali i Zi n\u00eb integrimet Evropiane\"}]},{\"@type\":\"Person\",\"@id\":\"https:\/\/www.visit-ulcinj.com\/blog\/#\/schema\/person\/dcab619c614d3038751c63bc2aadc06d\",\"name\":\"ulqini\",\"sameAs\":[\"http:\/\/www.visit-ulcinj.com\"],\"url\":\"https:\/\/www.visit-ulcinj.com\/blog\/author\/admin\/\"}]}<\/script>\n<!-- \/ Yoast SEO plugin. -->","yoast_head_json":{"title":"Mali i Zi n\u00eb integrimet Evropiane - Lajme nga Ulqini","description":"Ndon\u00ebse edhe n\u00eb koh\u00ebn e RSF t\u00eb Jugosllavis\u00eb Mali i Zi ka qen\u00eb pjes\u00eb e procesit t\u00eb bashk\u00ebpunimit me Bashk\u00ad\u00ebsin\u00eb Evropiane, marr\u00ebdh\u00ebniet e ngushta midis","robots":{"index":"index","follow":"follow","max-snippet":"max-snippet:-1","max-image-preview":"max-image-preview:large","max-video-preview":"max-video-preview:-1"},"canonical":"https:\/\/www.visit-ulcinj.com\/blog\/2009\/06\/30\/mali-i-zi-ne-integrimet-evropiane\/","og_locale":"en_US","og_type":"article","og_title":"Mali i Zi n\u00eb integrimet Evropiane - Lajme nga Ulqini","og_description":"Ndon\u00ebse edhe n\u00eb koh\u00ebn e RSF t\u00eb Jugosllavis\u00eb Mali i Zi ka qen\u00eb pjes\u00eb e procesit t\u00eb bashk\u00ebpunimit me Bashk\u00ad\u00ebsin\u00eb Evropiane, marr\u00ebdh\u00ebniet e ngushta midis","og_url":"https:\/\/www.visit-ulcinj.com\/blog\/2009\/06\/30\/mali-i-zi-ne-integrimet-evropiane\/","og_site_name":"Lajme nga Ulqini","article_published_time":"2009-06-30T14:12:41+00:00","article_modified_time":"2009-07-02T13:03:51+00:00","og_image":[{"url":"https:\/\/www.visit-ulcinj.com\/blog\/wp-content\/uploads\/2009\/06\/Mali-i-Zi-ne-integrimet-Evropiane.2-150x150.jpg"}],"twitter_misc":{"Written by":"ulqini","Est. reading time":"5 minutes"},"schema":{"@context":"https:\/\/schema.org","@graph":[{"@type":"WebSite","@id":"https:\/\/www.visit-ulcinj.com\/blog\/#website","url":"https:\/\/www.visit-ulcinj.com\/blog\/","name":"Lajme nga Ulqini","description":"Lajme,Vijesti,Ulqini,Ulqin,Crna Gora,Mali i Zi","potentialAction":[{"@type":"SearchAction","target":{"@type":"EntryPoint","urlTemplate":"https:\/\/www.visit-ulcinj.com\/blog\/?s={search_term_string}"},"query-input":"required name=search_term_string"}],"inLanguage":"en-US"},{"@type":"ImageObject","inLanguage":"en-US","@id":"https:\/\/www.visit-ulcinj.com\/blog\/2009\/06\/30\/mali-i-zi-ne-integrimet-evropiane\/#primaryimage","url":"https:\/\/www.visit-ulcinj.com\/blog\/wp-content\/uploads\/2009\/06\/Mali-i-Zi-ne-integrimet-Evropiane.2.jpg","contentUrl":"https:\/\/www.visit-ulcinj.com\/blog\/wp-content\/uploads\/2009\/06\/Mali-i-Zi-ne-integrimet-Evropiane.2.jpg","width":"640","height":"408"},{"@type":"WebPage","@id":"https:\/\/www.visit-ulcinj.com\/blog\/2009\/06\/30\/mali-i-zi-ne-integrimet-evropiane\/#webpage","url":"https:\/\/www.visit-ulcinj.com\/blog\/2009\/06\/30\/mali-i-zi-ne-integrimet-evropiane\/","name":"Mali i Zi n\u00eb integrimet Evropiane - Lajme nga Ulqini","isPartOf":{"@id":"https:\/\/www.visit-ulcinj.com\/blog\/#website"},"primaryImageOfPage":{"@id":"https:\/\/www.visit-ulcinj.com\/blog\/2009\/06\/30\/mali-i-zi-ne-integrimet-evropiane\/#primaryimage"},"datePublished":"2009-06-30T14:12:41+00:00","dateModified":"2009-07-02T13:03:51+00:00","author":{"@id":"https:\/\/www.visit-ulcinj.com\/blog\/#\/schema\/person\/dcab619c614d3038751c63bc2aadc06d"},"description":"Ndon\u00ebse edhe n\u00eb koh\u00ebn e RSF t\u00eb Jugosllavis\u00eb Mali i Zi ka qen\u00eb pjes\u00eb e procesit t\u00eb bashk\u00ebpunimit me Bashk\u00ad\u00ebsin\u00eb Evropiane, marr\u00ebdh\u00ebniet e ngushta midis","breadcrumb":{"@id":"https:\/\/www.visit-ulcinj.com\/blog\/2009\/06\/30\/mali-i-zi-ne-integrimet-evropiane\/#breadcrumb"},"inLanguage":"en-US","potentialAction":[{"@type":"ReadAction","target":["https:\/\/www.visit-ulcinj.com\/blog\/2009\/06\/30\/mali-i-zi-ne-integrimet-evropiane\/"]}]},{"@type":"BreadcrumbList","@id":"https:\/\/www.visit-ulcinj.com\/blog\/2009\/06\/30\/mali-i-zi-ne-integrimet-evropiane\/#breadcrumb","itemListElement":[{"@type":"ListItem","position":1,"name":"Mali i Zi n\u00eb integrimet Evropiane"}]},{"@type":"Person","@id":"https:\/\/www.visit-ulcinj.com\/blog\/#\/schema\/person\/dcab619c614d3038751c63bc2aadc06d","name":"ulqini","sameAs":["http:\/\/www.visit-ulcinj.com"],"url":"https:\/\/www.visit-ulcinj.com\/blog\/author\/admin\/"}]}},"jetpack_featured_media_url":"","jetpack_sharing_enabled":true,"jetpack_shortlink":"https:\/\/wp.me\/pe6lTn-67J","_links":{"self":[{"href":"https:\/\/www.visit-ulcinj.com\/blog\/wp-json\/wp\/v2\/posts\/23543"}],"collection":[{"href":"https:\/\/www.visit-ulcinj.com\/blog\/wp-json\/wp\/v2\/posts"}],"about":[{"href":"https:\/\/www.visit-ulcinj.com\/blog\/wp-json\/wp\/v2\/types\/post"}],"author":[{"embeddable":true,"href":"https:\/\/www.visit-ulcinj.com\/blog\/wp-json\/wp\/v2\/users\/1"}],"replies":[{"embeddable":true,"href":"https:\/\/www.visit-ulcinj.com\/blog\/wp-json\/wp\/v2\/comments?post=23543"}],"version-history":[{"count":0,"href":"https:\/\/www.visit-ulcinj.com\/blog\/wp-json\/wp\/v2\/posts\/23543\/revisions"}],"wp:attachment":[{"href":"https:\/\/www.visit-ulcinj.com\/blog\/wp-json\/wp\/v2\/media?parent=23543"}],"wp:term":[{"taxonomy":"category","embeddable":true,"href":"https:\/\/www.visit-ulcinj.com\/blog\/wp-json\/wp\/v2\/categories?post=23543"},{"taxonomy":"post_tag","embeddable":true,"href":"https:\/\/www.visit-ulcinj.com\/blog\/wp-json\/wp\/v2\/tags?post=23543"}],"curies":[{"name":"wp","href":"https:\/\/api.w.org\/{rel}","templated":true}]}}