{"id":23554,"date":"2009-06-30T16:38:05","date_gmt":"2009-06-30T14:38:05","guid":{"rendered":"http:\/\/www.visit-ulcinj.com\/blog\/?p=23554"},"modified":"2009-06-30T16:38:05","modified_gmt":"2009-06-30T14:38:05","slug":"kuvendi-te-vendose-per-fatin-e-prones-se-ulqinit","status":"publish","type":"post","link":"https:\/\/www.visit-ulcinj.com\/blog\/2009\/06\/30\/kuvendi-te-vendose-per-fatin-e-prones-se-ulqinit\/","title":{"rendered":"Kuvendi t\u00eb vendos\u00eb p\u00ebr fatin e pron\u00ebs s\u00eb Ulqinit"},"content":{"rendered":"<p><a href=\"http:\/\/www.visit-ulcinj.com\/blog\/wp-content\/uploads\/2009\/06\/NVO-MOGUL-ULCINJ.jpg\"><img loading=\"lazy\" class=\"alignleft size-full wp-image-23429\" title=\"NVO MOGUL ULCINJ\" src=\"http:\/\/www.visit-ulcinj.com\/blog\/wp-content\/uploads\/2009\/06\/NVO-MOGUL-ULCINJ.jpg\" alt=\"NVO MOGUL ULCINJ\" width=\"380\" height=\"534\" srcset=\"https:\/\/www.visit-ulcinj.com\/blog\/wp-content\/uploads\/2009\/06\/NVO-MOGUL-ULCINJ.jpg 540w, https:\/\/www.visit-ulcinj.com\/blog\/wp-content\/uploads\/2009\/06\/NVO-MOGUL-ULCINJ-213x300.jpg 213w\" sizes=\"(max-width: 380px) 100vw, 380px\" \/><\/a>Nj\u00eb grup i organizatave joqeveritare dhe intelektual\u00ebve t\u00eb Ulqinit ka nd\u00ebrmarr\u00eb iniciativ\u00ebn p\u00ebr grumbullimin e n\u00ebnshkrimeve t\u00eb nevojshme me q\u00ebllim q\u00eb Kuvendi i Komun\u00ebs s\u00eb Ulqinit t\u00eb miratoj\u00eb Deklarat\u00ebn me t\u00eb cil\u00ebn k\u00ebrkohet q\u00eb tender\u00ebt p\u00ebr dh\u00ebnie me qira, shitje ose forma t\u00eb tjera t\u00eb privatizimit, p\u00ebr secil\u00ebn pjes\u00eb t\u00eb territorit t\u00eb Komun\u00ebs s\u00eb Ulqinit, t\u00eb shpallen vet\u00ebm me p\u00eblqimin e k\u00ebtij Kuvendi.<br \/>\nMe Dekarat\u00eb po ashtu k\u00ebrkohet q\u00eb Qeveria e Malit t\u00eb Zi t\u00eb anuloj\u00eb tender\u00ebt p\u00ebr dh\u00ebnie me qira t\u00eb Valdanosit, Plazhit t\u00eb Madh (Shtojit) dhe Ad\u00ebs, sepse p\u00ebr t\u00eb gjitha ato si dhe planet e zhvillimit t\u00eb Komun\u00ebs, duhet m\u00eb p\u00ebrpara t\u00eb diskutohet dhe t\u00eb vendoset Kuvendin e Komun\u00ebs s\u00eb Ulqinit.<br \/>\nN\u00eb Deklarat\u00eb k\u00ebrkohet q\u00eb fillimisht ish pronar\u00ebve t\u2019u kthehet prona e ekspropriuar n\u00eb Valdanos, si dhe pronat e tjera n\u00eb territorin e komun\u00ebs, q\u00eb jan\u00eb marr\u00eb me ligjet revolucionare.<br \/>\nNj\u00ebri nga koordinator\u00ebt e grupit t\u00eb pun\u00ebs q\u00eb ka iniciuar miratimin e Deklarat\u00ebs, Xhemal Peroviq, nj\u00ebkoh\u00ebsisht kryetar i OJQ \u201cPax\u201d, ka th\u00ebn\u00eb se q\u00ebllimi i grumbullimit t\u00eb n\u00ebnshkrimeve \u00ebsht\u00eb thirrja e seanc\u00ebs s\u00eb jasht\u00ebzakonshme t\u00eb Kuvendit t\u00eb Komun\u00ebs s\u00eb Ulqinit me t\u00eb vetmen pik\u00eb t\u00eb rendit t\u00eb dit\u00ebs, miratimin e Deklarat\u00ebs.<br \/>\nOrganizator\u00ebt e grumbullimit t\u00eb n\u00ebnshkrimeve kan\u00eb njoftuar se vet\u00ebm brenda disa or\u00ebve kan\u00eb grumbulluar numrin e nevojsh\u00ebm t\u00eb n\u00ebnshkrimeve p\u00ebr thirrjen e seanc\u00ebs s\u00eb jasht\u00ebzakonshme t\u00eb Kuvendit.<br \/>\nSipas Ligjit mbi Vet\u00ebqeverisjen Lokale, Statutit t\u00eb Komun\u00ebs s\u00eb Ulqinit dhe Rregullores s\u00eb Pun\u00ebs s\u00eb Kuvendit t\u00eb Komun\u00ebs s\u00eb Ulqinit, kryetari i Kuvendit \u00ebsht\u00eb i obliguar q\u00eb n\u00eb afat prej 15 dit\u00ebsh t\u00eb th\u00ebrras\u00eb mbledhjen e jasht\u00ebzakonshme t\u00eb Kuvendit.<br \/>\nPeroviq thot\u00eb se iniciativa p\u00ebr miratimin e Deklarat\u00ebs \u00ebsht\u00eb vazhdim\u00ebsi e aktiviteteve q\u00eb burojn\u00eb nga diskriminimi i qart\u00eb shum\u00ebvje\u00e7ar\u00eb ndaj Komun\u00ebs s\u00eb Ulqinit n\u00eb shum\u00eb sfera, e sidomos n\u00eb procesin e privatizimit, ku sipas tij, \u201cnuk p\u00ebrfillet interesi i qytetar\u00ebve, shkelen ligjet dhe si rezultat kemi paralizimin e plot\u00eb t\u00eb ofert\u00ebs turistike\u201d.<br \/>\n\u201cMe k\u00ebt\u00eb d\u00ebshirojm\u00eb t\u00eb nxjerrim n\u00eb shesh q\u00ebndrimet e subjekteve politike t\u00eb cilat t\u00eb gjitha k\u00ebto \u00e7\u00ebshtje i kan\u00eb p\u00ebrs\u00ebritur, por disi m\u00eb shum\u00eb gjat\u00eb fushatave zgjedhore\u201d, thot\u00eb ai.<br \/>\nAn\u00ebtari tjet\u00ebr i grupit inicues p\u00ebr miratimin e Deklarat\u00ebs, Dritan Abazoviq, thot\u00eb se duke i par\u00eb t\u00eb gjitha privatizimet q\u00eb jan\u00eb b\u00ebr\u00eb deri tani n\u00eb Ulqin p\u00ebr t\u00eb cilat, sipas tij, t\u00eb gjith\u00eb pajtohemi se kan\u00eb qen\u00eb shum\u00eb t\u00eb dob\u00ebta dhe katastrofale dhe nuk kan\u00eb sjell\u00eb zhvillimin q\u00eb e kemi pritur t\u00eb qytetit, \u201cne me k\u00ebt\u00eb iniciativ\u00eb p\u00ebrpiqemi t\u00eb ruajm\u00eb lokalitetet m\u00eb me vler\u00eb t\u00eb komun\u00ebs s\u00eb Ulqinit prej k\u00ebsilloj privatizimesh\u201d.<br \/>\n\u201cP\u00ebrmes shfryt\u00ebzimit t\u00eb mekanizmit demokratik jemi duke k\u00ebrkuar prej p\u00ebrfaq\u00ebsuesve t\u00eb popullit n\u00eb Kuvendin e Komun\u00ebs s\u00eb Ulqinit q\u00eb t\u00eb marrin p\u00ebrgjegj\u00ebsin\u00eb p\u00ebr gj\u00ebrat q\u00eb do t\u00eb ndodhin n\u00eb komun\u00ebn e Ulqinit\u201d, thot\u00eb ai.<br \/>\nQ\u00ebllimi i inicimit t\u00eb miratimit t\u00eb Deklarat\u00ebs, sipas tij, \u00ebsht\u00eb q\u00eb Ulqini t\u00eb pyetet se n\u00eb cil\u00ebn m\u00ebnyr\u00eb do t\u00eb privatizoj\u00eb pronat e veta.<br \/>\nAbazoviq thot\u00eb se Kuvendi duhet t\u00eb zgjedh\u00eb modalitetet e zhvillimit t\u00eb komun\u00ebs.<br \/>\n\u201cMe k\u00ebt\u00eb m\u00ebnyr\u00eb nuk jemi kund\u00ebr zhvillimit t\u00eb qytetit, por p\u00ebrkundrazi, jemi duke u munduar q\u00eb ky zhvillim t\u00eb realizohet n\u00eb nj\u00eb m\u00ebnyr\u00eb sa m\u00eb t\u00eb p\u00ebrshtatshme p\u00ebr qytetar\u00ebt dhe n\u00eb t\u00eb mir\u00eb t\u00eb t\u00eb gjith\u00eb qytetar\u00ebve\u201d, thot\u00eb ai.<br \/>\nIniciator\u00ebt e Deklarat\u00ebs presin q\u00eb ajo t\u00eb miratohet n\u00eb Kuvendin e Komun\u00ebs s\u00eb Ulqinit.<br \/>\n\u201cPresim q\u00eb Deklarata t\u00eb miratohet dhe t\u00eb parandalohen pasojat tragjike t\u00eb veprimtarive t\u00eb paralajm\u00ebruara, sidomos n\u00eb aspektin e kohezionit social\u201d, thot\u00eb Xhemal Peroviq.<br \/>\nEdhe Dritan Abazoviqi mendon se Deklarata do t\u00eb miratohet n\u00eb Kuvendin e Komun\u00ebs s\u00eb Ulqinit. \u201cPor nuk jam fort optimist q\u00eb kur ajo t\u00eb miratohet, Kuvendi do t\u00eb zgjedh\u00eb opcionin m\u00eb t\u00eb mir\u00eb kur nes\u00ebr n\u00eb t\u00eb, t\u00eb diskutohet p\u00ebr shitjen e ndonj\u00eb prone\u201d, thot\u00eb ai, duke shtuar se shpreson q\u00eb t\u00eb jet\u00eb gabim sa i p\u00ebrket k\u00ebtij parashikimi t\u00eb tij.<br \/>\nPor \u00e7far\u00eb efekti do t\u00eb ket\u00eb miratimi eventual i Deklarat\u00ebs dhe sa do t\u00eb merret ajo parasysh nga organet qeveritare t\u00eb Malit t\u00eb Zi?! Kuvendi i Komun\u00ebs s\u00eb Ulqinit ka miratuar koh\u00eb m\u00eb par\u00eb nj\u00eb deklarat\u00eb tjet\u00ebr q\u00eb ka t\u00eb b\u00ebj\u00eb me kthimin e pronave t\u00eb marra qytetar\u00ebve t\u00eb Ulqinit e cila deri tani nuk ka gjetur zbatim n\u00eb praktik\u00eb.<br \/>\n\u201cN\u00ebse miratohet Deklarata, do t\u00eb ket\u00eb efekt pasi q\u00eb do t\u00eb largohen investitor\u00ebt e dyshimt\u00eb dhe do t\u00eb forcohet pozita e pushtetit vendor n\u00eb harmonizimin e planit t\u00eb zhvillimit me Qeverin\u00eb e Malit t\u00eb Zi. Un\u00eb mendoj se kjo deklarat\u00eb nuk do t\u00eb p\u00ebsoj\u00eb fatin e asaj lidhur me kthimin e pronave pasi q\u00eb do t\u00eb forcoj\u00eb vendosm\u00ebrin\u00eb e unitetit t\u00eb komunitetit lokal rreth k\u00ebsaj \u00e7\u00ebshtjeje\u201d, thot\u00eb Xhemal Peroviq.<br \/>\n<strong><a href=\"http:\/\/www.visit-ulcinj.com\/blog\/wp-content\/uploads\/2009\/05\/dritan-abazoviq_ulqin.jpg\"><img loading=\"lazy\" class=\"alignleft size-full wp-image-21718\" title=\"dritan-abazoviq_ulqin\" src=\"http:\/\/www.visit-ulcinj.com\/blog\/wp-content\/uploads\/2009\/05\/dritan-abazoviq_ulqin.jpg\" alt=\"dritan-abazoviq_ulqin\" width=\"569\" height=\"154\" srcset=\"https:\/\/www.visit-ulcinj.com\/blog\/wp-content\/uploads\/2009\/05\/dritan-abazoviq_ulqin.jpg 569w, https:\/\/www.visit-ulcinj.com\/blog\/wp-content\/uploads\/2009\/05\/dritan-abazoviq_ulqin-300x81.jpg 300w\" sizes=\"(max-width: 569px) 100vw, 569px\" \/><\/a>Ndryshe mendon Dritan Abazoviq<\/strong><br \/>\n\u201cMendoj se iniciativa nuk do t\u00eb ket\u00eb shum\u00eb efekt tek organet qeveritare. Nuk jam i sigurt se ata do t\u00eb marrin parasysh mendimet e Kuvendit t\u00eb Komun\u00ebs s\u00eb Ulqinit, por ne kemi b\u00ebr\u00eb pun\u00ebn ton\u00eb\u201d, thot\u00eb ai.<br \/>\nN\u00eb t\u00eb ardhmen e af\u00ebrt pritet q\u00eb t\u00eb thirret seanca e jasht\u00ebzakonshme e Kuvendit t\u00eb Komun\u00ebs s\u00eb Ulqinit ku k\u00ebshilltar\u00ebt do t\u00eb debatojn\u00eb rreth Deklarat\u00ebs<br \/>\n<strong>I.Kallaba<br \/>\nKoha Javore<br \/>\n<!--YouTube Error: bad URL entered--><\/strong><\/p>\n","protected":false},"excerpt":{"rendered":"<p>Nj\u00eb grup i organizatave joqeveritare dhe intelektual\u00ebve t\u00eb Ulqinit ka nd\u00ebrmarr\u00eb iniciativ\u00ebn p\u00ebr grumbullimin e n\u00ebnshkrimeve t\u00eb nevojshme me q\u00ebllim q\u00eb Kuvendi i Komun\u00ebs s\u00eb Ulqinit t\u00eb miratoj\u00eb Deklarat\u00ebn me t\u00eb cil\u00ebn k\u00ebrkohet q\u00eb tender\u00ebt p\u00ebr dh\u00ebnie me qira, shitje ose forma t\u00eb tjera t\u00eb privatizimit, p\u00ebr secil\u00ebn pjes\u00eb t\u00eb territorit t\u00eb Komun\u00ebs s\u00eb Ulqinit, [&hellip;]<\/p>\n","protected":false},"author":1,"featured_media":0,"comment_status":"open","ping_status":"closed","sticky":false,"template":"","format":"standard","meta":{"spay_email":"","jetpack_publicize_message":"","jetpack_is_tweetstorm":false,"jetpack_publicize_feature_enabled":true},"categories":[11],"tags":[10529,11656,11655,11654,11657,200,18,11653,4265],"jetpack_publicize_connections":[],"yoast_head":"<!-- This site is optimized with the Yoast SEO plugin v19.1 - https:\/\/yoast.com\/wordpress\/plugins\/seo\/ -->\n<title>Kuvendi t\u00eb vendos\u00eb p\u00ebr fatin e pron\u00ebs s\u00eb Ulqinit - Lajme nga Ulqini<\/title>\n<meta name=\"description\" content=\"Nj\u00eb grup i organizatave joqeveritare dhe intelektual\u00ebve t\u00eb Ulqinit ka nd\u00ebrmarr\u00eb iniciativ\u00ebn p\u00ebr grumbullimin e n\u00ebnshkrimeve t\u00eb nevojshme me q\u00ebllim q\u00eb\" \/>\n<meta name=\"robots\" content=\"index, follow, max-snippet:-1, max-image-preview:large, max-video-preview:-1\" \/>\n<link rel=\"canonical\" href=\"https:\/\/www.visit-ulcinj.com\/blog\/2009\/06\/30\/kuvendi-te-vendose-per-fatin-e-prones-se-ulqinit\/\" \/>\n<meta property=\"og:locale\" content=\"en_US\" \/>\n<meta property=\"og:type\" content=\"article\" \/>\n<meta property=\"og:title\" content=\"Kuvendi t\u00eb vendos\u00eb p\u00ebr fatin e pron\u00ebs s\u00eb Ulqinit - Lajme nga Ulqini\" \/>\n<meta property=\"og:description\" content=\"Nj\u00eb grup i organizatave joqeveritare dhe intelektual\u00ebve t\u00eb Ulqinit ka nd\u00ebrmarr\u00eb iniciativ\u00ebn p\u00ebr grumbullimin e n\u00ebnshkrimeve t\u00eb nevojshme me q\u00ebllim q\u00eb\" \/>\n<meta property=\"og:url\" content=\"https:\/\/www.visit-ulcinj.com\/blog\/2009\/06\/30\/kuvendi-te-vendose-per-fatin-e-prones-se-ulqinit\/\" \/>\n<meta property=\"og:site_name\" content=\"Lajme nga Ulqini\" \/>\n<meta property=\"article:published_time\" content=\"2009-06-30T14:38:05+00:00\" \/>\n<meta property=\"og:image\" content=\"http:\/\/www.visit-ulcinj.com\/blog\/wp-content\/uploads\/2009\/06\/NVO-MOGUL-ULCINJ.jpg\" \/>\n<meta name=\"twitter:label1\" content=\"Written by\" \/>\n\t<meta name=\"twitter:data1\" content=\"ulqini\" \/>\n\t<meta name=\"twitter:label2\" content=\"Est. reading time\" \/>\n\t<meta name=\"twitter:data2\" content=\"5 minutes\" \/>\n<script type=\"application\/ld+json\" class=\"yoast-schema-graph\">{\"@context\":\"https:\/\/schema.org\",\"@graph\":[{\"@type\":\"WebSite\",\"@id\":\"https:\/\/www.visit-ulcinj.com\/blog\/#website\",\"url\":\"https:\/\/www.visit-ulcinj.com\/blog\/\",\"name\":\"Lajme nga Ulqini\",\"description\":\"Lajme,Vijesti,Ulqini,Ulqin,Crna Gora,Mali i Zi\",\"potentialAction\":[{\"@type\":\"SearchAction\",\"target\":{\"@type\":\"EntryPoint\",\"urlTemplate\":\"https:\/\/www.visit-ulcinj.com\/blog\/?s={search_term_string}\"},\"query-input\":\"required name=search_term_string\"}],\"inLanguage\":\"en-US\"},{\"@type\":\"ImageObject\",\"inLanguage\":\"en-US\",\"@id\":\"https:\/\/www.visit-ulcinj.com\/blog\/2009\/06\/30\/kuvendi-te-vendose-per-fatin-e-prones-se-ulqinit\/#primaryimage\",\"url\":\"https:\/\/www.visit-ulcinj.com\/blog\/wp-content\/uploads\/2009\/06\/NVO-MOGUL-ULCINJ.jpg\",\"contentUrl\":\"https:\/\/www.visit-ulcinj.com\/blog\/wp-content\/uploads\/2009\/06\/NVO-MOGUL-ULCINJ.jpg\",\"width\":\"540\",\"height\":\"758\"},{\"@type\":\"WebPage\",\"@id\":\"https:\/\/www.visit-ulcinj.com\/blog\/2009\/06\/30\/kuvendi-te-vendose-per-fatin-e-prones-se-ulqinit\/#webpage\",\"url\":\"https:\/\/www.visit-ulcinj.com\/blog\/2009\/06\/30\/kuvendi-te-vendose-per-fatin-e-prones-se-ulqinit\/\",\"name\":\"Kuvendi t\u00eb vendos\u00eb p\u00ebr fatin e pron\u00ebs s\u00eb Ulqinit - Lajme nga Ulqini\",\"isPartOf\":{\"@id\":\"https:\/\/www.visit-ulcinj.com\/blog\/#website\"},\"primaryImageOfPage\":{\"@id\":\"https:\/\/www.visit-ulcinj.com\/blog\/2009\/06\/30\/kuvendi-te-vendose-per-fatin-e-prones-se-ulqinit\/#primaryimage\"},\"datePublished\":\"2009-06-30T14:38:05+00:00\",\"dateModified\":\"2009-06-30T14:38:05+00:00\",\"author\":{\"@id\":\"https:\/\/www.visit-ulcinj.com\/blog\/#\/schema\/person\/dcab619c614d3038751c63bc2aadc06d\"},\"description\":\"Nj\u00eb grup i organizatave joqeveritare dhe intelektual\u00ebve t\u00eb Ulqinit ka nd\u00ebrmarr\u00eb iniciativ\u00ebn p\u00ebr grumbullimin e n\u00ebnshkrimeve t\u00eb nevojshme me q\u00ebllim q\u00eb\",\"breadcrumb\":{\"@id\":\"https:\/\/www.visit-ulcinj.com\/blog\/2009\/06\/30\/kuvendi-te-vendose-per-fatin-e-prones-se-ulqinit\/#breadcrumb\"},\"inLanguage\":\"en-US\",\"potentialAction\":[{\"@type\":\"ReadAction\",\"target\":[\"https:\/\/www.visit-ulcinj.com\/blog\/2009\/06\/30\/kuvendi-te-vendose-per-fatin-e-prones-se-ulqinit\/\"]}]},{\"@type\":\"BreadcrumbList\",\"@id\":\"https:\/\/www.visit-ulcinj.com\/blog\/2009\/06\/30\/kuvendi-te-vendose-per-fatin-e-prones-se-ulqinit\/#breadcrumb\",\"itemListElement\":[{\"@type\":\"ListItem\",\"position\":1,\"name\":\"Kuvendi t\u00eb vendos\u00eb p\u00ebr fatin e pron\u00ebs s\u00eb Ulqinit\"}]},{\"@type\":\"Person\",\"@id\":\"https:\/\/www.visit-ulcinj.com\/blog\/#\/schema\/person\/dcab619c614d3038751c63bc2aadc06d\",\"name\":\"ulqini\",\"sameAs\":[\"http:\/\/www.visit-ulcinj.com\"],\"url\":\"https:\/\/www.visit-ulcinj.com\/blog\/author\/admin\/\"}]}<\/script>\n<!-- \/ Yoast SEO plugin. -->","yoast_head_json":{"title":"Kuvendi t\u00eb vendos\u00eb p\u00ebr fatin e pron\u00ebs s\u00eb Ulqinit - Lajme nga Ulqini","description":"Nj\u00eb grup i organizatave joqeveritare dhe intelektual\u00ebve t\u00eb Ulqinit ka nd\u00ebrmarr\u00eb iniciativ\u00ebn p\u00ebr grumbullimin e n\u00ebnshkrimeve t\u00eb nevojshme me q\u00ebllim q\u00eb","robots":{"index":"index","follow":"follow","max-snippet":"max-snippet:-1","max-image-preview":"max-image-preview:large","max-video-preview":"max-video-preview:-1"},"canonical":"https:\/\/www.visit-ulcinj.com\/blog\/2009\/06\/30\/kuvendi-te-vendose-per-fatin-e-prones-se-ulqinit\/","og_locale":"en_US","og_type":"article","og_title":"Kuvendi t\u00eb vendos\u00eb p\u00ebr fatin e pron\u00ebs s\u00eb Ulqinit - Lajme nga Ulqini","og_description":"Nj\u00eb grup i organizatave joqeveritare dhe intelektual\u00ebve t\u00eb Ulqinit ka nd\u00ebrmarr\u00eb iniciativ\u00ebn p\u00ebr grumbullimin e n\u00ebnshkrimeve t\u00eb nevojshme me q\u00ebllim q\u00eb","og_url":"https:\/\/www.visit-ulcinj.com\/blog\/2009\/06\/30\/kuvendi-te-vendose-per-fatin-e-prones-se-ulqinit\/","og_site_name":"Lajme nga Ulqini","article_published_time":"2009-06-30T14:38:05+00:00","og_image":[{"url":"http:\/\/www.visit-ulcinj.com\/blog\/wp-content\/uploads\/2009\/06\/NVO-MOGUL-ULCINJ.jpg"}],"twitter_misc":{"Written by":"ulqini","Est. reading time":"5 minutes"},"schema":{"@context":"https:\/\/schema.org","@graph":[{"@type":"WebSite","@id":"https:\/\/www.visit-ulcinj.com\/blog\/#website","url":"https:\/\/www.visit-ulcinj.com\/blog\/","name":"Lajme nga Ulqini","description":"Lajme,Vijesti,Ulqini,Ulqin,Crna Gora,Mali i Zi","potentialAction":[{"@type":"SearchAction","target":{"@type":"EntryPoint","urlTemplate":"https:\/\/www.visit-ulcinj.com\/blog\/?s={search_term_string}"},"query-input":"required name=search_term_string"}],"inLanguage":"en-US"},{"@type":"ImageObject","inLanguage":"en-US","@id":"https:\/\/www.visit-ulcinj.com\/blog\/2009\/06\/30\/kuvendi-te-vendose-per-fatin-e-prones-se-ulqinit\/#primaryimage","url":"https:\/\/www.visit-ulcinj.com\/blog\/wp-content\/uploads\/2009\/06\/NVO-MOGUL-ULCINJ.jpg","contentUrl":"https:\/\/www.visit-ulcinj.com\/blog\/wp-content\/uploads\/2009\/06\/NVO-MOGUL-ULCINJ.jpg","width":"540","height":"758"},{"@type":"WebPage","@id":"https:\/\/www.visit-ulcinj.com\/blog\/2009\/06\/30\/kuvendi-te-vendose-per-fatin-e-prones-se-ulqinit\/#webpage","url":"https:\/\/www.visit-ulcinj.com\/blog\/2009\/06\/30\/kuvendi-te-vendose-per-fatin-e-prones-se-ulqinit\/","name":"Kuvendi t\u00eb vendos\u00eb p\u00ebr fatin e pron\u00ebs s\u00eb Ulqinit - Lajme nga Ulqini","isPartOf":{"@id":"https:\/\/www.visit-ulcinj.com\/blog\/#website"},"primaryImageOfPage":{"@id":"https:\/\/www.visit-ulcinj.com\/blog\/2009\/06\/30\/kuvendi-te-vendose-per-fatin-e-prones-se-ulqinit\/#primaryimage"},"datePublished":"2009-06-30T14:38:05+00:00","dateModified":"2009-06-30T14:38:05+00:00","author":{"@id":"https:\/\/www.visit-ulcinj.com\/blog\/#\/schema\/person\/dcab619c614d3038751c63bc2aadc06d"},"description":"Nj\u00eb grup i organizatave joqeveritare dhe intelektual\u00ebve t\u00eb Ulqinit ka nd\u00ebrmarr\u00eb iniciativ\u00ebn p\u00ebr grumbullimin e n\u00ebnshkrimeve t\u00eb nevojshme me q\u00ebllim q\u00eb","breadcrumb":{"@id":"https:\/\/www.visit-ulcinj.com\/blog\/2009\/06\/30\/kuvendi-te-vendose-per-fatin-e-prones-se-ulqinit\/#breadcrumb"},"inLanguage":"en-US","potentialAction":[{"@type":"ReadAction","target":["https:\/\/www.visit-ulcinj.com\/blog\/2009\/06\/30\/kuvendi-te-vendose-per-fatin-e-prones-se-ulqinit\/"]}]},{"@type":"BreadcrumbList","@id":"https:\/\/www.visit-ulcinj.com\/blog\/2009\/06\/30\/kuvendi-te-vendose-per-fatin-e-prones-se-ulqinit\/#breadcrumb","itemListElement":[{"@type":"ListItem","position":1,"name":"Kuvendi t\u00eb vendos\u00eb p\u00ebr fatin e pron\u00ebs s\u00eb Ulqinit"}]},{"@type":"Person","@id":"https:\/\/www.visit-ulcinj.com\/blog\/#\/schema\/person\/dcab619c614d3038751c63bc2aadc06d","name":"ulqini","sameAs":["http:\/\/www.visit-ulcinj.com"],"url":"https:\/\/www.visit-ulcinj.com\/blog\/author\/admin\/"}]}},"jetpack_featured_media_url":"","jetpack_sharing_enabled":true,"jetpack_shortlink":"https:\/\/wp.me\/pe6lTn-67U","_links":{"self":[{"href":"https:\/\/www.visit-ulcinj.com\/blog\/wp-json\/wp\/v2\/posts\/23554"}],"collection":[{"href":"https:\/\/www.visit-ulcinj.com\/blog\/wp-json\/wp\/v2\/posts"}],"about":[{"href":"https:\/\/www.visit-ulcinj.com\/blog\/wp-json\/wp\/v2\/types\/post"}],"author":[{"embeddable":true,"href":"https:\/\/www.visit-ulcinj.com\/blog\/wp-json\/wp\/v2\/users\/1"}],"replies":[{"embeddable":true,"href":"https:\/\/www.visit-ulcinj.com\/blog\/wp-json\/wp\/v2\/comments?post=23554"}],"version-history":[{"count":0,"href":"https:\/\/www.visit-ulcinj.com\/blog\/wp-json\/wp\/v2\/posts\/23554\/revisions"}],"wp:attachment":[{"href":"https:\/\/www.visit-ulcinj.com\/blog\/wp-json\/wp\/v2\/media?parent=23554"}],"wp:term":[{"taxonomy":"category","embeddable":true,"href":"https:\/\/www.visit-ulcinj.com\/blog\/wp-json\/wp\/v2\/categories?post=23554"},{"taxonomy":"post_tag","embeddable":true,"href":"https:\/\/www.visit-ulcinj.com\/blog\/wp-json\/wp\/v2\/tags?post=23554"}],"curies":[{"name":"wp","href":"https:\/\/api.w.org\/{rel}","templated":true}]}}