{"id":23561,"date":"2009-06-30T17:29:26","date_gmt":"2009-06-30T15:29:26","guid":{"rendered":"http:\/\/www.visit-ulcinj.com\/blog\/?p=23561"},"modified":"2009-06-30T17:30:57","modified_gmt":"2009-06-30T15:30:57","slug":"kk%e2%80%9calbulena%e2%80%9d-moren-pjese-ne-kampionatin-e-malit-te-zi-per-fatosa-pioniere-dhe-shpresa","status":"publish","type":"post","link":"https:\/\/www.visit-ulcinj.com\/blog\/2009\/06\/30\/kk%e2%80%9calbulena%e2%80%9d-moren-pjese-ne-kampionatin-e-malit-te-zi-per-fatosa-pioniere-dhe-shpresa\/","title":{"rendered":"KK\u201cAlbulena\u201d mor\u00ebn pjes\u00eb n\u00eb kampionatin e malit t\u00eb zi p\u00ebr fatosa, pionier\u00eb dhe shpresa"},"content":{"rendered":"<p><strong><a href=\"http:\/\/www.visit-ulcinj.com\/blog\/wp-content\/uploads\/2009\/06\/Kampion\u00eb-Nuhi-Mustafiq-dhe-Gjuriq_klubi-karates-albulena_ulqin.jpg\"><img loading=\"lazy\" class=\"alignleft size-full wp-image-23562\" title=\"Kampion\u00eb Nuhi, Mustafiq dhe Gjuriq_klubi karates albulena_ulqin\" src=\"http:\/\/www.visit-ulcinj.com\/blog\/wp-content\/uploads\/2009\/06\/Kampion\u00eb-Nuhi-Mustafiq-dhe-Gjuriq_klubi-karates-albulena_ulqin.jpg\" alt=\"Kampion\u00eb Nuhi, Mustafiq dhe Gjuriq_klubi karates albulena_ulqin\" width=\"300\" height=\"312\" \/><\/a>Kampion\u00eb Nuhi, Mustafiq dhe Gjuriq<\/strong><br \/>\nTre garuesit e Klubit t\u00eb Karates\u00eb \u201cAlbulena\u201d, Venesa Nuhi, Emir Mustafiq dhe Sretena Gjuriq, u shpall\u00ebn kampion\u00eb n\u00eb Kampionatin e Malit t\u00eb Zi p\u00ebr fatosa, pionier\u00eb dhe shpresa q\u00eb u mbajt t\u00eb shtun\u00ebn n\u00eb Podgoric\u00eb. T\u00eb tre ata fituan medalje t\u00eb arta n\u00eb luft\u00ebra individuale.<br \/>\nP\u00ebrve\u00e7 tri medaljeve t\u00eb arta, KK \u201cAlbulena\u201d fitoi edhe kat\u00ebr medalje t\u00eb bronzta. Dy medalje t\u00eb bronzta i fitoi Ardit Astafoviq, kurse nga nj\u00eb Xhivat Hoxhiq dhe Emir Mustafiq.<br \/>\nKK \u201cAlbulena\u201d mori pjes\u00eb n\u00eb k\u00ebt\u00eb gar\u00eb me gjasht\u00eb garues.<\/p>\n<p><strong>I.Kallaba<br \/>\nKoha Javore<\/strong><\/p>\n<p><strong><!--YouTube Error: bad URL entered--><br \/>\n<\/strong><\/p>\n","protected":false},"excerpt":{"rendered":"<p>Kampion\u00eb Nuhi, Mustafiq dhe Gjuriq Tre garuesit e Klubit t\u00eb Karates\u00eb \u201cAlbulena\u201d, Venesa Nuhi, Emir Mustafiq dhe Sretena Gjuriq, u shpall\u00ebn kampion\u00eb n\u00eb Kampionatin e Malit t\u00eb Zi p\u00ebr fatosa, pionier\u00eb dhe shpresa q\u00eb u mbajt t\u00eb shtun\u00ebn n\u00eb Podgoric\u00eb. T\u00eb tre ata fituan medalje t\u00eb arta n\u00eb luft\u00ebra individuale. P\u00ebrve\u00e7 tri medaljeve t\u00eb arta, [&hellip;]<\/p>\n","protected":false},"author":1,"featured_media":0,"comment_status":"open","ping_status":"closed","sticky":false,"template":"","format":"standard","meta":{"spay_email":"","jetpack_publicize_message":"","jetpack_is_tweetstorm":false,"jetpack_publicize_feature_enabled":true},"categories":[3],"tags":[9549,10930,11659,11658,95,200,10929],"jetpack_publicize_connections":[],"yoast_head":"<!-- This site is optimized with the Yoast SEO plugin v19.1 - https:\/\/yoast.com\/wordpress\/plugins\/seo\/ -->\n<title>KK\u201cAlbulena\u201d mor\u00ebn pjes\u00eb n\u00eb kampionatin e malit t\u00eb zi p\u00ebr fatosa, pionier\u00eb dhe shpresa - Lajme nga Ulqini<\/title>\n<meta name=\"description\" content=\"Kampion\u00eb Nuhi, Mustafiq dhe Gjuriq Tre garuesit e Klubit t\u00eb Karates\u00eb \u201cAlbulena\u201d, Venesa Nuhi, Emir Mustafiq dhe Sretena Gjuriq, u shpall\u00ebn kampion\u00eb n\u00eb\" \/>\n<meta name=\"robots\" content=\"index, follow, max-snippet:-1, max-image-preview:large, max-video-preview:-1\" \/>\n<link rel=\"canonical\" href=\"https:\/\/www.visit-ulcinj.com\/blog\/2009\/06\/30\/kk\u201calbulena\u201d-moren-pjese-ne-kampionatin-e-malit-te-zi-per-fatosa-pioniere-dhe-shpresa\/\" \/>\n<meta property=\"og:locale\" content=\"en_US\" \/>\n<meta property=\"og:type\" content=\"article\" \/>\n<meta property=\"og:title\" content=\"KK\u201cAlbulena\u201d mor\u00ebn pjes\u00eb n\u00eb kampionatin e malit t\u00eb zi p\u00ebr fatosa, pionier\u00eb dhe shpresa - Lajme nga Ulqini\" \/>\n<meta property=\"og:description\" content=\"Kampion\u00eb Nuhi, Mustafiq dhe Gjuriq Tre garuesit e Klubit t\u00eb Karates\u00eb \u201cAlbulena\u201d, Venesa Nuhi, Emir Mustafiq dhe Sretena Gjuriq, u shpall\u00ebn kampion\u00eb n\u00eb\" \/>\n<meta property=\"og:url\" content=\"https:\/\/www.visit-ulcinj.com\/blog\/2009\/06\/30\/kk\u201calbulena\u201d-moren-pjese-ne-kampionatin-e-malit-te-zi-per-fatosa-pioniere-dhe-shpresa\/\" \/>\n<meta property=\"og:site_name\" content=\"Lajme nga Ulqini\" \/>\n<meta property=\"article:published_time\" content=\"2009-06-30T15:29:26+00:00\" \/>\n<meta property=\"article:modified_time\" content=\"2009-06-30T15:30:57+00:00\" \/>\n<meta name=\"twitter:label1\" content=\"Written by\" \/>\n\t<meta name=\"twitter:data1\" content=\"ulqini\" \/>\n\t<meta name=\"twitter:label2\" content=\"Est. reading time\" \/>\n\t<meta name=\"twitter:data2\" content=\"1 minute\" \/>\n<script type=\"application\/ld+json\" class=\"yoast-schema-graph\">{\"@context\":\"https:\/\/schema.org\",\"@graph\":[{\"@type\":\"WebSite\",\"@id\":\"https:\/\/www.visit-ulcinj.com\/blog\/#website\",\"url\":\"https:\/\/www.visit-ulcinj.com\/blog\/\",\"name\":\"Lajme nga Ulqini\",\"description\":\"Lajme,Vijesti,Ulqini,Ulqin,Crna Gora,Mali i Zi\",\"potentialAction\":[{\"@type\":\"SearchAction\",\"target\":{\"@type\":\"EntryPoint\",\"urlTemplate\":\"https:\/\/www.visit-ulcinj.com\/blog\/?s={search_term_string}\"},\"query-input\":\"required name=search_term_string\"}],\"inLanguage\":\"en-US\"},{\"@type\":\"WebPage\",\"@id\":\"https:\/\/www.visit-ulcinj.com\/blog\/2009\/06\/30\/kk%e2%80%9calbulena%e2%80%9d-moren-pjese-ne-kampionatin-e-malit-te-zi-per-fatosa-pioniere-dhe-shpresa\/#webpage\",\"url\":\"https:\/\/www.visit-ulcinj.com\/blog\/2009\/06\/30\/kk%e2%80%9calbulena%e2%80%9d-moren-pjese-ne-kampionatin-e-malit-te-zi-per-fatosa-pioniere-dhe-shpresa\/\",\"name\":\"KK\u201cAlbulena\u201d mor\u00ebn pjes\u00eb n\u00eb kampionatin e malit t\u00eb zi p\u00ebr fatosa, pionier\u00eb dhe shpresa - Lajme nga Ulqini\",\"isPartOf\":{\"@id\":\"https:\/\/www.visit-ulcinj.com\/blog\/#website\"},\"datePublished\":\"2009-06-30T15:29:26+00:00\",\"dateModified\":\"2009-06-30T15:30:57+00:00\",\"author\":{\"@id\":\"https:\/\/www.visit-ulcinj.com\/blog\/#\/schema\/person\/dcab619c614d3038751c63bc2aadc06d\"},\"description\":\"Kampion\u00eb Nuhi, Mustafiq dhe Gjuriq Tre garuesit e Klubit t\u00eb Karates\u00eb \u201cAlbulena\u201d, Venesa Nuhi, Emir Mustafiq dhe Sretena Gjuriq, u shpall\u00ebn kampion\u00eb n\u00eb\",\"breadcrumb\":{\"@id\":\"https:\/\/www.visit-ulcinj.com\/blog\/2009\/06\/30\/kk%e2%80%9calbulena%e2%80%9d-moren-pjese-ne-kampionatin-e-malit-te-zi-per-fatosa-pioniere-dhe-shpresa\/#breadcrumb\"},\"inLanguage\":\"en-US\",\"potentialAction\":[{\"@type\":\"ReadAction\",\"target\":[\"https:\/\/www.visit-ulcinj.com\/blog\/2009\/06\/30\/kk%e2%80%9calbulena%e2%80%9d-moren-pjese-ne-kampionatin-e-malit-te-zi-per-fatosa-pioniere-dhe-shpresa\/\"]}]},{\"@type\":\"BreadcrumbList\",\"@id\":\"https:\/\/www.visit-ulcinj.com\/blog\/2009\/06\/30\/kk%e2%80%9calbulena%e2%80%9d-moren-pjese-ne-kampionatin-e-malit-te-zi-per-fatosa-pioniere-dhe-shpresa\/#breadcrumb\",\"itemListElement\":[{\"@type\":\"ListItem\",\"position\":1,\"name\":\"KK\u201cAlbulena\u201d mor\u00ebn pjes\u00eb n\u00eb kampionatin e malit t\u00eb zi p\u00ebr fatosa, pionier\u00eb dhe shpresa\"}]},{\"@type\":\"Person\",\"@id\":\"https:\/\/www.visit-ulcinj.com\/blog\/#\/schema\/person\/dcab619c614d3038751c63bc2aadc06d\",\"name\":\"ulqini\",\"sameAs\":[\"http:\/\/www.visit-ulcinj.com\"],\"url\":\"https:\/\/www.visit-ulcinj.com\/blog\/author\/admin\/\"}]}<\/script>\n<!-- \/ Yoast SEO plugin. -->","yoast_head_json":{"title":"KK\u201cAlbulena\u201d mor\u00ebn pjes\u00eb n\u00eb kampionatin e malit t\u00eb zi p\u00ebr fatosa, pionier\u00eb dhe shpresa - Lajme nga Ulqini","description":"Kampion\u00eb Nuhi, Mustafiq dhe Gjuriq Tre garuesit e Klubit t\u00eb Karates\u00eb \u201cAlbulena\u201d, Venesa Nuhi, Emir Mustafiq dhe Sretena Gjuriq, u shpall\u00ebn kampion\u00eb n\u00eb","robots":{"index":"index","follow":"follow","max-snippet":"max-snippet:-1","max-image-preview":"max-image-preview:large","max-video-preview":"max-video-preview:-1"},"canonical":"https:\/\/www.visit-ulcinj.com\/blog\/2009\/06\/30\/kk\u201calbulena\u201d-moren-pjese-ne-kampionatin-e-malit-te-zi-per-fatosa-pioniere-dhe-shpresa\/","og_locale":"en_US","og_type":"article","og_title":"KK\u201cAlbulena\u201d mor\u00ebn pjes\u00eb n\u00eb kampionatin e malit t\u00eb zi p\u00ebr fatosa, pionier\u00eb dhe shpresa - Lajme nga Ulqini","og_description":"Kampion\u00eb Nuhi, Mustafiq dhe Gjuriq Tre garuesit e Klubit t\u00eb Karates\u00eb \u201cAlbulena\u201d, Venesa Nuhi, Emir Mustafiq dhe Sretena Gjuriq, u shpall\u00ebn kampion\u00eb n\u00eb","og_url":"https:\/\/www.visit-ulcinj.com\/blog\/2009\/06\/30\/kk\u201calbulena\u201d-moren-pjese-ne-kampionatin-e-malit-te-zi-per-fatosa-pioniere-dhe-shpresa\/","og_site_name":"Lajme nga Ulqini","article_published_time":"2009-06-30T15:29:26+00:00","article_modified_time":"2009-06-30T15:30:57+00:00","twitter_misc":{"Written by":"ulqini","Est. reading time":"1 minute"},"schema":{"@context":"https:\/\/schema.org","@graph":[{"@type":"WebSite","@id":"https:\/\/www.visit-ulcinj.com\/blog\/#website","url":"https:\/\/www.visit-ulcinj.com\/blog\/","name":"Lajme nga Ulqini","description":"Lajme,Vijesti,Ulqini,Ulqin,Crna Gora,Mali i Zi","potentialAction":[{"@type":"SearchAction","target":{"@type":"EntryPoint","urlTemplate":"https:\/\/www.visit-ulcinj.com\/blog\/?s={search_term_string}"},"query-input":"required name=search_term_string"}],"inLanguage":"en-US"},{"@type":"WebPage","@id":"https:\/\/www.visit-ulcinj.com\/blog\/2009\/06\/30\/kk%e2%80%9calbulena%e2%80%9d-moren-pjese-ne-kampionatin-e-malit-te-zi-per-fatosa-pioniere-dhe-shpresa\/#webpage","url":"https:\/\/www.visit-ulcinj.com\/blog\/2009\/06\/30\/kk%e2%80%9calbulena%e2%80%9d-moren-pjese-ne-kampionatin-e-malit-te-zi-per-fatosa-pioniere-dhe-shpresa\/","name":"KK\u201cAlbulena\u201d mor\u00ebn pjes\u00eb n\u00eb kampionatin e malit t\u00eb zi p\u00ebr fatosa, pionier\u00eb dhe shpresa - Lajme nga Ulqini","isPartOf":{"@id":"https:\/\/www.visit-ulcinj.com\/blog\/#website"},"datePublished":"2009-06-30T15:29:26+00:00","dateModified":"2009-06-30T15:30:57+00:00","author":{"@id":"https:\/\/www.visit-ulcinj.com\/blog\/#\/schema\/person\/dcab619c614d3038751c63bc2aadc06d"},"description":"Kampion\u00eb Nuhi, Mustafiq dhe Gjuriq Tre garuesit e Klubit t\u00eb Karates\u00eb \u201cAlbulena\u201d, Venesa Nuhi, Emir Mustafiq dhe Sretena Gjuriq, u shpall\u00ebn kampion\u00eb n\u00eb","breadcrumb":{"@id":"https:\/\/www.visit-ulcinj.com\/blog\/2009\/06\/30\/kk%e2%80%9calbulena%e2%80%9d-moren-pjese-ne-kampionatin-e-malit-te-zi-per-fatosa-pioniere-dhe-shpresa\/#breadcrumb"},"inLanguage":"en-US","potentialAction":[{"@type":"ReadAction","target":["https:\/\/www.visit-ulcinj.com\/blog\/2009\/06\/30\/kk%e2%80%9calbulena%e2%80%9d-moren-pjese-ne-kampionatin-e-malit-te-zi-per-fatosa-pioniere-dhe-shpresa\/"]}]},{"@type":"BreadcrumbList","@id":"https:\/\/www.visit-ulcinj.com\/blog\/2009\/06\/30\/kk%e2%80%9calbulena%e2%80%9d-moren-pjese-ne-kampionatin-e-malit-te-zi-per-fatosa-pioniere-dhe-shpresa\/#breadcrumb","itemListElement":[{"@type":"ListItem","position":1,"name":"KK\u201cAlbulena\u201d mor\u00ebn pjes\u00eb n\u00eb kampionatin e malit t\u00eb zi p\u00ebr fatosa, pionier\u00eb dhe shpresa"}]},{"@type":"Person","@id":"https:\/\/www.visit-ulcinj.com\/blog\/#\/schema\/person\/dcab619c614d3038751c63bc2aadc06d","name":"ulqini","sameAs":["http:\/\/www.visit-ulcinj.com"],"url":"https:\/\/www.visit-ulcinj.com\/blog\/author\/admin\/"}]}},"jetpack_featured_media_url":"","jetpack_sharing_enabled":true,"jetpack_shortlink":"https:\/\/wp.me\/pe6lTn-681","_links":{"self":[{"href":"https:\/\/www.visit-ulcinj.com\/blog\/wp-json\/wp\/v2\/posts\/23561"}],"collection":[{"href":"https:\/\/www.visit-ulcinj.com\/blog\/wp-json\/wp\/v2\/posts"}],"about":[{"href":"https:\/\/www.visit-ulcinj.com\/blog\/wp-json\/wp\/v2\/types\/post"}],"author":[{"embeddable":true,"href":"https:\/\/www.visit-ulcinj.com\/blog\/wp-json\/wp\/v2\/users\/1"}],"replies":[{"embeddable":true,"href":"https:\/\/www.visit-ulcinj.com\/blog\/wp-json\/wp\/v2\/comments?post=23561"}],"version-history":[{"count":0,"href":"https:\/\/www.visit-ulcinj.com\/blog\/wp-json\/wp\/v2\/posts\/23561\/revisions"}],"wp:attachment":[{"href":"https:\/\/www.visit-ulcinj.com\/blog\/wp-json\/wp\/v2\/media?parent=23561"}],"wp:term":[{"taxonomy":"category","embeddable":true,"href":"https:\/\/www.visit-ulcinj.com\/blog\/wp-json\/wp\/v2\/categories?post=23561"},{"taxonomy":"post_tag","embeddable":true,"href":"https:\/\/www.visit-ulcinj.com\/blog\/wp-json\/wp\/v2\/tags?post=23561"}],"curies":[{"name":"wp","href":"https:\/\/api.w.org\/{rel}","templated":true}]}}