{"id":23576,"date":"2009-06-30T19:16:08","date_gmt":"2009-06-30T17:16:08","guid":{"rendered":"http:\/\/www.visit-ulcinj.com\/blog\/?p=23576"},"modified":"2009-06-30T19:16:08","modified_gmt":"2009-06-30T17:16:08","slug":"kosova-zyrtarisht-anetare-e-fmn-dhe-bb","status":"publish","type":"post","link":"https:\/\/www.visit-ulcinj.com\/blog\/2009\/06\/30\/kosova-zyrtarisht-anetare-e-fmn-dhe-bb\/","title":{"rendered":"Kosova, zyrtarisht an\u00ebtare e FMN dhe BB"},"content":{"rendered":"<p><a href=\"http:\/\/www.visit-ulcinj.com\/blog\/wp-content\/uploads\/2009\/06\/30delegachoni-kosovar-drejtori-i-bankes-boterore.jpg\"><img loading=\"lazy\" class=\"alignleft size-full wp-image-23577\" title=\"Kosova, zyrtarisht an\u00ebtare e FMN dhe BB\" src=\"http:\/\/www.visit-ulcinj.com\/blog\/wp-content\/uploads\/2009\/06\/30delegachoni-kosovar-drejtori-i-bankes-boterore.jpg\" alt=\"Kosova, zyrtarisht an\u00ebtare e FMN dhe BB\" width=\"580\" height=\"400\" \/><\/a>Presidenti i Kosov\u00ebs Fatmir Sejdiu dhe Kryeministri Hashim Tha\u00e7i n\u00ebnshkruan n\u00eb Uashington dokumentet e pranimit t\u00eb Kosov\u00ebs n\u00eb Fondin Monetar Nd\u00ebrkomb\u00ebtar dhe Bank\u00ebn Bot\u00ebrore, n\u00eb pranin\u00eb e Ndihm\u00ebsekretarit t\u00eb Shtetit James Steinberg. Zoti Steinberg tha se kjo ngjarje tregon p\u00ebr integrimin e m\u00ebtejsh\u00ebm t\u00eb Kosov\u00ebs n\u00eb komunitetin nd\u00ebrkomb\u00ebtar. Po k\u00ebshtu shtajnberg tha se SHBA po i japin Kosov\u00ebs nj\u00eb ndihm\u00eb prej 150 milion\u00eb dollar\u00ebsh, p\u00ebr ta ndihmuar vendin n\u00eb shlyerjen e borxhit q\u00eb i ka Bank\u00ebs. Presidenti Sejdiu theksoi se vendi i tij do t\u00eb ruaj\u00eb disiplin\u00ebn monetare dhe fal\u00ebnderoi SHBA dhe t\u00eb gjitha vendet q\u00eb kan\u00eb mb\u00ebshtetur Kosov\u00ebn. Kryeministri i Kosov\u00ebs Hashim Tha\u00e7i u zotua p\u00ebr ruajtjen e institucioneve demokratike. Ai tha se an\u00ebtar\u00ebsimi n\u00eb FMN dhe n\u00eb Bank\u00ebn Bot\u00ebrore do ta fuqizoj\u00eb sovranitetin e Kosov\u00ebs dhe perspektives p\u00ebr zhvillimin ekonomik t\u00eb vendit. An\u00ebtar\u00ebsimi i Kosov\u00ebs n\u00eb FMN e BB u b\u00eb gjat\u00eb muajve maj e qershor.<\/p>\n<p>[flv width=&#8221;580&#8243; height=&#8221;380&#8243;]http:\/\/91.187.97.13\/video\/images\/content\/Rtv21Video\/Flash\/Qershor\/java-3\/30_flash_15.flv[\/flv]<\/p>\n","protected":false},"excerpt":{"rendered":"<p>Presidenti i Kosov\u00ebs Fatmir Sejdiu dhe Kryeministri Hashim Tha\u00e7i n\u00ebnshkruan n\u00eb Uashington dokumentet e pranimit t\u00eb Kosov\u00ebs n\u00eb Fondin Monetar Nd\u00ebrkomb\u00ebtar dhe Bank\u00ebn Bot\u00ebrore, n\u00eb pranin\u00eb e Ndihm\u00ebsekretarit t\u00eb Shtetit James Steinberg. Zoti Steinberg tha se kjo ngjarje tregon p\u00ebr integrimin e m\u00ebtejsh\u00ebm t\u00eb Kosov\u00ebs n\u00eb komunitetin nd\u00ebrkomb\u00ebtar. Po k\u00ebshtu shtajnberg tha se SHBA po [&hellip;]<\/p>\n","protected":false},"author":1,"featured_media":0,"comment_status":"open","ping_status":"closed","sticky":false,"template":"","format":"standard","meta":{"spay_email":"","jetpack_publicize_message":"","jetpack_is_tweetstorm":false,"jetpack_publicize_feature_enabled":true},"categories":[14],"tags":[11670,49,5760,11672,11671,5584,11669],"jetpack_publicize_connections":[],"yoast_head":"<!-- This site is optimized with the Yoast SEO plugin v19.1 - https:\/\/yoast.com\/wordpress\/plugins\/seo\/ -->\n<title>Kosova, zyrtarisht an\u00ebtare e FMN dhe BB - Lajme nga Ulqini<\/title>\n<meta name=\"description\" content=\"Presidenti i Kosov\u00ebs Fatmir Sejdiu dhe Kryeministri Hashim Tha\u00e7i n\u00ebnshkruan n\u00eb Uashington dokumentet e pranimit t\u00eb Kosov\u00ebs n\u00eb Fondin Monetar Nd\u00ebrkomb\u00ebtar\" \/>\n<meta name=\"robots\" content=\"index, follow, max-snippet:-1, max-image-preview:large, max-video-preview:-1\" \/>\n<link rel=\"canonical\" href=\"https:\/\/www.visit-ulcinj.com\/blog\/2009\/06\/30\/kosova-zyrtarisht-anetare-e-fmn-dhe-bb\/\" \/>\n<meta property=\"og:locale\" content=\"en_US\" \/>\n<meta property=\"og:type\" content=\"article\" \/>\n<meta property=\"og:title\" content=\"Kosova, zyrtarisht an\u00ebtare e FMN dhe BB - Lajme nga Ulqini\" \/>\n<meta property=\"og:description\" content=\"Presidenti i Kosov\u00ebs Fatmir Sejdiu dhe Kryeministri Hashim Tha\u00e7i n\u00ebnshkruan n\u00eb Uashington dokumentet e pranimit t\u00eb Kosov\u00ebs n\u00eb Fondin Monetar Nd\u00ebrkomb\u00ebtar\" \/>\n<meta property=\"og:url\" content=\"https:\/\/www.visit-ulcinj.com\/blog\/2009\/06\/30\/kosova-zyrtarisht-anetare-e-fmn-dhe-bb\/\" \/>\n<meta property=\"og:site_name\" content=\"Lajme nga Ulqini\" \/>\n<meta property=\"article:published_time\" content=\"2009-06-30T17:16:08+00:00\" \/>\n<meta property=\"og:image\" content=\"http:\/\/www.visit-ulcinj.com\/blog\/wp-content\/uploads\/2009\/06\/30delegachoni-kosovar-drejtori-i-bankes-boterore.jpg\" \/>\n<meta name=\"twitter:label1\" content=\"Written by\" \/>\n\t<meta name=\"twitter:data1\" content=\"ulqini\" \/>\n\t<meta name=\"twitter:label2\" content=\"Est. reading time\" \/>\n\t<meta name=\"twitter:data2\" content=\"1 minute\" \/>\n<script type=\"application\/ld+json\" class=\"yoast-schema-graph\">{\"@context\":\"https:\/\/schema.org\",\"@graph\":[{\"@type\":\"WebSite\",\"@id\":\"https:\/\/www.visit-ulcinj.com\/blog\/#website\",\"url\":\"https:\/\/www.visit-ulcinj.com\/blog\/\",\"name\":\"Lajme nga Ulqini\",\"description\":\"Lajme,Vijesti,Ulqini,Ulqin,Crna Gora,Mali i Zi\",\"potentialAction\":[{\"@type\":\"SearchAction\",\"target\":{\"@type\":\"EntryPoint\",\"urlTemplate\":\"https:\/\/www.visit-ulcinj.com\/blog\/?s={search_term_string}\"},\"query-input\":\"required name=search_term_string\"}],\"inLanguage\":\"en-US\"},{\"@type\":\"ImageObject\",\"inLanguage\":\"en-US\",\"@id\":\"https:\/\/www.visit-ulcinj.com\/blog\/2009\/06\/30\/kosova-zyrtarisht-anetare-e-fmn-dhe-bb\/#primaryimage\",\"url\":\"https:\/\/www.visit-ulcinj.com\/blog\/wp-content\/uploads\/2009\/06\/30delegachoni-kosovar-drejtori-i-bankes-boterore.jpg\",\"contentUrl\":\"https:\/\/www.visit-ulcinj.com\/blog\/wp-content\/uploads\/2009\/06\/30delegachoni-kosovar-drejtori-i-bankes-boterore.jpg\",\"width\":\"600\",\"height\":\"450\"},{\"@type\":\"WebPage\",\"@id\":\"https:\/\/www.visit-ulcinj.com\/blog\/2009\/06\/30\/kosova-zyrtarisht-anetare-e-fmn-dhe-bb\/#webpage\",\"url\":\"https:\/\/www.visit-ulcinj.com\/blog\/2009\/06\/30\/kosova-zyrtarisht-anetare-e-fmn-dhe-bb\/\",\"name\":\"Kosova, zyrtarisht an\u00ebtare e FMN dhe BB - Lajme nga Ulqini\",\"isPartOf\":{\"@id\":\"https:\/\/www.visit-ulcinj.com\/blog\/#website\"},\"primaryImageOfPage\":{\"@id\":\"https:\/\/www.visit-ulcinj.com\/blog\/2009\/06\/30\/kosova-zyrtarisht-anetare-e-fmn-dhe-bb\/#primaryimage\"},\"datePublished\":\"2009-06-30T17:16:08+00:00\",\"dateModified\":\"2009-06-30T17:16:08+00:00\",\"author\":{\"@id\":\"https:\/\/www.visit-ulcinj.com\/blog\/#\/schema\/person\/dcab619c614d3038751c63bc2aadc06d\"},\"description\":\"Presidenti i Kosov\u00ebs Fatmir Sejdiu dhe Kryeministri Hashim Tha\u00e7i n\u00ebnshkruan n\u00eb Uashington dokumentet e pranimit t\u00eb Kosov\u00ebs n\u00eb Fondin Monetar Nd\u00ebrkomb\u00ebtar\",\"breadcrumb\":{\"@id\":\"https:\/\/www.visit-ulcinj.com\/blog\/2009\/06\/30\/kosova-zyrtarisht-anetare-e-fmn-dhe-bb\/#breadcrumb\"},\"inLanguage\":\"en-US\",\"potentialAction\":[{\"@type\":\"ReadAction\",\"target\":[\"https:\/\/www.visit-ulcinj.com\/blog\/2009\/06\/30\/kosova-zyrtarisht-anetare-e-fmn-dhe-bb\/\"]}]},{\"@type\":\"BreadcrumbList\",\"@id\":\"https:\/\/www.visit-ulcinj.com\/blog\/2009\/06\/30\/kosova-zyrtarisht-anetare-e-fmn-dhe-bb\/#breadcrumb\",\"itemListElement\":[{\"@type\":\"ListItem\",\"position\":1,\"name\":\"Kosova, zyrtarisht an\u00ebtare e FMN dhe BB\"}]},{\"@type\":\"Person\",\"@id\":\"https:\/\/www.visit-ulcinj.com\/blog\/#\/schema\/person\/dcab619c614d3038751c63bc2aadc06d\",\"name\":\"ulqini\",\"sameAs\":[\"http:\/\/www.visit-ulcinj.com\"],\"url\":\"https:\/\/www.visit-ulcinj.com\/blog\/author\/admin\/\"}]}<\/script>\n<!-- \/ Yoast SEO plugin. -->","yoast_head_json":{"title":"Kosova, zyrtarisht an\u00ebtare e FMN dhe BB - Lajme nga Ulqini","description":"Presidenti i Kosov\u00ebs Fatmir Sejdiu dhe Kryeministri Hashim Tha\u00e7i n\u00ebnshkruan n\u00eb Uashington dokumentet e pranimit t\u00eb Kosov\u00ebs n\u00eb Fondin Monetar Nd\u00ebrkomb\u00ebtar","robots":{"index":"index","follow":"follow","max-snippet":"max-snippet:-1","max-image-preview":"max-image-preview:large","max-video-preview":"max-video-preview:-1"},"canonical":"https:\/\/www.visit-ulcinj.com\/blog\/2009\/06\/30\/kosova-zyrtarisht-anetare-e-fmn-dhe-bb\/","og_locale":"en_US","og_type":"article","og_title":"Kosova, zyrtarisht an\u00ebtare e FMN dhe BB - Lajme nga Ulqini","og_description":"Presidenti i Kosov\u00ebs Fatmir Sejdiu dhe Kryeministri Hashim Tha\u00e7i n\u00ebnshkruan n\u00eb Uashington dokumentet e pranimit t\u00eb Kosov\u00ebs n\u00eb Fondin Monetar Nd\u00ebrkomb\u00ebtar","og_url":"https:\/\/www.visit-ulcinj.com\/blog\/2009\/06\/30\/kosova-zyrtarisht-anetare-e-fmn-dhe-bb\/","og_site_name":"Lajme nga Ulqini","article_published_time":"2009-06-30T17:16:08+00:00","og_image":[{"url":"http:\/\/www.visit-ulcinj.com\/blog\/wp-content\/uploads\/2009\/06\/30delegachoni-kosovar-drejtori-i-bankes-boterore.jpg"}],"twitter_misc":{"Written by":"ulqini","Est. reading time":"1 minute"},"schema":{"@context":"https:\/\/schema.org","@graph":[{"@type":"WebSite","@id":"https:\/\/www.visit-ulcinj.com\/blog\/#website","url":"https:\/\/www.visit-ulcinj.com\/blog\/","name":"Lajme nga Ulqini","description":"Lajme,Vijesti,Ulqini,Ulqin,Crna Gora,Mali i Zi","potentialAction":[{"@type":"SearchAction","target":{"@type":"EntryPoint","urlTemplate":"https:\/\/www.visit-ulcinj.com\/blog\/?s={search_term_string}"},"query-input":"required name=search_term_string"}],"inLanguage":"en-US"},{"@type":"ImageObject","inLanguage":"en-US","@id":"https:\/\/www.visit-ulcinj.com\/blog\/2009\/06\/30\/kosova-zyrtarisht-anetare-e-fmn-dhe-bb\/#primaryimage","url":"https:\/\/www.visit-ulcinj.com\/blog\/wp-content\/uploads\/2009\/06\/30delegachoni-kosovar-drejtori-i-bankes-boterore.jpg","contentUrl":"https:\/\/www.visit-ulcinj.com\/blog\/wp-content\/uploads\/2009\/06\/30delegachoni-kosovar-drejtori-i-bankes-boterore.jpg","width":"600","height":"450"},{"@type":"WebPage","@id":"https:\/\/www.visit-ulcinj.com\/blog\/2009\/06\/30\/kosova-zyrtarisht-anetare-e-fmn-dhe-bb\/#webpage","url":"https:\/\/www.visit-ulcinj.com\/blog\/2009\/06\/30\/kosova-zyrtarisht-anetare-e-fmn-dhe-bb\/","name":"Kosova, zyrtarisht an\u00ebtare e FMN dhe BB - Lajme nga Ulqini","isPartOf":{"@id":"https:\/\/www.visit-ulcinj.com\/blog\/#website"},"primaryImageOfPage":{"@id":"https:\/\/www.visit-ulcinj.com\/blog\/2009\/06\/30\/kosova-zyrtarisht-anetare-e-fmn-dhe-bb\/#primaryimage"},"datePublished":"2009-06-30T17:16:08+00:00","dateModified":"2009-06-30T17:16:08+00:00","author":{"@id":"https:\/\/www.visit-ulcinj.com\/blog\/#\/schema\/person\/dcab619c614d3038751c63bc2aadc06d"},"description":"Presidenti i Kosov\u00ebs Fatmir Sejdiu dhe Kryeministri Hashim Tha\u00e7i n\u00ebnshkruan n\u00eb Uashington dokumentet e pranimit t\u00eb Kosov\u00ebs n\u00eb Fondin Monetar Nd\u00ebrkomb\u00ebtar","breadcrumb":{"@id":"https:\/\/www.visit-ulcinj.com\/blog\/2009\/06\/30\/kosova-zyrtarisht-anetare-e-fmn-dhe-bb\/#breadcrumb"},"inLanguage":"en-US","potentialAction":[{"@type":"ReadAction","target":["https:\/\/www.visit-ulcinj.com\/blog\/2009\/06\/30\/kosova-zyrtarisht-anetare-e-fmn-dhe-bb\/"]}]},{"@type":"BreadcrumbList","@id":"https:\/\/www.visit-ulcinj.com\/blog\/2009\/06\/30\/kosova-zyrtarisht-anetare-e-fmn-dhe-bb\/#breadcrumb","itemListElement":[{"@type":"ListItem","position":1,"name":"Kosova, zyrtarisht an\u00ebtare e FMN dhe BB"}]},{"@type":"Person","@id":"https:\/\/www.visit-ulcinj.com\/blog\/#\/schema\/person\/dcab619c614d3038751c63bc2aadc06d","name":"ulqini","sameAs":["http:\/\/www.visit-ulcinj.com"],"url":"https:\/\/www.visit-ulcinj.com\/blog\/author\/admin\/"}]}},"jetpack_featured_media_url":"","jetpack_sharing_enabled":true,"jetpack_shortlink":"https:\/\/wp.me\/pe6lTn-68g","_links":{"self":[{"href":"https:\/\/www.visit-ulcinj.com\/blog\/wp-json\/wp\/v2\/posts\/23576"}],"collection":[{"href":"https:\/\/www.visit-ulcinj.com\/blog\/wp-json\/wp\/v2\/posts"}],"about":[{"href":"https:\/\/www.visit-ulcinj.com\/blog\/wp-json\/wp\/v2\/types\/post"}],"author":[{"embeddable":true,"href":"https:\/\/www.visit-ulcinj.com\/blog\/wp-json\/wp\/v2\/users\/1"}],"replies":[{"embeddable":true,"href":"https:\/\/www.visit-ulcinj.com\/blog\/wp-json\/wp\/v2\/comments?post=23576"}],"version-history":[{"count":0,"href":"https:\/\/www.visit-ulcinj.com\/blog\/wp-json\/wp\/v2\/posts\/23576\/revisions"}],"wp:attachment":[{"href":"https:\/\/www.visit-ulcinj.com\/blog\/wp-json\/wp\/v2\/media?parent=23576"}],"wp:term":[{"taxonomy":"category","embeddable":true,"href":"https:\/\/www.visit-ulcinj.com\/blog\/wp-json\/wp\/v2\/categories?post=23576"},{"taxonomy":"post_tag","embeddable":true,"href":"https:\/\/www.visit-ulcinj.com\/blog\/wp-json\/wp\/v2\/tags?post=23576"}],"curies":[{"name":"wp","href":"https:\/\/api.w.org\/{rel}","templated":true}]}}