{"id":23580,"date":"2009-06-30T19:55:05","date_gmt":"2009-06-30T17:55:05","guid":{"rendered":"http:\/\/www.visit-ulcinj.com\/blog\/?p=23580"},"modified":"2009-06-30T21:29:26","modified_gmt":"2009-06-30T19:29:26","slug":"sinan-vllasaliu-dj-beka-do-kendoj-ne-bukurin-e-ulqinit","status":"publish","type":"post","link":"https:\/\/www.visit-ulcinj.com\/blog\/2009\/06\/30\/sinan-vllasaliu-dj-beka-do-kendoj-ne-bukurin-e-ulqinit\/","title":{"rendered":"Sinan Vllasaliu &#038; Dj Beka do kendoj ne Bukurin e Ulqinit"},"content":{"rendered":"<p><strong><a href=\"http:\/\/www.visit-ulcinj.com\/blog\/wp-content\/uploads\/2009\/06\/sinan-vllasaliu.2.jpg\"><img loading=\"lazy\" class=\"alignleft size-full wp-image-23582\" title=\"sinan vllasaliu.2\" src=\"http:\/\/www.visit-ulcinj.com\/blog\/wp-content\/uploads\/2009\/06\/sinan-vllasaliu.2.jpg\" alt=\"sinan vllasaliu.2\" width=\"360\" height=\"360\" \/><\/a>Sinani: \u2018Vajz\u00eb e klubeve t\u00eb nat\u00ebs\u2019 \u00ebsht\u00eb keqkuptuar<\/strong><br \/>\n\u201cVajz\u00eb e klubeve t\u00eb nat\u00ebs\u201d \u00ebsht\u00eb k\u00ebnga e tij e fundit e realizuar me videoklip. K\u00ebnga prek nj\u00eb tem\u00eb e cila Sinani mendon se duhet t\u00eb trajtohet m\u00eb shum\u00eb, edhe nga televizionet. Edhe pse ka pasur dhe ka keqkuptime p\u00ebr tekstin e saj, Sinani thot\u00eb se kjo k\u00ebng\u00eb \u00ebsht\u00eb n\u00eb favor t\u00eb femr\u00ebs. Se si femra s\u2019duhet t\u00eb jet\u00eb \u2013 ky \u00ebsht\u00eb mesazhi i k\u00ebng\u00ebs. \u201cUn\u00eb e kam arritur q\u00ebllimin, kam b\u00ebr\u00eb spotin k\u00ebtu, nj\u00eb spot i mir\u00eb, q\u00eb jep nj\u00eb mesazh t\u00eb mir\u00eb p\u00ebrmes nj\u00eb p\u00ebrralle t\u00eb vog\u00ebl\u201d, shprehet Sinan Vllasaliu, cili \u00ebsht\u00eb nd\u00ebr k\u00ebng\u00ebtar\u00ebt m\u00eb t\u00eb k\u00ebrkuar n\u00ebp\u00ebr mbr\u00ebmje muzike, ve\u00e7mas n\u00eb shtetet per\u00ebndimore. Por, tashm\u00eb ai \u00ebsht\u00eb kthyer n\u00eb Kosov\u00eb, ku do t\u2019i mbaj\u00eb disa mbr\u00ebmje, nd\u00ebrsa prej 8 korrikut do t\u00eb jet\u00eb n\u00eb Ulqin, bashk\u00eb me grupin e tij dhe Dj Bek\u00ebn. \u201cDo t\u00eb jemi atje te \u2018Bukuria e Ulqinit\u2019, ku do t\u00eb jen\u00eb edhe shum\u00eb koleg\u00eb tan\u00ebt\u201d, shprehet ai, i cili beson se ashtu sikurse edhe vjet, do t\u00eb kalojn\u00eb shum\u00eb mir\u00eb. Sa p\u00ebr Ulqinin, thot\u00eb se \u00ebsht\u00eb nd\u00ebr plazhet m\u00eb t\u00eb bukura. \u201cKam sh\u00ebtitur shum\u00eb vende, por bukurin\u00eb q\u00eb ofron Ulqini, deti Adriatik, natyr\u00ebn q\u00eb ka, dy plazhet, t\u00eb madhin e t\u00eb voglin dhe mbi t\u00eb gjitha ka qytetin m\u00eb t\u00eb mir\u00eb n\u00eb Ballkan p\u00ebr sa i p\u00ebrket jet\u00ebs s\u00eb nat\u00ebs dhe rinis\u00eb\u201d, vler\u00ebson k\u00ebng\u00ebtari Vllasaliu n\u00eb emisionin \u201cNj\u00eb kafe me Labin\u201d, duke ftuar q\u00eb shqiptar\u00ebt t\u2019i b\u00ebjn\u00eb pushimet e tyre n\u00eb plazhet shqiptare.<\/p>\n<p><strong>Violet\u00eb Pllana<br \/>\nBota Sot<\/strong><\/p>\n<div><strong><\/p>\n<p><\/strong><\/div>\n<p><strong>\u00a0<\/p>\n<p><\/strong><\/p>\n<p><strong><!--YouTube Error: bad URL entered--><br \/>\n<\/strong><\/p>\n","protected":false},"excerpt":{"rendered":"<p>Sinani: \u2018Vajz\u00eb e klubeve t\u00eb nat\u00ebs\u2019 \u00ebsht\u00eb keqkuptuar \u201cVajz\u00eb e klubeve t\u00eb nat\u00ebs\u201d \u00ebsht\u00eb k\u00ebnga e tij e fundit e realizuar me videoklip. K\u00ebnga prek nj\u00eb tem\u00eb e cila Sinani mendon se duhet t\u00eb trajtohet m\u00eb shum\u00eb, edhe nga televizionet. Edhe pse ka pasur dhe ka keqkuptime p\u00ebr tekstin e saj, Sinani thot\u00eb se kjo [&hellip;]<\/p>\n","protected":false},"author":1,"featured_media":0,"comment_status":"open","ping_status":"closed","sticky":false,"template":"","format":"standard","meta":{"spay_email":"","jetpack_publicize_message":"","jetpack_is_tweetstorm":false,"jetpack_publicize_feature_enabled":true},"categories":[1],"tags":[11677,11675,11676,11674,5048,11673],"jetpack_publicize_connections":[],"yoast_head":"<!-- This site is optimized with the Yoast SEO plugin v19.1 - https:\/\/yoast.com\/wordpress\/plugins\/seo\/ -->\n<title>Sinan Vllasaliu &amp; Dj Beka do kendoj ne Bukurin e Ulqinit - Lajme nga Ulqini<\/title>\n<meta name=\"description\" content=\"Sinani: \u2018Vajz\u00eb e klubeve t\u00eb nat\u00ebs\u2019 \u00ebsht\u00eb keqkuptuar \u201cVajz\u00eb e klubeve t\u00eb nat\u00ebs\u201d \u00ebsht\u00eb k\u00ebnga e tij e fundit e realizuar me videoklip. K\u00ebnga prek nj\u00eb tem\u00eb e\" \/>\n<meta name=\"robots\" content=\"index, follow, max-snippet:-1, max-image-preview:large, max-video-preview:-1\" \/>\n<link rel=\"canonical\" href=\"https:\/\/www.visit-ulcinj.com\/blog\/2009\/06\/30\/sinan-vllasaliu-dj-beka-do-kendoj-ne-bukurin-e-ulqinit\/\" \/>\n<meta property=\"og:locale\" content=\"en_US\" \/>\n<meta property=\"og:type\" content=\"article\" \/>\n<meta property=\"og:title\" content=\"Sinan Vllasaliu &amp; Dj Beka do kendoj ne Bukurin e Ulqinit - Lajme nga Ulqini\" \/>\n<meta property=\"og:description\" content=\"Sinani: \u2018Vajz\u00eb e klubeve t\u00eb nat\u00ebs\u2019 \u00ebsht\u00eb keqkuptuar \u201cVajz\u00eb e klubeve t\u00eb nat\u00ebs\u201d \u00ebsht\u00eb k\u00ebnga e tij e fundit e realizuar me videoklip. K\u00ebnga prek nj\u00eb tem\u00eb e\" \/>\n<meta property=\"og:url\" content=\"https:\/\/www.visit-ulcinj.com\/blog\/2009\/06\/30\/sinan-vllasaliu-dj-beka-do-kendoj-ne-bukurin-e-ulqinit\/\" \/>\n<meta property=\"og:site_name\" content=\"Lajme nga Ulqini\" \/>\n<meta property=\"article:published_time\" content=\"2009-06-30T17:55:05+00:00\" \/>\n<meta property=\"article:modified_time\" content=\"2009-06-30T19:29:26+00:00\" \/>\n<meta property=\"og:image\" content=\"https:\/\/www.visit-ulcinj.com\/blog\/wp-content\/uploads\/2009\/06\/sinan-vllasaliu.1-150x150.jpg\" \/>\n<meta name=\"twitter:label1\" content=\"Written by\" \/>\n\t<meta name=\"twitter:data1\" content=\"ulqini\" \/>\n\t<meta name=\"twitter:label2\" content=\"Est. reading time\" \/>\n\t<meta name=\"twitter:data2\" content=\"2 minutes\" \/>\n<script type=\"application\/ld+json\" class=\"yoast-schema-graph\">{\"@context\":\"https:\/\/schema.org\",\"@graph\":[{\"@type\":\"WebSite\",\"@id\":\"https:\/\/www.visit-ulcinj.com\/blog\/#website\",\"url\":\"https:\/\/www.visit-ulcinj.com\/blog\/\",\"name\":\"Lajme nga Ulqini\",\"description\":\"Lajme,Vijesti,Ulqini,Ulqin,Crna Gora,Mali i Zi\",\"potentialAction\":[{\"@type\":\"SearchAction\",\"target\":{\"@type\":\"EntryPoint\",\"urlTemplate\":\"https:\/\/www.visit-ulcinj.com\/blog\/?s={search_term_string}\"},\"query-input\":\"required name=search_term_string\"}],\"inLanguage\":\"en-US\"},{\"@type\":\"ImageObject\",\"inLanguage\":\"en-US\",\"@id\":\"https:\/\/www.visit-ulcinj.com\/blog\/2009\/06\/30\/sinan-vllasaliu-dj-beka-do-kendoj-ne-bukurin-e-ulqinit\/#primaryimage\",\"url\":\"http:\/\/www.visit-ulcinj.com\/blog\/wp-content\/uploads\/2009\/06\/sinan-vllasaliu.2.jpg\",\"contentUrl\":\"http:\/\/www.visit-ulcinj.com\/blog\/wp-content\/uploads\/2009\/06\/sinan-vllasaliu.2.jpg\"},{\"@type\":\"WebPage\",\"@id\":\"https:\/\/www.visit-ulcinj.com\/blog\/2009\/06\/30\/sinan-vllasaliu-dj-beka-do-kendoj-ne-bukurin-e-ulqinit\/#webpage\",\"url\":\"https:\/\/www.visit-ulcinj.com\/blog\/2009\/06\/30\/sinan-vllasaliu-dj-beka-do-kendoj-ne-bukurin-e-ulqinit\/\",\"name\":\"Sinan Vllasaliu & Dj Beka do kendoj ne Bukurin e Ulqinit - Lajme nga Ulqini\",\"isPartOf\":{\"@id\":\"https:\/\/www.visit-ulcinj.com\/blog\/#website\"},\"primaryImageOfPage\":{\"@id\":\"https:\/\/www.visit-ulcinj.com\/blog\/2009\/06\/30\/sinan-vllasaliu-dj-beka-do-kendoj-ne-bukurin-e-ulqinit\/#primaryimage\"},\"datePublished\":\"2009-06-30T17:55:05+00:00\",\"dateModified\":\"2009-06-30T19:29:26+00:00\",\"author\":{\"@id\":\"https:\/\/www.visit-ulcinj.com\/blog\/#\/schema\/person\/dcab619c614d3038751c63bc2aadc06d\"},\"description\":\"Sinani: \u2018Vajz\u00eb e klubeve t\u00eb nat\u00ebs\u2019 \u00ebsht\u00eb keqkuptuar \u201cVajz\u00eb e klubeve t\u00eb nat\u00ebs\u201d \u00ebsht\u00eb k\u00ebnga e tij e fundit e realizuar me videoklip. K\u00ebnga prek nj\u00eb tem\u00eb e\",\"breadcrumb\":{\"@id\":\"https:\/\/www.visit-ulcinj.com\/blog\/2009\/06\/30\/sinan-vllasaliu-dj-beka-do-kendoj-ne-bukurin-e-ulqinit\/#breadcrumb\"},\"inLanguage\":\"en-US\",\"potentialAction\":[{\"@type\":\"ReadAction\",\"target\":[\"https:\/\/www.visit-ulcinj.com\/blog\/2009\/06\/30\/sinan-vllasaliu-dj-beka-do-kendoj-ne-bukurin-e-ulqinit\/\"]}]},{\"@type\":\"BreadcrumbList\",\"@id\":\"https:\/\/www.visit-ulcinj.com\/blog\/2009\/06\/30\/sinan-vllasaliu-dj-beka-do-kendoj-ne-bukurin-e-ulqinit\/#breadcrumb\",\"itemListElement\":[{\"@type\":\"ListItem\",\"position\":1,\"name\":\"Sinan Vllasaliu &#038; Dj Beka do kendoj ne Bukurin e Ulqinit\"}]},{\"@type\":\"Person\",\"@id\":\"https:\/\/www.visit-ulcinj.com\/blog\/#\/schema\/person\/dcab619c614d3038751c63bc2aadc06d\",\"name\":\"ulqini\",\"sameAs\":[\"http:\/\/www.visit-ulcinj.com\"],\"url\":\"https:\/\/www.visit-ulcinj.com\/blog\/author\/admin\/\"}]}<\/script>\n<!-- \/ Yoast SEO plugin. -->","yoast_head_json":{"title":"Sinan Vllasaliu & Dj Beka do kendoj ne Bukurin e Ulqinit - Lajme nga Ulqini","description":"Sinani: \u2018Vajz\u00eb e klubeve t\u00eb nat\u00ebs\u2019 \u00ebsht\u00eb keqkuptuar \u201cVajz\u00eb e klubeve t\u00eb nat\u00ebs\u201d \u00ebsht\u00eb k\u00ebnga e tij e fundit e realizuar me videoklip. K\u00ebnga prek nj\u00eb tem\u00eb e","robots":{"index":"index","follow":"follow","max-snippet":"max-snippet:-1","max-image-preview":"max-image-preview:large","max-video-preview":"max-video-preview:-1"},"canonical":"https:\/\/www.visit-ulcinj.com\/blog\/2009\/06\/30\/sinan-vllasaliu-dj-beka-do-kendoj-ne-bukurin-e-ulqinit\/","og_locale":"en_US","og_type":"article","og_title":"Sinan Vllasaliu & Dj Beka do kendoj ne Bukurin e Ulqinit - Lajme nga Ulqini","og_description":"Sinani: \u2018Vajz\u00eb e klubeve t\u00eb nat\u00ebs\u2019 \u00ebsht\u00eb keqkuptuar \u201cVajz\u00eb e klubeve t\u00eb nat\u00ebs\u201d \u00ebsht\u00eb k\u00ebnga e tij e fundit e realizuar me videoklip. K\u00ebnga prek nj\u00eb tem\u00eb e","og_url":"https:\/\/www.visit-ulcinj.com\/blog\/2009\/06\/30\/sinan-vllasaliu-dj-beka-do-kendoj-ne-bukurin-e-ulqinit\/","og_site_name":"Lajme nga Ulqini","article_published_time":"2009-06-30T17:55:05+00:00","article_modified_time":"2009-06-30T19:29:26+00:00","og_image":[{"url":"https:\/\/www.visit-ulcinj.com\/blog\/wp-content\/uploads\/2009\/06\/sinan-vllasaliu.1-150x150.jpg"}],"twitter_misc":{"Written by":"ulqini","Est. reading time":"2 minutes"},"schema":{"@context":"https:\/\/schema.org","@graph":[{"@type":"WebSite","@id":"https:\/\/www.visit-ulcinj.com\/blog\/#website","url":"https:\/\/www.visit-ulcinj.com\/blog\/","name":"Lajme nga Ulqini","description":"Lajme,Vijesti,Ulqini,Ulqin,Crna Gora,Mali i Zi","potentialAction":[{"@type":"SearchAction","target":{"@type":"EntryPoint","urlTemplate":"https:\/\/www.visit-ulcinj.com\/blog\/?s={search_term_string}"},"query-input":"required name=search_term_string"}],"inLanguage":"en-US"},{"@type":"ImageObject","inLanguage":"en-US","@id":"https:\/\/www.visit-ulcinj.com\/blog\/2009\/06\/30\/sinan-vllasaliu-dj-beka-do-kendoj-ne-bukurin-e-ulqinit\/#primaryimage","url":"http:\/\/www.visit-ulcinj.com\/blog\/wp-content\/uploads\/2009\/06\/sinan-vllasaliu.2.jpg","contentUrl":"http:\/\/www.visit-ulcinj.com\/blog\/wp-content\/uploads\/2009\/06\/sinan-vllasaliu.2.jpg"},{"@type":"WebPage","@id":"https:\/\/www.visit-ulcinj.com\/blog\/2009\/06\/30\/sinan-vllasaliu-dj-beka-do-kendoj-ne-bukurin-e-ulqinit\/#webpage","url":"https:\/\/www.visit-ulcinj.com\/blog\/2009\/06\/30\/sinan-vllasaliu-dj-beka-do-kendoj-ne-bukurin-e-ulqinit\/","name":"Sinan Vllasaliu & Dj Beka do kendoj ne Bukurin e Ulqinit - Lajme nga Ulqini","isPartOf":{"@id":"https:\/\/www.visit-ulcinj.com\/blog\/#website"},"primaryImageOfPage":{"@id":"https:\/\/www.visit-ulcinj.com\/blog\/2009\/06\/30\/sinan-vllasaliu-dj-beka-do-kendoj-ne-bukurin-e-ulqinit\/#primaryimage"},"datePublished":"2009-06-30T17:55:05+00:00","dateModified":"2009-06-30T19:29:26+00:00","author":{"@id":"https:\/\/www.visit-ulcinj.com\/blog\/#\/schema\/person\/dcab619c614d3038751c63bc2aadc06d"},"description":"Sinani: \u2018Vajz\u00eb e klubeve t\u00eb nat\u00ebs\u2019 \u00ebsht\u00eb keqkuptuar \u201cVajz\u00eb e klubeve t\u00eb nat\u00ebs\u201d \u00ebsht\u00eb k\u00ebnga e tij e fundit e realizuar me videoklip. K\u00ebnga prek nj\u00eb tem\u00eb e","breadcrumb":{"@id":"https:\/\/www.visit-ulcinj.com\/blog\/2009\/06\/30\/sinan-vllasaliu-dj-beka-do-kendoj-ne-bukurin-e-ulqinit\/#breadcrumb"},"inLanguage":"en-US","potentialAction":[{"@type":"ReadAction","target":["https:\/\/www.visit-ulcinj.com\/blog\/2009\/06\/30\/sinan-vllasaliu-dj-beka-do-kendoj-ne-bukurin-e-ulqinit\/"]}]},{"@type":"BreadcrumbList","@id":"https:\/\/www.visit-ulcinj.com\/blog\/2009\/06\/30\/sinan-vllasaliu-dj-beka-do-kendoj-ne-bukurin-e-ulqinit\/#breadcrumb","itemListElement":[{"@type":"ListItem","position":1,"name":"Sinan Vllasaliu &#038; Dj Beka do kendoj ne Bukurin e Ulqinit"}]},{"@type":"Person","@id":"https:\/\/www.visit-ulcinj.com\/blog\/#\/schema\/person\/dcab619c614d3038751c63bc2aadc06d","name":"ulqini","sameAs":["http:\/\/www.visit-ulcinj.com"],"url":"https:\/\/www.visit-ulcinj.com\/blog\/author\/admin\/"}]}},"jetpack_featured_media_url":"","jetpack_sharing_enabled":true,"jetpack_shortlink":"https:\/\/wp.me\/pe6lTn-68k","_links":{"self":[{"href":"https:\/\/www.visit-ulcinj.com\/blog\/wp-json\/wp\/v2\/posts\/23580"}],"collection":[{"href":"https:\/\/www.visit-ulcinj.com\/blog\/wp-json\/wp\/v2\/posts"}],"about":[{"href":"https:\/\/www.visit-ulcinj.com\/blog\/wp-json\/wp\/v2\/types\/post"}],"author":[{"embeddable":true,"href":"https:\/\/www.visit-ulcinj.com\/blog\/wp-json\/wp\/v2\/users\/1"}],"replies":[{"embeddable":true,"href":"https:\/\/www.visit-ulcinj.com\/blog\/wp-json\/wp\/v2\/comments?post=23580"}],"version-history":[{"count":0,"href":"https:\/\/www.visit-ulcinj.com\/blog\/wp-json\/wp\/v2\/posts\/23580\/revisions"}],"wp:attachment":[{"href":"https:\/\/www.visit-ulcinj.com\/blog\/wp-json\/wp\/v2\/media?parent=23580"}],"wp:term":[{"taxonomy":"category","embeddable":true,"href":"https:\/\/www.visit-ulcinj.com\/blog\/wp-json\/wp\/v2\/categories?post=23580"},{"taxonomy":"post_tag","embeddable":true,"href":"https:\/\/www.visit-ulcinj.com\/blog\/wp-json\/wp\/v2\/tags?post=23580"}],"curies":[{"name":"wp","href":"https:\/\/api.w.org\/{rel}","templated":true}]}}