{"id":23586,"date":"2009-06-30T20:31:48","date_gmt":"2009-06-30T18:31:48","guid":{"rendered":"http:\/\/www.visit-ulcinj.com\/blog\/?p=23586"},"modified":"2009-06-30T20:31:48","modified_gmt":"2009-06-30T18:31:48","slug":"leonora-fejza-merr-ftese-per-%e2%80%9cmiss-montenegro","status":"publish","type":"post","link":"https:\/\/www.visit-ulcinj.com\/blog\/2009\/06\/30\/leonora-fejza-merr-ftese-per-%e2%80%9cmiss-montenegro\/","title":{"rendered":"Leonora Fejza merr ftes\u00eb p\u00ebr \u201cMiss Montenegro"},"content":{"rendered":"<p><a href=\"http:\/\/www.visit-ulcinj.com\/blog\/wp-content\/uploads\/2009\/06\/Leonora-Fejza.1.jpg\"><img loading=\"lazy\" class=\"alignleft size-full wp-image-23587\" title=\"Leonora Fejza.1\" src=\"http:\/\/www.visit-ulcinj.com\/blog\/wp-content\/uploads\/2009\/06\/Leonora-Fejza.1.jpg\" alt=\"Leonora Fejza.1\" width=\"580\" height=\"376\" \/><\/a>Bukuroshja kosovare, Leonora Fejza, para pak dit\u00ebsh ka dor\u00ebzuar kuror\u00ebn e m\u00eb t\u00eb bukures, t\u00eb plazhit t\u00eb famsh\u00ebm \u201cCopacabana&#8221;? n\u00eb Ulqin, q\u00eb e kishte fituar n\u00eb vitin 2006.<br \/>\nDhe sapo ka dor\u00ebzuar nj\u00eb kurore, asaj i jan\u00eb hapur dyert p\u00ebr t\u00eb fituar kurora t\u00eb tjera. Nor\u00ebs i ka ardhur nj\u00eb ftes\u00eb p\u00ebr t\u00eb marr\u00eb pjes\u00eb n\u00eb spektaklin \u201cMiss Montenegro\u201d.<br \/>\nP\u00ebr Telegrafin, ajo shpjegon se ende nuk e di, n\u00ebse do ta pranoj\u00eb k\u00ebt\u00eb ftes\u00eb \u2013 mir\u00ebpo n\u00ebse e pranon at\u00eb \u2013 \u00ebsht\u00eb e bindur se do t\u00eb shkoj\u00eb p\u00ebr t\u00eb fituar, pasi q\u00eb, sipas saj, \u201ct\u00eb pakt\u00ebn n\u00eb Mal t\u00eb Zi, din\u00eb ta \u00e7mojn\u00eb t\u00eb bukuren\u201d.<br \/>\nNuk \u00ebsht\u00eb vet\u00ebm kjo ofert\u00eb q\u00eb ka trokitur n\u00eb dyert e Nor\u00ebs. Ajo ka shum\u00eb plane dhe shum\u00eb oferta. \u201cShum\u00eb oferta m\u00eb jan\u00eb b\u00ebr\u00eb, qysh kur fillova si fotomodele n\u00eb vitin 2002. Ka prej atyre qe kam pranuar, disa jan\u00eb n\u00eb realizim e sip\u00ebr &#8211; por ka edhe shum\u00eb t\u00eb tilla q\u00eb i kam refuzuar p\u00ebr arsye t\u00eb mia\u201d, thot\u00eb Nora, e cila n\u00eb vitin 2006, n\u00eb spektaklin \u201cMiss Kosova\u201d, kishte fituar \u00e7mimet, \u201cP\u00ebrcjell\u00ebsja e par\u00eb\u201d dhe \u201cMiss Press\u201c.<br \/>\n\u201cPata ftes\u00ebn edhe p\u00ebr \u2018Miss Albania\u2019, mir\u00ebpo angazhimet n\u00eb disa projekte nuk m\u00eb lan\u00eb q\u00eb t\u00eb merrja pjes\u00eb &#8211; por t\u00eb shohim p\u00ebr vitin q\u00eb vjen\u201d, shton ajo.<br \/>\nSe cili \u00ebsht\u00eb sekreti i sukseseve t\u00eb saj n\u00eb modeliz\u00ebm, garat e bukuris\u00eb dhe profesionin e gazetares\/moderatores n\u00eb radion m\u00eb t\u00eb d\u00ebgjuar n\u00eb Kosov\u00eb, Dukagjini, Nora shpehet: \u201c\u00c7do gj\u00eb q\u00eb b\u00ebjm\u00eb ka sekretin e vet &#8211; por jo sekret tamam n\u00eb kuptimin e plot\u00eb t\u00eb fjal\u00ebs. E kam th\u00ebn\u00eb shum\u00eb her\u00eb &#8211; \u00ebsht\u00eb thjesht PUNA &#8211; dhe ndaj \u00e7do pune jam shum\u00eb e nd\u00ebrgjegjshme\u201d.<br \/>\nE sa p\u00ebr dukjen e saj \u2013 thot\u00eb se kujdeset salloni i bukuris\u00eb \u201cVip Tirana\u201d, nd\u00ebrsa p\u00ebr veshjet e saj &#8211; kreatorja e mod\u00ebs, Merita Shala.<br \/>\n<strong><br \/>\nLet\u00ebrnjoftimi<\/strong><\/p>\n<p><strong>Emri dhe mbiemri: Leonora Fejza<\/strong><br \/>\nDit\u00eblindja: 22.04.1986<br \/>\nVendlindja: Mitrovic\u00eb<br \/>\nHoroskopi: Demi<br \/>\nPesha: 54 kg<br \/>\nGjat\u00ebsia: 180 cm<\/p>\n<p><strong>Telegrafi<br \/>\n<br \/>\n<!--YouTube Error: bad URL entered--><\/strong><\/p>\n","protected":false},"excerpt":{"rendered":"<p>Bukuroshja kosovare, Leonora Fejza, para pak dit\u00ebsh ka dor\u00ebzuar kuror\u00ebn e m\u00eb t\u00eb bukures, t\u00eb plazhit t\u00eb famsh\u00ebm \u201cCopacabana&#8221;? n\u00eb Ulqin, q\u00eb e kishte fituar n\u00eb vitin 2006. Dhe sapo ka dor\u00ebzuar nj\u00eb kurore, asaj i jan\u00eb hapur dyert p\u00ebr t\u00eb fituar kurora t\u00eb tjera. Nor\u00ebs i ka ardhur nj\u00eb ftes\u00eb p\u00ebr t\u00eb marr\u00eb pjes\u00eb [&hellip;]<\/p>\n","protected":false},"author":1,"featured_media":0,"comment_status":"open","ping_status":"closed","sticky":false,"template":"","format":"standard","meta":{"spay_email":"","jetpack_publicize_message":"","jetpack_is_tweetstorm":false,"jetpack_publicize_feature_enabled":true},"categories":[1],"tags":[2105,11678,95,11683,11682,5494,11680,11681,11679,200,18,11684],"jetpack_publicize_connections":[],"yoast_head":"<!-- This site is optimized with the Yoast SEO plugin v19.1 - https:\/\/yoast.com\/wordpress\/plugins\/seo\/ -->\n<title>Leonora Fejza merr ftes\u00eb p\u00ebr \u201cMiss Montenegro - Lajme nga Ulqini<\/title>\n<meta name=\"description\" content=\"Bukuroshja kosovare, Leonora Fejza, para pak dit\u00ebsh ka dor\u00ebzuar kuror\u00ebn e m\u00eb t\u00eb bukures, t\u00eb plazhit t\u00eb famsh\u00ebm \u201cCopacabana&quot;? n\u00eb Ulqin, q\u00eb e kishte fituar\" \/>\n<meta name=\"robots\" content=\"index, follow, max-snippet:-1, max-image-preview:large, max-video-preview:-1\" \/>\n<link rel=\"canonical\" href=\"https:\/\/www.visit-ulcinj.com\/blog\/2009\/06\/30\/leonora-fejza-merr-ftese-per-\u201cmiss-montenegro\/\" \/>\n<meta property=\"og:locale\" content=\"en_US\" \/>\n<meta property=\"og:type\" content=\"article\" \/>\n<meta property=\"og:title\" content=\"Leonora Fejza merr ftes\u00eb p\u00ebr \u201cMiss Montenegro - Lajme nga Ulqini\" \/>\n<meta property=\"og:description\" content=\"Bukuroshja kosovare, Leonora Fejza, para pak dit\u00ebsh ka dor\u00ebzuar kuror\u00ebn e m\u00eb t\u00eb bukures, t\u00eb plazhit t\u00eb famsh\u00ebm \u201cCopacabana&quot;? n\u00eb Ulqin, q\u00eb e kishte fituar\" \/>\n<meta property=\"og:url\" content=\"https:\/\/www.visit-ulcinj.com\/blog\/2009\/06\/30\/leonora-fejza-merr-ftese-per-\u201cmiss-montenegro\/\" \/>\n<meta property=\"og:site_name\" content=\"Lajme nga Ulqini\" \/>\n<meta property=\"article:published_time\" content=\"2009-06-30T18:31:48+00:00\" \/>\n<meta property=\"og:image\" content=\"https:\/\/www.visit-ulcinj.com\/blog\/wp-content\/uploads\/2009\/06\/Leonora-Fejza.1-150x150.jpg\" \/>\n<meta name=\"twitter:label1\" content=\"Written by\" \/>\n\t<meta name=\"twitter:data1\" content=\"ulqini\" \/>\n\t<meta name=\"twitter:label2\" content=\"Est. reading time\" \/>\n\t<meta name=\"twitter:data2\" content=\"2 minutes\" \/>\n<script type=\"application\/ld+json\" class=\"yoast-schema-graph\">{\"@context\":\"https:\/\/schema.org\",\"@graph\":[{\"@type\":\"WebSite\",\"@id\":\"https:\/\/www.visit-ulcinj.com\/blog\/#website\",\"url\":\"https:\/\/www.visit-ulcinj.com\/blog\/\",\"name\":\"Lajme nga Ulqini\",\"description\":\"Lajme,Vijesti,Ulqini,Ulqin,Crna Gora,Mali i Zi\",\"potentialAction\":[{\"@type\":\"SearchAction\",\"target\":{\"@type\":\"EntryPoint\",\"urlTemplate\":\"https:\/\/www.visit-ulcinj.com\/blog\/?s={search_term_string}\"},\"query-input\":\"required name=search_term_string\"}],\"inLanguage\":\"en-US\"},{\"@type\":\"ImageObject\",\"inLanguage\":\"en-US\",\"@id\":\"https:\/\/www.visit-ulcinj.com\/blog\/2009\/06\/30\/leonora-fejza-merr-ftese-per-%e2%80%9cmiss-montenegro\/#primaryimage\",\"url\":\"http:\/\/www.visit-ulcinj.com\/blog\/wp-content\/uploads\/2009\/06\/Leonora-Fejza.1.jpg\",\"contentUrl\":\"http:\/\/www.visit-ulcinj.com\/blog\/wp-content\/uploads\/2009\/06\/Leonora-Fejza.1.jpg\"},{\"@type\":\"WebPage\",\"@id\":\"https:\/\/www.visit-ulcinj.com\/blog\/2009\/06\/30\/leonora-fejza-merr-ftese-per-%e2%80%9cmiss-montenegro\/#webpage\",\"url\":\"https:\/\/www.visit-ulcinj.com\/blog\/2009\/06\/30\/leonora-fejza-merr-ftese-per-%e2%80%9cmiss-montenegro\/\",\"name\":\"Leonora Fejza merr ftes\u00eb p\u00ebr \u201cMiss Montenegro - Lajme nga Ulqini\",\"isPartOf\":{\"@id\":\"https:\/\/www.visit-ulcinj.com\/blog\/#website\"},\"primaryImageOfPage\":{\"@id\":\"https:\/\/www.visit-ulcinj.com\/blog\/2009\/06\/30\/leonora-fejza-merr-ftese-per-%e2%80%9cmiss-montenegro\/#primaryimage\"},\"datePublished\":\"2009-06-30T18:31:48+00:00\",\"dateModified\":\"2009-06-30T18:31:48+00:00\",\"author\":{\"@id\":\"https:\/\/www.visit-ulcinj.com\/blog\/#\/schema\/person\/dcab619c614d3038751c63bc2aadc06d\"},\"description\":\"Bukuroshja kosovare, Leonora Fejza, para pak dit\u00ebsh ka dor\u00ebzuar kuror\u00ebn e m\u00eb t\u00eb bukures, t\u00eb plazhit t\u00eb famsh\u00ebm \u201cCopacabana\\\"? n\u00eb Ulqin, q\u00eb e kishte fituar\",\"breadcrumb\":{\"@id\":\"https:\/\/www.visit-ulcinj.com\/blog\/2009\/06\/30\/leonora-fejza-merr-ftese-per-%e2%80%9cmiss-montenegro\/#breadcrumb\"},\"inLanguage\":\"en-US\",\"potentialAction\":[{\"@type\":\"ReadAction\",\"target\":[\"https:\/\/www.visit-ulcinj.com\/blog\/2009\/06\/30\/leonora-fejza-merr-ftese-per-%e2%80%9cmiss-montenegro\/\"]}]},{\"@type\":\"BreadcrumbList\",\"@id\":\"https:\/\/www.visit-ulcinj.com\/blog\/2009\/06\/30\/leonora-fejza-merr-ftese-per-%e2%80%9cmiss-montenegro\/#breadcrumb\",\"itemListElement\":[{\"@type\":\"ListItem\",\"position\":1,\"name\":\"Leonora Fejza merr ftes\u00eb p\u00ebr \u201cMiss Montenegro\"}]},{\"@type\":\"Person\",\"@id\":\"https:\/\/www.visit-ulcinj.com\/blog\/#\/schema\/person\/dcab619c614d3038751c63bc2aadc06d\",\"name\":\"ulqini\",\"sameAs\":[\"http:\/\/www.visit-ulcinj.com\"],\"url\":\"https:\/\/www.visit-ulcinj.com\/blog\/author\/admin\/\"}]}<\/script>\n<!-- \/ Yoast SEO plugin. -->","yoast_head_json":{"title":"Leonora Fejza merr ftes\u00eb p\u00ebr \u201cMiss Montenegro - Lajme nga Ulqini","description":"Bukuroshja kosovare, Leonora Fejza, para pak dit\u00ebsh ka dor\u00ebzuar kuror\u00ebn e m\u00eb t\u00eb bukures, t\u00eb plazhit t\u00eb famsh\u00ebm \u201cCopacabana\"? n\u00eb Ulqin, q\u00eb e kishte fituar","robots":{"index":"index","follow":"follow","max-snippet":"max-snippet:-1","max-image-preview":"max-image-preview:large","max-video-preview":"max-video-preview:-1"},"canonical":"https:\/\/www.visit-ulcinj.com\/blog\/2009\/06\/30\/leonora-fejza-merr-ftese-per-\u201cmiss-montenegro\/","og_locale":"en_US","og_type":"article","og_title":"Leonora Fejza merr ftes\u00eb p\u00ebr \u201cMiss Montenegro - Lajme nga Ulqini","og_description":"Bukuroshja kosovare, Leonora Fejza, para pak dit\u00ebsh ka dor\u00ebzuar kuror\u00ebn e m\u00eb t\u00eb bukures, t\u00eb plazhit t\u00eb famsh\u00ebm \u201cCopacabana\"? n\u00eb Ulqin, q\u00eb e kishte fituar","og_url":"https:\/\/www.visit-ulcinj.com\/blog\/2009\/06\/30\/leonora-fejza-merr-ftese-per-\u201cmiss-montenegro\/","og_site_name":"Lajme nga Ulqini","article_published_time":"2009-06-30T18:31:48+00:00","og_image":[{"url":"https:\/\/www.visit-ulcinj.com\/blog\/wp-content\/uploads\/2009\/06\/Leonora-Fejza.1-150x150.jpg"}],"twitter_misc":{"Written by":"ulqini","Est. reading time":"2 minutes"},"schema":{"@context":"https:\/\/schema.org","@graph":[{"@type":"WebSite","@id":"https:\/\/www.visit-ulcinj.com\/blog\/#website","url":"https:\/\/www.visit-ulcinj.com\/blog\/","name":"Lajme nga Ulqini","description":"Lajme,Vijesti,Ulqini,Ulqin,Crna Gora,Mali i Zi","potentialAction":[{"@type":"SearchAction","target":{"@type":"EntryPoint","urlTemplate":"https:\/\/www.visit-ulcinj.com\/blog\/?s={search_term_string}"},"query-input":"required name=search_term_string"}],"inLanguage":"en-US"},{"@type":"ImageObject","inLanguage":"en-US","@id":"https:\/\/www.visit-ulcinj.com\/blog\/2009\/06\/30\/leonora-fejza-merr-ftese-per-%e2%80%9cmiss-montenegro\/#primaryimage","url":"http:\/\/www.visit-ulcinj.com\/blog\/wp-content\/uploads\/2009\/06\/Leonora-Fejza.1.jpg","contentUrl":"http:\/\/www.visit-ulcinj.com\/blog\/wp-content\/uploads\/2009\/06\/Leonora-Fejza.1.jpg"},{"@type":"WebPage","@id":"https:\/\/www.visit-ulcinj.com\/blog\/2009\/06\/30\/leonora-fejza-merr-ftese-per-%e2%80%9cmiss-montenegro\/#webpage","url":"https:\/\/www.visit-ulcinj.com\/blog\/2009\/06\/30\/leonora-fejza-merr-ftese-per-%e2%80%9cmiss-montenegro\/","name":"Leonora Fejza merr ftes\u00eb p\u00ebr \u201cMiss Montenegro - Lajme nga Ulqini","isPartOf":{"@id":"https:\/\/www.visit-ulcinj.com\/blog\/#website"},"primaryImageOfPage":{"@id":"https:\/\/www.visit-ulcinj.com\/blog\/2009\/06\/30\/leonora-fejza-merr-ftese-per-%e2%80%9cmiss-montenegro\/#primaryimage"},"datePublished":"2009-06-30T18:31:48+00:00","dateModified":"2009-06-30T18:31:48+00:00","author":{"@id":"https:\/\/www.visit-ulcinj.com\/blog\/#\/schema\/person\/dcab619c614d3038751c63bc2aadc06d"},"description":"Bukuroshja kosovare, Leonora Fejza, para pak dit\u00ebsh ka dor\u00ebzuar kuror\u00ebn e m\u00eb t\u00eb bukures, t\u00eb plazhit t\u00eb famsh\u00ebm \u201cCopacabana\"? n\u00eb Ulqin, q\u00eb e kishte fituar","breadcrumb":{"@id":"https:\/\/www.visit-ulcinj.com\/blog\/2009\/06\/30\/leonora-fejza-merr-ftese-per-%e2%80%9cmiss-montenegro\/#breadcrumb"},"inLanguage":"en-US","potentialAction":[{"@type":"ReadAction","target":["https:\/\/www.visit-ulcinj.com\/blog\/2009\/06\/30\/leonora-fejza-merr-ftese-per-%e2%80%9cmiss-montenegro\/"]}]},{"@type":"BreadcrumbList","@id":"https:\/\/www.visit-ulcinj.com\/blog\/2009\/06\/30\/leonora-fejza-merr-ftese-per-%e2%80%9cmiss-montenegro\/#breadcrumb","itemListElement":[{"@type":"ListItem","position":1,"name":"Leonora Fejza merr ftes\u00eb p\u00ebr \u201cMiss Montenegro"}]},{"@type":"Person","@id":"https:\/\/www.visit-ulcinj.com\/blog\/#\/schema\/person\/dcab619c614d3038751c63bc2aadc06d","name":"ulqini","sameAs":["http:\/\/www.visit-ulcinj.com"],"url":"https:\/\/www.visit-ulcinj.com\/blog\/author\/admin\/"}]}},"jetpack_featured_media_url":"","jetpack_sharing_enabled":true,"jetpack_shortlink":"https:\/\/wp.me\/pe6lTn-68q","_links":{"self":[{"href":"https:\/\/www.visit-ulcinj.com\/blog\/wp-json\/wp\/v2\/posts\/23586"}],"collection":[{"href":"https:\/\/www.visit-ulcinj.com\/blog\/wp-json\/wp\/v2\/posts"}],"about":[{"href":"https:\/\/www.visit-ulcinj.com\/blog\/wp-json\/wp\/v2\/types\/post"}],"author":[{"embeddable":true,"href":"https:\/\/www.visit-ulcinj.com\/blog\/wp-json\/wp\/v2\/users\/1"}],"replies":[{"embeddable":true,"href":"https:\/\/www.visit-ulcinj.com\/blog\/wp-json\/wp\/v2\/comments?post=23586"}],"version-history":[{"count":0,"href":"https:\/\/www.visit-ulcinj.com\/blog\/wp-json\/wp\/v2\/posts\/23586\/revisions"}],"wp:attachment":[{"href":"https:\/\/www.visit-ulcinj.com\/blog\/wp-json\/wp\/v2\/media?parent=23586"}],"wp:term":[{"taxonomy":"category","embeddable":true,"href":"https:\/\/www.visit-ulcinj.com\/blog\/wp-json\/wp\/v2\/categories?post=23586"},{"taxonomy":"post_tag","embeddable":true,"href":"https:\/\/www.visit-ulcinj.com\/blog\/wp-json\/wp\/v2\/tags?post=23586"}],"curies":[{"name":"wp","href":"https:\/\/api.w.org\/{rel}","templated":true}]}}