{"id":23607,"date":"2009-07-01T15:09:59","date_gmt":"2009-07-01T13:09:59","guid":{"rendered":"http:\/\/www.visit-ulcinj.com\/blog\/?p=23607"},"modified":"2011-05-27T19:30:47","modified_gmt":"2011-05-27T18:30:47","slug":"ulcinj-priroda-ili-beton","status":"publish","type":"post","link":"https:\/\/www.visit-ulcinj.com\/blog\/2009\/07\/01\/ulcinj-priroda-ili-beton\/","title":{"rendered":"D\u017eo Abazovic: Ulcinju treba odr\u017eivi razvoj"},"content":{"rendered":"<p><a href=\"http:\/\/www.visit-ulcinj.com\/blog\/wp-content\/uploads\/2009\/07\/D\u017eaudet-D\u017eo-Abazovi?_Ulcinj.jpg\"><img loading=\"lazy\" class=\"alignleft size-full wp-image-23608\" title=\"D\u017eaudet-D\u017eo Abazovi?_Ulcinj\" src=\"http:\/\/www.visit-ulcinj.com\/blog\/wp-content\/uploads\/2009\/07\/D\u017eaudet-D\u017eo-Abazovi?_Ulcinj.jpg\" alt=\"D\u017eaudet-D\u017eo Abazovi?_Ulcinj\" width=\"300\" height=\"420\" \/><\/a>Ima jedna divna pjesma cuvenog poljskog pjesnika Slovackog. Kada su Poljaci u romanti?nom zanosu vikali ,,Poljska, Poljska&#8221;, pojavio se iza jednog oblaka Bog i rekao: ,,Da, ali kakva?&#8221;<br \/>\n,,I mi sebi sada treba da postavimo to pitanje: razvoj da, ali kakav&#8221;, ka\u017ee za Monitor poznati turisti?ki radnik D\u017eo Abazovic.<br \/>\nOn nema dilema: Ulcinju treba odr\u017eivi razvoj. ,,?ovjek umire od hipertenzije. Razvoj baziran na osiguranju kvaliteta gostima i o?uvanja dugoro?ne egzistencije domicilnom stanovni\u0161tvu jedina je po\u017eeljna i mogu?a perspektiva razvoja ulcinjskog turizma i ekonomije uop\u0161te&#8221;, uvjeren je on.<br \/>\nAbazovi? dodaje da odr\u017eivost pretpostavlja \u017eivljenje i iskori\u0161?avanje resursa tako da preostane dovoljno za sve.<\/p>\n<p><strong>PITANJE:<\/strong> Isti je stav potpredsjednika najja?e opozicione stranke u ulcinjskom parlamentu Nove demokratske snage &#8211; FORCA D\u017eaudeta Cakulija. ,,Mislim da svi mi u Ulcinju moramo da odgovorimo na pitanje: da li ?emo vi\u0161e zara?ivati prodaju?i prirodu i ambijentalne vrijednosti ili betonske gra?evine&#8221;, rekao je on za na\u0161 nedjeljnik.<br \/>\nKonstatuju?i da je autor Master plana razvoja crnogorskog turizma Johan Fridrih Engel preporu?ivao da se Ulcinj reklamira pod motom ,,neotkrivena orijentalna ljepotica&#8221;, Cakuli isti?e da bi zato trebalo imati odr\u017eivi razvoj koji ?e njegovati ekolo\u0161ke i tradicionalne vrijednosti i koji ne?e nasilno mijenjati postoje?u demografsku strukturu stanovni\u0161tva.<br \/>\nO o?uvanju socijalne kohezije sve se ?e\u0161?e govori u Ulcinju, kao i o tome da su tro\u0161kovi od ovakvog turizma ve?i od prihoda. Zato se o tro\u0161kovima ?uti, dok se prihodi privatizuju.<\/p>\n<p><strong>TENDERI:<\/strong> Ve?ina Ulcinjana je uvjerena da ?e se to stanje drasti?no pogor\u0161ati ako se realizuju dugoro?ni tenderi koje je crnogorska Vlada raspisala za izdavanje u zakup najljep\u0161ih lokacija u tom gradu, a koje ?ine dvije tre?ine ulcinjske obale. Zato je Grupa nevladinih organizacija i nezavisnih intelektualaca iz Ulcinja prikupila potpise podr\u0161ke gra?ana Deklaraciji kojom se tra\u017ei da se u lokalnom parlamentu otvori rasprava o ovim tenderima, te da ona odlu?uje o planovima razvoja.<br \/>\nGradona?elnik Ulcinja i ?lan tenderskih komisija za Valdanos, Veliku pla\u017eu i Adu Gzim Hajdinaga smatra da gra?ani imaju pravo na reagovanje. ,,Ali, ja ne \u017eelim da zaustavim investicije i razvoj&#8221;, ka\u017ee on.<br \/>\n?lan Savjeta za privatizaciju i visoki funkcioner ?ukanovi?eve Demokratske partije socijalista Predrag Bo\u0161kovi? dodaje da dr\u017eava ne smije dozvoliti da bude ucjenjivana i da treba iskoristiti potencijale za razvoj, dok ministar ekonomije Branko Vujovi? tvrdi da bi, ako tenderi pro?u, to imalo velike multiplikativne efekte za gra?ane Ulcinja.<\/p>\n<p><strong>OBNOVA:<\/strong> ,,Ono \u0161to svih ovih godina imamo na terenu je su\u0161ta suprotnost. Ti tzv. strate\u0161ki partneri su zakatan?ili gotovo sve hotele koje su kupili ili su ih sravnili sa zemljom! To dokazuje da im motiv njihove kupovine nije bilo stvaranje kvalitetnog turisti?kog proizvoda, \u0161to se iz Vlade uporno najavljivalo, ve? zauzimanje vrijednih lokacija i prostora kako bi se njihovom preprodajom ostvario brz i lak profit&#8221;, ka\u017ee koordinator Grupe D\u017eabir Hod\u017ea.<br \/>\nOn smatra da bi, samo ako bi se po\u0161tovali kupoprodajni ugovori, Ulcinj mogao dobiti vi\u0161e od tri hiljade le\u017eajeva, \u0161to bi broj?ano gotovo obnovilo hotelske kapacitete iz dobrih turisti?kih godina.<br \/>\nEkspert Ekolo\u0161ke fondacije Euronatur Martin \u0160najder-Jakobi tako?e isti?e da u Ulcinju prije svega treba obnoviti sve stare hotele i izgraditi manje kapacitete na Adi.<\/p>\n<p>,,Svi stari hoteli su obnovljeni u Dubrovniku, ali i u cijeloj Hrvatskoj. To treba u?initi i u Ulcinju, jer su oni izgra?eni na dobrim lokacijama&#8221;, ka\u017ee on i dodaje da bi kreatori turisti?ke politike trebalo prvenstveno da razmi\u0161ljaju kako sezonu produ\u017eiti na \u0161est mjeseci. ,,To je mogu?e ostvariti ako se napravi optimalan balans izme?u kvaliteta i kvantiteta gostiju&#8221;, zaklju?uje \u0160najder-Jakobi.<br \/>\n<strong><br \/>\nLUKSUZ:<\/strong> Ve? sada u Ulcinju ima preko 100 hiljada le\u017eajeva u privatnom smje\u0161taju, a kreveta u hotelima ima manje nego prije 35 godina, \u0161to je jedinstven slu?aj u svijetu.<br \/>\nAko bi se ostvarile projekcije crnogorske Vlade, Ulcinj bi dobio jo\u0161 tridesetak hiljada kreveta. ,,To ?e stvoriti potrebu za deset hiljada ljudi u hotelskom personalu, koji ?e se morati dovesti iz drugih op\u0161tina. Osim tromjese?nog zapo\u0161ljenja, stalna radna mjesta se ne mogu obezbijediti&#8221;, navodi se u nacrtu studije Regionalni park Delta Bojane, koji su izradili njema?ki stru?njaci uz podr\u0161ku Svjetske banke.<br \/>\nKako se navodi, to ?e izvr\u0161iti jak pritisak na prirodnu sredinu i infrastrukturu, jer ?e se morati obezbijediti smje\u0161taj, prodavnice, zdravstvena njega i socijalne usluge. ,,Zato su ekolo\u0161ka odr\u017eivost, kvalitet i regionalni identitet klju?ne postavke dugoro?nog razvoja&#8221;, zaklju?uje se u studiji.<\/p>\n<p>I ministar turizma Crne Gore Predrag Nenezi? je nakon razgovora sa predsjedavaju?im Komiteta Svjetskog savjeta za turizam i putovanja Kostasom Kristom rekao da je \u201eve? sada, a sve vi\u0161e ?e u budu?nosti, zelenilo, priroda, ?ist vazduh, ?ista voda, biodiverzitet, biti luksuz koji ?e se mnogo vi\u0161e pla?ati&#8221;.<\/p>\n<p>Sve ono po ?emu je Ulcinj najprepoznatljiviji.<\/p>\n<p><strong><br \/>\nBESKORISNI MILIJARDERI<\/strong><\/p>\n<p>Ulcinjani sada nemaju pravo na gre\u0161ku, naro?ito nakon pouka koje se mogu izvu?i iz primjera nekih op\u0161tina na Crnogorskom primorju, ka\u017ee D\u017eo Abazovi?. U Ulcinju se tako ukazuje na slu?aj Tivta gdje op\u0161tina nema prakti?no nikakve koristi od strate\u0161kih partnera milijardera, kao i da gra?ani te najmanje boke\u0161ke op\u0161tine imaju sve manje mjesta za kupanje. Navodi se i slu?aj Budve koja ,,puca od razvoja&#8221;, a u kojoj zapo\u0161ljeni u op\u0161tinskim organima i institucijama mjesecima ne primaju plate.<\/p>\n<p><strong><br \/>\nMustafa CANKA<br \/>\n<a href=\"http:\/\/www.monitorcg.com\/index.php?option=com_content&amp;view=article&amp;id=511:priroda-ili-beton&amp;catid=133:novi-broj-tekstovi&amp;Itemid=363\" target=\"_blank\">MONITOR<\/a><\/strong><\/p>\n<p><strong>[flv width=&#8221;580&#8243; height=&#8221;380&#8243;]http:\/\/www.velikaplaza.info\/gallery\/video\/stream.php?f=Velika_Plaza_movie_Jan_2009.flv[\/flv]<br \/>\n<\/strong><\/p>\n","protected":false},"excerpt":{"rendered":"<p>Ima jedna divna pjesma cuvenog poljskog pjesnika Slovackog. Kada su Poljaci u romanti?nom zanosu vikali ,,Poljska, Poljska&#8221;, pojavio se iza jednog oblaka Bog i rekao: ,,Da, ali kakva?&#8221; ,,I mi sebi sada treba da postavimo to pitanje: razvoj da, ali kakav&#8221;, ka\u017ee za Monitor poznati turisti?ki radnik D\u017eo Abazovic. On nema dilema: Ulcinju treba odr\u017eivi [&hellip;]<\/p>\n","protected":false},"author":1,"featured_media":0,"comment_status":"open","ping_status":"closed","sticky":false,"template":"","format":"standard","meta":{"spay_email":"","jetpack_publicize_message":"","jetpack_is_tweetstorm":false,"jetpack_publicize_feature_enabled":true},"categories":[8337],"tags":[11686,20,11685,140,264,19,136,3796,434],"jetpack_publicize_connections":[],"yoast_head":"<!-- This site is optimized with the Yoast SEO plugin v19.1 - https:\/\/yoast.com\/wordpress\/plugins\/seo\/ -->\n<title>D\u017eo Abazovic: Ulcinju treba odr\u017eivi razvoj - Lajme nga Ulqini<\/title>\n<meta name=\"description\" content=\"Ima jedna divna pjesma cuvenog poljskog pjesnika Slovackog. Kada su Poljaci u romanti?nom zanosu vikali ,,Poljska, Poljska&quot;, pojavio se iza jednog oblaka\" \/>\n<meta name=\"robots\" content=\"index, follow, max-snippet:-1, max-image-preview:large, max-video-preview:-1\" \/>\n<link rel=\"canonical\" href=\"https:\/\/www.visit-ulcinj.com\/blog\/2009\/07\/01\/ulcinj-priroda-ili-beton\/\" \/>\n<meta property=\"og:locale\" content=\"en_US\" \/>\n<meta property=\"og:type\" content=\"article\" \/>\n<meta property=\"og:title\" content=\"D\u017eo Abazovic: Ulcinju treba odr\u017eivi razvoj - Lajme nga Ulqini\" \/>\n<meta property=\"og:description\" content=\"Ima jedna divna pjesma cuvenog poljskog pjesnika Slovackog. Kada su Poljaci u romanti?nom zanosu vikali ,,Poljska, Poljska&quot;, pojavio se iza jednog oblaka\" \/>\n<meta property=\"og:url\" content=\"https:\/\/www.visit-ulcinj.com\/blog\/2009\/07\/01\/ulcinj-priroda-ili-beton\/\" \/>\n<meta property=\"og:site_name\" content=\"Lajme nga Ulqini\" \/>\n<meta property=\"article:published_time\" content=\"2009-07-01T13:09:59+00:00\" \/>\n<meta property=\"article:modified_time\" content=\"2011-05-27T18:30:47+00:00\" \/>\n<meta name=\"twitter:label1\" content=\"Written by\" \/>\n\t<meta name=\"twitter:data1\" content=\"ulqini\" \/>\n\t<meta name=\"twitter:label2\" content=\"Est. reading time\" \/>\n\t<meta name=\"twitter:data2\" content=\"5 minutes\" \/>\n<script type=\"application\/ld+json\" class=\"yoast-schema-graph\">{\"@context\":\"https:\/\/schema.org\",\"@graph\":[{\"@type\":\"WebSite\",\"@id\":\"https:\/\/www.visit-ulcinj.com\/blog\/#website\",\"url\":\"https:\/\/www.visit-ulcinj.com\/blog\/\",\"name\":\"Lajme nga Ulqini\",\"description\":\"Lajme,Vijesti,Ulqini,Ulqin,Crna Gora,Mali i Zi\",\"potentialAction\":[{\"@type\":\"SearchAction\",\"target\":{\"@type\":\"EntryPoint\",\"urlTemplate\":\"https:\/\/www.visit-ulcinj.com\/blog\/?s={search_term_string}\"},\"query-input\":\"required name=search_term_string\"}],\"inLanguage\":\"en-US\"},{\"@type\":\"WebPage\",\"@id\":\"https:\/\/www.visit-ulcinj.com\/blog\/2009\/07\/01\/ulcinj-priroda-ili-beton\/#webpage\",\"url\":\"https:\/\/www.visit-ulcinj.com\/blog\/2009\/07\/01\/ulcinj-priroda-ili-beton\/\",\"name\":\"D\u017eo Abazovic: Ulcinju treba odr\u017eivi razvoj - Lajme nga Ulqini\",\"isPartOf\":{\"@id\":\"https:\/\/www.visit-ulcinj.com\/blog\/#website\"},\"datePublished\":\"2009-07-01T13:09:59+00:00\",\"dateModified\":\"2011-05-27T18:30:47+00:00\",\"author\":{\"@id\":\"https:\/\/www.visit-ulcinj.com\/blog\/#\/schema\/person\/dcab619c614d3038751c63bc2aadc06d\"},\"description\":\"Ima jedna divna pjesma cuvenog poljskog pjesnika Slovackog. Kada su Poljaci u romanti?nom zanosu vikali ,,Poljska, Poljska\\\", pojavio se iza jednog oblaka\",\"breadcrumb\":{\"@id\":\"https:\/\/www.visit-ulcinj.com\/blog\/2009\/07\/01\/ulcinj-priroda-ili-beton\/#breadcrumb\"},\"inLanguage\":\"en-US\",\"potentialAction\":[{\"@type\":\"ReadAction\",\"target\":[\"https:\/\/www.visit-ulcinj.com\/blog\/2009\/07\/01\/ulcinj-priroda-ili-beton\/\"]}]},{\"@type\":\"BreadcrumbList\",\"@id\":\"https:\/\/www.visit-ulcinj.com\/blog\/2009\/07\/01\/ulcinj-priroda-ili-beton\/#breadcrumb\",\"itemListElement\":[{\"@type\":\"ListItem\",\"position\":1,\"name\":\"D\u017eo Abazovic: Ulcinju treba odr\u017eivi razvoj\"}]},{\"@type\":\"Person\",\"@id\":\"https:\/\/www.visit-ulcinj.com\/blog\/#\/schema\/person\/dcab619c614d3038751c63bc2aadc06d\",\"name\":\"ulqini\",\"sameAs\":[\"http:\/\/www.visit-ulcinj.com\"],\"url\":\"https:\/\/www.visit-ulcinj.com\/blog\/author\/admin\/\"}]}<\/script>\n<!-- \/ Yoast SEO plugin. -->","yoast_head_json":{"title":"D\u017eo Abazovic: Ulcinju treba odr\u017eivi razvoj - Lajme nga Ulqini","description":"Ima jedna divna pjesma cuvenog poljskog pjesnika Slovackog. Kada su Poljaci u romanti?nom zanosu vikali ,,Poljska, Poljska\", pojavio se iza jednog oblaka","robots":{"index":"index","follow":"follow","max-snippet":"max-snippet:-1","max-image-preview":"max-image-preview:large","max-video-preview":"max-video-preview:-1"},"canonical":"https:\/\/www.visit-ulcinj.com\/blog\/2009\/07\/01\/ulcinj-priroda-ili-beton\/","og_locale":"en_US","og_type":"article","og_title":"D\u017eo Abazovic: Ulcinju treba odr\u017eivi razvoj - Lajme nga Ulqini","og_description":"Ima jedna divna pjesma cuvenog poljskog pjesnika Slovackog. Kada su Poljaci u romanti?nom zanosu vikali ,,Poljska, Poljska\", pojavio se iza jednog oblaka","og_url":"https:\/\/www.visit-ulcinj.com\/blog\/2009\/07\/01\/ulcinj-priroda-ili-beton\/","og_site_name":"Lajme nga Ulqini","article_published_time":"2009-07-01T13:09:59+00:00","article_modified_time":"2011-05-27T18:30:47+00:00","twitter_misc":{"Written by":"ulqini","Est. reading time":"5 minutes"},"schema":{"@context":"https:\/\/schema.org","@graph":[{"@type":"WebSite","@id":"https:\/\/www.visit-ulcinj.com\/blog\/#website","url":"https:\/\/www.visit-ulcinj.com\/blog\/","name":"Lajme nga Ulqini","description":"Lajme,Vijesti,Ulqini,Ulqin,Crna Gora,Mali i Zi","potentialAction":[{"@type":"SearchAction","target":{"@type":"EntryPoint","urlTemplate":"https:\/\/www.visit-ulcinj.com\/blog\/?s={search_term_string}"},"query-input":"required name=search_term_string"}],"inLanguage":"en-US"},{"@type":"WebPage","@id":"https:\/\/www.visit-ulcinj.com\/blog\/2009\/07\/01\/ulcinj-priroda-ili-beton\/#webpage","url":"https:\/\/www.visit-ulcinj.com\/blog\/2009\/07\/01\/ulcinj-priroda-ili-beton\/","name":"D\u017eo Abazovic: Ulcinju treba odr\u017eivi razvoj - Lajme nga Ulqini","isPartOf":{"@id":"https:\/\/www.visit-ulcinj.com\/blog\/#website"},"datePublished":"2009-07-01T13:09:59+00:00","dateModified":"2011-05-27T18:30:47+00:00","author":{"@id":"https:\/\/www.visit-ulcinj.com\/blog\/#\/schema\/person\/dcab619c614d3038751c63bc2aadc06d"},"description":"Ima jedna divna pjesma cuvenog poljskog pjesnika Slovackog. Kada su Poljaci u romanti?nom zanosu vikali ,,Poljska, Poljska\", pojavio se iza jednog oblaka","breadcrumb":{"@id":"https:\/\/www.visit-ulcinj.com\/blog\/2009\/07\/01\/ulcinj-priroda-ili-beton\/#breadcrumb"},"inLanguage":"en-US","potentialAction":[{"@type":"ReadAction","target":["https:\/\/www.visit-ulcinj.com\/blog\/2009\/07\/01\/ulcinj-priroda-ili-beton\/"]}]},{"@type":"BreadcrumbList","@id":"https:\/\/www.visit-ulcinj.com\/blog\/2009\/07\/01\/ulcinj-priroda-ili-beton\/#breadcrumb","itemListElement":[{"@type":"ListItem","position":1,"name":"D\u017eo Abazovic: Ulcinju treba odr\u017eivi razvoj"}]},{"@type":"Person","@id":"https:\/\/www.visit-ulcinj.com\/blog\/#\/schema\/person\/dcab619c614d3038751c63bc2aadc06d","name":"ulqini","sameAs":["http:\/\/www.visit-ulcinj.com"],"url":"https:\/\/www.visit-ulcinj.com\/blog\/author\/admin\/"}]}},"jetpack_featured_media_url":"","jetpack_sharing_enabled":true,"jetpack_shortlink":"https:\/\/wp.me\/pe6lTn-68L","_links":{"self":[{"href":"https:\/\/www.visit-ulcinj.com\/blog\/wp-json\/wp\/v2\/posts\/23607"}],"collection":[{"href":"https:\/\/www.visit-ulcinj.com\/blog\/wp-json\/wp\/v2\/posts"}],"about":[{"href":"https:\/\/www.visit-ulcinj.com\/blog\/wp-json\/wp\/v2\/types\/post"}],"author":[{"embeddable":true,"href":"https:\/\/www.visit-ulcinj.com\/blog\/wp-json\/wp\/v2\/users\/1"}],"replies":[{"embeddable":true,"href":"https:\/\/www.visit-ulcinj.com\/blog\/wp-json\/wp\/v2\/comments?post=23607"}],"version-history":[{"count":0,"href":"https:\/\/www.visit-ulcinj.com\/blog\/wp-json\/wp\/v2\/posts\/23607\/revisions"}],"wp:attachment":[{"href":"https:\/\/www.visit-ulcinj.com\/blog\/wp-json\/wp\/v2\/media?parent=23607"}],"wp:term":[{"taxonomy":"category","embeddable":true,"href":"https:\/\/www.visit-ulcinj.com\/blog\/wp-json\/wp\/v2\/categories?post=23607"},{"taxonomy":"post_tag","embeddable":true,"href":"https:\/\/www.visit-ulcinj.com\/blog\/wp-json\/wp\/v2\/tags?post=23607"}],"curies":[{"name":"wp","href":"https:\/\/api.w.org\/{rel}","templated":true}]}}