{"id":23658,"date":"2009-07-03T11:02:04","date_gmt":"2009-07-03T09:02:04","guid":{"rendered":"http:\/\/www.visit-ulcinj.com\/blog\/?p=23658"},"modified":"2009-07-03T11:04:52","modified_gmt":"2009-07-03T09:04:52","slug":"intervju-nazif-cungu-zelimo-da-ucestvujemo-u-decentralizaciji-vlasti","status":"publish","type":"post","link":"https:\/\/www.visit-ulcinj.com\/blog\/2009\/07\/03\/intervju-nazif-cungu-zelimo-da-ucestvujemo-u-decentralizaciji-vlasti\/","title":{"rendered":"Intervju Nazif Cungu: \u017delimo da u?estvujemo u decentralizaciji vlasti"},"content":{"rendered":"<p><a href=\"http:\/\/www.visit-ulcinj.com\/blog\/wp-content\/uploads\/2009\/07\/Nazif-Cungu-biznismen-iz-Ulcinja-i-predsjednik-Demokratske-snage-_Forca.jpg\"><img loading=\"lazy\" class=\"alignleft size-full wp-image-23659\" title=\"Nazif Cungu, biznismen iz Ulcinja i predsjednik Demokratske snage _Forca\" src=\"http:\/\/www.visit-ulcinj.com\/blog\/wp-content\/uploads\/2009\/07\/Nazif-Cungu-biznismen-iz-Ulcinja-i-predsjednik-Demokratske-snage-_Forca.jpg\" alt=\"Nazif Cungu, biznismen iz Ulcinja i predsjednik Demokratske snage _Forca\" width=\"580\" height=\"400\" \/><\/a><\/p>\n<p><span>U intevjuu za Radio Slobodna Evropa Nazif Cungu, biznismen iz Ulcinja i predsjednik Demokratske snage \u2018Forca\u2019 koja je od posljednjih izbora jedna od ?etiri albanske parlamentarne stranke, govori o ciljevima svoje stranke, problemima u Op\u0161tini Ulcinj, biznis barijerama i privrednom ambijentu u Crnoj Gori. <\/span><\/p>\n<p><span> <strong>RSE: <\/strong>Gospodine Cungu, va\u0161a stranka Nova demokratska snaga &#8220;Forca&#8221; je novi subjekt u crnogorskom parlamentu. Koji su primarni ciljevi va\u0161eg parlamentarnog djelovanja?<\/span><\/p>\n<p><strong><a href=\"http:\/\/www.visit-ulcinj.com\/blog\/wp-content\/uploads\/2009\/07\/Nazif-Cungu-biznismen-iz-Ulcinja-i-predsjednik-Demokratske-snage-_Forca.4.JPG\"><a href=\"http:\/\/www.visit-ulcinj.com\/blog\/wp-content\/uploads\/2009\/07\/Nazif-Cungu-biznismen-iz-Ulcinja-i-predsjednik-Demokratske-snage-_Forca.41.JPG\"><img loading=\"lazy\" class=\"alignright size-full wp-image-23664\" title=\"Nazif Cungu, biznismen iz Ulcinja i predsjednik Demokratske snage _Forca.4\" src=\"http:\/\/www.visit-ulcinj.com\/blog\/wp-content\/uploads\/2009\/07\/Nazif-Cungu-biznismen-iz-Ulcinja-i-predsjednik-Demokratske-snage-_Forca.41.JPG\" alt=\"Nazif Cungu, biznismen iz Ulcinja i predsjednik Demokratske snage _Forca.4\" width=\"263\" height=\"524\" \/><\/a><\/a>Cungu: <\/strong><em>Mi kao nova, mlada partija koja je osnovana tek prije tri i po godine i koja je dostigla veoma dobre rezultate smo orijentisani prema evroatlantskim integracijama i da ?emo mi kao nova partija dati pun doprinos te\u017enjama koje Crna Gora ima prema ovim integracijama. Prvenstveno, mi \u017eelimo da u?estvujemo na decentralizaciji vlasti u Crnoj Gori \u0161to ?e da bude jedna od budu?ih obaveza Crne Gore. Naravno, postoje velike razlike u ravnomjernom privrednom razvoju u svim djelovima Crne Gore tako da, pogotovo podru?ja gdje \u017eive manjinski narodi, pogotovo mi Albanci, s obzirom da smo mi nacionalna stranka sa nacionalnim prefiksom, mi \u017eelimo da uti?emo i da damo jo\u0161 jedan povoljan signal i vlastima u Crnoj Gori da su podru?ja koja su nekada bila mnogo vi\u0161e razvijena sada ostala na jednoj margini, da treba mnogo vi\u0161e da se investira. \u017delimo da poku\u0161amo da privu?emo i dio na\u0161e dijaspore kojih ima mnogo (Albanaca ima vi\u0161e van Crne Gore nego unutar Crne Gore) da poku\u0161amo da ih privu?emo da bi investirali.<\/em><\/p>\n<div>\n<div><em><strong><img src=\"http:\/\/www.slobodnaevropa.org\/img\/quote_1v2.gif\" alt=\"\" \/><em>U zadnjih trideset godina nije gra?ena nijedna \u0161kola, tako da ima sedam \u0161kola u Ulcinju koje su gra?ene prije ?etrdeset godina za kapacitet od 350 djece i sada u tu \u0161kolu ide 1200 djece tako da tu nema uslova ne samo za Albance, nego i za sve ostale narode i nacionalnosti koje \u017eive u Ulcinju.<\/em><img src=\"http:\/\/www.slobodnaevropa.org\/img\/quote_2v2.gif\" alt=\"\" \/><\/strong><\/em><\/div>\n<\/div>\n<p><em>Nekolicina od njih su zaradili velika sredstva, me?utim, nije stvoren jedan povoljan ambijent da bi se ta njihova sredstva ovdje investirala. Mi ?emo da te\u017eimo da omogu?imo bolje \u0161kolovanje za na\u0161u djecu, obzirom da znamo kakva je situacija u osnovnim i srednjim \u0161kolama. U zadnjih trideset godina nije gra?ena nijedna \u0161kola, tako da ima sedam \u0161kola u Ulcinju koje su gra?ene prije ?etrdeset godina za kapacitet od 350 djece i sada u tu \u0161kolu ide 1200 djece tako da tu nema uslova ne samo za Albance, nego i za sve ostale narode i nacionalnosti koje \u017eive u Ulcinju. Tako da ?emo te\u017eiti ka tome da obezbijedimo \u0161kolovanje kadrova, te\u017eimo ka tome da i van Crne Gore ne da se na\u0161a djeca \u0161koluju, pogotovo ako se radi o visokim \u0161kolama, o mastersima, da na\u0161a djeca imaju mogu?nost da po?u na zapad kao \u0161to rade druga djeca iz Crne Gore i naravno, te\u017ei?emo ka o?uvanju i unaprije?enju kulturno istorijskih vrijednosti djelova gdje \u017eive Albanci. <\/em><\/p>\n<p><strong>RSE: <\/strong>U parlamentu su prisutne jo\u0161 tri albanske nacionalne partije, \u0161ta je to \u0161to va\u0161u stranku razlikuje od ostalih albanskih stranaka?<\/p>\n<p><strong><a href=\"http:\/\/www.visit-ulcinj.com\/blog\/wp-content\/uploads\/2009\/07\/Nazif-Cungu-biznismen-iz-Ulcinja-i-predsjednik-Demokratske-snage-_Forca.2.jpg\"><img loading=\"lazy\" class=\"alignleft size-full wp-image-23662\" title=\"Nazif Cungu, biznismen iz Ulcinja i predsjednik Demokratske snage _Forca.2\" src=\"http:\/\/www.visit-ulcinj.com\/blog\/wp-content\/uploads\/2009\/07\/Nazif-Cungu-biznismen-iz-Ulcinja-i-predsjednik-Demokratske-snage-_Forca.2.jpg\" alt=\"Nazif Cungu, biznismen iz Ulcinja i predsjednik Demokratske snage _Forca.2\" width=\"308\" height=\"220\" srcset=\"https:\/\/www.visit-ulcinj.com\/blog\/wp-content\/uploads\/2009\/07\/Nazif-Cungu-biznismen-iz-Ulcinja-i-predsjednik-Demokratske-snage-_Forca.2.jpg 308w, https:\/\/www.visit-ulcinj.com\/blog\/wp-content\/uploads\/2009\/07\/Nazif-Cungu-biznismen-iz-Ulcinja-i-predsjednik-Demokratske-snage-_Forca.2-300x214.jpg 300w\" sizes=\"(max-width: 308px) 100vw, 308px\" \/><\/a>Cungu:<\/strong><em><strong> <\/strong>Mi smo jedina partija koja, za razliku od ostalih albanskih partija, ima ekonomski program. Nijedna druga nema ekonomski program jer mi znamo da smo fakti?ki potpuno zapostavljeni obzirom da djelovi gdje \u017eive Albanci nijesu razvijeni. Najsiroma\u0161niji narod je u ovim prigrani?nim djelovima gdje \u017eive Albanci i mi smo jedina partija koja ima ekonomski program. Mi imamo puno omladine koja ima mogu?nosti da kroz svoje programe radi razne manifestacije i da okuplja oko svojih programa i drugu omladinu i da se dru\u017ee i da se upoznavaju i da daju predloge za razna doga?anja i unutar Ulcinja i ostalim gradovima unutar Crne Gore tako da su to te mogu?nosti koje je na\u0161a partija poku\u0161avala ?itavo vrijeme da organizuje i okrugle stolove na razne teme vezano za slobodu govora, za prava manjina, ljudska i manjinska prava i naravno za evroatlantske integracije. Sve ovo mi imamo programski postavljeno i na osnovu tog programa mi poku\u0161avamo da do?emo do mladih i u svakom slu?aju i uspjevamo u tome<\/em>.<\/p>\n<p><strong>RSE: <\/strong>Kakvi su odnosi me?u albanskim nacionalnim partijama, odnosno kakve su \u0161anse za formiranje poslani?kog kluba? O tome su se vi\u0161e puta vodili razgovori izme?u tri albanske partije, kakav ?e po vama biti rezultat?<\/p>\n<div style=\"width: 203px;\"><span>Ulcinj<br \/>\n<\/span><\/div>\n<p><strong>Cungu: <\/strong><em>Tu ne bi trebalo da bude nikakvih problema jer se demokratski principi znaju. Partija koja je najvi\u0161e dobila glasova toj partiji bi trebalo da pripadne i \u0161ef kluba, tako da je ta demokratija koju je zapadni svijet zavr\u0161io prije hiljadu godina i tu ne bi trebalo da bude nikakvih problema. Jedino to treba i gospodin Barthi da prihvati i po rotacionim sistemu da \u0161ef kluba bude po partijama koje imaju ve?i broj glasova. Nijesmo vodili razgovor sa Demokratskom unijom Albanaca. Vo?eni su razgovori sa gospodinom Barthijem i gospodinom Holajem i mislim da bi trebalo da razultira i da se kona?no stvori klub albanskih partija u parlamentu Crne Gore.<br \/>\n<\/em><br \/>\n<strong>RSE: <\/strong>Va\u0161a stranka djeluje i u lokalnom parlamentu u Ulcinju. Koji su po vama najve?i problemi u tom gradu?<\/p>\n<p><strong> <\/strong><\/p>\n<div><strong><img src=\"http:\/\/www.slobodnaevropa.org\/img\/quote_1v2.gif\" alt=\"\" \/><em> Sada\u0161nja vlast je i\u0161la druga?ijim sistemom. Oni su uposlili jo\u0161 stotinak ljudi u organima lokalne uprave bez obzira \u0161to je prije tri godine bilo ?ak i previ\u0161e uposlenih i onda su pove?ali plate jo\u0161 jedno sto posto i to je jedno veliko optere?enje i ispa\u0161taju gra?ani i ispa\u0161ta i ova mala privreda u op\u0161tini Ulcinj. <\/em><img src=\"http:\/\/www.slobodnaevropa.org\/img\/quote_2v2.gif\" alt=\"\" \/><\/strong><\/div>\n<p><strong><a href=\"http:\/\/www.visit-ulcinj.com\/blog\/wp-content\/uploads\/2009\/07\/Nazif-Cungu-biznismen-iz-Ulcinja-i-predsjednik-Demokratske-snage-_Forca.3.jpg\"><img loading=\"lazy\" class=\"size-full wp-image-23663 alignright\" title=\"Nazif Cungu, biznismen iz Ulcinja i predsjednik Demokratske snage _Forca.3\" src=\"http:\/\/www.visit-ulcinj.com\/blog\/wp-content\/uploads\/2009\/07\/Nazif-Cungu-biznismen-iz-Ulcinja-i-predsjednik-Demokratske-snage-_Forca.3.jpg\" alt=\"Nazif Cungu, biznismen iz Ulcinja i predsjednik Demokratske snage _Forca.3\" width=\"320\" height=\"240\" srcset=\"https:\/\/www.visit-ulcinj.com\/blog\/wp-content\/uploads\/2009\/07\/Nazif-Cungu-biznismen-iz-Ulcinja-i-predsjednik-Demokratske-snage-_Forca.3.jpg 320w, https:\/\/www.visit-ulcinj.com\/blog\/wp-content\/uploads\/2009\/07\/Nazif-Cungu-biznismen-iz-Ulcinja-i-predsjednik-Demokratske-snage-_Forca.3-300x225.jpg 300w\" sizes=\"(max-width: 320px) 100vw, 320px\" \/><\/a>Cungu: <\/strong><em>U Ulcinju ima stvarno puno problema. Glavni je da u zadnjih dvadeset godina nema detaljan urbanisti?ki plan tako da je to jedna velika \u0161teta i sve \u0161to se gradi i \u0161to se gradilo uglavnom je ilegalno, me?utim, bez regularne dokumentacije. Infrastruktura koje je dosta dugo obe?avana i sada vi\u0161e op\u0161tina Ulcinj to ne mo\u017ee da izvede nego mora Vlada Crne Gore da se uklju?i, razna ministarstva. Infrastruktura je veoma lo\u0161a, kanalizacioni sistem u koji se trideset godina nije ni\u0161ta investiralo, parking, ?isto?a je isto na niskom nivou, sanitarna deponija, marina za koju se dosta dugo govorilo i tu nema nikakvog pomaka,\u00a0 realizacija bud\u017eeta je veoma lo\u0161a tako da se i gra?anima \u0161alju veoma lo\u0161i signali. To je jedna velika \u0161teta jer sada\u0161nja vlast, koalicija &#8220;Za evropski Ulcinj&#8221; nije uspjela skoro ni\u0161ta da realizuje u odnosu na ono \u0161to su obe?ali. Ja mislim ni deset posto od onoga \u0161to je obe?ano. Nema mosta preko Porta Milene, nema marine, nema sportskog centra. Kada bi projektna dokumentacija sjutra bila gotova onda tu za izvo?enje svih tih radova bi trebalo ?etiri, pet godina. A kada se svemu ovome doda i kriza koja je zahvatila i Crnu Goru i naravno i globalna kriza onda sigurano da ne mo\u017eemo da budemo neki veliki optimisti u tom dijelu, tako da lokalna vlast tra\u017ei ipak ne\u0161to drugo, tra\u017ei bolje doma?ine, tra\u017ei skidanja biznis barijera, a ne stavljati takve takse koje su ?ak u jednom trenutku bile i po dvanaest, trinaest puta ve?e u odnosu na ostale primorske op\u0161tine umjesto da budu ne\u0161to ni\u017ee u odnosu na ostale op\u0161tine, ako je manje razvijena op\u0161tina. Naprotiv, sada\u0161nja vlast je i\u0161la druga?ijim sistemom. Oni su uposlili jo\u0161 stotinak ljudi u organima lokalne uprave bez obzira \u0161to je prije tri godine bilo ?ak i previ\u0161e uposlenih i onda su pove?ali plate jo\u0161 jedno sto posto i to je jedno veliko optere?enje i ispa\u0161taju gra?ani i ispa\u0161ta i ova mala privreda u op\u0161tini Ulcinj. Tako da ima puno otvorenih pitanja. Na \u017ealost, nijesu uspjeli da urade skoro ni\u0161ta od onoga \u0161to je bilo najavljeno. <\/em><\/p>\n<p><strong>RSE: <\/strong>Aktuelan je tender za davanje u zakup uvale Valdanos oko koje se podigla poprili?na pra\u0161ina zbog toga \u0161to nije izvr\u0161en povra?aj imovine nekada\u0161njim vlasnicima tog podru?ja i zbog straha mje\u0161tana da bi gradnja hotelskih objekata mogla devastirati taj prostor. Da li je mogu?e prona?i rje\u0161enje?<\/p>\n<p><strong><a href=\"http:\/\/www.visit-ulcinj.com\/blog\/wp-content\/uploads\/2009\/07\/Nazif-Cungu-biznismen-iz-Ulcinja-i-predsjednik-Demokratske-snage-_Forca.1.jpg\"><img loading=\"lazy\" class=\"size-medium wp-image-23661 alignleft\" title=\"Nazif Cungu, biznismen iz Ulcinja i predsjednik Demokratske snage _Forca.1\" src=\"http:\/\/www.visit-ulcinj.com\/blog\/wp-content\/uploads\/2009\/07\/Nazif-Cungu-biznismen-iz-Ulcinja-i-predsjednik-Demokratske-snage-_Forca.1-300x199.jpg\" alt=\"Nazif Cungu, biznismen iz Ulcinja i predsjednik Demokratske snage _Forca.1\" width=\"300\" height=\"199\" srcset=\"https:\/\/www.visit-ulcinj.com\/blog\/wp-content\/uploads\/2009\/07\/Nazif-Cungu-biznismen-iz-Ulcinja-i-predsjednik-Demokratske-snage-_Forca.1-300x199.jpg 300w, https:\/\/www.visit-ulcinj.com\/blog\/wp-content\/uploads\/2009\/07\/Nazif-Cungu-biznismen-iz-Ulcinja-i-predsjednik-Demokratske-snage-_Forca.1.jpg 800w\" sizes=\"(max-width: 300px) 100vw, 300px\" \/><\/a>Cungu: <\/strong><em>Mislim da rje\u0161enja ima. Treba razgovarati oko svega toga. Me?utim, zna se zbog ?ega je uzeta ta imovine. Ta imovina je uzeta &#8217;78. godine za izgradnju vojne baze i zna?i da automatski ?im se to ne sprovodi onda dolazi do novog momenta, odnosno treba pristupiti deeksproprijaciji tako da je Skup\u0161tina op\u0161tine Ulcinj jednoglasno donijela odluku da se pristupi deekproprijaciji tog prostora i ta imovina da se vrati gra?anima. Naravno, tu ima dovoljno prostora da se mogu graditi i hoteli upravo u onom dijelu gdje je ?isto fakti?ki morsko dobro i nema nikoga u Ulcinju od gra?ana, pogotovo od tih biv\u0161ih vlasnika da su protiv razvoja Ulcinja. Naprotiv i ta njihova imovina bi dobila na vrijednosti i na zna?aju kada bi tu do\u0161lo do gradnje hotelskih kapaciteta ne previ\u0161e nego stvarno da bude jedna posebna regija, ali to se prvenstveno mora vratiti. Postoje i druge mogu?nosti, ali u svakom slu?aju treba razgovarati, a do sada niko nije pokazao dobru volju od strane vlasti, naprotiv, lokalni ?elnici koji su na vlasti su uklju?eni i koji rade fakti?ki na tome da se ova imovina i ne vrati. U svakom slu?aju, ima prostora i to bi moglo da se rije\u0161i veoma brzo i da budemo svi zadovoljni, da bude grad zadovoljan, da budu gra?ani zadovoljni i zbog toga \u0161to ?e se to njima vratiti, koji bi obra?ivali to zemlji\u0161te koje trideset godina stoji ne obra?eno, a sa druge strane svi bismo mogli da ostvrimo i korist po osnovu upo\u0161ljavanja u nekim kapacitetima koji bi se gradili u tom dijelu. Gra?ani nijesu protiv toga da se grade smje\u0161tajni kapaciteti, ali to treba da bude ograni?eno, a ne da neko drugi odlu?uje o toj imovini koja nije realizovana onako zbog ?ega je i uzeta. <\/em><\/p>\n<p><strong>RFE: <\/strong>Otvoren je grani?ni prelaz Muri?ani-Sukobin, koliko ?e to uticati na privredni ambijent u reonu Ulcinja?<\/p>\n<p><strong><a href=\"http:\/\/www.visit-ulcinj.com\/blog\/wp-content\/uploads\/2009\/07\/Nazif-Cungu-biznismen-iz-Ulcinja-i-predsjednik-Demokratske-snage-_Forca.5-2.jpg\"><img loading=\"lazy\" class=\"alignright size-medium wp-image-23669\" title=\"Nazif Cungu, biznismen iz Ulcinja i predsjednik Demokratske snage _Forca.5 (2)\" src=\"http:\/\/www.visit-ulcinj.com\/blog\/wp-content\/uploads\/2009\/07\/Nazif-Cungu-biznismen-iz-Ulcinja-i-predsjednik-Demokratske-snage-_Forca.5-2-233x300.jpg\" alt=\"Nazif Cungu, biznismen iz Ulcinja i predsjednik Demokratske snage _Forca.5 (2)\" width=\"233\" height=\"300\" srcset=\"https:\/\/www.visit-ulcinj.com\/blog\/wp-content\/uploads\/2009\/07\/Nazif-Cungu-biznismen-iz-Ulcinja-i-predsjednik-Demokratske-snage-_Forca.5-2-233x300.jpg 233w, https:\/\/www.visit-ulcinj.com\/blog\/wp-content\/uploads\/2009\/07\/Nazif-Cungu-biznismen-iz-Ulcinja-i-predsjednik-Demokratske-snage-_Forca.5-2.jpg 488w\" sizes=\"(max-width: 233px) 100vw, 233px\" \/><\/a>Cungu: <\/strong><em>Ima dosta i dobrih pomaka sada u zadnje vrijeme, pogotovo kada se radi o Ulcinju i grani?nom prelazu izme?u Crne Gore i Albanije. Prije nekoliko dana je otvoren novi prelaz izme?u Crne Gore i Albanije koji ?e u svakom slu?aju doprinijeti da se neke stvari mnogo br\u017ee i realizuju tako da treba da do?e do modernizacije puta od Ulcinja do Sukobina obzirom da se u Albaniji ve? gradi most koji ?e da bude gotov 2010. godine preko Bojane i onda ?e mo?i da bude jedan dobar protok robe i kapitala i ljudi, odakle bi mogli i turisti da do?u iz Bugarske, sa Kosova, Albanije i naravno i kapaciteti luke Bar bi bili mnogo bolje iskori?eni. <\/em><\/p>\n<p><strong>RSE: <\/strong>Osim \u0161to ste predsjednik politi?ke stranke vi ste dugo godina i biznismen pa koliko je prisutna ekonomska kriza kao posljedica globalne kriza, a koliko kao posljedica subjektivnih slabosti dr\u017eave i privrede Crne Gore?<\/p>\n<p><strong> <\/strong><\/p>\n<div><strong><img src=\"http:\/\/www.slobodnaevropa.org\/img\/quote_1v2.gif\" alt=\"\" \/><em>Kada se govori o krizi mi smo mogli i o?ekivati da ?e do?i do jedne krize, pogotovo ako se radi o Ulcinju gdje je privatizacija veoma lo\u0161a.<\/em><img src=\"http:\/\/www.slobodnaevropa.org\/img\/quote_2v2.gif\" alt=\"\" \/><\/strong><\/div>\n<p><strong><a href=\"http:\/\/www.visit-ulcinj.com\/blog\/wp-content\/uploads\/2009\/07\/Nazif-Cungu-biznismen-iz-Ulcinja-i-predsjednik-Demokratske-snage-_Forca.8.jpg\"><img loading=\"lazy\" class=\"alignleft size-medium wp-image-23667\" title=\"Nazif Cungu, biznismen iz Ulcinja i predsjednik Demokratske snage _Forca.8\" src=\"http:\/\/www.visit-ulcinj.com\/blog\/wp-content\/uploads\/2009\/07\/Nazif-Cungu-biznismen-iz-Ulcinja-i-predsjednik-Demokratske-snage-_Forca.8-300x214.jpg\" alt=\"Nazif Cungu, biznismen iz Ulcinja i predsjednik Demokratske snage _Forca.8\" width=\"300\" height=\"214\" srcset=\"https:\/\/www.visit-ulcinj.com\/blog\/wp-content\/uploads\/2009\/07\/Nazif-Cungu-biznismen-iz-Ulcinja-i-predsjednik-Demokratske-snage-_Forca.8-300x214.jpg 300w, https:\/\/www.visit-ulcinj.com\/blog\/wp-content\/uploads\/2009\/07\/Nazif-Cungu-biznismen-iz-Ulcinja-i-predsjednik-Demokratske-snage-_Forca.8.jpg 650w\" sizes=\"(max-width: 300px) 100vw, 300px\" \/><\/a>Cungu: <\/strong><em>Kada se govori o krizi mi smo mogli i o?ekivati da ?e do?i do jedne krize, pogotovo ako se radi o Ulcinju gdje je privatizacija veoma lo\u0161a. Mi smo do devedesetih godina kao op\u0161tna bili prakti?no najja?a turisti?ka op\u0161tina i ostvarivali smo 18,5 posto od ukupnih no?enja na teritoriji Crne Gore, me?utim, taj procenat je mnogo manji, negdje oko \u0161est, sedam posto i to je u nekvalitetnom smje\u0161taju, tako da ako &#8220;Galeb&#8221; ne postoji koji je poru\u0161en, ako &#8220;Albatros&#8221; izgleda kao prije 25 godina, ako hotel &#8220;Grand Lido&#8221; ne postoji, ako &#8220;?e\u0161ki&#8221; kamp ne postoji, ako Ulcinjska rivijera ostvaruje nekih deset posto od ukupnog prometa koji je ostvarivala do devedesetih godina onda se sigurno moglo o?ekivati da bude i krize. Ako su sve dru\u0161tvene firme koje su postojale u ste?anu, na primjer, Solana, Gra?evinsko, &#8220;Agro Ulcinj&#8221;, to vi\u0161e nefunkcioni\u0161e kao \u0161to je funkcionisalo. Samo je bilo pitanje kada ?e se to najvi\u0161e osjetiti bez obzira \u0161to je do\u0161lo do pojavljivanja i novih firmi, ali \u0161to se turizma ti?e to je stalo. Globalna kriza koja se pojavila na svjetskom nivou onda je ve? dodatno uticala\u00a0 i na ove na\u0161e lokalne probleme. Kakve ?e posljedice svega toga biti u ovom trenutku ne mo\u017ee niko da ka\u017ee. Me?utim, negativni efekti se ve? osje?aju. Ima pad i turisti?kog prometa, ima pad i prometa pogotovo kod gra?evinarstva, me?utim, mislimo da ?e i lokalna vlast malo vi\u0161e i ja?e pozabaviti svojim problemima i tu treba Vlada da se uklju?i konkretno da op\u0161tinama pomogne jer svaka op\u0161tina ima svoje specifi?nosti. Tako da sam o?ekivao da ?e da bude kriza i unutar Crne Gore, me?utim, ovo je dodatno \u0161to je globalna kriza ve? poja?ala i \u0161to smo na neki na?in i o?ekivali. <\/em><\/p>\n<p><strong>RSE: <\/strong>Utisak je ipak da su se na neki na?in poja?ala o?ekivanja poslovnih ljudi i Vlade u posljednje vrijeme,\u00a0 Najavljuje se po?etak izgradnje autoputa, italijanske investicije u \u017deljaznicu i energetiku, davanje u zakup Velike pla\u017ee, ulazak novih turisti?kih investitora. Skoro svakodnevno imamo sli?ne najave. Smatrate li da je poslovni i pravni ambijent u Crnoj Gori povoljan kako bi u vremenu krize novi investitori ulo\u017eili novac u Crnu Goru?<\/p>\n<p><strong><a href=\"http:\/\/www.visit-ulcinj.com\/blog\/wp-content\/uploads\/2009\/07\/Nazif-Cungu-biznismen-iz-Ulcinja-i-predsjednik-Demokratske-snage-_Forca.7.jpg\"><img loading=\"lazy\" class=\"alignright size-medium wp-image-23665\" title=\"Nazif Cungu, biznismen iz Ulcinja i predsjednik Demokratske snage _Forca.7\" src=\"http:\/\/www.visit-ulcinj.com\/blog\/wp-content\/uploads\/2009\/07\/Nazif-Cungu-biznismen-iz-Ulcinja-i-predsjednik-Demokratske-snage-_Forca.7-300x215.jpg\" alt=\"Nazif Cungu, biznismen iz Ulcinja i predsjednik Demokratske snage _Forca.7\" width=\"300\" height=\"215\" srcset=\"https:\/\/www.visit-ulcinj.com\/blog\/wp-content\/uploads\/2009\/07\/Nazif-Cungu-biznismen-iz-Ulcinja-i-predsjednik-Demokratske-snage-_Forca.7-300x215.jpg 300w, https:\/\/www.visit-ulcinj.com\/blog\/wp-content\/uploads\/2009\/07\/Nazif-Cungu-biznismen-iz-Ulcinja-i-predsjednik-Demokratske-snage-_Forca.7.jpg 650w\" sizes=\"(max-width: 300px) 100vw, 300px\" \/><\/a>Cungu:<\/strong><em> Iskreno, ja sam veliki optimista \u0161to se toga ti?e i o?ekujem da ipak dolaze bolja vremena bez obzira na sve ove manjkavosti i sve ove negativnosti koje sam ja na neki na?in i naveo, tako da je situacija u Crnoj Gori mnogo povoljnija ?ak i u odnosu na neke druge zemlje. Me?utim, oni programi koji se najavljuju od Vlade i koji se svaki dan ?uju i puno se oko toga radilo i sigurno da polako dolazi vrijeme da ?e do?i i do realizacije tih planova. Ja sam optimista jer ako znamo da je ra?en strate\u0161ki program razvoja turizma do 2020. godne gdje je predvi?eno da se ulo\u017ei 8,5 milijardi eura, polovina toga treba da bude u Ulicinju, neka bude samo jedan dio toga i neka se gradi samo jedan kompleks od pet hiljada kreveta, a sigurno ?e do?i do toga i kada se bude to gradilo onda ?e sigurno i ovaj privatni smje\u0161taj i sve ovo ostalo \u0161to je vezano za to ?e sigurno da bude u funkciji tih prvih pet hiljada kreveta, da ne ka\u017eem deset hiljada \u0161to bi stvarno za Crnu Goru zna?ilo puno. Me?utim, momentalno se puno najavljuje i o?ekujemo svi da ?e po?eti realizacija svih tih projekata, tako da sam ja optimista.<\/em><\/p>\n<p><em><br \/>\n<\/em><strong>Sr?an  Jankovi?<\/strong><\/p>\n<p><a href=\"http:\/\/www.slobodnaevropa.org\/content\/intervju_nazif_cungu\/1759191.html\" target=\"_blank\"><strong>Radio Free Europe \/ Radio Liberty \u00a9 2009 RFE\/RL, Inc.<br \/>\n<\/strong><\/a><\/p>\n<p>[flv width=&#8221;580&#8243; height=&#8221;380&#8243;]http:\/\/www.velikaplaza.info\/gallery\/video\/stream.php?f=Velika_Plaza_movie_Jan_2009.flv[\/flv]<\/p>\n","protected":false},"excerpt":{"rendered":"<p>U intevjuu za Radio Slobodna Evropa Nazif Cungu, biznismen iz Ulcinja i predsjednik Demokratske snage \u2018Forca\u2019 koja je od posljednjih izbora jedna od ?etiri albanske parlamentarne stranke, govori o ciljevima svoje stranke, problemima u Op\u0161tini Ulcinj, biznis barijerama i privrednom ambijentu u Crnoj Gori. RSE: Gospodine Cungu, va\u0161a stranka Nova demokratska snaga &#8220;Forca&#8221; je novi [&hellip;]<\/p>\n","protected":false},"author":1,"featured_media":0,"comment_status":"open","ping_status":"closed","sticky":false,"template":"","format":"standard","meta":{"spay_email":"","jetpack_publicize_message":"","jetpack_is_tweetstorm":false,"jetpack_publicize_feature_enabled":true},"categories":[5],"tags":[138,20,11702,19,11703,136],"jetpack_publicize_connections":[],"yoast_head":"<!-- This site is optimized with the Yoast SEO plugin v19.1 - https:\/\/yoast.com\/wordpress\/plugins\/seo\/ -->\n<title>Intervju Nazif Cungu: \u017delimo da u?estvujemo u decentralizaciji vlasti - Lajme nga Ulqini<\/title>\n<meta name=\"description\" content=\"U intevjuu za Radio Slobodna Evropa Nazif Cungu, biznismen iz Ulcinja i predsjednik Demokratske snage \u2018Forca\u2019 koja je od posljednjih izbora jedna od\" \/>\n<meta name=\"robots\" content=\"index, follow, max-snippet:-1, max-image-preview:large, max-video-preview:-1\" \/>\n<link rel=\"canonical\" href=\"https:\/\/www.visit-ulcinj.com\/blog\/2009\/07\/03\/intervju-nazif-cungu-zelimo-da-ucestvujemo-u-decentralizaciji-vlasti\/\" \/>\n<meta property=\"og:locale\" content=\"en_US\" \/>\n<meta property=\"og:type\" content=\"article\" \/>\n<meta property=\"og:title\" content=\"Intervju Nazif Cungu: \u017delimo da u?estvujemo u decentralizaciji vlasti - Lajme nga Ulqini\" \/>\n<meta property=\"og:description\" content=\"U intevjuu za Radio Slobodna Evropa Nazif Cungu, biznismen iz Ulcinja i predsjednik Demokratske snage \u2018Forca\u2019 koja je od posljednjih izbora jedna od\" \/>\n<meta property=\"og:url\" content=\"https:\/\/www.visit-ulcinj.com\/blog\/2009\/07\/03\/intervju-nazif-cungu-zelimo-da-ucestvujemo-u-decentralizaciji-vlasti\/\" \/>\n<meta property=\"og:site_name\" content=\"Lajme nga Ulqini\" \/>\n<meta property=\"article:published_time\" content=\"2009-07-03T09:02:04+00:00\" \/>\n<meta property=\"article:modified_time\" content=\"2009-07-03T09:04:52+00:00\" \/>\n<meta property=\"og:image\" content=\"http:\/\/www.visit-ulcinj.com\/blog\/wp-content\/uploads\/2009\/07\/Nazif-Cungu-biznismen-iz-Ulcinja-i-predsjednik-Demokratske-snage-_Forca.jpg\" \/>\n<meta name=\"twitter:label1\" content=\"Written by\" \/>\n\t<meta name=\"twitter:data1\" content=\"ulqini\" \/>\n\t<meta name=\"twitter:label2\" content=\"Est. reading time\" \/>\n\t<meta name=\"twitter:data2\" content=\"13 minutes\" \/>\n<script type=\"application\/ld+json\" class=\"yoast-schema-graph\">{\"@context\":\"https:\/\/schema.org\",\"@graph\":[{\"@type\":\"WebSite\",\"@id\":\"https:\/\/www.visit-ulcinj.com\/blog\/#website\",\"url\":\"https:\/\/www.visit-ulcinj.com\/blog\/\",\"name\":\"Lajme nga Ulqini\",\"description\":\"Lajme,Vijesti,Ulqini,Ulqin,Crna Gora,Mali i Zi\",\"potentialAction\":[{\"@type\":\"SearchAction\",\"target\":{\"@type\":\"EntryPoint\",\"urlTemplate\":\"https:\/\/www.visit-ulcinj.com\/blog\/?s={search_term_string}\"},\"query-input\":\"required name=search_term_string\"}],\"inLanguage\":\"en-US\"},{\"@type\":\"ImageObject\",\"inLanguage\":\"en-US\",\"@id\":\"https:\/\/www.visit-ulcinj.com\/blog\/2009\/07\/03\/intervju-nazif-cungu-zelimo-da-ucestvujemo-u-decentralizaciji-vlasti\/#primaryimage\",\"url\":\"https:\/\/www.visit-ulcinj.com\/blog\/wp-content\/uploads\/2009\/07\/Nazif-Cungu-biznismen-iz-Ulcinja-i-predsjednik-Demokratske-snage-_Forca.jpg\",\"contentUrl\":\"https:\/\/www.visit-ulcinj.com\/blog\/wp-content\/uploads\/2009\/07\/Nazif-Cungu-biznismen-iz-Ulcinja-i-predsjednik-Demokratske-snage-_Forca.jpg\",\"width\":\"800\",\"height\":\"531\"},{\"@type\":\"WebPage\",\"@id\":\"https:\/\/www.visit-ulcinj.com\/blog\/2009\/07\/03\/intervju-nazif-cungu-zelimo-da-ucestvujemo-u-decentralizaciji-vlasti\/#webpage\",\"url\":\"https:\/\/www.visit-ulcinj.com\/blog\/2009\/07\/03\/intervju-nazif-cungu-zelimo-da-ucestvujemo-u-decentralizaciji-vlasti\/\",\"name\":\"Intervju Nazif Cungu: \u017delimo da u?estvujemo u decentralizaciji vlasti - Lajme nga Ulqini\",\"isPartOf\":{\"@id\":\"https:\/\/www.visit-ulcinj.com\/blog\/#website\"},\"primaryImageOfPage\":{\"@id\":\"https:\/\/www.visit-ulcinj.com\/blog\/2009\/07\/03\/intervju-nazif-cungu-zelimo-da-ucestvujemo-u-decentralizaciji-vlasti\/#primaryimage\"},\"datePublished\":\"2009-07-03T09:02:04+00:00\",\"dateModified\":\"2009-07-03T09:04:52+00:00\",\"author\":{\"@id\":\"https:\/\/www.visit-ulcinj.com\/blog\/#\/schema\/person\/dcab619c614d3038751c63bc2aadc06d\"},\"description\":\"U intevjuu za Radio Slobodna Evropa Nazif Cungu, biznismen iz Ulcinja i predsjednik Demokratske snage \u2018Forca\u2019 koja je od posljednjih izbora jedna od\",\"breadcrumb\":{\"@id\":\"https:\/\/www.visit-ulcinj.com\/blog\/2009\/07\/03\/intervju-nazif-cungu-zelimo-da-ucestvujemo-u-decentralizaciji-vlasti\/#breadcrumb\"},\"inLanguage\":\"en-US\",\"potentialAction\":[{\"@type\":\"ReadAction\",\"target\":[\"https:\/\/www.visit-ulcinj.com\/blog\/2009\/07\/03\/intervju-nazif-cungu-zelimo-da-ucestvujemo-u-decentralizaciji-vlasti\/\"]}]},{\"@type\":\"BreadcrumbList\",\"@id\":\"https:\/\/www.visit-ulcinj.com\/blog\/2009\/07\/03\/intervju-nazif-cungu-zelimo-da-ucestvujemo-u-decentralizaciji-vlasti\/#breadcrumb\",\"itemListElement\":[{\"@type\":\"ListItem\",\"position\":1,\"name\":\"Intervju Nazif Cungu: \u017delimo da u?estvujemo u decentralizaciji vlasti\"}]},{\"@type\":\"Person\",\"@id\":\"https:\/\/www.visit-ulcinj.com\/blog\/#\/schema\/person\/dcab619c614d3038751c63bc2aadc06d\",\"name\":\"ulqini\",\"sameAs\":[\"http:\/\/www.visit-ulcinj.com\"],\"url\":\"https:\/\/www.visit-ulcinj.com\/blog\/author\/admin\/\"}]}<\/script>\n<!-- \/ Yoast SEO plugin. -->","yoast_head_json":{"title":"Intervju Nazif Cungu: \u017delimo da u?estvujemo u decentralizaciji vlasti - Lajme nga Ulqini","description":"U intevjuu za Radio Slobodna Evropa Nazif Cungu, biznismen iz Ulcinja i predsjednik Demokratske snage \u2018Forca\u2019 koja je od posljednjih izbora jedna od","robots":{"index":"index","follow":"follow","max-snippet":"max-snippet:-1","max-image-preview":"max-image-preview:large","max-video-preview":"max-video-preview:-1"},"canonical":"https:\/\/www.visit-ulcinj.com\/blog\/2009\/07\/03\/intervju-nazif-cungu-zelimo-da-ucestvujemo-u-decentralizaciji-vlasti\/","og_locale":"en_US","og_type":"article","og_title":"Intervju Nazif Cungu: \u017delimo da u?estvujemo u decentralizaciji vlasti - Lajme nga Ulqini","og_description":"U intevjuu za Radio Slobodna Evropa Nazif Cungu, biznismen iz Ulcinja i predsjednik Demokratske snage \u2018Forca\u2019 koja je od posljednjih izbora jedna od","og_url":"https:\/\/www.visit-ulcinj.com\/blog\/2009\/07\/03\/intervju-nazif-cungu-zelimo-da-ucestvujemo-u-decentralizaciji-vlasti\/","og_site_name":"Lajme nga Ulqini","article_published_time":"2009-07-03T09:02:04+00:00","article_modified_time":"2009-07-03T09:04:52+00:00","og_image":[{"url":"http:\/\/www.visit-ulcinj.com\/blog\/wp-content\/uploads\/2009\/07\/Nazif-Cungu-biznismen-iz-Ulcinja-i-predsjednik-Demokratske-snage-_Forca.jpg"}],"twitter_misc":{"Written by":"ulqini","Est. reading time":"13 minutes"},"schema":{"@context":"https:\/\/schema.org","@graph":[{"@type":"WebSite","@id":"https:\/\/www.visit-ulcinj.com\/blog\/#website","url":"https:\/\/www.visit-ulcinj.com\/blog\/","name":"Lajme nga Ulqini","description":"Lajme,Vijesti,Ulqini,Ulqin,Crna Gora,Mali i Zi","potentialAction":[{"@type":"SearchAction","target":{"@type":"EntryPoint","urlTemplate":"https:\/\/www.visit-ulcinj.com\/blog\/?s={search_term_string}"},"query-input":"required name=search_term_string"}],"inLanguage":"en-US"},{"@type":"ImageObject","inLanguage":"en-US","@id":"https:\/\/www.visit-ulcinj.com\/blog\/2009\/07\/03\/intervju-nazif-cungu-zelimo-da-ucestvujemo-u-decentralizaciji-vlasti\/#primaryimage","url":"https:\/\/www.visit-ulcinj.com\/blog\/wp-content\/uploads\/2009\/07\/Nazif-Cungu-biznismen-iz-Ulcinja-i-predsjednik-Demokratske-snage-_Forca.jpg","contentUrl":"https:\/\/www.visit-ulcinj.com\/blog\/wp-content\/uploads\/2009\/07\/Nazif-Cungu-biznismen-iz-Ulcinja-i-predsjednik-Demokratske-snage-_Forca.jpg","width":"800","height":"531"},{"@type":"WebPage","@id":"https:\/\/www.visit-ulcinj.com\/blog\/2009\/07\/03\/intervju-nazif-cungu-zelimo-da-ucestvujemo-u-decentralizaciji-vlasti\/#webpage","url":"https:\/\/www.visit-ulcinj.com\/blog\/2009\/07\/03\/intervju-nazif-cungu-zelimo-da-ucestvujemo-u-decentralizaciji-vlasti\/","name":"Intervju Nazif Cungu: \u017delimo da u?estvujemo u decentralizaciji vlasti - Lajme nga Ulqini","isPartOf":{"@id":"https:\/\/www.visit-ulcinj.com\/blog\/#website"},"primaryImageOfPage":{"@id":"https:\/\/www.visit-ulcinj.com\/blog\/2009\/07\/03\/intervju-nazif-cungu-zelimo-da-ucestvujemo-u-decentralizaciji-vlasti\/#primaryimage"},"datePublished":"2009-07-03T09:02:04+00:00","dateModified":"2009-07-03T09:04:52+00:00","author":{"@id":"https:\/\/www.visit-ulcinj.com\/blog\/#\/schema\/person\/dcab619c614d3038751c63bc2aadc06d"},"description":"U intevjuu za Radio Slobodna Evropa Nazif Cungu, biznismen iz Ulcinja i predsjednik Demokratske snage \u2018Forca\u2019 koja je od posljednjih izbora jedna od","breadcrumb":{"@id":"https:\/\/www.visit-ulcinj.com\/blog\/2009\/07\/03\/intervju-nazif-cungu-zelimo-da-ucestvujemo-u-decentralizaciji-vlasti\/#breadcrumb"},"inLanguage":"en-US","potentialAction":[{"@type":"ReadAction","target":["https:\/\/www.visit-ulcinj.com\/blog\/2009\/07\/03\/intervju-nazif-cungu-zelimo-da-ucestvujemo-u-decentralizaciji-vlasti\/"]}]},{"@type":"BreadcrumbList","@id":"https:\/\/www.visit-ulcinj.com\/blog\/2009\/07\/03\/intervju-nazif-cungu-zelimo-da-ucestvujemo-u-decentralizaciji-vlasti\/#breadcrumb","itemListElement":[{"@type":"ListItem","position":1,"name":"Intervju Nazif Cungu: \u017delimo da u?estvujemo u decentralizaciji vlasti"}]},{"@type":"Person","@id":"https:\/\/www.visit-ulcinj.com\/blog\/#\/schema\/person\/dcab619c614d3038751c63bc2aadc06d","name":"ulqini","sameAs":["http:\/\/www.visit-ulcinj.com"],"url":"https:\/\/www.visit-ulcinj.com\/blog\/author\/admin\/"}]}},"jetpack_featured_media_url":"","jetpack_sharing_enabled":true,"jetpack_shortlink":"https:\/\/wp.me\/pe6lTn-69A","_links":{"self":[{"href":"https:\/\/www.visit-ulcinj.com\/blog\/wp-json\/wp\/v2\/posts\/23658"}],"collection":[{"href":"https:\/\/www.visit-ulcinj.com\/blog\/wp-json\/wp\/v2\/posts"}],"about":[{"href":"https:\/\/www.visit-ulcinj.com\/blog\/wp-json\/wp\/v2\/types\/post"}],"author":[{"embeddable":true,"href":"https:\/\/www.visit-ulcinj.com\/blog\/wp-json\/wp\/v2\/users\/1"}],"replies":[{"embeddable":true,"href":"https:\/\/www.visit-ulcinj.com\/blog\/wp-json\/wp\/v2\/comments?post=23658"}],"version-history":[{"count":0,"href":"https:\/\/www.visit-ulcinj.com\/blog\/wp-json\/wp\/v2\/posts\/23658\/revisions"}],"wp:attachment":[{"href":"https:\/\/www.visit-ulcinj.com\/blog\/wp-json\/wp\/v2\/media?parent=23658"}],"wp:term":[{"taxonomy":"category","embeddable":true,"href":"https:\/\/www.visit-ulcinj.com\/blog\/wp-json\/wp\/v2\/categories?post=23658"},{"taxonomy":"post_tag","embeddable":true,"href":"https:\/\/www.visit-ulcinj.com\/blog\/wp-json\/wp\/v2\/tags?post=23658"}],"curies":[{"name":"wp","href":"https:\/\/api.w.org\/{rel}","templated":true}]}}