{"id":23680,"date":"2009-07-03T17:57:06","date_gmt":"2009-07-03T15:57:06","guid":{"rendered":"http:\/\/www.visit-ulcinj.com\/blog\/?p=23680"},"modified":"2010-11-26T18:43:37","modified_gmt":"2010-11-26T17:43:37","slug":"ulcinj-gdje-bismo-se-kupali-u-narednih-90-godina","status":"publish","type":"post","link":"https:\/\/www.visit-ulcinj.com\/blog\/2009\/07\/03\/ulcinj-gdje-bismo-se-kupali-u-narednih-90-godina\/","title":{"rendered":"Ulcinj: Gdje bismo se kupali u narednih 90 godina"},"content":{"rendered":"<p><strong><a href=\"http:\/\/www.visit-ulcinj.com\/blog\/wp-content\/uploads\/2009\/07\/hiljadu-mje\u0161tana-tra\u017ei-poni\u0161tenje-tendera-za-Valdanos-Veliku-pla\u017eu-i-Adu.jpg\"><a href=\"http:\/\/www.visit-ulcinj.com\/blog\/wp-content\/uploads\/2009\/07\/hiljadu-mje\u00c5\u00a1tana-tra\u00c5\u00bei-poni\u00c5\u00a1tenje-tendera-za-Valdanos-Veliku-pla\u00c5\u00beu-i-Adu.jpg\"><img loading=\"lazy\" class=\"alignleft size-full wp-image-23681\" title=\"hiljadu mje\u0161tana tra\u017ei poni\u0161tenje tendera za Valdanos, Veliku pla\u017eu i Adu\" src=\"http:\/\/www.visit-ulcinj.com\/blog\/wp-content\/uploads\/2009\/07\/hiljadu-mje\u00c5\u00a1tana-tra\u00c5\u00bei-poni\u00c5\u00a1tenje-tendera-za-Valdanos-Veliku-pla\u00c5\u00beu-i-Adu.jpg\" alt=\"\" width=\"490\" height=\"380\" \/><\/a><\/a><a href=\"http:\/\/galaxie-net.com\/Gifs_fichiers\/nouveau31.gif\"><img loading=\"lazy\" class=\"alignnone\" src=\"http:\/\/galaxie-net.com\/Gifs_fichiers\/nouveau31.gif\" alt=\"\" width=\"76\" height=\"41\" \/><\/a>Vi\u0161e od hiljadu mje\u0161tana tra\u017ei poni\u0161tenje tendera za Valdanos, Veliku pla\u017eu i Adu<\/strong><\/p>\n<p>Ulcinj &#8211; \u201cDeklaraciju, kojom se tra\u017ei poni\u0161tenje tendera za valorizaciju Valdanosa, Velike pla\u017ee i Ade i povra?aj oduzete imovine, potpisalo je vi\u0161e od hiljadu punoljetnih Ulcinjana\u201d, saop\u0161tila je ju?e grupa ulcinjskih NVO i intelektualaca, koja je organizovala potpisivanje deklaracije.<br \/>\nPored ostalog, u tekstu deklaracije tvrdi se da tenderi za zakup, prodaju ili drugi vid privatizacije bilo kojeg dijela teritorije ulcinjske op\u0161tine mogu biti raspisani samo uz saglasnost SO Ulcinj.<br \/>\nDeklaracija sa potpisima mje\u0161tana, prije nekoliko dana, dostavljena je arhivi u gra?anskom birou, koja bi trebalo da je proslijedi skup\u0161tinskoj slu\u017ebi.<br \/>\nPredsjednik SO Muhamet Nika, koji se nalazi me?u potpisnicima deklaracije, trebalo bi da u roku od 15 dana zaka\u017ee posebnu sjednicu lokalnog parlamenta na kojoj bi se raspravljalo o predlo\u017eenom dokumentu.<br \/>\nU ju?era\u0161njem saop\u0161tenju grupe NVO i intelektualaca izra\u017eava se uvjerenje da ?e deklaracija biti jednoglasno usvojena.<br \/>\n\u201cIskustvo u posljednjih 20 godina vi\u0161estrana?kog sistema, pokazuje da lokalni parlament nikad nije donio nijednu odluku protivnu interesima op\u0161tine Ulcinj. Odluka o usvajanju deklaracije bi?e relaksirana ?injenicom \u0161to su taj dokument sna\u017eno podr\u017eali svi vjerski dostojanstvenici u Ulcinju. To nas posebno raduje, jer je to pouzdan pokazatelj da je na ovom pitanju postignuto puno jedinstvo u na\u0161em gradu\u201c, pi\u0161e u saop\u0161tenju.<a href=\"http:\/\/www.visit-ulcinj.com\/blog\/wp-content\/uploads\/2009\/07\/grupa-ulcinjskih-NVO-i-intelektualaca.jpg\"><img loading=\"lazy\" class=\"alignleft size-full wp-image-23682\" title=\"Regioni\" src=\"http:\/\/www.visit-ulcinj.com\/blog\/wp-content\/uploads\/2009\/07\/grupa-ulcinjskih-NVO-i-intelektualaca.jpg\" alt=\"Regioni\" width=\"290\" height=\"190\" \/><\/a><br \/>\nIzra\u017eava se uvjerenje da je javnost prepoznala namjeru i cilj Vlade i njenih komisija da se putem dugoro?nih tendera \u201eelegantno prigrabi na\u0161a imovina\u201c.<br \/>\n\u201cO razvoju, na\u017ealost, nema govora. Uostalom, ko im je do sada branio da obnove na\u0161e simbole, hotele \u2018Jadran\u2018 i \u2018Galeb\u2018, \u0161to spre?ava obnovu \u2018Mediterana\u2018 i \u2018Lida\u2018, \u0161to je sa \u2018Albatrosom\u2018, za\u0161to ne mo\u017eemo pro\u0161etati Valdanosom, u?i na kapije \u2018Otranta\u2018 i Ade, gdje ?e se sjutra kupati mje\u0161tani Ulcinja i na\u0161i gosti ako se javno dobro, zna?i i na\u0161e dobro, izda u zakup na 90 godina\u201d, ka\u017ee se u saop\u0161tenju.<br \/>\nNa kraju, grupa NVO i intelektualaca tvrdi da nije protiv razvoja, \u201eali razvoja koji ?e biti u na\u0161em interesu, uz o?uvanje ekolo\u0161ke, ambijentalne i socijalne kohezije op\u0161tine\u201c.<\/p>\n<p><strong>S.A.<br \/>\n<a href=\"http:\/\/www.vijesti.cg.yu\/index.php?id_pre=309193&amp;godina=2009\" target=\"_blank\">Vijesti<\/a><\/strong><\/p>\n<p><strong>[flv width=&#8221;580&#8243; height=&#8221;400&#8243;]http:\/\/look.streamakaci.com\/Videos_Clubs\/2008\/montenegro.flv[\/flv]<br \/>\n<\/strong><\/p>\n","protected":false},"excerpt":{"rendered":"<p>Vi\u0161e od hiljadu mje\u0161tana tra\u017ei poni\u0161tenje tendera za Valdanos, Veliku pla\u017eu i Adu Ulcinj &#8211; \u201cDeklaraciju, kojom se tra\u017ei poni\u0161tenje tendera za valorizaciju Valdanosa, Velike pla\u017ee i Ade i povra?aj oduzete imovine, potpisalo je vi\u0161e od hiljadu punoljetnih Ulcinjana\u201d, saop\u0161tila je ju?e grupa ulcinjskih NVO i intelektualaca, koja je organizovala potpisivanje deklaracije. Pored ostalog, u [&hellip;]<\/p>\n","protected":false},"author":1,"featured_media":0,"comment_status":"open","ping_status":"closed","sticky":false,"template":"","format":"standard","meta":{"spay_email":"","jetpack_publicize_message":"","jetpack_is_tweetstorm":false,"jetpack_publicize_feature_enabled":true},"categories":[8337],"tags":[138,11713,20,11709,11711,11710,11708,3518,11714,11715,19,136,3796,11712],"jetpack_publicize_connections":[],"yoast_head":"<!-- This site is optimized with the Yoast SEO plugin v19.1 - https:\/\/yoast.com\/wordpress\/plugins\/seo\/ -->\n<title>Ulcinj: Gdje bismo se kupali u narednih 90 godina - Lajme nga Ulqini<\/title>\n<meta name=\"description\" content=\"Vi\u0161e od hiljadu mje\u0161tana tra\u017ei poni\u0161tenje tendera za Valdanos, Veliku pla\u017eu i Adu Ulcinj - \u201cDeklaraciju, kojom se tra\u017ei poni\u0161tenje tendera za valorizaciju\" \/>\n<meta name=\"robots\" content=\"index, follow, max-snippet:-1, max-image-preview:large, max-video-preview:-1\" \/>\n<link rel=\"canonical\" href=\"https:\/\/www.visit-ulcinj.com\/blog\/2009\/07\/03\/ulcinj-gdje-bismo-se-kupali-u-narednih-90-godina\/\" \/>\n<meta property=\"og:locale\" content=\"en_US\" \/>\n<meta property=\"og:type\" content=\"article\" \/>\n<meta property=\"og:title\" content=\"Ulcinj: Gdje bismo se kupali u narednih 90 godina - Lajme nga Ulqini\" \/>\n<meta property=\"og:description\" content=\"Vi\u0161e od hiljadu mje\u0161tana tra\u017ei poni\u0161tenje tendera za Valdanos, Veliku pla\u017eu i Adu Ulcinj - \u201cDeklaraciju, kojom se tra\u017ei poni\u0161tenje tendera za valorizaciju\" \/>\n<meta property=\"og:url\" content=\"https:\/\/www.visit-ulcinj.com\/blog\/2009\/07\/03\/ulcinj-gdje-bismo-se-kupali-u-narednih-90-godina\/\" \/>\n<meta property=\"og:site_name\" content=\"Lajme nga Ulqini\" \/>\n<meta property=\"article:published_time\" content=\"2009-07-03T15:57:06+00:00\" \/>\n<meta property=\"article:modified_time\" content=\"2010-11-26T17:43:37+00:00\" \/>\n<meta property=\"og:image\" content=\"http:\/\/galaxie-net.com\/Gifs_fichiers\/nouveau31.gif\" \/>\n<meta name=\"twitter:label1\" content=\"Written by\" \/>\n\t<meta name=\"twitter:data1\" content=\"ulqini\" \/>\n\t<meta name=\"twitter:label2\" content=\"Est. reading time\" \/>\n\t<meta name=\"twitter:data2\" content=\"2 minutes\" \/>\n<script type=\"application\/ld+json\" class=\"yoast-schema-graph\">{\"@context\":\"https:\/\/schema.org\",\"@graph\":[{\"@type\":\"WebSite\",\"@id\":\"https:\/\/www.visit-ulcinj.com\/blog\/#website\",\"url\":\"https:\/\/www.visit-ulcinj.com\/blog\/\",\"name\":\"Lajme nga Ulqini\",\"description\":\"Lajme,Vijesti,Ulqini,Ulqin,Crna Gora,Mali i Zi\",\"potentialAction\":[{\"@type\":\"SearchAction\",\"target\":{\"@type\":\"EntryPoint\",\"urlTemplate\":\"https:\/\/www.visit-ulcinj.com\/blog\/?s={search_term_string}\"},\"query-input\":\"required name=search_term_string\"}],\"inLanguage\":\"en-US\"},{\"@type\":\"ImageObject\",\"inLanguage\":\"en-US\",\"@id\":\"https:\/\/www.visit-ulcinj.com\/blog\/2009\/07\/03\/ulcinj-gdje-bismo-se-kupali-u-narednih-90-godina\/#primaryimage\",\"url\":\"http:\/\/galaxie-net.com\/Gifs_fichiers\/nouveau31.gif\",\"contentUrl\":\"http:\/\/galaxie-net.com\/Gifs_fichiers\/nouveau31.gif\"},{\"@type\":\"WebPage\",\"@id\":\"https:\/\/www.visit-ulcinj.com\/blog\/2009\/07\/03\/ulcinj-gdje-bismo-se-kupali-u-narednih-90-godina\/#webpage\",\"url\":\"https:\/\/www.visit-ulcinj.com\/blog\/2009\/07\/03\/ulcinj-gdje-bismo-se-kupali-u-narednih-90-godina\/\",\"name\":\"Ulcinj: Gdje bismo se kupali u narednih 90 godina - Lajme nga Ulqini\",\"isPartOf\":{\"@id\":\"https:\/\/www.visit-ulcinj.com\/blog\/#website\"},\"primaryImageOfPage\":{\"@id\":\"https:\/\/www.visit-ulcinj.com\/blog\/2009\/07\/03\/ulcinj-gdje-bismo-se-kupali-u-narednih-90-godina\/#primaryimage\"},\"datePublished\":\"2009-07-03T15:57:06+00:00\",\"dateModified\":\"2010-11-26T17:43:37+00:00\",\"author\":{\"@id\":\"https:\/\/www.visit-ulcinj.com\/blog\/#\/schema\/person\/dcab619c614d3038751c63bc2aadc06d\"},\"description\":\"Vi\u0161e od hiljadu mje\u0161tana tra\u017ei poni\u0161tenje tendera za Valdanos, Veliku pla\u017eu i Adu Ulcinj - \u201cDeklaraciju, kojom se tra\u017ei poni\u0161tenje tendera za valorizaciju\",\"breadcrumb\":{\"@id\":\"https:\/\/www.visit-ulcinj.com\/blog\/2009\/07\/03\/ulcinj-gdje-bismo-se-kupali-u-narednih-90-godina\/#breadcrumb\"},\"inLanguage\":\"en-US\",\"potentialAction\":[{\"@type\":\"ReadAction\",\"target\":[\"https:\/\/www.visit-ulcinj.com\/blog\/2009\/07\/03\/ulcinj-gdje-bismo-se-kupali-u-narednih-90-godina\/\"]}]},{\"@type\":\"BreadcrumbList\",\"@id\":\"https:\/\/www.visit-ulcinj.com\/blog\/2009\/07\/03\/ulcinj-gdje-bismo-se-kupali-u-narednih-90-godina\/#breadcrumb\",\"itemListElement\":[{\"@type\":\"ListItem\",\"position\":1,\"name\":\"Ulcinj: Gdje bismo se kupali u narednih 90 godina\"}]},{\"@type\":\"Person\",\"@id\":\"https:\/\/www.visit-ulcinj.com\/blog\/#\/schema\/person\/dcab619c614d3038751c63bc2aadc06d\",\"name\":\"ulqini\",\"sameAs\":[\"http:\/\/www.visit-ulcinj.com\"],\"url\":\"https:\/\/www.visit-ulcinj.com\/blog\/author\/admin\/\"}]}<\/script>\n<!-- \/ Yoast SEO plugin. -->","yoast_head_json":{"title":"Ulcinj: Gdje bismo se kupali u narednih 90 godina - Lajme nga Ulqini","description":"Vi\u0161e od hiljadu mje\u0161tana tra\u017ei poni\u0161tenje tendera za Valdanos, Veliku pla\u017eu i Adu Ulcinj - \u201cDeklaraciju, kojom se tra\u017ei poni\u0161tenje tendera za valorizaciju","robots":{"index":"index","follow":"follow","max-snippet":"max-snippet:-1","max-image-preview":"max-image-preview:large","max-video-preview":"max-video-preview:-1"},"canonical":"https:\/\/www.visit-ulcinj.com\/blog\/2009\/07\/03\/ulcinj-gdje-bismo-se-kupali-u-narednih-90-godina\/","og_locale":"en_US","og_type":"article","og_title":"Ulcinj: Gdje bismo se kupali u narednih 90 godina - Lajme nga Ulqini","og_description":"Vi\u0161e od hiljadu mje\u0161tana tra\u017ei poni\u0161tenje tendera za Valdanos, Veliku pla\u017eu i Adu Ulcinj - \u201cDeklaraciju, kojom se tra\u017ei poni\u0161tenje tendera za valorizaciju","og_url":"https:\/\/www.visit-ulcinj.com\/blog\/2009\/07\/03\/ulcinj-gdje-bismo-se-kupali-u-narednih-90-godina\/","og_site_name":"Lajme nga Ulqini","article_published_time":"2009-07-03T15:57:06+00:00","article_modified_time":"2010-11-26T17:43:37+00:00","og_image":[{"url":"http:\/\/galaxie-net.com\/Gifs_fichiers\/nouveau31.gif"}],"twitter_misc":{"Written by":"ulqini","Est. reading time":"2 minutes"},"schema":{"@context":"https:\/\/schema.org","@graph":[{"@type":"WebSite","@id":"https:\/\/www.visit-ulcinj.com\/blog\/#website","url":"https:\/\/www.visit-ulcinj.com\/blog\/","name":"Lajme nga Ulqini","description":"Lajme,Vijesti,Ulqini,Ulqin,Crna Gora,Mali i Zi","potentialAction":[{"@type":"SearchAction","target":{"@type":"EntryPoint","urlTemplate":"https:\/\/www.visit-ulcinj.com\/blog\/?s={search_term_string}"},"query-input":"required name=search_term_string"}],"inLanguage":"en-US"},{"@type":"ImageObject","inLanguage":"en-US","@id":"https:\/\/www.visit-ulcinj.com\/blog\/2009\/07\/03\/ulcinj-gdje-bismo-se-kupali-u-narednih-90-godina\/#primaryimage","url":"http:\/\/galaxie-net.com\/Gifs_fichiers\/nouveau31.gif","contentUrl":"http:\/\/galaxie-net.com\/Gifs_fichiers\/nouveau31.gif"},{"@type":"WebPage","@id":"https:\/\/www.visit-ulcinj.com\/blog\/2009\/07\/03\/ulcinj-gdje-bismo-se-kupali-u-narednih-90-godina\/#webpage","url":"https:\/\/www.visit-ulcinj.com\/blog\/2009\/07\/03\/ulcinj-gdje-bismo-se-kupali-u-narednih-90-godina\/","name":"Ulcinj: Gdje bismo se kupali u narednih 90 godina - Lajme nga Ulqini","isPartOf":{"@id":"https:\/\/www.visit-ulcinj.com\/blog\/#website"},"primaryImageOfPage":{"@id":"https:\/\/www.visit-ulcinj.com\/blog\/2009\/07\/03\/ulcinj-gdje-bismo-se-kupali-u-narednih-90-godina\/#primaryimage"},"datePublished":"2009-07-03T15:57:06+00:00","dateModified":"2010-11-26T17:43:37+00:00","author":{"@id":"https:\/\/www.visit-ulcinj.com\/blog\/#\/schema\/person\/dcab619c614d3038751c63bc2aadc06d"},"description":"Vi\u0161e od hiljadu mje\u0161tana tra\u017ei poni\u0161tenje tendera za Valdanos, Veliku pla\u017eu i Adu Ulcinj - \u201cDeklaraciju, kojom se tra\u017ei poni\u0161tenje tendera za valorizaciju","breadcrumb":{"@id":"https:\/\/www.visit-ulcinj.com\/blog\/2009\/07\/03\/ulcinj-gdje-bismo-se-kupali-u-narednih-90-godina\/#breadcrumb"},"inLanguage":"en-US","potentialAction":[{"@type":"ReadAction","target":["https:\/\/www.visit-ulcinj.com\/blog\/2009\/07\/03\/ulcinj-gdje-bismo-se-kupali-u-narednih-90-godina\/"]}]},{"@type":"BreadcrumbList","@id":"https:\/\/www.visit-ulcinj.com\/blog\/2009\/07\/03\/ulcinj-gdje-bismo-se-kupali-u-narednih-90-godina\/#breadcrumb","itemListElement":[{"@type":"ListItem","position":1,"name":"Ulcinj: Gdje bismo se kupali u narednih 90 godina"}]},{"@type":"Person","@id":"https:\/\/www.visit-ulcinj.com\/blog\/#\/schema\/person\/dcab619c614d3038751c63bc2aadc06d","name":"ulqini","sameAs":["http:\/\/www.visit-ulcinj.com"],"url":"https:\/\/www.visit-ulcinj.com\/blog\/author\/admin\/"}]}},"jetpack_featured_media_url":"","jetpack_sharing_enabled":true,"jetpack_shortlink":"https:\/\/wp.me\/pe6lTn-69W","_links":{"self":[{"href":"https:\/\/www.visit-ulcinj.com\/blog\/wp-json\/wp\/v2\/posts\/23680"}],"collection":[{"href":"https:\/\/www.visit-ulcinj.com\/blog\/wp-json\/wp\/v2\/posts"}],"about":[{"href":"https:\/\/www.visit-ulcinj.com\/blog\/wp-json\/wp\/v2\/types\/post"}],"author":[{"embeddable":true,"href":"https:\/\/www.visit-ulcinj.com\/blog\/wp-json\/wp\/v2\/users\/1"}],"replies":[{"embeddable":true,"href":"https:\/\/www.visit-ulcinj.com\/blog\/wp-json\/wp\/v2\/comments?post=23680"}],"version-history":[{"count":0,"href":"https:\/\/www.visit-ulcinj.com\/blog\/wp-json\/wp\/v2\/posts\/23680\/revisions"}],"wp:attachment":[{"href":"https:\/\/www.visit-ulcinj.com\/blog\/wp-json\/wp\/v2\/media?parent=23680"}],"wp:term":[{"taxonomy":"category","embeddable":true,"href":"https:\/\/www.visit-ulcinj.com\/blog\/wp-json\/wp\/v2\/categories?post=23680"},{"taxonomy":"post_tag","embeddable":true,"href":"https:\/\/www.visit-ulcinj.com\/blog\/wp-json\/wp\/v2\/tags?post=23680"}],"curies":[{"name":"wp","href":"https:\/\/api.w.org\/{rel}","templated":true}]}}