{"id":23690,"date":"2009-07-03T23:09:25","date_gmt":"2009-07-03T21:09:25","guid":{"rendered":"http:\/\/www.visit-ulcinj.com\/blog\/?p=23690"},"modified":"2009-07-03T23:12:40","modified_gmt":"2009-07-03T21:12:40","slug":"albani-cani-kerkojne-fame-ne-gjermani","status":"publish","type":"post","link":"https:\/\/www.visit-ulcinj.com\/blog\/2009\/07\/03\/albani-cani-kerkojne-fame-ne-gjermani\/","title":{"rendered":"Albani &#038; Cani k\u00ebrkojn\u00eb fam\u00eb n\u00eb Gjermani"},"content":{"rendered":"<p><a href=\"http:\/\/www.visit-ulcinj.com\/blog\/wp-content\/uploads\/2009\/07\/Miriam-Cani-_-Alban-Skenderaj_promotur.jpg\"><img loading=\"lazy\" class=\"alignleft size-full wp-image-23691\" title=\"Miriam Cani _ Alban Skenderaj_promotur\" src=\"http:\/\/www.visit-ulcinj.com\/blog\/wp-content\/uploads\/2009\/07\/Miriam-Cani-_-Alban-Skenderaj_promotur.jpg\" alt=\"Miriam Cani _ Alban Skenderaj_promotur\" width=\"366\" height=\"512\" \/><\/a>Miriam Cani dhe Alban Skenderaj jan\u00eb artist\u00ebt t\u00eb cil\u00ebt do t\u00eb provojn\u00eb fatin e tyre edhe n\u00eb sken\u00ebn nd\u00ebrkomb\u00ebtare t\u00eb muzik\u00ebs. Me k\u00ebng\u00ebn e tyre \u201cLet Me Die With You\u201d, e cila u promovuan n\u00eb Kosov\u00eb gjat\u00eb muajit maj, ata tashm\u00eb kan\u00eb b\u00ebr\u00eb hapin e par\u00eb, p\u00ebrderisa planifikojn\u00eb q\u00eb videon e tyre ta shp\u00ebrndajn\u00eb edhe n\u00ebp\u00ebr vende t\u00eb tjera t\u00eb bot\u00ebs.<br \/>\nDueti, t\u00eb cil\u00ebt jan\u00eb edhe n\u00eb lidhje, momentalisht jetojn\u00eb n\u00eb Gjermani, por shpesh vizitojn\u00eb Kosov\u00ebn dhe Shqip\u00ebrin\u00eb duke mbajtur koncerte t\u00eb ndryshme, p\u00ebrderisa Miriam, thot\u00eb p\u00ebr Express Online, se ndihet mir\u00eb kur \u00ebsht\u00eb n\u00eb Kosov\u00eb. \u201cSa her\u00eb vij\u00eb n\u00eb Kosov\u00eb ndihem shum\u00eb mir\u00eb. Jam shum\u00eb krenare edhe p\u00ebr adhuruesit e shumt\u00eb t\u00eb Albanit k\u00ebtu, t\u00eb cil\u00ebt meritojn\u00eb 100 p\u00ebr qind respekt, dhe normalisht ne jemi duke punuar q\u00eb t\u00eb arrim\u00eb fam\u00eb edhe jasht\u00eb kufijve shqiptar\u00eb\u201d.<br \/>\nNd\u00ebrkaq, n\u00eb lidhje me puthjen q\u00eb Albani ia dha Miriam-it n\u00eb \u201cVideo-festin muzikor\u00eb 08\u201d, Cani qesh dhe thot\u00eb se lidhja e tyre ka ekzistuar edhe para dy viteve por tani ajo \u00ebsht\u00eb m\u00eb e forcuar se kurr\u00eb. Ish an\u00ebtarja e grupit \u201cPreluders\u201d, Miriam Cani, e cila prezanton nj\u00eb emision n\u00eb televizionin e famsh\u00ebm gjerman RTL, thot\u00eb se megjithat\u00eb Kosova dhe Shqip\u00ebria kan\u00eb ecur shum\u00eb p\u00ebrpara n\u00eb fush\u00ebn e emisioneve televizive. Ajo q\u00eb i dallon k\u00ebto dy vende me emisionet televizive per\u00ebndimore \u00ebsht\u00eb se n\u00eb Kosov\u00eb dhe Shqip\u00ebri, publiku ka m\u00eb shum\u00eb emocione gj\u00eb q\u00eb i jep mund\u00ebsi dhe shprehje edhe m\u00eb t\u00eb madhe prezantuesit. \u201cN\u00eb Gjermani, populli atje, jan\u00eb paksa m\u00eb t\u00eb programuar dhe k\u00ebtu ka m\u00eb shum\u00eb emocione dhe k\u00ebt\u00eb e them duke u nisur nga vetja e ime.<a href=\"http:\/\/www.visit-ulcinj.com\/blog\/wp-content\/uploads\/2009\/07\/Miriam-Cani-_-Alban-Skenderaj_promotur.1.jpg\"><img loading=\"lazy\" class=\"alignleft size-full wp-image-23692\" title=\"Miriam Cani _ Alban Skenderaj_promotur.1\" src=\"http:\/\/www.visit-ulcinj.com\/blog\/wp-content\/uploads\/2009\/07\/Miriam-Cani-_-Alban-Skenderaj_promotur.1.jpg\" alt=\"Miriam Cani _ Alban Skenderaj_promotur.1\" width=\"270\" height=\"377\" \/><\/a><br \/>\nN\u00eb Gjermani ka disa vite q\u00eb b\u00ebj muzik\u00eb, moderacione dhe nuk jam aq e emocionuar kur jam atje n\u00eb sken\u00eb por kur jam n\u00eb Shqip\u00ebri apo n\u00eb Kosova, ka raste kur nuk di t\u00eb flas dhe ndihem shum\u00eb e emocionuar, sikurse t\u00eb jet\u00eb hera e par\u00eb n\u00eb prezantim\u201d, thot\u00eb Cani p\u00ebr Express. Ajo tashm\u00eb \u00ebsht\u00eb e koncentruar n\u00eb promovimin e videos me Albanin t\u00eb cil\u00ebn e realizuan s\u00eb fundmi dhe d\u00ebshirojn\u00eb q\u00eb at\u00eb ta promovojn\u00eb sa m\u00eb shum\u00eb edhe jasht\u00eb trojeve shqiptare.<br \/>\n\u201cJemi duke shikuar q\u00eb ta prezantojm\u00eb at\u00eb edhe n\u00eb Gjermani, sepse, si\u00e7 e dini, planet tona nuk p\u00ebrfundojn\u00eb k\u00ebtu dhe ne kemi shum\u00eb plane pra n\u00eb t\u00eb ardhmen\u201d. Nd\u00ebrkaq, p\u00ebr Express Online, ka folur edhe k\u00ebng\u00ebtari Alban Skenderaj i cili ka th\u00ebn\u00eb se pavar\u00ebsisht problemeve q\u00eb ka pasur n\u00eb t\u00eb kaluar\u00ebn me disa k\u00ebng\u00ebtar\u00eb t\u00eb estrad\u00ebs kosovare, publiku n\u00eb Kosov\u00eb, p\u00ebr t\u00eb, ka nj\u00eb r\u00ebnd\u00ebsi t\u00eb ve\u00e7ant\u00eb.<br \/>\n\u201cP\u00ebr mua gjithmon\u00eb \u00ebsht\u00eb nj\u00eb ndjenj\u00eb e mir\u00eb q\u00eb t\u00eb jem para publikut kosovar\u00eb. Sepse un\u00eb k\u00ebtu e kam kaluar nj\u00eb koh\u00eb t\u00eb gjat\u00eb n\u00ebp\u00ebr vite t\u00eb ndryshme q\u00ebkurse b\u00ebj muzik\u00eb.<a href=\"http:\/\/www.visit-ulcinj.com\/blog\/wp-content\/uploads\/2009\/07\/Miriam-Cani-_-Alban-Skenderaj_promotur.2.jpg\"><img loading=\"lazy\" class=\"alignright size-medium wp-image-23695\" title=\"Miriam Cani _ Alban Skenderaj_promotur.2\" src=\"http:\/\/www.visit-ulcinj.com\/blog\/wp-content\/uploads\/2009\/07\/Miriam-Cani-_-Alban-Skenderaj_promotur.2-300x195.jpg\" alt=\"Miriam Cani _ Alban Skenderaj_promotur.2\" width=\"300\" height=\"195\" \/><\/a><br \/>\nJam rritur k\u00ebtu, por gjithsesi kur vij n\u00eb Prishtin\u00eb dhe marr\u00eb l\u00ebvdata at\u00ebher\u00eb p\u00ebr mua \u00ebsht\u00eb nj\u00eb k\u00ebnaq\u00ebsi edhe m\u00eb e madhe\u201d, thot\u00eb Albani. Nd\u00ebrkaq, n\u00eb lidhje m\u00eb at\u00eb se kush p\u00ebrkujdeset p\u00ebr dukjen e tij, Albani ka th\u00ebn\u00eb se m\u00eb shum\u00eb p\u00ebrkujdeset vet, n\u00eb p\u00ebrjashtim t\u00eb kravat\u00ebs t\u00eb cil\u00ebn duhet t\u2019ia rregulloj dikush tjet\u00ebr. \u201cSa i p\u00ebrket stilit nuk dua t\u00eb jem \u2018out\u2019 situat\u00ebs. Me p\u00eblqen t\u00eb jem elegant por gjithsesi n\u00eb m\u00ebnyr\u00ebn time me nj\u00eb thjesht\u00ebsi brenda\u201d.<br \/>\nKurse, p\u00ebr k\u00ebng\u00ebt e tij sentimentale, t\u00eb cilat zakonisht l\u00ebshohen nga ata njer\u00ebz q\u00eb kan\u00eb zemra t\u00eb thyera, Albani thot\u00eb se nuk e p\u00ebrzien jet\u00ebn e tij private, apo emocionet e tij t\u00eb p\u00ebrditshme me dashurin\u00eb, por ajo q\u00eb ai d\u00ebshiron \u00ebsht\u00eb q\u00eb n\u00eb t\u00eb gjitha paraqitjet e tij t\u00eb jet\u00eb sa m\u00eb elegant.<\/p>\n<p><strong><br \/>\nGazeta Express<br \/>\n<\/strong><!--YouTube Error: bad URL entered--><\/p>\n<p><strong><br \/>\n<\/strong><\/p>\n","protected":false},"excerpt":{"rendered":"<p>Miriam Cani dhe Alban Skenderaj jan\u00eb artist\u00ebt t\u00eb cil\u00ebt do t\u00eb provojn\u00eb fatin e tyre edhe n\u00eb sken\u00ebn nd\u00ebrkomb\u00ebtare t\u00eb muzik\u00ebs. Me k\u00ebng\u00ebn e tyre \u201cLet Me Die With You\u201d, e cila u promovuan n\u00eb Kosov\u00eb gjat\u00eb muajit maj, ata tashm\u00eb kan\u00eb b\u00ebr\u00eb hapin e par\u00eb, p\u00ebrderisa planifikojn\u00eb q\u00eb videon e tyre ta shp\u00ebrndajn\u00eb edhe [&hellip;]<\/p>\n","protected":false},"author":1,"featured_media":0,"comment_status":"open","ping_status":"closed","sticky":false,"template":"","format":"standard","meta":{"spay_email":"","jetpack_publicize_message":"","jetpack_is_tweetstorm":false,"jetpack_publicize_feature_enabled":true},"categories":[1],"tags":[10631,11720],"jetpack_publicize_connections":[],"yoast_head":"<!-- This site is optimized with the Yoast SEO plugin v19.1 - https:\/\/yoast.com\/wordpress\/plugins\/seo\/ -->\n<title>Albani &amp; Cani k\u00ebrkojn\u00eb fam\u00eb n\u00eb Gjermani - Lajme nga Ulqini<\/title>\n<meta name=\"description\" content=\"Miriam Cani dhe Alban Skenderaj jan\u00eb artist\u00ebt t\u00eb cil\u00ebt do t\u00eb provojn\u00eb fatin e tyre edhe n\u00eb sken\u00ebn nd\u00ebrkomb\u00ebtare t\u00eb muzik\u00ebs. Me k\u00ebng\u00ebn e tyre \u201cLet Me Die\" \/>\n<meta name=\"robots\" content=\"index, follow, max-snippet:-1, max-image-preview:large, max-video-preview:-1\" \/>\n<link rel=\"canonical\" href=\"https:\/\/www.visit-ulcinj.com\/blog\/2009\/07\/03\/albani-cani-kerkojne-fame-ne-gjermani\/\" \/>\n<meta property=\"og:locale\" content=\"en_US\" \/>\n<meta property=\"og:type\" content=\"article\" \/>\n<meta property=\"og:title\" content=\"Albani &amp; Cani k\u00ebrkojn\u00eb fam\u00eb n\u00eb Gjermani - Lajme nga Ulqini\" \/>\n<meta property=\"og:description\" content=\"Miriam Cani dhe Alban Skenderaj jan\u00eb artist\u00ebt t\u00eb cil\u00ebt do t\u00eb provojn\u00eb fatin e tyre edhe n\u00eb sken\u00ebn nd\u00ebrkomb\u00ebtare t\u00eb muzik\u00ebs. Me k\u00ebng\u00ebn e tyre \u201cLet Me Die\" \/>\n<meta property=\"og:url\" content=\"https:\/\/www.visit-ulcinj.com\/blog\/2009\/07\/03\/albani-cani-kerkojne-fame-ne-gjermani\/\" \/>\n<meta property=\"og:site_name\" content=\"Lajme nga Ulqini\" \/>\n<meta property=\"article:published_time\" content=\"2009-07-03T21:09:25+00:00\" \/>\n<meta property=\"article:modified_time\" content=\"2009-07-03T21:12:40+00:00\" \/>\n<meta property=\"og:image\" content=\"http:\/\/www.visit-ulcinj.com\/blog\/wp-content\/uploads\/2009\/07\/Miriam-Cani-_-Alban-Skenderaj_promotur.jpg\" \/>\n<meta name=\"twitter:label1\" content=\"Written by\" \/>\n\t<meta name=\"twitter:data1\" content=\"ulqini\" \/>\n\t<meta name=\"twitter:label2\" content=\"Est. reading time\" \/>\n\t<meta name=\"twitter:data2\" content=\"3 minutes\" \/>\n<script type=\"application\/ld+json\" class=\"yoast-schema-graph\">{\"@context\":\"https:\/\/schema.org\",\"@graph\":[{\"@type\":\"WebSite\",\"@id\":\"https:\/\/www.visit-ulcinj.com\/blog\/#website\",\"url\":\"https:\/\/www.visit-ulcinj.com\/blog\/\",\"name\":\"Lajme nga Ulqini\",\"description\":\"Lajme,Vijesti,Ulqini,Ulqin,Crna Gora,Mali i Zi\",\"potentialAction\":[{\"@type\":\"SearchAction\",\"target\":{\"@type\":\"EntryPoint\",\"urlTemplate\":\"https:\/\/www.visit-ulcinj.com\/blog\/?s={search_term_string}\"},\"query-input\":\"required name=search_term_string\"}],\"inLanguage\":\"en-US\"},{\"@type\":\"ImageObject\",\"inLanguage\":\"en-US\",\"@id\":\"https:\/\/www.visit-ulcinj.com\/blog\/2009\/07\/03\/albani-cani-kerkojne-fame-ne-gjermani\/#primaryimage\",\"url\":\"http:\/\/www.visit-ulcinj.com\/blog\/wp-content\/uploads\/2009\/07\/Miriam-Cani-_-Alban-Skenderaj_promotur.jpg\",\"contentUrl\":\"http:\/\/www.visit-ulcinj.com\/blog\/wp-content\/uploads\/2009\/07\/Miriam-Cani-_-Alban-Skenderaj_promotur.jpg\"},{\"@type\":\"WebPage\",\"@id\":\"https:\/\/www.visit-ulcinj.com\/blog\/2009\/07\/03\/albani-cani-kerkojne-fame-ne-gjermani\/#webpage\",\"url\":\"https:\/\/www.visit-ulcinj.com\/blog\/2009\/07\/03\/albani-cani-kerkojne-fame-ne-gjermani\/\",\"name\":\"Albani & Cani k\u00ebrkojn\u00eb fam\u00eb n\u00eb Gjermani - Lajme nga Ulqini\",\"isPartOf\":{\"@id\":\"https:\/\/www.visit-ulcinj.com\/blog\/#website\"},\"primaryImageOfPage\":{\"@id\":\"https:\/\/www.visit-ulcinj.com\/blog\/2009\/07\/03\/albani-cani-kerkojne-fame-ne-gjermani\/#primaryimage\"},\"datePublished\":\"2009-07-03T21:09:25+00:00\",\"dateModified\":\"2009-07-03T21:12:40+00:00\",\"author\":{\"@id\":\"https:\/\/www.visit-ulcinj.com\/blog\/#\/schema\/person\/dcab619c614d3038751c63bc2aadc06d\"},\"description\":\"Miriam Cani dhe Alban Skenderaj jan\u00eb artist\u00ebt t\u00eb cil\u00ebt do t\u00eb provojn\u00eb fatin e tyre edhe n\u00eb sken\u00ebn nd\u00ebrkomb\u00ebtare t\u00eb muzik\u00ebs. Me k\u00ebng\u00ebn e tyre \u201cLet Me Die\",\"breadcrumb\":{\"@id\":\"https:\/\/www.visit-ulcinj.com\/blog\/2009\/07\/03\/albani-cani-kerkojne-fame-ne-gjermani\/#breadcrumb\"},\"inLanguage\":\"en-US\",\"potentialAction\":[{\"@type\":\"ReadAction\",\"target\":[\"https:\/\/www.visit-ulcinj.com\/blog\/2009\/07\/03\/albani-cani-kerkojne-fame-ne-gjermani\/\"]}]},{\"@type\":\"BreadcrumbList\",\"@id\":\"https:\/\/www.visit-ulcinj.com\/blog\/2009\/07\/03\/albani-cani-kerkojne-fame-ne-gjermani\/#breadcrumb\",\"itemListElement\":[{\"@type\":\"ListItem\",\"position\":1,\"name\":\"Albani &#038; Cani k\u00ebrkojn\u00eb fam\u00eb n\u00eb Gjermani\"}]},{\"@type\":\"Person\",\"@id\":\"https:\/\/www.visit-ulcinj.com\/blog\/#\/schema\/person\/dcab619c614d3038751c63bc2aadc06d\",\"name\":\"ulqini\",\"sameAs\":[\"http:\/\/www.visit-ulcinj.com\"],\"url\":\"https:\/\/www.visit-ulcinj.com\/blog\/author\/admin\/\"}]}<\/script>\n<!-- \/ Yoast SEO plugin. -->","yoast_head_json":{"title":"Albani & Cani k\u00ebrkojn\u00eb fam\u00eb n\u00eb Gjermani - Lajme nga Ulqini","description":"Miriam Cani dhe Alban Skenderaj jan\u00eb artist\u00ebt t\u00eb cil\u00ebt do t\u00eb provojn\u00eb fatin e tyre edhe n\u00eb sken\u00ebn nd\u00ebrkomb\u00ebtare t\u00eb muzik\u00ebs. Me k\u00ebng\u00ebn e tyre \u201cLet Me Die","robots":{"index":"index","follow":"follow","max-snippet":"max-snippet:-1","max-image-preview":"max-image-preview:large","max-video-preview":"max-video-preview:-1"},"canonical":"https:\/\/www.visit-ulcinj.com\/blog\/2009\/07\/03\/albani-cani-kerkojne-fame-ne-gjermani\/","og_locale":"en_US","og_type":"article","og_title":"Albani & Cani k\u00ebrkojn\u00eb fam\u00eb n\u00eb Gjermani - Lajme nga Ulqini","og_description":"Miriam Cani dhe Alban Skenderaj jan\u00eb artist\u00ebt t\u00eb cil\u00ebt do t\u00eb provojn\u00eb fatin e tyre edhe n\u00eb sken\u00ebn nd\u00ebrkomb\u00ebtare t\u00eb muzik\u00ebs. Me k\u00ebng\u00ebn e tyre \u201cLet Me Die","og_url":"https:\/\/www.visit-ulcinj.com\/blog\/2009\/07\/03\/albani-cani-kerkojne-fame-ne-gjermani\/","og_site_name":"Lajme nga Ulqini","article_published_time":"2009-07-03T21:09:25+00:00","article_modified_time":"2009-07-03T21:12:40+00:00","og_image":[{"url":"http:\/\/www.visit-ulcinj.com\/blog\/wp-content\/uploads\/2009\/07\/Miriam-Cani-_-Alban-Skenderaj_promotur.jpg"}],"twitter_misc":{"Written by":"ulqini","Est. reading time":"3 minutes"},"schema":{"@context":"https:\/\/schema.org","@graph":[{"@type":"WebSite","@id":"https:\/\/www.visit-ulcinj.com\/blog\/#website","url":"https:\/\/www.visit-ulcinj.com\/blog\/","name":"Lajme nga Ulqini","description":"Lajme,Vijesti,Ulqini,Ulqin,Crna Gora,Mali i Zi","potentialAction":[{"@type":"SearchAction","target":{"@type":"EntryPoint","urlTemplate":"https:\/\/www.visit-ulcinj.com\/blog\/?s={search_term_string}"},"query-input":"required name=search_term_string"}],"inLanguage":"en-US"},{"@type":"ImageObject","inLanguage":"en-US","@id":"https:\/\/www.visit-ulcinj.com\/blog\/2009\/07\/03\/albani-cani-kerkojne-fame-ne-gjermani\/#primaryimage","url":"http:\/\/www.visit-ulcinj.com\/blog\/wp-content\/uploads\/2009\/07\/Miriam-Cani-_-Alban-Skenderaj_promotur.jpg","contentUrl":"http:\/\/www.visit-ulcinj.com\/blog\/wp-content\/uploads\/2009\/07\/Miriam-Cani-_-Alban-Skenderaj_promotur.jpg"},{"@type":"WebPage","@id":"https:\/\/www.visit-ulcinj.com\/blog\/2009\/07\/03\/albani-cani-kerkojne-fame-ne-gjermani\/#webpage","url":"https:\/\/www.visit-ulcinj.com\/blog\/2009\/07\/03\/albani-cani-kerkojne-fame-ne-gjermani\/","name":"Albani & Cani k\u00ebrkojn\u00eb fam\u00eb n\u00eb Gjermani - Lajme nga Ulqini","isPartOf":{"@id":"https:\/\/www.visit-ulcinj.com\/blog\/#website"},"primaryImageOfPage":{"@id":"https:\/\/www.visit-ulcinj.com\/blog\/2009\/07\/03\/albani-cani-kerkojne-fame-ne-gjermani\/#primaryimage"},"datePublished":"2009-07-03T21:09:25+00:00","dateModified":"2009-07-03T21:12:40+00:00","author":{"@id":"https:\/\/www.visit-ulcinj.com\/blog\/#\/schema\/person\/dcab619c614d3038751c63bc2aadc06d"},"description":"Miriam Cani dhe Alban Skenderaj jan\u00eb artist\u00ebt t\u00eb cil\u00ebt do t\u00eb provojn\u00eb fatin e tyre edhe n\u00eb sken\u00ebn nd\u00ebrkomb\u00ebtare t\u00eb muzik\u00ebs. Me k\u00ebng\u00ebn e tyre \u201cLet Me Die","breadcrumb":{"@id":"https:\/\/www.visit-ulcinj.com\/blog\/2009\/07\/03\/albani-cani-kerkojne-fame-ne-gjermani\/#breadcrumb"},"inLanguage":"en-US","potentialAction":[{"@type":"ReadAction","target":["https:\/\/www.visit-ulcinj.com\/blog\/2009\/07\/03\/albani-cani-kerkojne-fame-ne-gjermani\/"]}]},{"@type":"BreadcrumbList","@id":"https:\/\/www.visit-ulcinj.com\/blog\/2009\/07\/03\/albani-cani-kerkojne-fame-ne-gjermani\/#breadcrumb","itemListElement":[{"@type":"ListItem","position":1,"name":"Albani &#038; Cani k\u00ebrkojn\u00eb fam\u00eb n\u00eb Gjermani"}]},{"@type":"Person","@id":"https:\/\/www.visit-ulcinj.com\/blog\/#\/schema\/person\/dcab619c614d3038751c63bc2aadc06d","name":"ulqini","sameAs":["http:\/\/www.visit-ulcinj.com"],"url":"https:\/\/www.visit-ulcinj.com\/blog\/author\/admin\/"}]}},"jetpack_featured_media_url":"","jetpack_sharing_enabled":true,"jetpack_shortlink":"https:\/\/wp.me\/pe6lTn-6a6","_links":{"self":[{"href":"https:\/\/www.visit-ulcinj.com\/blog\/wp-json\/wp\/v2\/posts\/23690"}],"collection":[{"href":"https:\/\/www.visit-ulcinj.com\/blog\/wp-json\/wp\/v2\/posts"}],"about":[{"href":"https:\/\/www.visit-ulcinj.com\/blog\/wp-json\/wp\/v2\/types\/post"}],"author":[{"embeddable":true,"href":"https:\/\/www.visit-ulcinj.com\/blog\/wp-json\/wp\/v2\/users\/1"}],"replies":[{"embeddable":true,"href":"https:\/\/www.visit-ulcinj.com\/blog\/wp-json\/wp\/v2\/comments?post=23690"}],"version-history":[{"count":0,"href":"https:\/\/www.visit-ulcinj.com\/blog\/wp-json\/wp\/v2\/posts\/23690\/revisions"}],"wp:attachment":[{"href":"https:\/\/www.visit-ulcinj.com\/blog\/wp-json\/wp\/v2\/media?parent=23690"}],"wp:term":[{"taxonomy":"category","embeddable":true,"href":"https:\/\/www.visit-ulcinj.com\/blog\/wp-json\/wp\/v2\/categories?post=23690"},{"taxonomy":"post_tag","embeddable":true,"href":"https:\/\/www.visit-ulcinj.com\/blog\/wp-json\/wp\/v2\/tags?post=23690"}],"curies":[{"name":"wp","href":"https:\/\/api.w.org\/{rel}","templated":true}]}}